{"id":203746,"date":"2026-02-08T06:23:00","date_gmt":"2026-02-08T09:23:00","guid":{"rendered":"https:\/\/portaltela.pt\/noticias\/2026\/02\/08\/como-as-criancas-vivenciam-tempestades-e-o-conforto-do-colo-da-mae\/"},"modified":"2026-02-08T06:23:00","modified_gmt":"2026-02-08T09:23:00","slug":"como-as-criancas-vivenciam-tempestades-e-o-conforto-do-colo-da-mae","status":"publish","type":"post","link":"https:\/\/portaltela.pt\/noticias\/2026\/02\/08\/como-as-criancas-vivenciam-tempestades-e-o-conforto-do-colo-da-mae\/","title":{"rendered":"Como as crian\u00e7as vivenciam tempestades e o conforto do colo da m\u00e3e"},"content":{"rendered":"<p>Foi registada uma resposta de apoio emocional nas escolas do distrito de Leiria ap\u00f3s a tempestade Kristin, que causou consequ\u00eancias em v\u00e1rias zonas da regi\u00e3o. O foco foi facilitar o di\u00e1logo com as crian\u00e7as e compreender o impacto emocional do fen\u00f3meno meteorol\u00f3gico.<\/p>\n<p>Entre os envolvidos, est\u00e3o alunos e docentes das escolas, bem como equipas de psicologia escolar que realizaram momentos de conversa em grupo para lidar com o susto e a ansiedade. A iniciativa surgiu para acompanhar as necessidades apresentadas pelos menores.<\/p>\n<p>A tempestade verificou-se no \u00faltimo fim de semana, causando estragos em diversas \u00e1reas do distrito. O objetivo das autoridades escolares foi oferecer apoio imediato, com sess\u00f5es de acomoda\u00e7\u00e3o emocional e acompanhamento individual quando necess\u00e1rio.<\/p>\n<p>Em relatos de fam\u00edlias, destacam-se efeitos no sono das crian\u00e7as e na perce\u00e7\u00e3o de seguran\u00e7a. Um exemplo citado descreve como o som de telhas a ruir ficou na mem\u00f3ria de uma crian\u00e7a que reside na Batalha, aumentando a ansiedade durante per\u00edodos de vento mais forte.<\/p>\n","protected":false},"excerpt":{"rendered":"<ul>\n<li>A tempestade Kristin obrigou escolas do distrito de Leiria a disponibilizarem apoio psicol\u00f3gico, com momentos de conversa em grupo.<\/li>\n<li>Em um Centro de Actividades de Tempos Livres (ATL), uma crian\u00e7a de oito anos desenhou uma \u00e1rvore a tombar sobre uma casa, com partes de vidros vis\u00edveis no papel.<\/li>\n<li>O desenho contrasta com a casa real na Batalha, onde a fam\u00edlia vive, cuja imagem mostra telhado com telhas, diferente do retratado no papel.<\/li>\n<li>A crian\u00e7a descreveu que o som mais assustador foi o das telhas a cair, parecendo que um raio atingia a casa.<\/li>\n<li>Nos \u00faltimos dias, o jovem tem dormido mal, especialmente quando o vento volta a soprar com mais for\u00e7a.<\/li>\n<\/ul>\n","protected":false},"author":2,"featured_media":203747,"comment_status":"closed","ping_status":"closed","sticky":false,"template":"","format":"standard","meta":{"footnotes":""},"categories":[1],"tags":[4949,5215,163,1385,5635,55],"class_list":["post-203746","post","type-post","status-publish","format-standard","has-post-thumbnail","hentry","category-noticias","tag-batalha","tag-catastrofes-naturais","tag-educacao","tag-leiria","tag-psicologia-escolar","tag-saude-mental"],"yoast_head":"<!-- This site is optimized with the Yoast SEO plugin v27.2 - https:\/\/yoast.com\/product\/yoast-seo-wordpress\/ -->\n<title>Como as crian\u00e7as vivenciam tempestades e o conforto do colo da m\u00e3e - Portal Tela Portugal<\/title>\n<meta name=\"robots\" content=\"index, follow, max-snippet:-1, max-image-preview:large, max-video-preview:-1\" \/>\n<meta property=\"og:locale\" content=\"pt_PT\" \/>\n<meta property=\"og:type\" content=\"article\" \/>\n<meta property=\"og:title\" content=\"Como as crian\u00e7as vivenciam tempestades e o conforto do colo da m\u00e3e - Portal Tela Portugal\" \/>\n<meta property=\"og:description\" content=\"A tempestade Kristin obrigou escolas do distrito de Leiria a disponibilizarem apoio psicol\u00f3gico, com momentos de conversa em grupo. Em um Centro de Actividades de Tempos Livres (ATL), uma crian\u00e7a de oito anos desenhou uma \u00e1rvore a tombar sobre uma casa, com partes de vidros vis\u00edveis no papel. O desenho contrasta com a casa real na Batalha, onde a fam\u00edlia vive, cuja imagem mostra telhado com telhas, diferente do retratado no papel. A crian\u00e7a descreveu que o som mais assustador foi o das telhas a cair, parecendo que um raio atingia a casa. Nos \u00faltimos dias, o jovem tem dormido mal, especialmente quando o vento volta a soprar com mais for\u00e7a.\" \/>\n<meta property=\"og:url\" content=\"https:\/\/portaltela.pt\/noticias\/2026\/02\/08\/como-as-criancas-vivenciam-tempestades-e-o-conforto-do-colo-da-mae\/\" \/>\n<meta property=\"og:site_name\" content=\"Portal Tela Portugal\" \/>\n<meta property=\"article:published_time\" content=\"2026-02-08T09:23:00+00:00\" \/>\n<meta name=\"author\" content=\"Telinha\" \/>\n<meta name=\"twitter:card\" content=\"summary_large_image\" \/>\n<meta name=\"twitter:label1\" content=\"Escrito por\" \/>\n\t<meta name=\"twitter:data1\" content=\"Telinha\" \/>\n\t<meta name=\"twitter:label2\" content=\"Tempo estimado de leitura\" \/>\n\t<meta name=\"twitter:data2\" content=\"1 minuto\" \/>\n<script type=\"application\/ld+json\" class=\"yoast-schema-graph\">{\"@context\":\"https:\/\/schema.org\",\"@graph\":[{\"@type\":\"Article\",\"@id\":\"https:\/\/portaltela.pt\/noticias\/2026\/02\/08\/como-as-criancas-vivenciam-tempestades-e-o-conforto-do-colo-da-mae\/#article\",\"isPartOf\":{\"@id\":\"https:\/\/portaltela.pt\/noticias\/2026\/02\/08\/como-as-criancas-vivenciam-tempestades-e-o-conforto-do-colo-da-mae\/\"},\"author\":{\"name\":\"Telinha\",\"@id\":\"https:\/\/portaltela.pt\/#\/schema\/person\/c4278d4a6028830caff9ee44b42d32ed\"},\"headline\":\"Como as crian\u00e7as vivenciam tempestades e o conforto do colo da m\u00e3e\",\"datePublished\":\"2026-02-08T09:23:00+00:00\",\"mainEntityOfPage\":{\"@id\":\"https:\/\/portaltela.pt\/noticias\/2026\/02\/08\/como-as-criancas-vivenciam-tempestades-e-o-conforto-do-colo-da-mae\/\"},\"wordCount\":194,\"image\":{\"@id\":\"https:\/\/portaltela.pt\/noticias\/2026\/02\/08\/como-as-criancas-vivenciam-tempestades-e-o-conforto-do-colo-da-mae\/#primaryimage\"},\"thumbnailUrl\":\"https:\/\/portaltela.pt\/s.01k8rhncp4jt1\/2026\/02\/2065227.jpg\",\"keywords\":[\"Batalha\",\"cat\u00e1strofes naturais\",\"educa\u00e7\u00e3o\",\"Leiria\",\"psicologia escolar\",\"sa\u00fade mental\"],\"articleSection\":[\"Not\u00edcias\"],\"inLanguage\":\"pt-PT\"},{\"@type\":\"WebPage\",\"@id\":\"https:\/\/portaltela.pt\/noticias\/2026\/02\/08\/como-as-criancas-vivenciam-tempestades-e-o-conforto-do-colo-da-mae\/\",\"url\":\"https:\/\/portaltela.pt\/noticias\/2026\/02\/08\/como-as-criancas-vivenciam-tempestades-e-o-conforto-do-colo-da-mae\/\",\"name\":\"Como as crian\u00e7as vivenciam tempestades e o conforto do colo da m\u00e3e - Portal Tela Portugal\",\"isPartOf\":{\"@id\":\"https:\/\/portaltela.pt\/#website\"},\"primaryImageOfPage\":{\"@id\":\"https:\/\/portaltela.pt\/noticias\/2026\/02\/08\/como-as-criancas-vivenciam-tempestades-e-o-conforto-do-colo-da-mae\/#primaryimage\"},\"image\":{\"@id\":\"https:\/\/portaltela.pt\/noticias\/2026\/02\/08\/como-as-criancas-vivenciam-tempestades-e-o-conforto-do-colo-da-mae\/#primaryimage\"},\"thumbnailUrl\":\"https:\/\/portaltela.pt\/s.01k8rhncp4jt1\/2026\/02\/2065227.jpg\",\"datePublished\":\"2026-02-08T09:23:00+00:00\",\"author\":{\"@id\":\"https:\/\/portaltela.pt\/#\/schema\/person\/c4278d4a6028830caff9ee44b42d32ed\"},\"breadcrumb\":{\"@id\":\"https:\/\/portaltela.pt\/noticias\/2026\/02\/08\/como-as-criancas-vivenciam-tempestades-e-o-conforto-do-colo-da-mae\/#breadcrumb\"},\"inLanguage\":\"pt-PT\",\"potentialAction\":[{\"@type\":\"ReadAction\",\"target\":[\"https:\/\/portaltela.pt\/noticias\/2026\/02\/08\/como-as-criancas-vivenciam-tempestades-e-o-conforto-do-colo-da-mae\/\"]}]},{\"@type\":\"ImageObject\",\"inLanguage\":\"pt-PT\",\"@id\":\"https:\/\/portaltela.pt\/noticias\/2026\/02\/08\/como-as-criancas-vivenciam-tempestades-e-o-conforto-do-colo-da-mae\/#primaryimage\",\"url\":\"https:\/\/portaltela.pt\/s.01k8rhncp4jt1\/2026\/02\/2065227.jpg\",\"contentUrl\":\"https:\/\/portaltela.pt\/s.01k8rhncp4jt1\/2026\/02\/2065227.jpg\",\"width\":796,\"height\":448,\"caption\":\"As crian\u00e7as projectam-se no desenho e nas brincadeiras, simulando as cat\u00e1strofes ou os cuidados que queriam ter recebido\"},{\"@type\":\"BreadcrumbList\",\"@id\":\"https:\/\/portaltela.pt\/noticias\/2026\/02\/08\/como-as-criancas-vivenciam-tempestades-e-o-conforto-do-colo-da-mae\/#breadcrumb\",\"itemListElement\":[{\"@type\":\"ListItem\",\"position\":1,\"name\":\"In\u00edcio\",\"item\":\"https:\/\/portaltela.pt\/\"},{\"@type\":\"ListItem\",\"position\":2,\"name\":\"Como as crian\u00e7as vivenciam tempestades e o conforto do colo da m\u00e3e\"}]},{\"@type\":\"WebSite\",\"@id\":\"https:\/\/portaltela.pt\/#website\",\"url\":\"https:\/\/portaltela.pt\/\",\"name\":\"Portal Tela Portugal\",\"description\":\"\",\"potentialAction\":[{\"@type\":\"SearchAction\",\"target\":{\"@type\":\"EntryPoint\",\"urlTemplate\":\"https:\/\/portaltela.pt\/?s={search_term_string}\"},\"query-input\":{\"@type\":\"PropertyValueSpecification\",\"valueRequired\":true,\"valueName\":\"search_term_string\"}}],\"inLanguage\":\"pt-PT\"},{\"@type\":\"Person\",\"@id\":\"https:\/\/portaltela.pt\/#\/schema\/person\/c4278d4a6028830caff9ee44b42d32ed\",\"name\":\"Telinha\",\"image\":{\"@type\":\"ImageObject\",\"inLanguage\":\"pt-PT\",\"@id\":\"https:\/\/portaltela.pt\/s.01k8rhncp4jt1\/2025\/11\/talking-bot-125x125.png\",\"url\":\"https:\/\/portaltela.pt\/s.01k8rhncp4jt1\/2025\/11\/talking-bot-125x125.png\",\"contentUrl\":\"https:\/\/portaltela.pt\/s.01k8rhncp4jt1\/2025\/11\/talking-bot-125x125.png\",\"caption\":\"Telinha\"},\"sameAs\":[\"https:\/\/portaltela.pt\/\"],\"url\":\"https:\/\/portaltela.pt\/por\/367410592786\/\"}]}<\/script>\n<!-- \/ Yoast SEO plugin. -->","yoast_head_json":{"title":"Como as crian\u00e7as vivenciam tempestades e o conforto do colo da m\u00e3e - Portal Tela Portugal","robots":{"index":"index","follow":"follow","max-snippet":"max-snippet:-1","max-image-preview":"max-image-preview:large","max-video-preview":"max-video-preview:-1"},"og_locale":"pt_PT","og_type":"article","og_title":"Como as crian\u00e7as vivenciam tempestades e o conforto do colo da m\u00e3e - Portal Tela Portugal","og_description":"A tempestade Kristin obrigou escolas do distrito de Leiria a disponibilizarem apoio psicol\u00f3gico, com momentos de conversa em grupo. Em um Centro de Actividades de Tempos Livres (ATL), uma crian\u00e7a de oito anos desenhou uma \u00e1rvore a tombar sobre uma casa, com partes de vidros vis\u00edveis no papel. O desenho contrasta com a casa real na Batalha, onde a fam\u00edlia vive, cuja imagem mostra telhado com telhas, diferente do retratado no papel. A crian\u00e7a descreveu que o som mais assustador foi o das telhas a cair, parecendo que um raio atingia a casa. Nos \u00faltimos dias, o jovem tem dormido mal, especialmente quando o vento volta a soprar com mais for\u00e7a.","og_url":"https:\/\/portaltela.pt\/noticias\/2026\/02\/08\/como-as-criancas-vivenciam-tempestades-e-o-conforto-do-colo-da-mae\/","og_site_name":"Portal Tela Portugal","article_published_time":"2026-02-08T09:23:00+00:00","author":"Telinha","twitter_card":"summary_large_image","twitter_misc":{"Escrito por":"Telinha","Tempo estimado de leitura":"1 minuto"},"schema":{"@context":"https:\/\/schema.org","@graph":[{"@type":"Article","@id":"https:\/\/portaltela.pt\/noticias\/2026\/02\/08\/como-as-criancas-vivenciam-tempestades-e-o-conforto-do-colo-da-mae\/#article","isPartOf":{"@id":"https:\/\/portaltela.pt\/noticias\/2026\/02\/08\/como-as-criancas-vivenciam-tempestades-e-o-conforto-do-colo-da-mae\/"},"author":{"name":"Telinha","@id":"https:\/\/portaltela.pt\/#\/schema\/person\/c4278d4a6028830caff9ee44b42d32ed"},"headline":"Como as crian\u00e7as vivenciam tempestades e o conforto do colo da m\u00e3e","datePublished":"2026-02-08T09:23:00+00:00","mainEntityOfPage":{"@id":"https:\/\/portaltela.pt\/noticias\/2026\/02\/08\/como-as-criancas-vivenciam-tempestades-e-o-conforto-do-colo-da-mae\/"},"wordCount":194,"image":{"@id":"https:\/\/portaltela.pt\/noticias\/2026\/02\/08\/como-as-criancas-vivenciam-tempestades-e-o-conforto-do-colo-da-mae\/#primaryimage"},"thumbnailUrl":"https:\/\/portaltela.pt\/s.01k8rhncp4jt1\/2026\/02\/2065227.jpg","keywords":["Batalha","cat\u00e1strofes naturais","educa\u00e7\u00e3o","Leiria","psicologia escolar","sa\u00fade mental"],"articleSection":["Not\u00edcias"],"inLanguage":"pt-PT"},{"@type":"WebPage","@id":"https:\/\/portaltela.pt\/noticias\/2026\/02\/08\/como-as-criancas-vivenciam-tempestades-e-o-conforto-do-colo-da-mae\/","url":"https:\/\/portaltela.pt\/noticias\/2026\/02\/08\/como-as-criancas-vivenciam-tempestades-e-o-conforto-do-colo-da-mae\/","name":"Como as crian\u00e7as vivenciam tempestades e o conforto do colo da m\u00e3e - Portal Tela Portugal","isPartOf":{"@id":"https:\/\/portaltela.pt\/#website"},"primaryImageOfPage":{"@id":"https:\/\/portaltela.pt\/noticias\/2026\/02\/08\/como-as-criancas-vivenciam-tempestades-e-o-conforto-do-colo-da-mae\/#primaryimage"},"image":{"@id":"https:\/\/portaltela.pt\/noticias\/2026\/02\/08\/como-as-criancas-vivenciam-tempestades-e-o-conforto-do-colo-da-mae\/#primaryimage"},"thumbnailUrl":"https:\/\/portaltela.pt\/s.01k8rhncp4jt1\/2026\/02\/2065227.jpg","datePublished":"2026-02-08T09:23:00+00:00","author":{"@id":"https:\/\/portaltela.pt\/#\/schema\/person\/c4278d4a6028830caff9ee44b42d32ed"},"breadcrumb":{"@id":"https:\/\/portaltela.pt\/noticias\/2026\/02\/08\/como-as-criancas-vivenciam-tempestades-e-o-conforto-do-colo-da-mae\/#breadcrumb"},"inLanguage":"pt-PT","potentialAction":[{"@type":"ReadAction","target":["https:\/\/portaltela.pt\/noticias\/2026\/02\/08\/como-as-criancas-vivenciam-tempestades-e-o-conforto-do-colo-da-mae\/"]}]},{"@type":"ImageObject","inLanguage":"pt-PT","@id":"https:\/\/portaltela.pt\/noticias\/2026\/02\/08\/como-as-criancas-vivenciam-tempestades-e-o-conforto-do-colo-da-mae\/#primaryimage","url":"https:\/\/portaltela.pt\/s.01k8rhncp4jt1\/2026\/02\/2065227.jpg","contentUrl":"https:\/\/portaltela.pt\/s.01k8rhncp4jt1\/2026\/02\/2065227.jpg","width":796,"height":448,"caption":"As crian\u00e7as projectam-se no desenho e nas brincadeiras, simulando as cat\u00e1strofes ou os cuidados que queriam ter recebido"},{"@type":"BreadcrumbList","@id":"https:\/\/portaltela.pt\/noticias\/2026\/02\/08\/como-as-criancas-vivenciam-tempestades-e-o-conforto-do-colo-da-mae\/#breadcrumb","itemListElement":[{"@type":"ListItem","position":1,"name":"In\u00edcio","item":"https:\/\/portaltela.pt\/"},{"@type":"ListItem","position":2,"name":"Como as crian\u00e7as vivenciam tempestades e o conforto do colo da m\u00e3e"}]},{"@type":"WebSite","@id":"https:\/\/portaltela.pt\/#website","url":"https:\/\/portaltela.pt\/","name":"Portal Tela Portugal","description":"","potentialAction":[{"@type":"SearchAction","target":{"@type":"EntryPoint","urlTemplate":"https:\/\/portaltela.pt\/?s={search_term_string}"},"query-input":{"@type":"PropertyValueSpecification","valueRequired":true,"valueName":"search_term_string"}}],"inLanguage":"pt-PT"},{"@type":"Person","@id":"https:\/\/portaltela.pt\/#\/schema\/person\/c4278d4a6028830caff9ee44b42d32ed","name":"Telinha","image":{"@type":"ImageObject","inLanguage":"pt-PT","@id":"https:\/\/portaltela.pt\/s.01k8rhncp4jt1\/2025\/11\/talking-bot-125x125.png","url":"https:\/\/portaltela.pt\/s.01k8rhncp4jt1\/2025\/11\/talking-bot-125x125.png","contentUrl":"https:\/\/portaltela.pt\/s.01k8rhncp4jt1\/2025\/11\/talking-bot-125x125.png","caption":"Telinha"},"sameAs":["https:\/\/portaltela.pt\/"],"url":"https:\/\/portaltela.pt\/por\/367410592786\/"}]}},"_links":{"self":[{"href":"https:\/\/portaltela.pt\/api\/wp\/v2\/posts\/203746","targetHints":{"allow":["GET"]}}],"collection":[{"href":"https:\/\/portaltela.pt\/api\/wp\/v2\/posts"}],"about":[{"href":"https:\/\/portaltela.pt\/api\/wp\/v2\/types\/post"}],"author":[{"embeddable":true,"href":"https:\/\/portaltela.pt\/api\/wp\/v2\/users\/2"}],"replies":[{"embeddable":true,"href":"https:\/\/portaltela.pt\/api\/wp\/v2\/comments?post=203746"}],"version-history":[{"count":0,"href":"https:\/\/portaltela.pt\/api\/wp\/v2\/posts\/203746\/revisions"}],"wp:featuredmedia":[{"embeddable":true,"href":"https:\/\/portaltela.pt\/api\/wp\/v2\/media\/203747"}],"wp:attachment":[{"href":"https:\/\/portaltela.pt\/api\/wp\/v2\/media?parent=203746"}],"wp:term":[{"taxonomy":"category","embeddable":true,"href":"https:\/\/portaltela.pt\/api\/wp\/v2\/categories?post=203746"},{"taxonomy":"post_tag","embeddable":true,"href":"https:\/\/portaltela.pt\/api\/wp\/v2\/tags?post=203746"}],"curies":[{"name":"wp","href":"https:\/\/api.w.org\/{rel}","templated":true}]}}