{"id":203735,"date":"2026-02-08T06:00:00","date_gmt":"2026-02-08T09:00:00","guid":{"rendered":"https:\/\/portaltela.pt\/noticias\/2026\/02\/08\/na-era-dos-dados-a-intuicao-mantem-papel-decisivo\/"},"modified":"2026-02-08T06:00:00","modified_gmt":"2026-02-08T09:00:00","slug":"na-era-dos-dados-a-intuicao-mantem-papel-decisivo","status":"publish","type":"post","link":"https:\/\/portaltela.pt\/noticias\/2026\/02\/08\/na-era-dos-dados-a-intuicao-mantem-papel-decisivo\/","title":{"rendered":"Na era dos dados, a intui\u00e7\u00e3o mant\u00e9m papel decisivo"},"content":{"rendered":"<p>O debate sobre a rela\u00e7\u00e3o entre dados e intui\u00e7\u00e3o ganha nova relev\u00e2ncia na era atual. Apesar de termos \u00e0 disposi\u00e7\u00e3o uma enorme quantidade de informa\u00e7\u00e3o, a decis\u00e3o p\u00fablica continua a depender, em muitos casos, da experi\u00eancia, do h\u00e1bito e da emo\u00e7\u00e3o.<\/p>\n<p>N\u00fameros abundam e s\u00e3o usados para avaliar escolas, hospitais, empresas e cidades. Contudo, o texto questiona se o que vivemos \u00e9 uma demonstra\u00e7\u00e3o de evid\u00eancia ou apenas uma decora\u00e7\u00e3o ret\u00f3rica destinada a justificar escolhas pr\u00e9vias.<\/p>\n<p>A pe\u00e7a, publicada pelo P\u00fablico em fevereiro de 2026, aponta que os dados podem tornar-se opacos. Para muitos, s\u00e3o s\u00edmbolos de autoridade, com a express\u00e3o baseados em dados a soar inevit\u00e1vel e tecnicamente neutra, mesmo quando a medi\u00e7\u00e3o \u00e9 seletiva.<\/p>\n<p>A autora descreve que algu\u00e9m escolhe o que medir, como medir, o que comparar e o que ignorar. Cada m\u00e9trica carrega valores, o que pode distorcer a percep\u00e7\u00e3o de neutralidade dos n\u00fameros.<\/p>\n<p>Descreve ainda que a d\u00favida em rela\u00e7\u00e3o aos dados n\u00e3o se deve ao frio das m\u00e9tricas, mas a falhas de explica\u00e7\u00e3o ou \u00e0 imposi\u00e7\u00e3o de decis\u00f5es com base nelas. Quando aparecem apenas no fim, perdem o papel de instrumento de di\u00e1logo.<\/p>\n<p>O texto ressalta que j\u00e1 se exige literacia de dados e pol\u00edticas baseadas em evid\u00eancia, mas a capacidade de interpretar n\u00fameros no contexto real continua a faltar. A decis\u00e3o com dados \u00e9 apresentada como responsabilidade, n\u00e3o substitui\u00e7\u00e3o do julgamento humano.<\/p>\n<p>Prop\u00f5e-se um equil\u00edbrio entre tecnocracia e opini\u00e3o, com espa\u00e7o para que os n\u00fameros ajudem sem mandar, reconhecendo que a m\u00e9trica correta pode contrariar narrativas desejadas. O desafio \u00e9 manter a confian\u00e7a nos dados e no discernimento humano.<\/p>\n<h3>Desafios da literacia de dados<\/h3>\n<p>A an\u00e1lise de dados requer tempo, humildade e abertura a resultados desconfort\u00e1veis, segundo o texto. A ideia central \u00e9 promover decis\u00f5es informadas sem transformar as m\u00e9tricas em dogmas ou ru\u00eddos descart\u00e1veis.<\/p>\n<h3>Caminhos para decis\u00f5es baseadas em dados<\/h3>\n<p>Defende-se interpretar n\u00fameros com contexto, reconhecendo imperfei\u00e7\u00f5es e dilemas reais. A not\u00edcia sugere que, assim, o uso de dados fortalece decis\u00f5es, sem excluir a experi\u00eancia humana.<\/p>\n<p>A reflex\u00e3o final aponta um espa\u00e7o entre tecnocracia sem pessoas e opini\u00e3o sem evid\u00eancia, onde as decis\u00f5es ganham qualidade ao combinar m\u00e9tricas, contexto e julgamento humano.<\/p>\n","protected":false},"excerpt":{"rendered":"<ul>\n<li>Vivemos numa era com imensa quantidade de dados, mas as decis\u00f5es costumam basear-se na intui\u00e7\u00e3o, no h\u00e1bito e na emo\u00e7\u00e3o.<\/li>\n<li>Embora se me\u00e7am passos, calorias, produtividade e desempenho, os n\u00fameros podem tornar-se s\u00edmbolos de autoridade em vez de instrumentos de compreens\u00e3o.<\/li>\n<li>Cada m\u00e9trica envolve escolhas sobre o que medir, como medir, o que comparar e o que ignorar, e carrega valores mesmo quando parece objectiva.<\/li>\n<li>A desconfian\u00e7a em dados aumenta quando estes chegam tarde, est\u00e3o mal explicados ou s\u00e3o usados para impor decis\u00f5es, em vez de esclarecer.<\/li>\n<li>O paradoxo atual \u00e9 ter muito conhecimento e, ainda assim, decidir como se n\u00e3o o tiv\u00e9ssemos; \u00e9 preciso interpretar n\u00fameros no contexto da vida real, com humildade e tempo.<\/li>\n<\/ul>\n","protected":false},"author":2,"featured_media":203742,"comment_status":"closed","ping_status":"closed","sticky":false,"template":"","format":"standard","meta":{"footnotes":""},"categories":[1],"tags":[134,206,5634,1274,5563,133],"class_list":["post-203735","post","type-post","status-publish","format-standard","has-post-thumbnail","hentry","category-noticias","tag-analysis","tag-analise","tag-analises","tag-governanca","tag-informacao-publica","tag-politicas-publicas"],"yoast_head":"<!-- This site is optimized with the Yoast SEO plugin v27.2 - https:\/\/yoast.com\/product\/yoast-seo-wordpress\/ -->\n<title>Na era dos dados, a intui\u00e7\u00e3o mant\u00e9m papel decisivo - Portal Tela Portugal<\/title>\n<meta name=\"robots\" content=\"index, follow, max-snippet:-1, max-image-preview:large, max-video-preview:-1\" \/>\n<meta property=\"og:locale\" content=\"pt_PT\" \/>\n<meta property=\"og:type\" content=\"article\" \/>\n<meta property=\"og:title\" content=\"Na era dos dados, a intui\u00e7\u00e3o mant\u00e9m papel decisivo - Portal Tela Portugal\" \/>\n<meta property=\"og:description\" content=\"Vivemos numa era com imensa quantidade de dados, mas as decis\u00f5es costumam basear-se na intui\u00e7\u00e3o, no h\u00e1bito e na emo\u00e7\u00e3o. Embora se me\u00e7am passos, calorias, produtividade e desempenho, os n\u00fameros podem tornar-se s\u00edmbolos de autoridade em vez de instrumentos de compreens\u00e3o. Cada m\u00e9trica envolve escolhas sobre o que medir, como medir, o que comparar e o que ignorar, e carrega valores mesmo quando parece objectiva. A desconfian\u00e7a em dados aumenta quando estes chegam tarde, est\u00e3o mal explicados ou s\u00e3o usados para impor decis\u00f5es, em vez de esclarecer. O paradoxo atual \u00e9 ter muito conhecimento e, ainda assim, decidir como se n\u00e3o o tiv\u00e9ssemos; \u00e9 preciso interpretar n\u00fameros no contexto da vida real, com humildade e tempo.\" \/>\n<meta property=\"og:url\" content=\"https:\/\/portaltela.pt\/noticias\/2026\/02\/08\/na-era-dos-dados-a-intuicao-mantem-papel-decisivo\/\" \/>\n<meta property=\"og:site_name\" content=\"Portal Tela Portugal\" \/>\n<meta property=\"article:published_time\" content=\"2026-02-08T09:00:00+00:00\" \/>\n<meta name=\"author\" content=\"Telinha\" \/>\n<meta name=\"twitter:card\" content=\"summary_large_image\" \/>\n<meta name=\"twitter:label1\" content=\"Escrito por\" \/>\n\t<meta name=\"twitter:data1\" content=\"Telinha\" \/>\n\t<meta name=\"twitter:label2\" content=\"Tempo estimado de leitura\" \/>\n\t<meta name=\"twitter:data2\" content=\"2 minutos\" \/>\n<script type=\"application\/ld+json\" class=\"yoast-schema-graph\">{\"@context\":\"https:\/\/schema.org\",\"@graph\":[{\"@type\":\"Article\",\"@id\":\"https:\/\/portaltela.pt\/noticias\/2026\/02\/08\/na-era-dos-dados-a-intuicao-mantem-papel-decisivo\/#article\",\"isPartOf\":{\"@id\":\"https:\/\/portaltela.pt\/noticias\/2026\/02\/08\/na-era-dos-dados-a-intuicao-mantem-papel-decisivo\/\"},\"author\":{\"name\":\"Telinha\",\"@id\":\"https:\/\/portaltela.pt\/#\/schema\/person\/c4278d4a6028830caff9ee44b42d32ed\"},\"headline\":\"Na era dos dados, a intui\u00e7\u00e3o mant\u00e9m papel decisivo\",\"datePublished\":\"2026-02-08T09:00:00+00:00\",\"mainEntityOfPage\":{\"@id\":\"https:\/\/portaltela.pt\/noticias\/2026\/02\/08\/na-era-dos-dados-a-intuicao-mantem-papel-decisivo\/\"},\"wordCount\":430,\"image\":{\"@id\":\"https:\/\/portaltela.pt\/noticias\/2026\/02\/08\/na-era-dos-dados-a-intuicao-mantem-papel-decisivo\/#primaryimage\"},\"thumbnailUrl\":\"https:\/\/portaltela.pt\/s.01k8rhncp4jt1\/2026\/02\/2064817.jpg\",\"keywords\":[\"@analysis\",\"an\u00e1lise\",\"an\u00e1lises\",\"governan\u00e7a\",\"informa\u00e7\u00e3o p\u00fablica\",\"pol\u00edticas p\u00fablicas\"],\"articleSection\":[\"Not\u00edcias\"],\"inLanguage\":\"pt-PT\"},{\"@type\":\"WebPage\",\"@id\":\"https:\/\/portaltela.pt\/noticias\/2026\/02\/08\/na-era-dos-dados-a-intuicao-mantem-papel-decisivo\/\",\"url\":\"https:\/\/portaltela.pt\/noticias\/2026\/02\/08\/na-era-dos-dados-a-intuicao-mantem-papel-decisivo\/\",\"name\":\"Na era dos dados, a intui\u00e7\u00e3o mant\u00e9m papel decisivo - Portal Tela Portugal\",\"isPartOf\":{\"@id\":\"https:\/\/portaltela.pt\/#website\"},\"primaryImageOfPage\":{\"@id\":\"https:\/\/portaltela.pt\/noticias\/2026\/02\/08\/na-era-dos-dados-a-intuicao-mantem-papel-decisivo\/#primaryimage\"},\"image\":{\"@id\":\"https:\/\/portaltela.pt\/noticias\/2026\/02\/08\/na-era-dos-dados-a-intuicao-mantem-papel-decisivo\/#primaryimage\"},\"thumbnailUrl\":\"https:\/\/portaltela.pt\/s.01k8rhncp4jt1\/2026\/02\/2064817.jpg\",\"datePublished\":\"2026-02-08T09:00:00+00:00\",\"author\":{\"@id\":\"https:\/\/portaltela.pt\/#\/schema\/person\/c4278d4a6028830caff9ee44b42d32ed\"},\"breadcrumb\":{\"@id\":\"https:\/\/portaltela.pt\/noticias\/2026\/02\/08\/na-era-dos-dados-a-intuicao-mantem-papel-decisivo\/#breadcrumb\"},\"inLanguage\":\"pt-PT\",\"potentialAction\":[{\"@type\":\"ReadAction\",\"target\":[\"https:\/\/portaltela.pt\/noticias\/2026\/02\/08\/na-era-dos-dados-a-intuicao-mantem-papel-decisivo\/\"]}]},{\"@type\":\"ImageObject\",\"inLanguage\":\"pt-PT\",\"@id\":\"https:\/\/portaltela.pt\/noticias\/2026\/02\/08\/na-era-dos-dados-a-intuicao-mantem-papel-decisivo\/#primaryimage\",\"url\":\"https:\/\/portaltela.pt\/s.01k8rhncp4jt1\/2026\/02\/2064817.jpg\",\"contentUrl\":\"https:\/\/portaltela.pt\/s.01k8rhncp4jt1\/2026\/02\/2064817.jpg\",\"width\":796,\"height\":448,\"caption\":\"Megafone P3\"},{\"@type\":\"BreadcrumbList\",\"@id\":\"https:\/\/portaltela.pt\/noticias\/2026\/02\/08\/na-era-dos-dados-a-intuicao-mantem-papel-decisivo\/#breadcrumb\",\"itemListElement\":[{\"@type\":\"ListItem\",\"position\":1,\"name\":\"In\u00edcio\",\"item\":\"https:\/\/portaltela.pt\/\"},{\"@type\":\"ListItem\",\"position\":2,\"name\":\"Na era dos dados, a intui\u00e7\u00e3o mant\u00e9m papel decisivo\"}]},{\"@type\":\"WebSite\",\"@id\":\"https:\/\/portaltela.pt\/#website\",\"url\":\"https:\/\/portaltela.pt\/\",\"name\":\"Portal Tela Portugal\",\"description\":\"\",\"potentialAction\":[{\"@type\":\"SearchAction\",\"target\":{\"@type\":\"EntryPoint\",\"urlTemplate\":\"https:\/\/portaltela.pt\/?s={search_term_string}\"},\"query-input\":{\"@type\":\"PropertyValueSpecification\",\"valueRequired\":true,\"valueName\":\"search_term_string\"}}],\"inLanguage\":\"pt-PT\"},{\"@type\":\"Person\",\"@id\":\"https:\/\/portaltela.pt\/#\/schema\/person\/c4278d4a6028830caff9ee44b42d32ed\",\"name\":\"Telinha\",\"image\":{\"@type\":\"ImageObject\",\"inLanguage\":\"pt-PT\",\"@id\":\"https:\/\/portaltela.pt\/s.01k8rhncp4jt1\/2025\/11\/talking-bot-125x125.png\",\"url\":\"https:\/\/portaltela.pt\/s.01k8rhncp4jt1\/2025\/11\/talking-bot-125x125.png\",\"contentUrl\":\"https:\/\/portaltela.pt\/s.01k8rhncp4jt1\/2025\/11\/talking-bot-125x125.png\",\"caption\":\"Telinha\"},\"sameAs\":[\"https:\/\/portaltela.pt\/\"],\"url\":\"https:\/\/portaltela.pt\/por\/367410592786\/\"}]}<\/script>\n<!-- \/ Yoast SEO plugin. -->","yoast_head_json":{"title":"Na era dos dados, a intui\u00e7\u00e3o mant\u00e9m papel decisivo - Portal Tela Portugal","robots":{"index":"index","follow":"follow","max-snippet":"max-snippet:-1","max-image-preview":"max-image-preview:large","max-video-preview":"max-video-preview:-1"},"og_locale":"pt_PT","og_type":"article","og_title":"Na era dos dados, a intui\u00e7\u00e3o mant\u00e9m papel decisivo - Portal Tela Portugal","og_description":"Vivemos numa era com imensa quantidade de dados, mas as decis\u00f5es costumam basear-se na intui\u00e7\u00e3o, no h\u00e1bito e na emo\u00e7\u00e3o. Embora se me\u00e7am passos, calorias, produtividade e desempenho, os n\u00fameros podem tornar-se s\u00edmbolos de autoridade em vez de instrumentos de compreens\u00e3o. Cada m\u00e9trica envolve escolhas sobre o que medir, como medir, o que comparar e o que ignorar, e carrega valores mesmo quando parece objectiva. A desconfian\u00e7a em dados aumenta quando estes chegam tarde, est\u00e3o mal explicados ou s\u00e3o usados para impor decis\u00f5es, em vez de esclarecer. O paradoxo atual \u00e9 ter muito conhecimento e, ainda assim, decidir como se n\u00e3o o tiv\u00e9ssemos; \u00e9 preciso interpretar n\u00fameros no contexto da vida real, com humildade e tempo.","og_url":"https:\/\/portaltela.pt\/noticias\/2026\/02\/08\/na-era-dos-dados-a-intuicao-mantem-papel-decisivo\/","og_site_name":"Portal Tela Portugal","article_published_time":"2026-02-08T09:00:00+00:00","author":"Telinha","twitter_card":"summary_large_image","twitter_misc":{"Escrito por":"Telinha","Tempo estimado de leitura":"2 minutos"},"schema":{"@context":"https:\/\/schema.org","@graph":[{"@type":"Article","@id":"https:\/\/portaltela.pt\/noticias\/2026\/02\/08\/na-era-dos-dados-a-intuicao-mantem-papel-decisivo\/#article","isPartOf":{"@id":"https:\/\/portaltela.pt\/noticias\/2026\/02\/08\/na-era-dos-dados-a-intuicao-mantem-papel-decisivo\/"},"author":{"name":"Telinha","@id":"https:\/\/portaltela.pt\/#\/schema\/person\/c4278d4a6028830caff9ee44b42d32ed"},"headline":"Na era dos dados, a intui\u00e7\u00e3o mant\u00e9m papel decisivo","datePublished":"2026-02-08T09:00:00+00:00","mainEntityOfPage":{"@id":"https:\/\/portaltela.pt\/noticias\/2026\/02\/08\/na-era-dos-dados-a-intuicao-mantem-papel-decisivo\/"},"wordCount":430,"image":{"@id":"https:\/\/portaltela.pt\/noticias\/2026\/02\/08\/na-era-dos-dados-a-intuicao-mantem-papel-decisivo\/#primaryimage"},"thumbnailUrl":"https:\/\/portaltela.pt\/s.01k8rhncp4jt1\/2026\/02\/2064817.jpg","keywords":["@analysis","an\u00e1lise","an\u00e1lises","governan\u00e7a","informa\u00e7\u00e3o p\u00fablica","pol\u00edticas p\u00fablicas"],"articleSection":["Not\u00edcias"],"inLanguage":"pt-PT"},{"@type":"WebPage","@id":"https:\/\/portaltela.pt\/noticias\/2026\/02\/08\/na-era-dos-dados-a-intuicao-mantem-papel-decisivo\/","url":"https:\/\/portaltela.pt\/noticias\/2026\/02\/08\/na-era-dos-dados-a-intuicao-mantem-papel-decisivo\/","name":"Na era dos dados, a intui\u00e7\u00e3o mant\u00e9m papel decisivo - Portal Tela Portugal","isPartOf":{"@id":"https:\/\/portaltela.pt\/#website"},"primaryImageOfPage":{"@id":"https:\/\/portaltela.pt\/noticias\/2026\/02\/08\/na-era-dos-dados-a-intuicao-mantem-papel-decisivo\/#primaryimage"},"image":{"@id":"https:\/\/portaltela.pt\/noticias\/2026\/02\/08\/na-era-dos-dados-a-intuicao-mantem-papel-decisivo\/#primaryimage"},"thumbnailUrl":"https:\/\/portaltela.pt\/s.01k8rhncp4jt1\/2026\/02\/2064817.jpg","datePublished":"2026-02-08T09:00:00+00:00","author":{"@id":"https:\/\/portaltela.pt\/#\/schema\/person\/c4278d4a6028830caff9ee44b42d32ed"},"breadcrumb":{"@id":"https:\/\/portaltela.pt\/noticias\/2026\/02\/08\/na-era-dos-dados-a-intuicao-mantem-papel-decisivo\/#breadcrumb"},"inLanguage":"pt-PT","potentialAction":[{"@type":"ReadAction","target":["https:\/\/portaltela.pt\/noticias\/2026\/02\/08\/na-era-dos-dados-a-intuicao-mantem-papel-decisivo\/"]}]},{"@type":"ImageObject","inLanguage":"pt-PT","@id":"https:\/\/portaltela.pt\/noticias\/2026\/02\/08\/na-era-dos-dados-a-intuicao-mantem-papel-decisivo\/#primaryimage","url":"https:\/\/portaltela.pt\/s.01k8rhncp4jt1\/2026\/02\/2064817.jpg","contentUrl":"https:\/\/portaltela.pt\/s.01k8rhncp4jt1\/2026\/02\/2064817.jpg","width":796,"height":448,"caption":"Megafone P3"},{"@type":"BreadcrumbList","@id":"https:\/\/portaltela.pt\/noticias\/2026\/02\/08\/na-era-dos-dados-a-intuicao-mantem-papel-decisivo\/#breadcrumb","itemListElement":[{"@type":"ListItem","position":1,"name":"In\u00edcio","item":"https:\/\/portaltela.pt\/"},{"@type":"ListItem","position":2,"name":"Na era dos dados, a intui\u00e7\u00e3o mant\u00e9m papel decisivo"}]},{"@type":"WebSite","@id":"https:\/\/portaltela.pt\/#website","url":"https:\/\/portaltela.pt\/","name":"Portal Tela Portugal","description":"","potentialAction":[{"@type":"SearchAction","target":{"@type":"EntryPoint","urlTemplate":"https:\/\/portaltela.pt\/?s={search_term_string}"},"query-input":{"@type":"PropertyValueSpecification","valueRequired":true,"valueName":"search_term_string"}}],"inLanguage":"pt-PT"},{"@type":"Person","@id":"https:\/\/portaltela.pt\/#\/schema\/person\/c4278d4a6028830caff9ee44b42d32ed","name":"Telinha","image":{"@type":"ImageObject","inLanguage":"pt-PT","@id":"https:\/\/portaltela.pt\/s.01k8rhncp4jt1\/2025\/11\/talking-bot-125x125.png","url":"https:\/\/portaltela.pt\/s.01k8rhncp4jt1\/2025\/11\/talking-bot-125x125.png","contentUrl":"https:\/\/portaltela.pt\/s.01k8rhncp4jt1\/2025\/11\/talking-bot-125x125.png","caption":"Telinha"},"sameAs":["https:\/\/portaltela.pt\/"],"url":"https:\/\/portaltela.pt\/por\/367410592786\/"}]}},"_links":{"self":[{"href":"https:\/\/portaltela.pt\/api\/wp\/v2\/posts\/203735","targetHints":{"allow":["GET"]}}],"collection":[{"href":"https:\/\/portaltela.pt\/api\/wp\/v2\/posts"}],"about":[{"href":"https:\/\/portaltela.pt\/api\/wp\/v2\/types\/post"}],"author":[{"embeddable":true,"href":"https:\/\/portaltela.pt\/api\/wp\/v2\/users\/2"}],"replies":[{"embeddable":true,"href":"https:\/\/portaltela.pt\/api\/wp\/v2\/comments?post=203735"}],"version-history":[{"count":0,"href":"https:\/\/portaltela.pt\/api\/wp\/v2\/posts\/203735\/revisions"}],"wp:featuredmedia":[{"embeddable":true,"href":"https:\/\/portaltela.pt\/api\/wp\/v2\/media\/203742"}],"wp:attachment":[{"href":"https:\/\/portaltela.pt\/api\/wp\/v2\/media?parent=203735"}],"wp:term":[{"taxonomy":"category","embeddable":true,"href":"https:\/\/portaltela.pt\/api\/wp\/v2\/categories?post=203735"},{"taxonomy":"post_tag","embeddable":true,"href":"https:\/\/portaltela.pt\/api\/wp\/v2\/tags?post=203735"}],"curies":[{"name":"wp","href":"https:\/\/api.w.org\/{rel}","templated":true}]}}