{"id":203698,"date":"2026-02-08T05:30:00","date_gmt":"2026-02-08T08:30:00","guid":{"rendered":"https:\/\/portaltela.pt\/noticias\/2026\/02\/08\/rui-dias-e-filipe-alexandre-dias-recordam-craques-do-fc-porto-e-do-sporting\/"},"modified":"2026-02-08T05:30:00","modified_gmt":"2026-02-08T08:30:00","slug":"rui-dias-e-filipe-alexandre-dias-recordam-craques-do-fc-porto-e-do-sporting","status":"publish","type":"post","link":"https:\/\/portaltela.pt\/desporto\/futebol\/2026\/02\/08\/rui-dias-e-filipe-alexandre-dias-recordam-craques-do-fc-porto-e-do-sporting\/","title":{"rendered":"Rui Dias e Filipe Alexandre Dias recordam craques do FC Porto e do Sporting"},"content":{"rendered":"<p>O epis\u00f3dio do Podcast R re\u00fane Rui Dias e Filipe Alexandre Dias para recordar craques hist\u00f3ricos do FC Porto e do Sporting. O programa revela as escolhas e mem\u00f3rias pessoais dos convidados relacionadas com os clubes.<\/p>\n<p>Os convidados partilham perspetivas sobre nomes que marcaram a inf\u00e2ncia e a juventude, destacando jogadores que fizeram hist\u00f3ria no FC Porto e no Sporting.<\/p>\n<p>A conversa enfatiza a nostalgia e o valor de preservar a mem\u00f3ria do futebol portugu\u00eas, sem ofensas ou ju\u00edzos de valor.<\/p>\n<h3>Os craques de FC Porto<\/h3>\n<p>Rui Dias destaca Deco, Hulk e Falc\u00e3o como figuras que moldaram a hist\u00f3ria azul e branca. O conjunto de escolhas reflete diferentes eras do clube.<\/p>\n<p>Outra parte da conversa enfatiza o impacto que estes jogadores tiveram em jogos ic\u00f3nicos e na identidade do FC Porto.<\/p>\n<h3>Os craques de Sporting<\/h3>\n<p>Filipe Alexandre Dias faz refer\u00eancia a Cristiano Ronaldo, Liedson e Rui Patr\u00edcio como pilares da hist\u00f3ria do Sporting. As escolhas ilustram per\u00edodos de sucesso e momentos marcantes.<\/p>\n<p>A conversa aborda as carreiras desses jogadores, bem como o seu legado para o clube verde e branco.<\/p>\n<h3>Mem\u00f3rias e hist\u00f3rias<\/h3>\n<p>Ambos os convidados revelam epis\u00f3dios pessoais ligados aos craques recordados, enriquecendo o di\u00e1logo com hist\u00f3rias de bastidores.<\/p>\n<p>A troca de mem\u00f3rias cria um momento de celebra\u00e7\u00e3o do futebol nacional, valorizando as trajet\u00f3rias dos atletas.<\/p>\n","protected":false},"excerpt":{"rendered":"<ul>\n<li>No epis\u00f3dio do Podcast R, Rui Dias e Filipe Alexandre Dias recordam craques de FC Porto e Sporting, partilhando as suas escolhas e mem\u00f3rias relacionadas com os clubes.<\/li>\n<\/ul>\n<p>\u2022<\/p>\n<ul>\n<li>Entre os craques do FC Porto, destacam-se Deco, Hulk e Falc\u00e3o, lembrando a inf\u00e2ncia de Rui Dias.<\/li>\n<\/ul>\n<p>\u2022<\/p>\n<ul>\n<li>Do Sporting, salientam-se Cristiano Ronaldo, Liedson e Rui Patr\u00edcio, segundo Filipe Alexandre Dias.<\/li>\n<\/ul>\n<p>\u2022<\/p>\n<ul>\n<li>O epis\u00f3dio inclui mem\u00f3rias pessoais e hist\u00f3rias dos convidados, gerando nostalgia e valoriza\u00e7\u00e3o do futebol portugu\u00eas.<\/li>\n<\/ul>\n<p>\u2022<\/p>\n<ul>\n<li>Termina com uma reflex\u00e3o sobre a import\u00e2ncia de recordar e valorizar os jogadores que fizeram a hist\u00f3ria dos clubes portugueses.<\/li>\n<\/ul>\n","protected":false},"author":2,"featured_media":203699,"comment_status":"closed","ping_status":"closed","sticky":false,"template":"","format":"standard","meta":{"footnotes":""},"categories":[21,24],"tags":[1947,2040,2028,32,2682,1652],"class_list":["post-203698","post","type-post","status-publish","format-standard","has-post-thumbnail","hentry","category-desporto","category-futebol","tag-cristiano-ronaldo","tag-deco","tag-fc-porto","tag-futebol","tag-rui-patricio","tag-sporting"],"yoast_head":"<!-- This site is optimized with the Yoast SEO plugin v27.2 - https:\/\/yoast.com\/product\/yoast-seo-wordpress\/ -->\n<title>Rui Dias e Filipe Alexandre Dias recordam craques do FC Porto e do Sporting - Portal Tela Portugal<\/title>\n<meta name=\"robots\" content=\"index, follow, max-snippet:-1, max-image-preview:large, max-video-preview:-1\" \/>\n<meta property=\"og:locale\" content=\"pt_PT\" \/>\n<meta property=\"og:type\" content=\"article\" \/>\n<meta property=\"og:title\" content=\"Rui Dias e Filipe Alexandre Dias recordam craques do FC Porto e do Sporting - Portal Tela Portugal\" \/>\n<meta property=\"og:description\" content=\"No epis\u00f3dio do Podcast R, Rui Dias e Filipe Alexandre Dias recordam craques de FC Porto e Sporting, partilhando as suas escolhas e mem\u00f3rias relacionadas com os clubes. \u2022 Entre os craques do FC Porto, destacam-se Deco, Hulk e Falc\u00e3o, lembrando a inf\u00e2ncia de Rui Dias. \u2022 Do Sporting, salientam-se Cristiano Ronaldo, Liedson e Rui Patr\u00edcio, segundo Filipe Alexandre Dias. \u2022 O epis\u00f3dio inclui mem\u00f3rias pessoais e hist\u00f3rias dos convidados, gerando nostalgia e valoriza\u00e7\u00e3o do futebol portugu\u00eas. \u2022 Termina com uma reflex\u00e3o sobre a import\u00e2ncia de recordar e valorizar os jogadores que fizeram a hist\u00f3ria dos clubes portugueses.\" \/>\n<meta property=\"og:url\" content=\"https:\/\/portaltela.pt\/noticias\/2026\/02\/08\/rui-dias-e-filipe-alexandre-dias-recordam-craques-do-fc-porto-e-do-sporting\/\" \/>\n<meta property=\"og:site_name\" content=\"Portal Tela Portugal\" \/>\n<meta property=\"article:published_time\" content=\"2026-02-08T08:30:00+00:00\" \/>\n<meta name=\"author\" content=\"Telinha\" \/>\n<meta name=\"twitter:card\" content=\"summary_large_image\" \/>\n<meta name=\"twitter:label1\" content=\"Escrito por\" \/>\n\t<meta name=\"twitter:data1\" content=\"Telinha\" \/>\n\t<meta name=\"twitter:label2\" content=\"Tempo estimado de leitura\" \/>\n\t<meta name=\"twitter:data2\" content=\"1 minuto\" \/>\n<script type=\"application\/ld+json\" class=\"yoast-schema-graph\">{\"@context\":\"https:\/\/schema.org\",\"@graph\":[{\"@type\":\"Article\",\"@id\":\"https:\/\/portaltela.pt\/noticias\/2026\/02\/08\/rui-dias-e-filipe-alexandre-dias-recordam-craques-do-fc-porto-e-do-sporting\/#article\",\"isPartOf\":{\"@id\":\"https:\/\/portaltela.pt\/noticias\/2026\/02\/08\/rui-dias-e-filipe-alexandre-dias-recordam-craques-do-fc-porto-e-do-sporting\/\"},\"author\":{\"name\":\"Telinha\",\"@id\":\"https:\/\/portaltela.pt\/#\/schema\/person\/c4278d4a6028830caff9ee44b42d32ed\"},\"headline\":\"Rui Dias e Filipe Alexandre Dias recordam craques do FC Porto e do Sporting\",\"datePublished\":\"2026-02-08T08:30:00+00:00\",\"mainEntityOfPage\":{\"@id\":\"https:\/\/portaltela.pt\/noticias\/2026\/02\/08\/rui-dias-e-filipe-alexandre-dias-recordam-craques-do-fc-porto-e-do-sporting\/\"},\"wordCount\":255,\"image\":{\"@id\":\"https:\/\/portaltela.pt\/noticias\/2026\/02\/08\/rui-dias-e-filipe-alexandre-dias-recordam-craques-do-fc-porto-e-do-sporting\/#primaryimage\"},\"thumbnailUrl\":\"https:\/\/portaltela.pt\/s.01k8rhncp4jt1\/2026\/02\/img_1200x721uu2026-02-06-22-59-08-2420050.jpg\",\"keywords\":[\"Cristiano Ronaldo\",\"Deco\",\"FC Porto\",\"futebol\",\"Rui Patr\u00edcio\",\"Sporting\"],\"articleSection\":[\"Desporto\",\"Futebol\"],\"inLanguage\":\"pt-PT\"},{\"@type\":\"WebPage\",\"@id\":\"https:\/\/portaltela.pt\/noticias\/2026\/02\/08\/rui-dias-e-filipe-alexandre-dias-recordam-craques-do-fc-porto-e-do-sporting\/\",\"url\":\"https:\/\/portaltela.pt\/noticias\/2026\/02\/08\/rui-dias-e-filipe-alexandre-dias-recordam-craques-do-fc-porto-e-do-sporting\/\",\"name\":\"Rui Dias e Filipe Alexandre Dias recordam craques do FC Porto e do Sporting - Portal Tela Portugal\",\"isPartOf\":{\"@id\":\"https:\/\/portaltela.pt\/#website\"},\"primaryImageOfPage\":{\"@id\":\"https:\/\/portaltela.pt\/noticias\/2026\/02\/08\/rui-dias-e-filipe-alexandre-dias-recordam-craques-do-fc-porto-e-do-sporting\/#primaryimage\"},\"image\":{\"@id\":\"https:\/\/portaltela.pt\/noticias\/2026\/02\/08\/rui-dias-e-filipe-alexandre-dias-recordam-craques-do-fc-porto-e-do-sporting\/#primaryimage\"},\"thumbnailUrl\":\"https:\/\/portaltela.pt\/s.01k8rhncp4jt1\/2026\/02\/img_1200x721uu2026-02-06-22-59-08-2420050.jpg\",\"datePublished\":\"2026-02-08T08:30:00+00:00\",\"author\":{\"@id\":\"https:\/\/portaltela.pt\/#\/schema\/person\/c4278d4a6028830caff9ee44b42d32ed\"},\"breadcrumb\":{\"@id\":\"https:\/\/portaltela.pt\/noticias\/2026\/02\/08\/rui-dias-e-filipe-alexandre-dias-recordam-craques-do-fc-porto-e-do-sporting\/#breadcrumb\"},\"inLanguage\":\"pt-PT\",\"potentialAction\":[{\"@type\":\"ReadAction\",\"target\":[\"https:\/\/portaltela.pt\/noticias\/2026\/02\/08\/rui-dias-e-filipe-alexandre-dias-recordam-craques-do-fc-porto-e-do-sporting\/\"]}]},{\"@type\":\"ImageObject\",\"inLanguage\":\"pt-PT\",\"@id\":\"https:\/\/portaltela.pt\/noticias\/2026\/02\/08\/rui-dias-e-filipe-alexandre-dias-recordam-craques-do-fc-porto-e-do-sporting\/#primaryimage\",\"url\":\"https:\/\/portaltela.pt\/s.01k8rhncp4jt1\/2026\/02\/img_1200x721uu2026-02-06-22-59-08-2420050.jpg\",\"contentUrl\":\"https:\/\/portaltela.pt\/s.01k8rhncp4jt1\/2026\/02\/img_1200x721uu2026-02-06-22-59-08-2420050.jpg\",\"width\":796,\"height\":448,\"caption\":\"O meu onze \u00e9 melhor do que o teu: Rui Dias e Filipe Alexandre Dias recordam craques de FC Porto e Sporting\"},{\"@type\":\"BreadcrumbList\",\"@id\":\"https:\/\/portaltela.pt\/noticias\/2026\/02\/08\/rui-dias-e-filipe-alexandre-dias-recordam-craques-do-fc-porto-e-do-sporting\/#breadcrumb\",\"itemListElement\":[{\"@type\":\"ListItem\",\"position\":1,\"name\":\"In\u00edcio\",\"item\":\"https:\/\/portaltela.pt\/\"},{\"@type\":\"ListItem\",\"position\":2,\"name\":\"Rui Dias e Filipe Alexandre Dias recordam craques do FC Porto e do Sporting\"}]},{\"@type\":\"WebSite\",\"@id\":\"https:\/\/portaltela.pt\/#website\",\"url\":\"https:\/\/portaltela.pt\/\",\"name\":\"Portal Tela Portugal\",\"description\":\"\",\"potentialAction\":[{\"@type\":\"SearchAction\",\"target\":{\"@type\":\"EntryPoint\",\"urlTemplate\":\"https:\/\/portaltela.pt\/?s={search_term_string}\"},\"query-input\":{\"@type\":\"PropertyValueSpecification\",\"valueRequired\":true,\"valueName\":\"search_term_string\"}}],\"inLanguage\":\"pt-PT\"},{\"@type\":\"Person\",\"@id\":\"https:\/\/portaltela.pt\/#\/schema\/person\/c4278d4a6028830caff9ee44b42d32ed\",\"name\":\"Telinha\",\"image\":{\"@type\":\"ImageObject\",\"inLanguage\":\"pt-PT\",\"@id\":\"https:\/\/portaltela.pt\/s.01k8rhncp4jt1\/2025\/11\/talking-bot-125x125.png\",\"url\":\"https:\/\/portaltela.pt\/s.01k8rhncp4jt1\/2025\/11\/talking-bot-125x125.png\",\"contentUrl\":\"https:\/\/portaltela.pt\/s.01k8rhncp4jt1\/2025\/11\/talking-bot-125x125.png\",\"caption\":\"Telinha\"},\"sameAs\":[\"https:\/\/portaltela.pt\/\"],\"url\":\"https:\/\/portaltela.pt\/por\/367410592786\/\"}]}<\/script>\n<!-- \/ Yoast SEO plugin. -->","yoast_head_json":{"title":"Rui Dias e Filipe Alexandre Dias recordam craques do FC Porto e do Sporting - Portal Tela Portugal","robots":{"index":"index","follow":"follow","max-snippet":"max-snippet:-1","max-image-preview":"max-image-preview:large","max-video-preview":"max-video-preview:-1"},"og_locale":"pt_PT","og_type":"article","og_title":"Rui Dias e Filipe Alexandre Dias recordam craques do FC Porto e do Sporting - Portal Tela Portugal","og_description":"No epis\u00f3dio do Podcast R, Rui Dias e Filipe Alexandre Dias recordam craques de FC Porto e Sporting, partilhando as suas escolhas e mem\u00f3rias relacionadas com os clubes. \u2022 Entre os craques do FC Porto, destacam-se Deco, Hulk e Falc\u00e3o, lembrando a inf\u00e2ncia de Rui Dias. \u2022 Do Sporting, salientam-se Cristiano Ronaldo, Liedson e Rui Patr\u00edcio, segundo Filipe Alexandre Dias. \u2022 O epis\u00f3dio inclui mem\u00f3rias pessoais e hist\u00f3rias dos convidados, gerando nostalgia e valoriza\u00e7\u00e3o do futebol portugu\u00eas. \u2022 Termina com uma reflex\u00e3o sobre a import\u00e2ncia de recordar e valorizar os jogadores que fizeram a hist\u00f3ria dos clubes portugueses.","og_url":"https:\/\/portaltela.pt\/noticias\/2026\/02\/08\/rui-dias-e-filipe-alexandre-dias-recordam-craques-do-fc-porto-e-do-sporting\/","og_site_name":"Portal Tela Portugal","article_published_time":"2026-02-08T08:30:00+00:00","author":"Telinha","twitter_card":"summary_large_image","twitter_misc":{"Escrito por":"Telinha","Tempo estimado de leitura":"1 minuto"},"schema":{"@context":"https:\/\/schema.org","@graph":[{"@type":"Article","@id":"https:\/\/portaltela.pt\/noticias\/2026\/02\/08\/rui-dias-e-filipe-alexandre-dias-recordam-craques-do-fc-porto-e-do-sporting\/#article","isPartOf":{"@id":"https:\/\/portaltela.pt\/noticias\/2026\/02\/08\/rui-dias-e-filipe-alexandre-dias-recordam-craques-do-fc-porto-e-do-sporting\/"},"author":{"name":"Telinha","@id":"https:\/\/portaltela.pt\/#\/schema\/person\/c4278d4a6028830caff9ee44b42d32ed"},"headline":"Rui Dias e Filipe Alexandre Dias recordam craques do FC Porto e do Sporting","datePublished":"2026-02-08T08:30:00+00:00","mainEntityOfPage":{"@id":"https:\/\/portaltela.pt\/noticias\/2026\/02\/08\/rui-dias-e-filipe-alexandre-dias-recordam-craques-do-fc-porto-e-do-sporting\/"},"wordCount":255,"image":{"@id":"https:\/\/portaltela.pt\/noticias\/2026\/02\/08\/rui-dias-e-filipe-alexandre-dias-recordam-craques-do-fc-porto-e-do-sporting\/#primaryimage"},"thumbnailUrl":"https:\/\/portaltela.pt\/s.01k8rhncp4jt1\/2026\/02\/img_1200x721uu2026-02-06-22-59-08-2420050.jpg","keywords":["Cristiano Ronaldo","Deco","FC Porto","futebol","Rui Patr\u00edcio","Sporting"],"articleSection":["Desporto","Futebol"],"inLanguage":"pt-PT"},{"@type":"WebPage","@id":"https:\/\/portaltela.pt\/noticias\/2026\/02\/08\/rui-dias-e-filipe-alexandre-dias-recordam-craques-do-fc-porto-e-do-sporting\/","url":"https:\/\/portaltela.pt\/noticias\/2026\/02\/08\/rui-dias-e-filipe-alexandre-dias-recordam-craques-do-fc-porto-e-do-sporting\/","name":"Rui Dias e Filipe Alexandre Dias recordam craques do FC Porto e do Sporting - Portal Tela Portugal","isPartOf":{"@id":"https:\/\/portaltela.pt\/#website"},"primaryImageOfPage":{"@id":"https:\/\/portaltela.pt\/noticias\/2026\/02\/08\/rui-dias-e-filipe-alexandre-dias-recordam-craques-do-fc-porto-e-do-sporting\/#primaryimage"},"image":{"@id":"https:\/\/portaltela.pt\/noticias\/2026\/02\/08\/rui-dias-e-filipe-alexandre-dias-recordam-craques-do-fc-porto-e-do-sporting\/#primaryimage"},"thumbnailUrl":"https:\/\/portaltela.pt\/s.01k8rhncp4jt1\/2026\/02\/img_1200x721uu2026-02-06-22-59-08-2420050.jpg","datePublished":"2026-02-08T08:30:00+00:00","author":{"@id":"https:\/\/portaltela.pt\/#\/schema\/person\/c4278d4a6028830caff9ee44b42d32ed"},"breadcrumb":{"@id":"https:\/\/portaltela.pt\/noticias\/2026\/02\/08\/rui-dias-e-filipe-alexandre-dias-recordam-craques-do-fc-porto-e-do-sporting\/#breadcrumb"},"inLanguage":"pt-PT","potentialAction":[{"@type":"ReadAction","target":["https:\/\/portaltela.pt\/noticias\/2026\/02\/08\/rui-dias-e-filipe-alexandre-dias-recordam-craques-do-fc-porto-e-do-sporting\/"]}]},{"@type":"ImageObject","inLanguage":"pt-PT","@id":"https:\/\/portaltela.pt\/noticias\/2026\/02\/08\/rui-dias-e-filipe-alexandre-dias-recordam-craques-do-fc-porto-e-do-sporting\/#primaryimage","url":"https:\/\/portaltela.pt\/s.01k8rhncp4jt1\/2026\/02\/img_1200x721uu2026-02-06-22-59-08-2420050.jpg","contentUrl":"https:\/\/portaltela.pt\/s.01k8rhncp4jt1\/2026\/02\/img_1200x721uu2026-02-06-22-59-08-2420050.jpg","width":796,"height":448,"caption":"O meu onze \u00e9 melhor do que o teu: Rui Dias e Filipe Alexandre Dias recordam craques de FC Porto e Sporting"},{"@type":"BreadcrumbList","@id":"https:\/\/portaltela.pt\/noticias\/2026\/02\/08\/rui-dias-e-filipe-alexandre-dias-recordam-craques-do-fc-porto-e-do-sporting\/#breadcrumb","itemListElement":[{"@type":"ListItem","position":1,"name":"In\u00edcio","item":"https:\/\/portaltela.pt\/"},{"@type":"ListItem","position":2,"name":"Rui Dias e Filipe Alexandre Dias recordam craques do FC Porto e do Sporting"}]},{"@type":"WebSite","@id":"https:\/\/portaltela.pt\/#website","url":"https:\/\/portaltela.pt\/","name":"Portal Tela Portugal","description":"","potentialAction":[{"@type":"SearchAction","target":{"@type":"EntryPoint","urlTemplate":"https:\/\/portaltela.pt\/?s={search_term_string}"},"query-input":{"@type":"PropertyValueSpecification","valueRequired":true,"valueName":"search_term_string"}}],"inLanguage":"pt-PT"},{"@type":"Person","@id":"https:\/\/portaltela.pt\/#\/schema\/person\/c4278d4a6028830caff9ee44b42d32ed","name":"Telinha","image":{"@type":"ImageObject","inLanguage":"pt-PT","@id":"https:\/\/portaltela.pt\/s.01k8rhncp4jt1\/2025\/11\/talking-bot-125x125.png","url":"https:\/\/portaltela.pt\/s.01k8rhncp4jt1\/2025\/11\/talking-bot-125x125.png","contentUrl":"https:\/\/portaltela.pt\/s.01k8rhncp4jt1\/2025\/11\/talking-bot-125x125.png","caption":"Telinha"},"sameAs":["https:\/\/portaltela.pt\/"],"url":"https:\/\/portaltela.pt\/por\/367410592786\/"}]}},"_links":{"self":[{"href":"https:\/\/portaltela.pt\/api\/wp\/v2\/posts\/203698","targetHints":{"allow":["GET"]}}],"collection":[{"href":"https:\/\/portaltela.pt\/api\/wp\/v2\/posts"}],"about":[{"href":"https:\/\/portaltela.pt\/api\/wp\/v2\/types\/post"}],"author":[{"embeddable":true,"href":"https:\/\/portaltela.pt\/api\/wp\/v2\/users\/2"}],"replies":[{"embeddable":true,"href":"https:\/\/portaltela.pt\/api\/wp\/v2\/comments?post=203698"}],"version-history":[{"count":0,"href":"https:\/\/portaltela.pt\/api\/wp\/v2\/posts\/203698\/revisions"}],"wp:featuredmedia":[{"embeddable":true,"href":"https:\/\/portaltela.pt\/api\/wp\/v2\/media\/203699"}],"wp:attachment":[{"href":"https:\/\/portaltela.pt\/api\/wp\/v2\/media?parent=203698"}],"wp:term":[{"taxonomy":"category","embeddable":true,"href":"https:\/\/portaltela.pt\/api\/wp\/v2\/categories?post=203698"},{"taxonomy":"post_tag","embeddable":true,"href":"https:\/\/portaltela.pt\/api\/wp\/v2\/tags?post=203698"}],"curies":[{"name":"wp","href":"https:\/\/api.w.org\/{rel}","templated":true}]}}