{"id":203662,"date":"2026-02-08T04:58:00","date_gmt":"2026-02-08T07:58:00","guid":{"rendered":"https:\/\/portaltela.pt\/noticias\/2026\/02\/08\/canabis-medicinal-duplica-exportacoes-e-emprega-7-mil-pessoas\/"},"modified":"2026-02-08T04:58:00","modified_gmt":"2026-02-08T07:58:00","slug":"canabis-medicinal-duplica-exportacoes-e-emprega-7-mil-pessoas","status":"publish","type":"post","link":"https:\/\/portaltela.pt\/noticias\/economia\/2026\/02\/08\/canabis-medicinal-duplica-exportacoes-e-emprega-7-mil-pessoas\/","title":{"rendered":"Can\u00e1bis medicinal duplica exporta\u00e7\u00f5es e emprega 7 mil pessoas"},"content":{"rendered":"<p>O setor da can\u00e1bis medicinal em Portugal continua a crescer, segundo dados da APIC. Entre janeiro e agosto de 2025 as exporta\u00e7\u00f5es chegaram a cerca de 40 toneladas de plantas, prepara\u00e7\u00f5es e subst\u00e2ncias, quase o dobro do registado em 2024. O estudo aponta para uma base industrial relevante, maturidade t\u00e9cnica e emprego qualificado, estimado em sete mil pessoas.<\/p>\n<p>A APIC, criada em mar\u00e7o do ano passado, afirma que o setor j\u00e1 demonstra estabilidade e dinamismo. Os seus membros destacam que o caminho atual evidencia uma estrutura industrial consolidada e uma trajet\u00f3ria de desenvolvimento t\u00e9cnico.<\/p>\n<p>Contudo, os empres\u00e1rios sublinham a import\u00e2ncia de manter o equil\u00edbrio entre inova\u00e7\u00e3o e regula\u00e7\u00e3o. Emiss\u00e3o de regras mais brandas noutros mercados internacionais pode representar competi\u00e7\u00e3o adicional, o que exige resposta regulat\u00f3ria adequada para preservar condi\u00e7\u00f5es de mercado.<\/p>\n<h3>Contexto regulat\u00f3rio e competi\u00e7\u00e3o internacional<\/h3>\n<p>Jorge Godinho, presidente da APIC, afirma que a associa\u00e7\u00e3o representa um passo natural no amadurecimento do setor em Portugal. O objetivo passa por dialogar com autoridades, monitorizar o cen\u00e1rio global e defender padr\u00f5es de qualidade sem perder competitividade.<\/p>\n","protected":false},"excerpt":{"rendered":"<ul>\n<li>Entre janeiro e agosto de 2025, Portugal exportou cerca de 40 toneladas de can\u00e1bis medicinal ou de prepara\u00e7\u00f5es e subst\u00e2ncias, quase o dobro do que ocorreu em 2024.<\/li>\n<li>Os dados s\u00e3o da Associa\u00e7\u00e3o Portuguesa da Ind\u00fastria de Cannabis (APIC), criada em mar\u00e7o do ano passado, que aponta uma base industrial relevante, maturidade t\u00e9cnica e emprego qualificado no setor, estimado em sete mil pessoas.<\/li>\n<li>A concorre\u0302ncia internacional \u00e9 mencionada como desafio, com regras regulat\u00f3rias menos exigentes do que as praticadas em Portugal.<\/li>\n<li>O presidente da APIC, Jorge Godinho, afirma que a cria\u00e7\u00e3o de uma associa\u00e7\u00e3o \u00e9 um passo normal na evolu\u00e7\u00e3o de um setor para a maturidade.<\/li>\n<li>O relat\u00f3rio destaca a import\u00e2ncia da ind\u00fastria para o territ\u00f3rio nacional e o potencial de expans\u00e3o futura.<\/li>\n<\/ul>\n","protected":false},"author":2,"featured_media":203667,"comment_status":"closed","ping_status":"closed","sticky":false,"template":"","format":"standard","meta":{"footnotes":""},"categories":[2,1],"tags":[179,1222,3662,1006,2541,255],"class_list":["post-203662","post","type-post","status-publish","format-standard","has-post-thumbnail","hentry","category-economia","category-noticias","tag-agricultura","tag-agroindustria","tag-canabis","tag-emprego","tag-exportacoes","tag-industria"],"yoast_head":"<!-- This site is optimized with the Yoast SEO plugin v27.2 - https:\/\/yoast.com\/product\/yoast-seo-wordpress\/ -->\n<title>Can\u00e1bis medicinal duplica exporta\u00e7\u00f5es e emprega 7 mil pessoas - Portal Tela Portugal<\/title>\n<meta name=\"robots\" content=\"index, follow, max-snippet:-1, max-image-preview:large, max-video-preview:-1\" \/>\n<meta property=\"og:locale\" content=\"pt_PT\" \/>\n<meta property=\"og:type\" content=\"article\" \/>\n<meta property=\"og:title\" content=\"Can\u00e1bis medicinal duplica exporta\u00e7\u00f5es e emprega 7 mil pessoas - Portal Tela Portugal\" \/>\n<meta property=\"og:description\" content=\"Entre janeiro e agosto de 2025, Portugal exportou cerca de 40 toneladas de can\u00e1bis medicinal ou de prepara\u00e7\u00f5es e subst\u00e2ncias, quase o dobro do que ocorreu em 2024. Os dados s\u00e3o da Associa\u00e7\u00e3o Portuguesa da Ind\u00fastria de Cannabis (APIC), criada em mar\u00e7o do ano passado, que aponta uma base industrial relevante, maturidade t\u00e9cnica e emprego qualificado no setor, estimado em sete mil pessoas. A concorre\u0302ncia internacional \u00e9 mencionada como desafio, com regras regulat\u00f3rias menos exigentes do que as praticadas em Portugal. O presidente da APIC, Jorge Godinho, afirma que a cria\u00e7\u00e3o de uma associa\u00e7\u00e3o \u00e9 um passo normal na evolu\u00e7\u00e3o de um setor para a maturidade. O relat\u00f3rio destaca a import\u00e2ncia da ind\u00fastria para o territ\u00f3rio nacional e o potencial de expans\u00e3o futura.\" \/>\n<meta property=\"og:url\" content=\"https:\/\/portaltela.pt\/noticias\/2026\/02\/08\/canabis-medicinal-duplica-exportacoes-e-emprega-7-mil-pessoas\/\" \/>\n<meta property=\"og:site_name\" content=\"Portal Tela Portugal\" \/>\n<meta property=\"article:published_time\" content=\"2026-02-08T07:58:00+00:00\" \/>\n<meta name=\"author\" content=\"Telinha\" \/>\n<meta name=\"twitter:card\" content=\"summary_large_image\" \/>\n<meta name=\"twitter:label1\" content=\"Escrito por\" \/>\n\t<meta name=\"twitter:data1\" content=\"Telinha\" \/>\n\t<meta name=\"twitter:label2\" content=\"Tempo estimado de leitura\" \/>\n\t<meta name=\"twitter:data2\" content=\"1 minuto\" \/>\n<script type=\"application\/ld+json\" class=\"yoast-schema-graph\">{\"@context\":\"https:\/\/schema.org\",\"@graph\":[{\"@type\":\"Article\",\"@id\":\"https:\/\/portaltela.pt\/noticias\/2026\/02\/08\/canabis-medicinal-duplica-exportacoes-e-emprega-7-mil-pessoas\/#article\",\"isPartOf\":{\"@id\":\"https:\/\/portaltela.pt\/noticias\/2026\/02\/08\/canabis-medicinal-duplica-exportacoes-e-emprega-7-mil-pessoas\/\"},\"author\":{\"name\":\"Telinha\",\"@id\":\"https:\/\/portaltela.pt\/#\/schema\/person\/c4278d4a6028830caff9ee44b42d32ed\"},\"headline\":\"Can\u00e1bis medicinal duplica exporta\u00e7\u00f5es e emprega 7 mil pessoas\",\"datePublished\":\"2026-02-08T07:58:00+00:00\",\"mainEntityOfPage\":{\"@id\":\"https:\/\/portaltela.pt\/noticias\/2026\/02\/08\/canabis-medicinal-duplica-exportacoes-e-emprega-7-mil-pessoas\/\"},\"wordCount\":203,\"image\":{\"@id\":\"https:\/\/portaltela.pt\/noticias\/2026\/02\/08\/canabis-medicinal-duplica-exportacoes-e-emprega-7-mil-pessoas\/#primaryimage\"},\"thumbnailUrl\":\"https:\/\/portaltela.pt\/s.01k8rhncp4jt1\/2026\/02\/image-601.jpg\",\"keywords\":[\"agricultura\",\"agroind\u00fastria\",\"can\u00e1bis\",\"emprego\",\"exporta\u00e7\u00f5es\",\"ind\u00fastria\"],\"articleSection\":[\"Economia\",\"Not\u00edcias\"],\"inLanguage\":\"pt-PT\"},{\"@type\":\"WebPage\",\"@id\":\"https:\/\/portaltela.pt\/noticias\/2026\/02\/08\/canabis-medicinal-duplica-exportacoes-e-emprega-7-mil-pessoas\/\",\"url\":\"https:\/\/portaltela.pt\/noticias\/2026\/02\/08\/canabis-medicinal-duplica-exportacoes-e-emprega-7-mil-pessoas\/\",\"name\":\"Can\u00e1bis medicinal duplica exporta\u00e7\u00f5es e emprega 7 mil pessoas - Portal Tela Portugal\",\"isPartOf\":{\"@id\":\"https:\/\/portaltela.pt\/#website\"},\"primaryImageOfPage\":{\"@id\":\"https:\/\/portaltela.pt\/noticias\/2026\/02\/08\/canabis-medicinal-duplica-exportacoes-e-emprega-7-mil-pessoas\/#primaryimage\"},\"image\":{\"@id\":\"https:\/\/portaltela.pt\/noticias\/2026\/02\/08\/canabis-medicinal-duplica-exportacoes-e-emprega-7-mil-pessoas\/#primaryimage\"},\"thumbnailUrl\":\"https:\/\/portaltela.pt\/s.01k8rhncp4jt1\/2026\/02\/image-601.jpg\",\"datePublished\":\"2026-02-08T07:58:00+00:00\",\"author\":{\"@id\":\"https:\/\/portaltela.pt\/#\/schema\/person\/c4278d4a6028830caff9ee44b42d32ed\"},\"breadcrumb\":{\"@id\":\"https:\/\/portaltela.pt\/noticias\/2026\/02\/08\/canabis-medicinal-duplica-exportacoes-e-emprega-7-mil-pessoas\/#breadcrumb\"},\"inLanguage\":\"pt-PT\",\"potentialAction\":[{\"@type\":\"ReadAction\",\"target\":[\"https:\/\/portaltela.pt\/noticias\/2026\/02\/08\/canabis-medicinal-duplica-exportacoes-e-emprega-7-mil-pessoas\/\"]}]},{\"@type\":\"ImageObject\",\"inLanguage\":\"pt-PT\",\"@id\":\"https:\/\/portaltela.pt\/noticias\/2026\/02\/08\/canabis-medicinal-duplica-exportacoes-e-emprega-7-mil-pessoas\/#primaryimage\",\"url\":\"https:\/\/portaltela.pt\/s.01k8rhncp4jt1\/2026\/02\/image-601.jpg\",\"contentUrl\":\"https:\/\/portaltela.pt\/s.01k8rhncp4jt1\/2026\/02\/image-601.jpg\",\"width\":796,\"height\":448,\"caption\":\"Ind\u00fastria da can\u00e1bis medicinal gera milhares de empregos no territ\u00f3rio nacional\"},{\"@type\":\"BreadcrumbList\",\"@id\":\"https:\/\/portaltela.pt\/noticias\/2026\/02\/08\/canabis-medicinal-duplica-exportacoes-e-emprega-7-mil-pessoas\/#breadcrumb\",\"itemListElement\":[{\"@type\":\"ListItem\",\"position\":1,\"name\":\"In\u00edcio\",\"item\":\"https:\/\/portaltela.pt\/\"},{\"@type\":\"ListItem\",\"position\":2,\"name\":\"Can\u00e1bis medicinal duplica exporta\u00e7\u00f5es e emprega 7 mil pessoas\"}]},{\"@type\":\"WebSite\",\"@id\":\"https:\/\/portaltela.pt\/#website\",\"url\":\"https:\/\/portaltela.pt\/\",\"name\":\"Portal Tela Portugal\",\"description\":\"\",\"potentialAction\":[{\"@type\":\"SearchAction\",\"target\":{\"@type\":\"EntryPoint\",\"urlTemplate\":\"https:\/\/portaltela.pt\/?s={search_term_string}\"},\"query-input\":{\"@type\":\"PropertyValueSpecification\",\"valueRequired\":true,\"valueName\":\"search_term_string\"}}],\"inLanguage\":\"pt-PT\"},{\"@type\":\"Person\",\"@id\":\"https:\/\/portaltela.pt\/#\/schema\/person\/c4278d4a6028830caff9ee44b42d32ed\",\"name\":\"Telinha\",\"image\":{\"@type\":\"ImageObject\",\"inLanguage\":\"pt-PT\",\"@id\":\"https:\/\/portaltela.pt\/s.01k8rhncp4jt1\/2025\/11\/talking-bot-125x125.png\",\"url\":\"https:\/\/portaltela.pt\/s.01k8rhncp4jt1\/2025\/11\/talking-bot-125x125.png\",\"contentUrl\":\"https:\/\/portaltela.pt\/s.01k8rhncp4jt1\/2025\/11\/talking-bot-125x125.png\",\"caption\":\"Telinha\"},\"sameAs\":[\"https:\/\/portaltela.pt\/\"],\"url\":\"https:\/\/portaltela.pt\/por\/367410592786\/\"}]}<\/script>\n<!-- \/ Yoast SEO plugin. -->","yoast_head_json":{"title":"Can\u00e1bis medicinal duplica exporta\u00e7\u00f5es e emprega 7 mil pessoas - Portal Tela Portugal","robots":{"index":"index","follow":"follow","max-snippet":"max-snippet:-1","max-image-preview":"max-image-preview:large","max-video-preview":"max-video-preview:-1"},"og_locale":"pt_PT","og_type":"article","og_title":"Can\u00e1bis medicinal duplica exporta\u00e7\u00f5es e emprega 7 mil pessoas - Portal Tela Portugal","og_description":"Entre janeiro e agosto de 2025, Portugal exportou cerca de 40 toneladas de can\u00e1bis medicinal ou de prepara\u00e7\u00f5es e subst\u00e2ncias, quase o dobro do que ocorreu em 2024. Os dados s\u00e3o da Associa\u00e7\u00e3o Portuguesa da Ind\u00fastria de Cannabis (APIC), criada em mar\u00e7o do ano passado, que aponta uma base industrial relevante, maturidade t\u00e9cnica e emprego qualificado no setor, estimado em sete mil pessoas. A concorre\u0302ncia internacional \u00e9 mencionada como desafio, com regras regulat\u00f3rias menos exigentes do que as praticadas em Portugal. O presidente da APIC, Jorge Godinho, afirma que a cria\u00e7\u00e3o de uma associa\u00e7\u00e3o \u00e9 um passo normal na evolu\u00e7\u00e3o de um setor para a maturidade. O relat\u00f3rio destaca a import\u00e2ncia da ind\u00fastria para o territ\u00f3rio nacional e o potencial de expans\u00e3o futura.","og_url":"https:\/\/portaltela.pt\/noticias\/2026\/02\/08\/canabis-medicinal-duplica-exportacoes-e-emprega-7-mil-pessoas\/","og_site_name":"Portal Tela Portugal","article_published_time":"2026-02-08T07:58:00+00:00","author":"Telinha","twitter_card":"summary_large_image","twitter_misc":{"Escrito por":"Telinha","Tempo estimado de leitura":"1 minuto"},"schema":{"@context":"https:\/\/schema.org","@graph":[{"@type":"Article","@id":"https:\/\/portaltela.pt\/noticias\/2026\/02\/08\/canabis-medicinal-duplica-exportacoes-e-emprega-7-mil-pessoas\/#article","isPartOf":{"@id":"https:\/\/portaltela.pt\/noticias\/2026\/02\/08\/canabis-medicinal-duplica-exportacoes-e-emprega-7-mil-pessoas\/"},"author":{"name":"Telinha","@id":"https:\/\/portaltela.pt\/#\/schema\/person\/c4278d4a6028830caff9ee44b42d32ed"},"headline":"Can\u00e1bis medicinal duplica exporta\u00e7\u00f5es e emprega 7 mil pessoas","datePublished":"2026-02-08T07:58:00+00:00","mainEntityOfPage":{"@id":"https:\/\/portaltela.pt\/noticias\/2026\/02\/08\/canabis-medicinal-duplica-exportacoes-e-emprega-7-mil-pessoas\/"},"wordCount":203,"image":{"@id":"https:\/\/portaltela.pt\/noticias\/2026\/02\/08\/canabis-medicinal-duplica-exportacoes-e-emprega-7-mil-pessoas\/#primaryimage"},"thumbnailUrl":"https:\/\/portaltela.pt\/s.01k8rhncp4jt1\/2026\/02\/image-601.jpg","keywords":["agricultura","agroind\u00fastria","can\u00e1bis","emprego","exporta\u00e7\u00f5es","ind\u00fastria"],"articleSection":["Economia","Not\u00edcias"],"inLanguage":"pt-PT"},{"@type":"WebPage","@id":"https:\/\/portaltela.pt\/noticias\/2026\/02\/08\/canabis-medicinal-duplica-exportacoes-e-emprega-7-mil-pessoas\/","url":"https:\/\/portaltela.pt\/noticias\/2026\/02\/08\/canabis-medicinal-duplica-exportacoes-e-emprega-7-mil-pessoas\/","name":"Can\u00e1bis medicinal duplica exporta\u00e7\u00f5es e emprega 7 mil pessoas - Portal Tela Portugal","isPartOf":{"@id":"https:\/\/portaltela.pt\/#website"},"primaryImageOfPage":{"@id":"https:\/\/portaltela.pt\/noticias\/2026\/02\/08\/canabis-medicinal-duplica-exportacoes-e-emprega-7-mil-pessoas\/#primaryimage"},"image":{"@id":"https:\/\/portaltela.pt\/noticias\/2026\/02\/08\/canabis-medicinal-duplica-exportacoes-e-emprega-7-mil-pessoas\/#primaryimage"},"thumbnailUrl":"https:\/\/portaltela.pt\/s.01k8rhncp4jt1\/2026\/02\/image-601.jpg","datePublished":"2026-02-08T07:58:00+00:00","author":{"@id":"https:\/\/portaltela.pt\/#\/schema\/person\/c4278d4a6028830caff9ee44b42d32ed"},"breadcrumb":{"@id":"https:\/\/portaltela.pt\/noticias\/2026\/02\/08\/canabis-medicinal-duplica-exportacoes-e-emprega-7-mil-pessoas\/#breadcrumb"},"inLanguage":"pt-PT","potentialAction":[{"@type":"ReadAction","target":["https:\/\/portaltela.pt\/noticias\/2026\/02\/08\/canabis-medicinal-duplica-exportacoes-e-emprega-7-mil-pessoas\/"]}]},{"@type":"ImageObject","inLanguage":"pt-PT","@id":"https:\/\/portaltela.pt\/noticias\/2026\/02\/08\/canabis-medicinal-duplica-exportacoes-e-emprega-7-mil-pessoas\/#primaryimage","url":"https:\/\/portaltela.pt\/s.01k8rhncp4jt1\/2026\/02\/image-601.jpg","contentUrl":"https:\/\/portaltela.pt\/s.01k8rhncp4jt1\/2026\/02\/image-601.jpg","width":796,"height":448,"caption":"Ind\u00fastria da can\u00e1bis medicinal gera milhares de empregos no territ\u00f3rio nacional"},{"@type":"BreadcrumbList","@id":"https:\/\/portaltela.pt\/noticias\/2026\/02\/08\/canabis-medicinal-duplica-exportacoes-e-emprega-7-mil-pessoas\/#breadcrumb","itemListElement":[{"@type":"ListItem","position":1,"name":"In\u00edcio","item":"https:\/\/portaltela.pt\/"},{"@type":"ListItem","position":2,"name":"Can\u00e1bis medicinal duplica exporta\u00e7\u00f5es e emprega 7 mil pessoas"}]},{"@type":"WebSite","@id":"https:\/\/portaltela.pt\/#website","url":"https:\/\/portaltela.pt\/","name":"Portal Tela Portugal","description":"","potentialAction":[{"@type":"SearchAction","target":{"@type":"EntryPoint","urlTemplate":"https:\/\/portaltela.pt\/?s={search_term_string}"},"query-input":{"@type":"PropertyValueSpecification","valueRequired":true,"valueName":"search_term_string"}}],"inLanguage":"pt-PT"},{"@type":"Person","@id":"https:\/\/portaltela.pt\/#\/schema\/person\/c4278d4a6028830caff9ee44b42d32ed","name":"Telinha","image":{"@type":"ImageObject","inLanguage":"pt-PT","@id":"https:\/\/portaltela.pt\/s.01k8rhncp4jt1\/2025\/11\/talking-bot-125x125.png","url":"https:\/\/portaltela.pt\/s.01k8rhncp4jt1\/2025\/11\/talking-bot-125x125.png","contentUrl":"https:\/\/portaltela.pt\/s.01k8rhncp4jt1\/2025\/11\/talking-bot-125x125.png","caption":"Telinha"},"sameAs":["https:\/\/portaltela.pt\/"],"url":"https:\/\/portaltela.pt\/por\/367410592786\/"}]}},"_links":{"self":[{"href":"https:\/\/portaltela.pt\/api\/wp\/v2\/posts\/203662","targetHints":{"allow":["GET"]}}],"collection":[{"href":"https:\/\/portaltela.pt\/api\/wp\/v2\/posts"}],"about":[{"href":"https:\/\/portaltela.pt\/api\/wp\/v2\/types\/post"}],"author":[{"embeddable":true,"href":"https:\/\/portaltela.pt\/api\/wp\/v2\/users\/2"}],"replies":[{"embeddable":true,"href":"https:\/\/portaltela.pt\/api\/wp\/v2\/comments?post=203662"}],"version-history":[{"count":0,"href":"https:\/\/portaltela.pt\/api\/wp\/v2\/posts\/203662\/revisions"}],"wp:featuredmedia":[{"embeddable":true,"href":"https:\/\/portaltela.pt\/api\/wp\/v2\/media\/203667"}],"wp:attachment":[{"href":"https:\/\/portaltela.pt\/api\/wp\/v2\/media?parent=203662"}],"wp:term":[{"taxonomy":"category","embeddable":true,"href":"https:\/\/portaltela.pt\/api\/wp\/v2\/categories?post=203662"},{"taxonomy":"post_tag","embeddable":true,"href":"https:\/\/portaltela.pt\/api\/wp\/v2\/tags?post=203662"}],"curies":[{"name":"wp","href":"https:\/\/api.w.org\/{rel}","templated":true}]}}