{"id":203661,"date":"2026-02-08T05:01:36","date_gmt":"2026-02-08T08:01:36","guid":{"rendered":"https:\/\/portaltela.pt\/noticias\/2026\/02\/08\/cientistas-descobrem-nova-forma-de-travar-a-perda-de-memoria-no-alzheimer\/"},"modified":"2026-02-08T05:01:36","modified_gmt":"2026-02-08T08:01:36","slug":"cientistas-descobrem-nova-forma-de-travar-a-perda-de-memoria-no-alzheimer","status":"publish","type":"post","link":"https:\/\/portaltela.pt\/noticias\/2026\/02\/08\/cientistas-descobrem-nova-forma-de-travar-a-perda-de-memoria-no-alzheimer\/","title":{"rendered":"Cientistas descobrem nova forma de travar a perda de mem\u00f3ria no Alzheimer"},"content":{"rendered":"<p>Cientistas identificaram uma nova forma de abrandar a perda de mem\u00f3ria na doen\u00e7a de Alzheimer. O estudo, publicado na Proceedings of the National Academy of Sciences, aponta a enzima PTP1B como contribuinte para o decl\u00ednio cognitivo. A pesquisa foi conduzida no Cold Spring Harbor Laboratory, em Nova Iorque.<\/p>\n<p>Os investigadores descobriram que reduzir a atividade da PTP1B facilita que as c\u00e9lulas imunit\u00e1rias do c\u00e9rebro, as microglia, eliminem as placas de amiloide-\u03b2, associadas \u00e0 doen\u00e7a. A enzima parece interagir com a prote\u00edna SYK, que regula a resposta das microglia a les\u00f5es e a remo\u00e7\u00e3o do A\u03b2.<\/p>\n<p>A equipa explica que, \u00e0 medida que a doen\u00e7a progride, as microglia perdem efic\u00e1cia. Os resultados sugerem que inibir a PTP1B pode melhorar a fun\u00e7\u00e3o dessas c\u00e9lulas e favorecer a depura\u00e7\u00e3o das placas, abrindo caminho para novas abordagens terap\u00eauticas. O autor correspondente \u00e9 o professor Nicholas Tonks.<\/p>\n<p>O estudo destaca tamb\u00e9m que a PTP1B j\u00e1 \u00e9 estudada noutros contextos, nomeadamente em doen\u00e7as metab\u00f3licas como obesidade e diabetes tipo 2, fatores de risco para Alzheimer. A pesquisa mira agora o desenvolvimento de inibidores da PTP1B com potencial terap\u00eautico.<\/p>\n<h3>Nova via terap\u00eautica<\/h3>\n<p>A equipa est\u00e1 a desenvolver inibidores de PTP1B com aplica\u00e7\u00f5es futuras. Em Alzheimer, considera-se a possibilidade de combinar f\u00e1rmacos j\u00e1 aprovados com inibidores da PTP1B, para atrasar a progress\u00e3o da doen\u00e7a.<\/p>\n<p>Segundo a OMS, existem tratamentos de apoio que visam apenas a gest\u00e3o de sintomas, entre eles f\u00e1rmacos inibidores da colinesterase e antagonistas do receptor NMDA. A meta \u00e9 melhorar a qualidade de vida dos doentes.<\/p>\n<p>Mais de 55 milh\u00f5es de pessoas vivem com dem\u00eancia a n\u00edvel global, com a doen\u00e7a de Alzheimer a representar at\u00e9 70% dos casos. O estudo enfatiza que o caminho terap\u00eautico pode exigir abordagens combinadas e uma gest\u00e3o multidisciplinar.<\/p>\n<p>O pesquisador Yuxin Cen destaca que os resultados abrem uma via promissora para interven\u00e7\u00f5es futuras, com foco na fun\u00e7\u00e3o das microglia e na depura\u00e7\u00e3o de plaques. Tonks sublinha a import\u00e2ncia de avan\u00e7os para libertar o potencial da PTP1B no tratamento da doen\u00e7a.<\/p>\n","protected":false},"excerpt":{"rendered":"<ul>\n<li>Cientistas identificaram uma nova forma potencial de abrandar a perda de mem\u00f3ria na doen\u00e7a de Alzheimer, a partir de um estudo do Cold Spring Harbor Laboratory, em Nova Iorque.<\/li>\n<li>Conclu\u00edram que a enzima PTP1B contribui para o decl\u00ednio da mem\u00f3ria em ratos com Alzheimer, afetando a sinaliza\u00e7\u00e3o das c\u00e9lulas imunit\u00e1rias, as microglia.<\/li>\n<li>Reduzir a atividade da PTP1B facilitou que as microglia eliminem as placas de amiloide-\u03b2, ligadas \u00e0 doen\u00e7a, atrav\u00e9s de intera\u00e7\u00e3o com a prote\u00edna tirosina cinase do ba\u00e7o (SYK).<\/li>\n<li>Os pesquisadores apontam o desenvolvimento de inibidores da PTP1B e planeiam combina\u00e7\u00f5es com f\u00e1rmacos j\u00e1 aprovados para atrasar a progress\u00e3o da doen\u00e7a.<\/li>\n<li>A Organiza\u00e7\u00e3o Mundial de Sa\u00fade estima que haja mais de 55 milh\u00f5es de pessoas com dem\u00eancia, sendo o Alzheimer respons\u00e1vel por at\u00e9 70% dos casos.<\/li>\n<\/ul>\n","protected":false},"author":2,"featured_media":203666,"comment_status":"closed","ping_status":"closed","sticky":false,"template":"","format":"standard","meta":{"footnotes":""},"categories":[1],"tags":[3442,1992,268,159,5234,5632],"class_list":["post-203661","post","type-post","status-publish","format-standard","has-post-thumbnail","hentry","category-noticias","tag-alzheimer-portugal","tag-ciencia","tag-demencia","tag-investigacao-cientifica","tag-neurociencia","tag-nova-iorque"],"yoast_head":"<!-- This site is optimized with the Yoast SEO plugin v27.2 - https:\/\/yoast.com\/product\/yoast-seo-wordpress\/ -->\n<title>Cientistas descobrem nova forma de travar a perda de mem\u00f3ria no Alzheimer - Portal Tela Portugal<\/title>\n<meta name=\"robots\" content=\"index, follow, max-snippet:-1, max-image-preview:large, max-video-preview:-1\" \/>\n<meta property=\"og:locale\" content=\"pt_PT\" \/>\n<meta property=\"og:type\" content=\"article\" \/>\n<meta property=\"og:title\" content=\"Cientistas descobrem nova forma de travar a perda de mem\u00f3ria no Alzheimer - Portal Tela Portugal\" \/>\n<meta property=\"og:description\" content=\"Cientistas identificaram uma nova forma potencial de abrandar a perda de mem\u00f3ria na doen\u00e7a de Alzheimer, a partir de um estudo do Cold Spring Harbor Laboratory, em Nova Iorque. Conclu\u00edram que a enzima PTP1B contribui para o decl\u00ednio da mem\u00f3ria em ratos com Alzheimer, afetando a sinaliza\u00e7\u00e3o das c\u00e9lulas imunit\u00e1rias, as microglia. Reduzir a atividade da PTP1B facilitou que as microglia eliminem as placas de amiloide-\u03b2, ligadas \u00e0 doen\u00e7a, atrav\u00e9s de intera\u00e7\u00e3o com a prote\u00edna tirosina cinase do ba\u00e7o (SYK). Os pesquisadores apontam o desenvolvimento de inibidores da PTP1B e planeiam combina\u00e7\u00f5es com f\u00e1rmacos j\u00e1 aprovados para atrasar a progress\u00e3o da doen\u00e7a. A Organiza\u00e7\u00e3o Mundial de Sa\u00fade estima que haja mais de 55 milh\u00f5es de pessoas com dem\u00eancia, sendo o Alzheimer respons\u00e1vel por at\u00e9 70% dos casos.\" \/>\n<meta property=\"og:url\" content=\"https:\/\/portaltela.pt\/noticias\/2026\/02\/08\/cientistas-descobrem-nova-forma-de-travar-a-perda-de-memoria-no-alzheimer\/\" \/>\n<meta property=\"og:site_name\" content=\"Portal Tela Portugal\" \/>\n<meta property=\"article:published_time\" content=\"2026-02-08T08:01:36+00:00\" \/>\n<meta name=\"author\" content=\"Telinha\" \/>\n<meta name=\"twitter:card\" content=\"summary_large_image\" \/>\n<meta name=\"twitter:label1\" content=\"Escrito por\" \/>\n\t<meta name=\"twitter:data1\" content=\"Telinha\" \/>\n\t<meta name=\"twitter:label2\" content=\"Tempo estimado de leitura\" \/>\n\t<meta name=\"twitter:data2\" content=\"2 minutos\" \/>\n<script type=\"application\/ld+json\" class=\"yoast-schema-graph\">{\"@context\":\"https:\/\/schema.org\",\"@graph\":[{\"@type\":\"Article\",\"@id\":\"https:\/\/portaltela.pt\/noticias\/2026\/02\/08\/cientistas-descobrem-nova-forma-de-travar-a-perda-de-memoria-no-alzheimer\/#article\",\"isPartOf\":{\"@id\":\"https:\/\/portaltela.pt\/noticias\/2026\/02\/08\/cientistas-descobrem-nova-forma-de-travar-a-perda-de-memoria-no-alzheimer\/\"},\"author\":{\"name\":\"Telinha\",\"@id\":\"https:\/\/portaltela.pt\/#\/schema\/person\/c4278d4a6028830caff9ee44b42d32ed\"},\"headline\":\"Cientistas descobrem nova forma de travar a perda de mem\u00f3ria no Alzheimer\",\"datePublished\":\"2026-02-08T08:01:36+00:00\",\"mainEntityOfPage\":{\"@id\":\"https:\/\/portaltela.pt\/noticias\/2026\/02\/08\/cientistas-descobrem-nova-forma-de-travar-a-perda-de-memoria-no-alzheimer\/\"},\"wordCount\":383,\"image\":{\"@id\":\"https:\/\/portaltela.pt\/noticias\/2026\/02\/08\/cientistas-descobrem-nova-forma-de-travar-a-perda-de-memoria-no-alzheimer\/#primaryimage\"},\"thumbnailUrl\":\"https:\/\/portaltela.pt\/s.01k8rhncp4jt1\/2026\/02\/1536x864_cmsv2_c3599563-3f92-5427-8a3f-5961d0c9015b-9641770.jpg\",\"keywords\":[\"Alzheimer Portugal\",\"ci\u00eancia\",\"dem\u00eancia\",\"investiga\u00e7\u00e3o cient\u00edfica\",\"neuroci\u00eancia\",\"Nova Iorque\"],\"articleSection\":[\"Not\u00edcias\"],\"inLanguage\":\"pt-PT\"},{\"@type\":\"WebPage\",\"@id\":\"https:\/\/portaltela.pt\/noticias\/2026\/02\/08\/cientistas-descobrem-nova-forma-de-travar-a-perda-de-memoria-no-alzheimer\/\",\"url\":\"https:\/\/portaltela.pt\/noticias\/2026\/02\/08\/cientistas-descobrem-nova-forma-de-travar-a-perda-de-memoria-no-alzheimer\/\",\"name\":\"Cientistas descobrem nova forma de travar a perda de mem\u00f3ria no Alzheimer - Portal Tela Portugal\",\"isPartOf\":{\"@id\":\"https:\/\/portaltela.pt\/#website\"},\"primaryImageOfPage\":{\"@id\":\"https:\/\/portaltela.pt\/noticias\/2026\/02\/08\/cientistas-descobrem-nova-forma-de-travar-a-perda-de-memoria-no-alzheimer\/#primaryimage\"},\"image\":{\"@id\":\"https:\/\/portaltela.pt\/noticias\/2026\/02\/08\/cientistas-descobrem-nova-forma-de-travar-a-perda-de-memoria-no-alzheimer\/#primaryimage\"},\"thumbnailUrl\":\"https:\/\/portaltela.pt\/s.01k8rhncp4jt1\/2026\/02\/1536x864_cmsv2_c3599563-3f92-5427-8a3f-5961d0c9015b-9641770.jpg\",\"datePublished\":\"2026-02-08T08:01:36+00:00\",\"author\":{\"@id\":\"https:\/\/portaltela.pt\/#\/schema\/person\/c4278d4a6028830caff9ee44b42d32ed\"},\"breadcrumb\":{\"@id\":\"https:\/\/portaltela.pt\/noticias\/2026\/02\/08\/cientistas-descobrem-nova-forma-de-travar-a-perda-de-memoria-no-alzheimer\/#breadcrumb\"},\"inLanguage\":\"pt-PT\",\"potentialAction\":[{\"@type\":\"ReadAction\",\"target\":[\"https:\/\/portaltela.pt\/noticias\/2026\/02\/08\/cientistas-descobrem-nova-forma-de-travar-a-perda-de-memoria-no-alzheimer\/\"]}]},{\"@type\":\"ImageObject\",\"inLanguage\":\"pt-PT\",\"@id\":\"https:\/\/portaltela.pt\/noticias\/2026\/02\/08\/cientistas-descobrem-nova-forma-de-travar-a-perda-de-memoria-no-alzheimer\/#primaryimage\",\"url\":\"https:\/\/portaltela.pt\/s.01k8rhncp4jt1\/2026\/02\/1536x864_cmsv2_c3599563-3f92-5427-8a3f-5961d0c9015b-9641770.jpg\",\"contentUrl\":\"https:\/\/portaltela.pt\/s.01k8rhncp4jt1\/2026\/02\/1536x864_cmsv2_c3599563-3f92-5427-8a3f-5961d0c9015b-9641770.jpg\",\"width\":796,\"height\":448,\"caption\":\"A doen\u00e7a de Alzheimer pode ser profundamente angustiante para as fam\u00edlias e pessoas pr\u00f3ximas.\"},{\"@type\":\"BreadcrumbList\",\"@id\":\"https:\/\/portaltela.pt\/noticias\/2026\/02\/08\/cientistas-descobrem-nova-forma-de-travar-a-perda-de-memoria-no-alzheimer\/#breadcrumb\",\"itemListElement\":[{\"@type\":\"ListItem\",\"position\":1,\"name\":\"In\u00edcio\",\"item\":\"https:\/\/portaltela.pt\/\"},{\"@type\":\"ListItem\",\"position\":2,\"name\":\"Cientistas descobrem nova forma de travar a perda de mem\u00f3ria no Alzheimer\"}]},{\"@type\":\"WebSite\",\"@id\":\"https:\/\/portaltela.pt\/#website\",\"url\":\"https:\/\/portaltela.pt\/\",\"name\":\"Portal Tela Portugal\",\"description\":\"\",\"potentialAction\":[{\"@type\":\"SearchAction\",\"target\":{\"@type\":\"EntryPoint\",\"urlTemplate\":\"https:\/\/portaltela.pt\/?s={search_term_string}\"},\"query-input\":{\"@type\":\"PropertyValueSpecification\",\"valueRequired\":true,\"valueName\":\"search_term_string\"}}],\"inLanguage\":\"pt-PT\"},{\"@type\":\"Person\",\"@id\":\"https:\/\/portaltela.pt\/#\/schema\/person\/c4278d4a6028830caff9ee44b42d32ed\",\"name\":\"Telinha\",\"image\":{\"@type\":\"ImageObject\",\"inLanguage\":\"pt-PT\",\"@id\":\"https:\/\/portaltela.pt\/s.01k8rhncp4jt1\/2025\/11\/talking-bot-125x125.png\",\"url\":\"https:\/\/portaltela.pt\/s.01k8rhncp4jt1\/2025\/11\/talking-bot-125x125.png\",\"contentUrl\":\"https:\/\/portaltela.pt\/s.01k8rhncp4jt1\/2025\/11\/talking-bot-125x125.png\",\"caption\":\"Telinha\"},\"sameAs\":[\"https:\/\/portaltela.pt\/\"],\"url\":\"https:\/\/portaltela.pt\/por\/367410592786\/\"}]}<\/script>\n<!-- \/ Yoast SEO plugin. -->","yoast_head_json":{"title":"Cientistas descobrem nova forma de travar a perda de mem\u00f3ria no Alzheimer - Portal Tela Portugal","robots":{"index":"index","follow":"follow","max-snippet":"max-snippet:-1","max-image-preview":"max-image-preview:large","max-video-preview":"max-video-preview:-1"},"og_locale":"pt_PT","og_type":"article","og_title":"Cientistas descobrem nova forma de travar a perda de mem\u00f3ria no Alzheimer - Portal Tela Portugal","og_description":"Cientistas identificaram uma nova forma potencial de abrandar a perda de mem\u00f3ria na doen\u00e7a de Alzheimer, a partir de um estudo do Cold Spring Harbor Laboratory, em Nova Iorque. Conclu\u00edram que a enzima PTP1B contribui para o decl\u00ednio da mem\u00f3ria em ratos com Alzheimer, afetando a sinaliza\u00e7\u00e3o das c\u00e9lulas imunit\u00e1rias, as microglia. Reduzir a atividade da PTP1B facilitou que as microglia eliminem as placas de amiloide-\u03b2, ligadas \u00e0 doen\u00e7a, atrav\u00e9s de intera\u00e7\u00e3o com a prote\u00edna tirosina cinase do ba\u00e7o (SYK). Os pesquisadores apontam o desenvolvimento de inibidores da PTP1B e planeiam combina\u00e7\u00f5es com f\u00e1rmacos j\u00e1 aprovados para atrasar a progress\u00e3o da doen\u00e7a. A Organiza\u00e7\u00e3o Mundial de Sa\u00fade estima que haja mais de 55 milh\u00f5es de pessoas com dem\u00eancia, sendo o Alzheimer respons\u00e1vel por at\u00e9 70% dos casos.","og_url":"https:\/\/portaltela.pt\/noticias\/2026\/02\/08\/cientistas-descobrem-nova-forma-de-travar-a-perda-de-memoria-no-alzheimer\/","og_site_name":"Portal Tela Portugal","article_published_time":"2026-02-08T08:01:36+00:00","author":"Telinha","twitter_card":"summary_large_image","twitter_misc":{"Escrito por":"Telinha","Tempo estimado de leitura":"2 minutos"},"schema":{"@context":"https:\/\/schema.org","@graph":[{"@type":"Article","@id":"https:\/\/portaltela.pt\/noticias\/2026\/02\/08\/cientistas-descobrem-nova-forma-de-travar-a-perda-de-memoria-no-alzheimer\/#article","isPartOf":{"@id":"https:\/\/portaltela.pt\/noticias\/2026\/02\/08\/cientistas-descobrem-nova-forma-de-travar-a-perda-de-memoria-no-alzheimer\/"},"author":{"name":"Telinha","@id":"https:\/\/portaltela.pt\/#\/schema\/person\/c4278d4a6028830caff9ee44b42d32ed"},"headline":"Cientistas descobrem nova forma de travar a perda de mem\u00f3ria no Alzheimer","datePublished":"2026-02-08T08:01:36+00:00","mainEntityOfPage":{"@id":"https:\/\/portaltela.pt\/noticias\/2026\/02\/08\/cientistas-descobrem-nova-forma-de-travar-a-perda-de-memoria-no-alzheimer\/"},"wordCount":383,"image":{"@id":"https:\/\/portaltela.pt\/noticias\/2026\/02\/08\/cientistas-descobrem-nova-forma-de-travar-a-perda-de-memoria-no-alzheimer\/#primaryimage"},"thumbnailUrl":"https:\/\/portaltela.pt\/s.01k8rhncp4jt1\/2026\/02\/1536x864_cmsv2_c3599563-3f92-5427-8a3f-5961d0c9015b-9641770.jpg","keywords":["Alzheimer Portugal","ci\u00eancia","dem\u00eancia","investiga\u00e7\u00e3o cient\u00edfica","neuroci\u00eancia","Nova Iorque"],"articleSection":["Not\u00edcias"],"inLanguage":"pt-PT"},{"@type":"WebPage","@id":"https:\/\/portaltela.pt\/noticias\/2026\/02\/08\/cientistas-descobrem-nova-forma-de-travar-a-perda-de-memoria-no-alzheimer\/","url":"https:\/\/portaltela.pt\/noticias\/2026\/02\/08\/cientistas-descobrem-nova-forma-de-travar-a-perda-de-memoria-no-alzheimer\/","name":"Cientistas descobrem nova forma de travar a perda de mem\u00f3ria no Alzheimer - Portal Tela Portugal","isPartOf":{"@id":"https:\/\/portaltela.pt\/#website"},"primaryImageOfPage":{"@id":"https:\/\/portaltela.pt\/noticias\/2026\/02\/08\/cientistas-descobrem-nova-forma-de-travar-a-perda-de-memoria-no-alzheimer\/#primaryimage"},"image":{"@id":"https:\/\/portaltela.pt\/noticias\/2026\/02\/08\/cientistas-descobrem-nova-forma-de-travar-a-perda-de-memoria-no-alzheimer\/#primaryimage"},"thumbnailUrl":"https:\/\/portaltela.pt\/s.01k8rhncp4jt1\/2026\/02\/1536x864_cmsv2_c3599563-3f92-5427-8a3f-5961d0c9015b-9641770.jpg","datePublished":"2026-02-08T08:01:36+00:00","author":{"@id":"https:\/\/portaltela.pt\/#\/schema\/person\/c4278d4a6028830caff9ee44b42d32ed"},"breadcrumb":{"@id":"https:\/\/portaltela.pt\/noticias\/2026\/02\/08\/cientistas-descobrem-nova-forma-de-travar-a-perda-de-memoria-no-alzheimer\/#breadcrumb"},"inLanguage":"pt-PT","potentialAction":[{"@type":"ReadAction","target":["https:\/\/portaltela.pt\/noticias\/2026\/02\/08\/cientistas-descobrem-nova-forma-de-travar-a-perda-de-memoria-no-alzheimer\/"]}]},{"@type":"ImageObject","inLanguage":"pt-PT","@id":"https:\/\/portaltela.pt\/noticias\/2026\/02\/08\/cientistas-descobrem-nova-forma-de-travar-a-perda-de-memoria-no-alzheimer\/#primaryimage","url":"https:\/\/portaltela.pt\/s.01k8rhncp4jt1\/2026\/02\/1536x864_cmsv2_c3599563-3f92-5427-8a3f-5961d0c9015b-9641770.jpg","contentUrl":"https:\/\/portaltela.pt\/s.01k8rhncp4jt1\/2026\/02\/1536x864_cmsv2_c3599563-3f92-5427-8a3f-5961d0c9015b-9641770.jpg","width":796,"height":448,"caption":"A doen\u00e7a de Alzheimer pode ser profundamente angustiante para as fam\u00edlias e pessoas pr\u00f3ximas."},{"@type":"BreadcrumbList","@id":"https:\/\/portaltela.pt\/noticias\/2026\/02\/08\/cientistas-descobrem-nova-forma-de-travar-a-perda-de-memoria-no-alzheimer\/#breadcrumb","itemListElement":[{"@type":"ListItem","position":1,"name":"In\u00edcio","item":"https:\/\/portaltela.pt\/"},{"@type":"ListItem","position":2,"name":"Cientistas descobrem nova forma de travar a perda de mem\u00f3ria no Alzheimer"}]},{"@type":"WebSite","@id":"https:\/\/portaltela.pt\/#website","url":"https:\/\/portaltela.pt\/","name":"Portal Tela Portugal","description":"","potentialAction":[{"@type":"SearchAction","target":{"@type":"EntryPoint","urlTemplate":"https:\/\/portaltela.pt\/?s={search_term_string}"},"query-input":{"@type":"PropertyValueSpecification","valueRequired":true,"valueName":"search_term_string"}}],"inLanguage":"pt-PT"},{"@type":"Person","@id":"https:\/\/portaltela.pt\/#\/schema\/person\/c4278d4a6028830caff9ee44b42d32ed","name":"Telinha","image":{"@type":"ImageObject","inLanguage":"pt-PT","@id":"https:\/\/portaltela.pt\/s.01k8rhncp4jt1\/2025\/11\/talking-bot-125x125.png","url":"https:\/\/portaltela.pt\/s.01k8rhncp4jt1\/2025\/11\/talking-bot-125x125.png","contentUrl":"https:\/\/portaltela.pt\/s.01k8rhncp4jt1\/2025\/11\/talking-bot-125x125.png","caption":"Telinha"},"sameAs":["https:\/\/portaltela.pt\/"],"url":"https:\/\/portaltela.pt\/por\/367410592786\/"}]}},"_links":{"self":[{"href":"https:\/\/portaltela.pt\/api\/wp\/v2\/posts\/203661","targetHints":{"allow":["GET"]}}],"collection":[{"href":"https:\/\/portaltela.pt\/api\/wp\/v2\/posts"}],"about":[{"href":"https:\/\/portaltela.pt\/api\/wp\/v2\/types\/post"}],"author":[{"embeddable":true,"href":"https:\/\/portaltela.pt\/api\/wp\/v2\/users\/2"}],"replies":[{"embeddable":true,"href":"https:\/\/portaltela.pt\/api\/wp\/v2\/comments?post=203661"}],"version-history":[{"count":0,"href":"https:\/\/portaltela.pt\/api\/wp\/v2\/posts\/203661\/revisions"}],"wp:featuredmedia":[{"embeddable":true,"href":"https:\/\/portaltela.pt\/api\/wp\/v2\/media\/203666"}],"wp:attachment":[{"href":"https:\/\/portaltela.pt\/api\/wp\/v2\/media?parent=203661"}],"wp:term":[{"taxonomy":"category","embeddable":true,"href":"https:\/\/portaltela.pt\/api\/wp\/v2\/categories?post=203661"},{"taxonomy":"post_tag","embeddable":true,"href":"https:\/\/portaltela.pt\/api\/wp\/v2\/tags?post=203661"}],"curies":[{"name":"wp","href":"https:\/\/api.w.org\/{rel}","templated":true}]}}