{"id":203634,"date":"2026-02-08T04:09:00","date_gmt":"2026-02-08T07:09:00","guid":{"rendered":"https:\/\/portaltela.pt\/noticias\/2026\/02\/08\/edson-lanca-o-seu-primeiro-livro-2\/"},"modified":"2026-02-08T04:09:00","modified_gmt":"2026-02-08T07:09:00","slug":"edson-lanca-o-seu-primeiro-livro-2","status":"publish","type":"post","link":"https:\/\/portaltela.pt\/noticias\/2026\/02\/08\/edson-lanca-o-seu-primeiro-livro-2\/","title":{"rendered":"Edson lan\u00e7a o seu primeiro livro"},"content":{"rendered":"<p>O caso de Edson mostra como a leitura pode exigir apoio familiar sens\u00edvel \u00e0s realidades dos alunos. Apesar de ler dentro do tempo previsto, o estudante enfrentava dificuldade de flu\u00eancia e compreens\u00e3o. A interven\u00e7\u00e3o de pedagogia na escola abriu caminho para envolver a fam\u00edlia de forma pr\u00e1tica.<\/p>\n<p>Foi detectada uma dificuldade central: a m\u00e3e de Edson n\u00e3o sabe ler. A professora convidou-a para a escola e, diante das barreiras, sugeriu uma estrat\u00e9gia simples e eficaz: leitura em casa com um livro escolhido por Edson, adequado aos seus gostos. O objetivo era manter a motiva\u00e7\u00e3o e facilitar o progresso.<\/p>\n<h3>Desafios iniciais<\/h3>\n<p>Edson respondeu de imediato que n\u00e3o podia ler em casa, pelo facto de ter apenas um livro. Ao perceber a natureza da hesita\u00e7\u00e3o, a professora explicou que n\u00e3o havia livros com g\u00e9nero espec\u00edfico para meninos ou meninas. Mesmo assim, o aluno permaneceu reticente, justificando que o tempo de leitura na biblioteca n\u00e3o seria suficiente.<\/p>\n<h3>A viragem pr\u00e1tica<\/h3>\n<p>Ao questionar as raz\u00f5es para n\u00e3o requisitar um livro na biblioteca, Edson revelou o desejo de ter um livro s\u00f3 dele. A m\u00e3e, contactada pela professora, concordou em comprar o primeiro livro no final do m\u00eas. O cen\u00e1rio mudou quando passaram a frequentar a livraria para escolherem juntos a obra.<\/p>\n<h3>Primeiro avan\u00e7o<\/h3>\n<p>Edson voltou \u00e0 escola com orgulho ao apresentar o seu primeiro livro, sobre um urso, escolhido por ele pr\u00f3prio. A professora integrou a obra na pr\u00e1tica di\u00e1ria de sala, iniciando a leitura entre colegas e incentivando o rapaz a praticar em casa.<\/p>\n<h3>Resultados observados<\/h3>\n<p>Com a leitura di\u00e1ria, Edson mostrou progressos vis\u00edveis, lendo em menos tempo da semana e participando mais nas sess\u00f5es de leitura. A fam\u00edlia passou a apoiar com maior consist\u00eancia a aquisi\u00e7\u00e3o de livros para casa, fortalecendo o envolvimento parental na educa\u00e7\u00e3o do filho.<\/p>\n<h3>Contexto e conclus\u00e3o<\/h3>\n<p>A experi\u00eancia evidencia que quest\u00f5es de leitura podem exigir estrat\u00e9gias sens\u00edveis \u00e0 realidade familiar. Ao pedir a\u00e7\u00f5es concretas dentro do alcance da fam\u00edlia, houve envolvimento efetivo, gerando satisfa\u00e7\u00e3o e orgulho para Edson e para a m\u00e3e.<\/p>\n","protected":false},"excerpt":{"rendered":"<ul>\n<li>Um aluno com dificuldades na flu\u00eancia leitora recebeu apoio pedag\u00f3gico e envolvimento da fam\u00edlia para aumentar a motiva\u00e7\u00e3o.<\/li>\n<li>A m\u00e3e, que n\u00e3o sabia ler, concordou em apoiar a leitura em casa e, numa altura, comprometeu\u2011se a comprar um livro por m\u00eas.<\/li>\n<li>O aluno quis ter um livro pr\u00f3prio, escolheu uma obra sobre um urso na livraria e acabou por receber o livro da fam\u00edlia.<\/li>\n<li>Com o livro pr\u00f3prio, come\u00e7ou a ler em casa e na biblioteca da escola, progredindo at\u00e9 conseguir ler um livro em uma semana.<\/li>\n<li>O caso destaca a import\u00e2ncia de compreender a realidade das fam\u00edlias e de adaptar o apoio \u00e0 leitura, valorizando o envolvimento parental e o progresso da crian\u00e7a.<\/li>\n<\/ul>\n","protected":false},"author":2,"featured_media":203642,"comment_status":"closed","ping_status":"closed","sticky":false,"template":"","format":"standard","meta":{"footnotes":""},"categories":[1],"tags":[163,2153,64,148,3816,130],"class_list":["post-203634","post","type-post","status-publish","format-standard","has-post-thumbnail","hentry","category-noticias","tag-educacao","tag-educacao-escolar","tag-familia","tag-familias","tag-livrarias-arquivos","tag-livros"],"yoast_head":"<!-- This site is optimized with the Yoast SEO plugin v27.2 - https:\/\/yoast.com\/product\/yoast-seo-wordpress\/ -->\n<title>Edson lan\u00e7a o seu primeiro livro - Portal Tela Portugal<\/title>\n<meta name=\"robots\" content=\"index, follow, max-snippet:-1, max-image-preview:large, max-video-preview:-1\" \/>\n<meta property=\"og:locale\" content=\"pt_PT\" \/>\n<meta property=\"og:type\" content=\"article\" \/>\n<meta property=\"og:title\" content=\"Edson lan\u00e7a o seu primeiro livro - Portal Tela Portugal\" \/>\n<meta property=\"og:description\" content=\"Um aluno com dificuldades na flu\u00eancia leitora recebeu apoio pedag\u00f3gico e envolvimento da fam\u00edlia para aumentar a motiva\u00e7\u00e3o. A m\u00e3e, que n\u00e3o sabia ler, concordou em apoiar a leitura em casa e, numa altura, comprometeu\u2011se a comprar um livro por m\u00eas. O aluno quis ter um livro pr\u00f3prio, escolheu uma obra sobre um urso na livraria e acabou por receber o livro da fam\u00edlia. Com o livro pr\u00f3prio, come\u00e7ou a ler em casa e na biblioteca da escola, progredindo at\u00e9 conseguir ler um livro em uma semana. O caso destaca a import\u00e2ncia de compreender a realidade das fam\u00edlias e de adaptar o apoio \u00e0 leitura, valorizando o envolvimento parental e o progresso da crian\u00e7a.\" \/>\n<meta property=\"og:url\" content=\"https:\/\/portaltela.pt\/noticias\/2026\/02\/08\/edson-lanca-o-seu-primeiro-livro-2\/\" \/>\n<meta property=\"og:site_name\" content=\"Portal Tela Portugal\" \/>\n<meta property=\"article:published_time\" content=\"2026-02-08T07:09:00+00:00\" \/>\n<meta name=\"author\" content=\"Telinha\" \/>\n<meta name=\"twitter:card\" content=\"summary_large_image\" \/>\n<meta name=\"twitter:label1\" content=\"Escrito por\" \/>\n\t<meta name=\"twitter:data1\" content=\"Telinha\" \/>\n\t<meta name=\"twitter:label2\" content=\"Tempo estimado de leitura\" \/>\n\t<meta name=\"twitter:data2\" content=\"2 minutos\" \/>\n<script type=\"application\/ld+json\" class=\"yoast-schema-graph\">{\"@context\":\"https:\/\/schema.org\",\"@graph\":[{\"@type\":\"Article\",\"@id\":\"https:\/\/portaltela.pt\/noticias\/2026\/02\/08\/edson-lanca-o-seu-primeiro-livro-2\/#article\",\"isPartOf\":{\"@id\":\"https:\/\/portaltela.pt\/noticias\/2026\/02\/08\/edson-lanca-o-seu-primeiro-livro-2\/\"},\"author\":{\"name\":\"Telinha\",\"@id\":\"https:\/\/portaltela.pt\/#\/schema\/person\/c4278d4a6028830caff9ee44b42d32ed\"},\"headline\":\"Edson lan\u00e7a o seu primeiro livro\",\"datePublished\":\"2026-02-08T07:09:00+00:00\",\"mainEntityOfPage\":{\"@id\":\"https:\/\/portaltela.pt\/noticias\/2026\/02\/08\/edson-lanca-o-seu-primeiro-livro-2\/\"},\"wordCount\":382,\"image\":{\"@id\":\"https:\/\/portaltela.pt\/noticias\/2026\/02\/08\/edson-lanca-o-seu-primeiro-livro-2\/#primaryimage\"},\"thumbnailUrl\":\"https:\/\/portaltela.pt\/s.01k8rhncp4jt1\/2026\/02\/2064710-1.jpg\",\"keywords\":[\"educa\u00e7\u00e3o\",\"educa\u00e7\u00e3o escolar\",\"fam\u00edlia\",\"fam\u00edlias\",\"livrarias\/arquivos\",\"livros\"],\"articleSection\":[\"Not\u00edcias\"],\"inLanguage\":\"pt-PT\"},{\"@type\":\"WebPage\",\"@id\":\"https:\/\/portaltela.pt\/noticias\/2026\/02\/08\/edson-lanca-o-seu-primeiro-livro-2\/\",\"url\":\"https:\/\/portaltela.pt\/noticias\/2026\/02\/08\/edson-lanca-o-seu-primeiro-livro-2\/\",\"name\":\"Edson lan\u00e7a o seu primeiro livro - Portal Tela Portugal\",\"isPartOf\":{\"@id\":\"https:\/\/portaltela.pt\/#website\"},\"primaryImageOfPage\":{\"@id\":\"https:\/\/portaltela.pt\/noticias\/2026\/02\/08\/edson-lanca-o-seu-primeiro-livro-2\/#primaryimage\"},\"image\":{\"@id\":\"https:\/\/portaltela.pt\/noticias\/2026\/02\/08\/edson-lanca-o-seu-primeiro-livro-2\/#primaryimage\"},\"thumbnailUrl\":\"https:\/\/portaltela.pt\/s.01k8rhncp4jt1\/2026\/02\/2064710-1.jpg\",\"datePublished\":\"2026-02-08T07:09:00+00:00\",\"author\":{\"@id\":\"https:\/\/portaltela.pt\/#\/schema\/person\/c4278d4a6028830caff9ee44b42d32ed\"},\"breadcrumb\":{\"@id\":\"https:\/\/portaltela.pt\/noticias\/2026\/02\/08\/edson-lanca-o-seu-primeiro-livro-2\/#breadcrumb\"},\"inLanguage\":\"pt-PT\",\"potentialAction\":[{\"@type\":\"ReadAction\",\"target\":[\"https:\/\/portaltela.pt\/noticias\/2026\/02\/08\/edson-lanca-o-seu-primeiro-livro-2\/\"]}]},{\"@type\":\"ImageObject\",\"inLanguage\":\"pt-PT\",\"@id\":\"https:\/\/portaltela.pt\/noticias\/2026\/02\/08\/edson-lanca-o-seu-primeiro-livro-2\/#primaryimage\",\"url\":\"https:\/\/portaltela.pt\/s.01k8rhncp4jt1\/2026\/02\/2064710-1.jpg\",\"contentUrl\":\"https:\/\/portaltela.pt\/s.01k8rhncp4jt1\/2026\/02\/2064710-1.jpg\",\"width\":796,\"height\":448,\"caption\":\"\u201c\u00c0 medida que melhorou na leitura, come\u00e7ou a gostar de requisitar livros na biblioteca da escola\u201d\"},{\"@type\":\"BreadcrumbList\",\"@id\":\"https:\/\/portaltela.pt\/noticias\/2026\/02\/08\/edson-lanca-o-seu-primeiro-livro-2\/#breadcrumb\",\"itemListElement\":[{\"@type\":\"ListItem\",\"position\":1,\"name\":\"In\u00edcio\",\"item\":\"https:\/\/portaltela.pt\/\"},{\"@type\":\"ListItem\",\"position\":2,\"name\":\"Edson lan\u00e7a o seu primeiro livro\"}]},{\"@type\":\"WebSite\",\"@id\":\"https:\/\/portaltela.pt\/#website\",\"url\":\"https:\/\/portaltela.pt\/\",\"name\":\"Portal Tela Portugal\",\"description\":\"\",\"potentialAction\":[{\"@type\":\"SearchAction\",\"target\":{\"@type\":\"EntryPoint\",\"urlTemplate\":\"https:\/\/portaltela.pt\/?s={search_term_string}\"},\"query-input\":{\"@type\":\"PropertyValueSpecification\",\"valueRequired\":true,\"valueName\":\"search_term_string\"}}],\"inLanguage\":\"pt-PT\"},{\"@type\":\"Person\",\"@id\":\"https:\/\/portaltela.pt\/#\/schema\/person\/c4278d4a6028830caff9ee44b42d32ed\",\"name\":\"Telinha\",\"image\":{\"@type\":\"ImageObject\",\"inLanguage\":\"pt-PT\",\"@id\":\"https:\/\/portaltela.pt\/s.01k8rhncp4jt1\/2025\/11\/talking-bot-125x125.png\",\"url\":\"https:\/\/portaltela.pt\/s.01k8rhncp4jt1\/2025\/11\/talking-bot-125x125.png\",\"contentUrl\":\"https:\/\/portaltela.pt\/s.01k8rhncp4jt1\/2025\/11\/talking-bot-125x125.png\",\"caption\":\"Telinha\"},\"sameAs\":[\"https:\/\/portaltela.pt\/\"],\"url\":\"https:\/\/portaltela.pt\/por\/367410592786\/\"}]}<\/script>\n<!-- \/ Yoast SEO plugin. -->","yoast_head_json":{"title":"Edson lan\u00e7a o seu primeiro livro - Portal Tela Portugal","robots":{"index":"index","follow":"follow","max-snippet":"max-snippet:-1","max-image-preview":"max-image-preview:large","max-video-preview":"max-video-preview:-1"},"og_locale":"pt_PT","og_type":"article","og_title":"Edson lan\u00e7a o seu primeiro livro - Portal Tela Portugal","og_description":"Um aluno com dificuldades na flu\u00eancia leitora recebeu apoio pedag\u00f3gico e envolvimento da fam\u00edlia para aumentar a motiva\u00e7\u00e3o. A m\u00e3e, que n\u00e3o sabia ler, concordou em apoiar a leitura em casa e, numa altura, comprometeu\u2011se a comprar um livro por m\u00eas. O aluno quis ter um livro pr\u00f3prio, escolheu uma obra sobre um urso na livraria e acabou por receber o livro da fam\u00edlia. Com o livro pr\u00f3prio, come\u00e7ou a ler em casa e na biblioteca da escola, progredindo at\u00e9 conseguir ler um livro em uma semana. O caso destaca a import\u00e2ncia de compreender a realidade das fam\u00edlias e de adaptar o apoio \u00e0 leitura, valorizando o envolvimento parental e o progresso da crian\u00e7a.","og_url":"https:\/\/portaltela.pt\/noticias\/2026\/02\/08\/edson-lanca-o-seu-primeiro-livro-2\/","og_site_name":"Portal Tela Portugal","article_published_time":"2026-02-08T07:09:00+00:00","author":"Telinha","twitter_card":"summary_large_image","twitter_misc":{"Escrito por":"Telinha","Tempo estimado de leitura":"2 minutos"},"schema":{"@context":"https:\/\/schema.org","@graph":[{"@type":"Article","@id":"https:\/\/portaltela.pt\/noticias\/2026\/02\/08\/edson-lanca-o-seu-primeiro-livro-2\/#article","isPartOf":{"@id":"https:\/\/portaltela.pt\/noticias\/2026\/02\/08\/edson-lanca-o-seu-primeiro-livro-2\/"},"author":{"name":"Telinha","@id":"https:\/\/portaltela.pt\/#\/schema\/person\/c4278d4a6028830caff9ee44b42d32ed"},"headline":"Edson lan\u00e7a o seu primeiro livro","datePublished":"2026-02-08T07:09:00+00:00","mainEntityOfPage":{"@id":"https:\/\/portaltela.pt\/noticias\/2026\/02\/08\/edson-lanca-o-seu-primeiro-livro-2\/"},"wordCount":382,"image":{"@id":"https:\/\/portaltela.pt\/noticias\/2026\/02\/08\/edson-lanca-o-seu-primeiro-livro-2\/#primaryimage"},"thumbnailUrl":"https:\/\/portaltela.pt\/s.01k8rhncp4jt1\/2026\/02\/2064710-1.jpg","keywords":["educa\u00e7\u00e3o","educa\u00e7\u00e3o escolar","fam\u00edlia","fam\u00edlias","livrarias\/arquivos","livros"],"articleSection":["Not\u00edcias"],"inLanguage":"pt-PT"},{"@type":"WebPage","@id":"https:\/\/portaltela.pt\/noticias\/2026\/02\/08\/edson-lanca-o-seu-primeiro-livro-2\/","url":"https:\/\/portaltela.pt\/noticias\/2026\/02\/08\/edson-lanca-o-seu-primeiro-livro-2\/","name":"Edson lan\u00e7a o seu primeiro livro - Portal Tela Portugal","isPartOf":{"@id":"https:\/\/portaltela.pt\/#website"},"primaryImageOfPage":{"@id":"https:\/\/portaltela.pt\/noticias\/2026\/02\/08\/edson-lanca-o-seu-primeiro-livro-2\/#primaryimage"},"image":{"@id":"https:\/\/portaltela.pt\/noticias\/2026\/02\/08\/edson-lanca-o-seu-primeiro-livro-2\/#primaryimage"},"thumbnailUrl":"https:\/\/portaltela.pt\/s.01k8rhncp4jt1\/2026\/02\/2064710-1.jpg","datePublished":"2026-02-08T07:09:00+00:00","author":{"@id":"https:\/\/portaltela.pt\/#\/schema\/person\/c4278d4a6028830caff9ee44b42d32ed"},"breadcrumb":{"@id":"https:\/\/portaltela.pt\/noticias\/2026\/02\/08\/edson-lanca-o-seu-primeiro-livro-2\/#breadcrumb"},"inLanguage":"pt-PT","potentialAction":[{"@type":"ReadAction","target":["https:\/\/portaltela.pt\/noticias\/2026\/02\/08\/edson-lanca-o-seu-primeiro-livro-2\/"]}]},{"@type":"ImageObject","inLanguage":"pt-PT","@id":"https:\/\/portaltela.pt\/noticias\/2026\/02\/08\/edson-lanca-o-seu-primeiro-livro-2\/#primaryimage","url":"https:\/\/portaltela.pt\/s.01k8rhncp4jt1\/2026\/02\/2064710-1.jpg","contentUrl":"https:\/\/portaltela.pt\/s.01k8rhncp4jt1\/2026\/02\/2064710-1.jpg","width":796,"height":448,"caption":"\u201c\u00c0 medida que melhorou na leitura, come\u00e7ou a gostar de requisitar livros na biblioteca da escola\u201d"},{"@type":"BreadcrumbList","@id":"https:\/\/portaltela.pt\/noticias\/2026\/02\/08\/edson-lanca-o-seu-primeiro-livro-2\/#breadcrumb","itemListElement":[{"@type":"ListItem","position":1,"name":"In\u00edcio","item":"https:\/\/portaltela.pt\/"},{"@type":"ListItem","position":2,"name":"Edson lan\u00e7a o seu primeiro livro"}]},{"@type":"WebSite","@id":"https:\/\/portaltela.pt\/#website","url":"https:\/\/portaltela.pt\/","name":"Portal Tela Portugal","description":"","potentialAction":[{"@type":"SearchAction","target":{"@type":"EntryPoint","urlTemplate":"https:\/\/portaltela.pt\/?s={search_term_string}"},"query-input":{"@type":"PropertyValueSpecification","valueRequired":true,"valueName":"search_term_string"}}],"inLanguage":"pt-PT"},{"@type":"Person","@id":"https:\/\/portaltela.pt\/#\/schema\/person\/c4278d4a6028830caff9ee44b42d32ed","name":"Telinha","image":{"@type":"ImageObject","inLanguage":"pt-PT","@id":"https:\/\/portaltela.pt\/s.01k8rhncp4jt1\/2025\/11\/talking-bot-125x125.png","url":"https:\/\/portaltela.pt\/s.01k8rhncp4jt1\/2025\/11\/talking-bot-125x125.png","contentUrl":"https:\/\/portaltela.pt\/s.01k8rhncp4jt1\/2025\/11\/talking-bot-125x125.png","caption":"Telinha"},"sameAs":["https:\/\/portaltela.pt\/"],"url":"https:\/\/portaltela.pt\/por\/367410592786\/"}]}},"_links":{"self":[{"href":"https:\/\/portaltela.pt\/api\/wp\/v2\/posts\/203634","targetHints":{"allow":["GET"]}}],"collection":[{"href":"https:\/\/portaltela.pt\/api\/wp\/v2\/posts"}],"about":[{"href":"https:\/\/portaltela.pt\/api\/wp\/v2\/types\/post"}],"author":[{"embeddable":true,"href":"https:\/\/portaltela.pt\/api\/wp\/v2\/users\/2"}],"replies":[{"embeddable":true,"href":"https:\/\/portaltela.pt\/api\/wp\/v2\/comments?post=203634"}],"version-history":[{"count":0,"href":"https:\/\/portaltela.pt\/api\/wp\/v2\/posts\/203634\/revisions"}],"wp:featuredmedia":[{"embeddable":true,"href":"https:\/\/portaltela.pt\/api\/wp\/v2\/media\/203642"}],"wp:attachment":[{"href":"https:\/\/portaltela.pt\/api\/wp\/v2\/media?parent=203634"}],"wp:term":[{"taxonomy":"category","embeddable":true,"href":"https:\/\/portaltela.pt\/api\/wp\/v2\/categories?post=203634"},{"taxonomy":"post_tag","embeddable":true,"href":"https:\/\/portaltela.pt\/api\/wp\/v2\/tags?post=203634"}],"curies":[{"name":"wp","href":"https:\/\/api.w.org\/{rel}","templated":true}]}}