{"id":203614,"date":"2026-02-08T03:37:00","date_gmt":"2026-02-08T06:37:00","guid":{"rendered":"https:\/\/portaltela.pt\/noticias\/2026\/02\/08\/mapa-do-dia-eleitoral-seguro-nas-caldas-ventura-em-lisboa-e-marcelo-celorico\/"},"modified":"2026-02-08T03:37:00","modified_gmt":"2026-02-08T06:37:00","slug":"mapa-do-dia-eleitoral-seguro-nas-caldas-ventura-em-lisboa-e-marcelo-celorico","status":"publish","type":"post","link":"https:\/\/portaltela.pt\/noticias\/politica\/2026\/02\/08\/mapa-do-dia-eleitoral-seguro-nas-caldas-ventura-em-lisboa-e-marcelo-celorico\/","title":{"rendered":"Mapa do dia eleitoral: Seguro nas Caldas, Ventura em Lisboa e Marcelo Celorico"},"content":{"rendered":"<p>Ant\u00f3nio Jos\u00e9 Seguro e Andr\u00e9 Ventura repetem os mesmos gestos da primeira volta na segunda ronda. Ambos votam pela manh\u00e3 e acompanham a noite eleitoral nos mesmos locais, mantendo a cad\u00eancia j\u00e1 vista anteriormente. O objetivo \u00e9 manter a continuidade de a\u00e7\u00f5es num dia decisivo.<\/p>\n<p>O percurso dos candidatos continua id\u00eantico ao da primeira volta, com os locais de voto e de acompanhamento mantidos sem altera\u00e7\u00f5es. A repeti\u00e7\u00e3o \u00e9 apresentada como parte do ritual democr\u00e1tico, sublinhando uma leitura de estabilidade no processo.<\/p>\n<p>Marcelo Rebelo de Sousa dirige-se a Celorico de Basto, conforme o roteiro j\u00e1 anunciado. O presidente da Rep\u00fablica cumpre a sua agenda oficial, sem mudan\u00e7as face ao planeado para este dia de segunda volta.<\/p>\n<h3>Agenda mantida: o que mudou, se houve<\/h3>\n<ul>\n<li>Seguro e Ventura repetem hor\u00e1rios de abertura de votos e locais de acompanhamento.<\/li>\n<li>Marcelo Rebelo de Sousa desloca-se a Celorico de Basto para acompanhar a noite eleitoral.<\/li>\n<li>A prioridade \u00e9 a continuidade do ritual democr\u00e1tico, sem altera\u00e7\u00f5es destac\u00e1veis.<\/li>\n<\/ul>\n","protected":false},"excerpt":{"rendered":"<ul>\n<li>Segunda volta presidencial: Ant\u00f3nio Jos\u00e9 Seguro vota de manh\u00e3 nas Caldas e Andr\u00e9 Ventura vota de manh\u00e3 em Lisboa, mantendo a pr\u00e1tica da primeira volta.<\/li>\n<li>Ambos os candidatos acompanham a noite eleitoral nos mesmos locais de atua\u00e7\u00e3o.<\/li>\n<li>Marcelo Rebelo de Sousa dirige-se a Celorico de Basto para acompanhar a vota\u00e7\u00e3o e a noite eleitoral.<\/li>\n<li>O dia \u00e9 marcado pela continuidade de gestos, percursos e cen\u00e1rios entre as duas voltas.<\/li>\n<li>O tom \u00e9 de ritual democr\u00e1tico e previsibilidade das agendas.<\/li>\n<\/ul>\n","protected":false},"author":2,"featured_media":203615,"comment_status":"closed","ping_status":"closed","sticky":false,"template":"","format":"standard","meta":{"footnotes":""},"categories":[1,5],"tags":[2453,1370,68,2877,2832,3416],"class_list":["post-203614","post","type-post","status-publish","format-standard","has-post-thumbnail","hentry","category-noticias","category-politica","tag-andre-ventura","tag-celorico-de-basto","tag-eleicoes","tag-marcelo-rebelo-de-sousa","tag-politica","tag-seguro"],"yoast_head":"<!-- This site is optimized with the Yoast SEO plugin v27.2 - https:\/\/yoast.com\/product\/yoast-seo-wordpress\/ -->\n<title>Mapa do dia eleitoral: Seguro nas Caldas, Ventura em Lisboa e Marcelo Celorico - Portal Tela Portugal<\/title>\n<meta name=\"robots\" content=\"index, follow, max-snippet:-1, max-image-preview:large, max-video-preview:-1\" \/>\n<meta property=\"og:locale\" content=\"pt_PT\" \/>\n<meta property=\"og:type\" content=\"article\" \/>\n<meta property=\"og:title\" content=\"Mapa do dia eleitoral: Seguro nas Caldas, Ventura em Lisboa e Marcelo Celorico - Portal Tela Portugal\" \/>\n<meta property=\"og:description\" content=\"Segunda volta presidencial: Ant\u00f3nio Jos\u00e9 Seguro vota de manh\u00e3 nas Caldas e Andr\u00e9 Ventura vota de manh\u00e3 em Lisboa, mantendo a pr\u00e1tica da primeira volta. Ambos os candidatos acompanham a noite eleitoral nos mesmos locais de atua\u00e7\u00e3o. Marcelo Rebelo de Sousa dirige-se a Celorico de Basto para acompanhar a vota\u00e7\u00e3o e a noite eleitoral. O dia \u00e9 marcado pela continuidade de gestos, percursos e cen\u00e1rios entre as duas voltas. O tom \u00e9 de ritual democr\u00e1tico e previsibilidade das agendas.\" \/>\n<meta property=\"og:url\" content=\"https:\/\/portaltela.pt\/noticias\/2026\/02\/08\/mapa-do-dia-eleitoral-seguro-nas-caldas-ventura-em-lisboa-e-marcelo-celorico\/\" \/>\n<meta property=\"og:site_name\" content=\"Portal Tela Portugal\" \/>\n<meta property=\"article:published_time\" content=\"2026-02-08T06:37:00+00:00\" \/>\n<meta name=\"author\" content=\"Telinha\" \/>\n<meta name=\"twitter:card\" content=\"summary_large_image\" \/>\n<meta name=\"twitter:label1\" content=\"Escrito por\" \/>\n\t<meta name=\"twitter:data1\" content=\"Telinha\" \/>\n\t<meta name=\"twitter:label2\" content=\"Tempo estimado de leitura\" \/>\n\t<meta name=\"twitter:data2\" content=\"1 minuto\" \/>\n<script type=\"application\/ld+json\" class=\"yoast-schema-graph\">{\"@context\":\"https:\/\/schema.org\",\"@graph\":[{\"@type\":\"Article\",\"@id\":\"https:\/\/portaltela.pt\/noticias\/2026\/02\/08\/mapa-do-dia-eleitoral-seguro-nas-caldas-ventura-em-lisboa-e-marcelo-celorico\/#article\",\"isPartOf\":{\"@id\":\"https:\/\/portaltela.pt\/noticias\/2026\/02\/08\/mapa-do-dia-eleitoral-seguro-nas-caldas-ventura-em-lisboa-e-marcelo-celorico\/\"},\"author\":{\"name\":\"Telinha\",\"@id\":\"https:\/\/portaltela.pt\/#\/schema\/person\/c4278d4a6028830caff9ee44b42d32ed\"},\"headline\":\"Mapa do dia eleitoral: Seguro nas Caldas, Ventura em Lisboa e Marcelo Celorico\",\"datePublished\":\"2026-02-08T06:37:00+00:00\",\"mainEntityOfPage\":{\"@id\":\"https:\/\/portaltela.pt\/noticias\/2026\/02\/08\/mapa-do-dia-eleitoral-seguro-nas-caldas-ventura-em-lisboa-e-marcelo-celorico\/\"},\"wordCount\":184,\"image\":{\"@id\":\"https:\/\/portaltela.pt\/noticias\/2026\/02\/08\/mapa-do-dia-eleitoral-seguro-nas-caldas-ventura-em-lisboa-e-marcelo-celorico\/#primaryimage\"},\"thumbnailUrl\":\"https:\/\/portaltela.pt\/s.01k8rhncp4jt1\/2026\/02\/2065384.jpg\",\"keywords\":[\"Andr\u00e9 Ventura\",\"Celorico de Basto\",\"elei\u00e7\u00f5es\",\"Marcelo Rebelo de Sousa\",\"pol\u00edtica\",\"Seguro\"],\"articleSection\":[\"Not\u00edcias\",\"Pol\u00edtica\"],\"inLanguage\":\"pt-PT\"},{\"@type\":\"WebPage\",\"@id\":\"https:\/\/portaltela.pt\/noticias\/2026\/02\/08\/mapa-do-dia-eleitoral-seguro-nas-caldas-ventura-em-lisboa-e-marcelo-celorico\/\",\"url\":\"https:\/\/portaltela.pt\/noticias\/2026\/02\/08\/mapa-do-dia-eleitoral-seguro-nas-caldas-ventura-em-lisboa-e-marcelo-celorico\/\",\"name\":\"Mapa do dia eleitoral: Seguro nas Caldas, Ventura em Lisboa e Marcelo Celorico - Portal Tela Portugal\",\"isPartOf\":{\"@id\":\"https:\/\/portaltela.pt\/#website\"},\"primaryImageOfPage\":{\"@id\":\"https:\/\/portaltela.pt\/noticias\/2026\/02\/08\/mapa-do-dia-eleitoral-seguro-nas-caldas-ventura-em-lisboa-e-marcelo-celorico\/#primaryimage\"},\"image\":{\"@id\":\"https:\/\/portaltela.pt\/noticias\/2026\/02\/08\/mapa-do-dia-eleitoral-seguro-nas-caldas-ventura-em-lisboa-e-marcelo-celorico\/#primaryimage\"},\"thumbnailUrl\":\"https:\/\/portaltela.pt\/s.01k8rhncp4jt1\/2026\/02\/2065384.jpg\",\"datePublished\":\"2026-02-08T06:37:00+00:00\",\"author\":{\"@id\":\"https:\/\/portaltela.pt\/#\/schema\/person\/c4278d4a6028830caff9ee44b42d32ed\"},\"breadcrumb\":{\"@id\":\"https:\/\/portaltela.pt\/noticias\/2026\/02\/08\/mapa-do-dia-eleitoral-seguro-nas-caldas-ventura-em-lisboa-e-marcelo-celorico\/#breadcrumb\"},\"inLanguage\":\"pt-PT\",\"potentialAction\":[{\"@type\":\"ReadAction\",\"target\":[\"https:\/\/portaltela.pt\/noticias\/2026\/02\/08\/mapa-do-dia-eleitoral-seguro-nas-caldas-ventura-em-lisboa-e-marcelo-celorico\/\"]}]},{\"@type\":\"ImageObject\",\"inLanguage\":\"pt-PT\",\"@id\":\"https:\/\/portaltela.pt\/noticias\/2026\/02\/08\/mapa-do-dia-eleitoral-seguro-nas-caldas-ventura-em-lisboa-e-marcelo-celorico\/#primaryimage\",\"url\":\"https:\/\/portaltela.pt\/s.01k8rhncp4jt1\/2026\/02\/2065384.jpg\",\"contentUrl\":\"https:\/\/portaltela.pt\/s.01k8rhncp4jt1\/2026\/02\/2065384.jpg\",\"width\":796,\"height\":448,\"caption\":\"O Presidente da Republica, Marcelo Rebelo de Sousa, ir\u00e1 votar a Celorico de Basto, em Braga\"},{\"@type\":\"BreadcrumbList\",\"@id\":\"https:\/\/portaltela.pt\/noticias\/2026\/02\/08\/mapa-do-dia-eleitoral-seguro-nas-caldas-ventura-em-lisboa-e-marcelo-celorico\/#breadcrumb\",\"itemListElement\":[{\"@type\":\"ListItem\",\"position\":1,\"name\":\"In\u00edcio\",\"item\":\"https:\/\/portaltela.pt\/\"},{\"@type\":\"ListItem\",\"position\":2,\"name\":\"Mapa do dia eleitoral: Seguro nas Caldas, Ventura em Lisboa e Marcelo Celorico\"}]},{\"@type\":\"WebSite\",\"@id\":\"https:\/\/portaltela.pt\/#website\",\"url\":\"https:\/\/portaltela.pt\/\",\"name\":\"Portal Tela Portugal\",\"description\":\"\",\"potentialAction\":[{\"@type\":\"SearchAction\",\"target\":{\"@type\":\"EntryPoint\",\"urlTemplate\":\"https:\/\/portaltela.pt\/?s={search_term_string}\"},\"query-input\":{\"@type\":\"PropertyValueSpecification\",\"valueRequired\":true,\"valueName\":\"search_term_string\"}}],\"inLanguage\":\"pt-PT\"},{\"@type\":\"Person\",\"@id\":\"https:\/\/portaltela.pt\/#\/schema\/person\/c4278d4a6028830caff9ee44b42d32ed\",\"name\":\"Telinha\",\"image\":{\"@type\":\"ImageObject\",\"inLanguage\":\"pt-PT\",\"@id\":\"https:\/\/portaltela.pt\/s.01k8rhncp4jt1\/2025\/11\/talking-bot-125x125.png\",\"url\":\"https:\/\/portaltela.pt\/s.01k8rhncp4jt1\/2025\/11\/talking-bot-125x125.png\",\"contentUrl\":\"https:\/\/portaltela.pt\/s.01k8rhncp4jt1\/2025\/11\/talking-bot-125x125.png\",\"caption\":\"Telinha\"},\"sameAs\":[\"https:\/\/portaltela.pt\/\"],\"url\":\"https:\/\/portaltela.pt\/por\/367410592786\/\"}]}<\/script>\n<!-- \/ Yoast SEO plugin. -->","yoast_head_json":{"title":"Mapa do dia eleitoral: Seguro nas Caldas, Ventura em Lisboa e Marcelo Celorico - Portal Tela Portugal","robots":{"index":"index","follow":"follow","max-snippet":"max-snippet:-1","max-image-preview":"max-image-preview:large","max-video-preview":"max-video-preview:-1"},"og_locale":"pt_PT","og_type":"article","og_title":"Mapa do dia eleitoral: Seguro nas Caldas, Ventura em Lisboa e Marcelo Celorico - Portal Tela Portugal","og_description":"Segunda volta presidencial: Ant\u00f3nio Jos\u00e9 Seguro vota de manh\u00e3 nas Caldas e Andr\u00e9 Ventura vota de manh\u00e3 em Lisboa, mantendo a pr\u00e1tica da primeira volta. Ambos os candidatos acompanham a noite eleitoral nos mesmos locais de atua\u00e7\u00e3o. Marcelo Rebelo de Sousa dirige-se a Celorico de Basto para acompanhar a vota\u00e7\u00e3o e a noite eleitoral. O dia \u00e9 marcado pela continuidade de gestos, percursos e cen\u00e1rios entre as duas voltas. O tom \u00e9 de ritual democr\u00e1tico e previsibilidade das agendas.","og_url":"https:\/\/portaltela.pt\/noticias\/2026\/02\/08\/mapa-do-dia-eleitoral-seguro-nas-caldas-ventura-em-lisboa-e-marcelo-celorico\/","og_site_name":"Portal Tela Portugal","article_published_time":"2026-02-08T06:37:00+00:00","author":"Telinha","twitter_card":"summary_large_image","twitter_misc":{"Escrito por":"Telinha","Tempo estimado de leitura":"1 minuto"},"schema":{"@context":"https:\/\/schema.org","@graph":[{"@type":"Article","@id":"https:\/\/portaltela.pt\/noticias\/2026\/02\/08\/mapa-do-dia-eleitoral-seguro-nas-caldas-ventura-em-lisboa-e-marcelo-celorico\/#article","isPartOf":{"@id":"https:\/\/portaltela.pt\/noticias\/2026\/02\/08\/mapa-do-dia-eleitoral-seguro-nas-caldas-ventura-em-lisboa-e-marcelo-celorico\/"},"author":{"name":"Telinha","@id":"https:\/\/portaltela.pt\/#\/schema\/person\/c4278d4a6028830caff9ee44b42d32ed"},"headline":"Mapa do dia eleitoral: Seguro nas Caldas, Ventura em Lisboa e Marcelo Celorico","datePublished":"2026-02-08T06:37:00+00:00","mainEntityOfPage":{"@id":"https:\/\/portaltela.pt\/noticias\/2026\/02\/08\/mapa-do-dia-eleitoral-seguro-nas-caldas-ventura-em-lisboa-e-marcelo-celorico\/"},"wordCount":184,"image":{"@id":"https:\/\/portaltela.pt\/noticias\/2026\/02\/08\/mapa-do-dia-eleitoral-seguro-nas-caldas-ventura-em-lisboa-e-marcelo-celorico\/#primaryimage"},"thumbnailUrl":"https:\/\/portaltela.pt\/s.01k8rhncp4jt1\/2026\/02\/2065384.jpg","keywords":["Andr\u00e9 Ventura","Celorico de Basto","elei\u00e7\u00f5es","Marcelo Rebelo de Sousa","pol\u00edtica","Seguro"],"articleSection":["Not\u00edcias","Pol\u00edtica"],"inLanguage":"pt-PT"},{"@type":"WebPage","@id":"https:\/\/portaltela.pt\/noticias\/2026\/02\/08\/mapa-do-dia-eleitoral-seguro-nas-caldas-ventura-em-lisboa-e-marcelo-celorico\/","url":"https:\/\/portaltela.pt\/noticias\/2026\/02\/08\/mapa-do-dia-eleitoral-seguro-nas-caldas-ventura-em-lisboa-e-marcelo-celorico\/","name":"Mapa do dia eleitoral: Seguro nas Caldas, Ventura em Lisboa e Marcelo Celorico - Portal Tela Portugal","isPartOf":{"@id":"https:\/\/portaltela.pt\/#website"},"primaryImageOfPage":{"@id":"https:\/\/portaltela.pt\/noticias\/2026\/02\/08\/mapa-do-dia-eleitoral-seguro-nas-caldas-ventura-em-lisboa-e-marcelo-celorico\/#primaryimage"},"image":{"@id":"https:\/\/portaltela.pt\/noticias\/2026\/02\/08\/mapa-do-dia-eleitoral-seguro-nas-caldas-ventura-em-lisboa-e-marcelo-celorico\/#primaryimage"},"thumbnailUrl":"https:\/\/portaltela.pt\/s.01k8rhncp4jt1\/2026\/02\/2065384.jpg","datePublished":"2026-02-08T06:37:00+00:00","author":{"@id":"https:\/\/portaltela.pt\/#\/schema\/person\/c4278d4a6028830caff9ee44b42d32ed"},"breadcrumb":{"@id":"https:\/\/portaltela.pt\/noticias\/2026\/02\/08\/mapa-do-dia-eleitoral-seguro-nas-caldas-ventura-em-lisboa-e-marcelo-celorico\/#breadcrumb"},"inLanguage":"pt-PT","potentialAction":[{"@type":"ReadAction","target":["https:\/\/portaltela.pt\/noticias\/2026\/02\/08\/mapa-do-dia-eleitoral-seguro-nas-caldas-ventura-em-lisboa-e-marcelo-celorico\/"]}]},{"@type":"ImageObject","inLanguage":"pt-PT","@id":"https:\/\/portaltela.pt\/noticias\/2026\/02\/08\/mapa-do-dia-eleitoral-seguro-nas-caldas-ventura-em-lisboa-e-marcelo-celorico\/#primaryimage","url":"https:\/\/portaltela.pt\/s.01k8rhncp4jt1\/2026\/02\/2065384.jpg","contentUrl":"https:\/\/portaltela.pt\/s.01k8rhncp4jt1\/2026\/02\/2065384.jpg","width":796,"height":448,"caption":"O Presidente da Republica, Marcelo Rebelo de Sousa, ir\u00e1 votar a Celorico de Basto, em Braga"},{"@type":"BreadcrumbList","@id":"https:\/\/portaltela.pt\/noticias\/2026\/02\/08\/mapa-do-dia-eleitoral-seguro-nas-caldas-ventura-em-lisboa-e-marcelo-celorico\/#breadcrumb","itemListElement":[{"@type":"ListItem","position":1,"name":"In\u00edcio","item":"https:\/\/portaltela.pt\/"},{"@type":"ListItem","position":2,"name":"Mapa do dia eleitoral: Seguro nas Caldas, Ventura em Lisboa e Marcelo Celorico"}]},{"@type":"WebSite","@id":"https:\/\/portaltela.pt\/#website","url":"https:\/\/portaltela.pt\/","name":"Portal Tela Portugal","description":"","potentialAction":[{"@type":"SearchAction","target":{"@type":"EntryPoint","urlTemplate":"https:\/\/portaltela.pt\/?s={search_term_string}"},"query-input":{"@type":"PropertyValueSpecification","valueRequired":true,"valueName":"search_term_string"}}],"inLanguage":"pt-PT"},{"@type":"Person","@id":"https:\/\/portaltela.pt\/#\/schema\/person\/c4278d4a6028830caff9ee44b42d32ed","name":"Telinha","image":{"@type":"ImageObject","inLanguage":"pt-PT","@id":"https:\/\/portaltela.pt\/s.01k8rhncp4jt1\/2025\/11\/talking-bot-125x125.png","url":"https:\/\/portaltela.pt\/s.01k8rhncp4jt1\/2025\/11\/talking-bot-125x125.png","contentUrl":"https:\/\/portaltela.pt\/s.01k8rhncp4jt1\/2025\/11\/talking-bot-125x125.png","caption":"Telinha"},"sameAs":["https:\/\/portaltela.pt\/"],"url":"https:\/\/portaltela.pt\/por\/367410592786\/"}]}},"_links":{"self":[{"href":"https:\/\/portaltela.pt\/api\/wp\/v2\/posts\/203614","targetHints":{"allow":["GET"]}}],"collection":[{"href":"https:\/\/portaltela.pt\/api\/wp\/v2\/posts"}],"about":[{"href":"https:\/\/portaltela.pt\/api\/wp\/v2\/types\/post"}],"author":[{"embeddable":true,"href":"https:\/\/portaltela.pt\/api\/wp\/v2\/users\/2"}],"replies":[{"embeddable":true,"href":"https:\/\/portaltela.pt\/api\/wp\/v2\/comments?post=203614"}],"version-history":[{"count":0,"href":"https:\/\/portaltela.pt\/api\/wp\/v2\/posts\/203614\/revisions"}],"wp:featuredmedia":[{"embeddable":true,"href":"https:\/\/portaltela.pt\/api\/wp\/v2\/media\/203615"}],"wp:attachment":[{"href":"https:\/\/portaltela.pt\/api\/wp\/v2\/media?parent=203614"}],"wp:term":[{"taxonomy":"category","embeddable":true,"href":"https:\/\/portaltela.pt\/api\/wp\/v2\/categories?post=203614"},{"taxonomy":"post_tag","embeddable":true,"href":"https:\/\/portaltela.pt\/api\/wp\/v2\/tags?post=203614"}],"curies":[{"name":"wp","href":"https:\/\/api.w.org\/{rel}","templated":true}]}}