{"id":203612,"date":"2026-02-08T04:26:22","date_gmt":"2026-02-08T07:26:22","guid":{"rendered":"https:\/\/portaltela.pt\/noticias\/2026\/02\/08\/agua-da-rede-publica-da-batalha-apta-para-consumo-humano\/"},"modified":"2026-02-08T04:26:22","modified_gmt":"2026-02-08T07:26:22","slug":"agua-da-rede-publica-da-batalha-apta-para-consumo-humano","status":"publish","type":"post","link":"https:\/\/portaltela.pt\/noticias\/2026\/02\/08\/agua-da-rede-publica-da-batalha-apta-para-consumo-humano\/","title":{"rendered":"\u00c1gua da rede p\u00fablica da Batalha apta para consumo humano"},"content":{"rendered":"<p>A \u00e1gua da rede p\u00fablica do concelho da Batalha, no distrito de Leiria, j\u00e1 se encontra em boas condi\u00e7\u00f5es para consumo humano, ap\u00f3s an\u00e1lises laboratoriais realizadas e validadas pela autarquia. A melhoria foi anunciada pela C\u00e2mara Municipal nas redes sociais.<\/p>\n<p>De acordo com a autarquia, as an\u00e1lises foram efetuadas por laborat\u00f3rios acreditados e confirmadas pela Sa\u00fade P\u00fablica de Leiria, n\u00e3o existindo, neste momento, qualquer indica\u00e7\u00e3o de restri\u00e7\u00e3o ao consumo. Recomenda-se ainda deixar correr a \u00e1gua da torneira durante alguns minutos em zonas onde houve interrup\u00e7\u00e3o ou ligeira turva\u00e7\u00e3o.<\/p>\n<p>A defesa da qualidade da \u00e1gua ser\u00e1 mantida com monitoriza\u00e7\u00e3o permanente pela C\u00e2mara. Enquanto persiste a normaliza\u00e7\u00e3o, a popula\u00e7\u00e3o deve seguir as orienta\u00e7\u00f5es locais em caso de d\u00favidas ou persist\u00eancia de altera\u00e7\u00f5es no abastecimento.<\/p>\n<h3>Situa\u00e7\u00e3o anterior atingiu v\u00e1rias localidades<\/h3>\n<p>Na quinta-feira, a \u00e1gua da rede esteve temporariamente impr\u00f3pria em v\u00e1rias localidades devido \u00e0s cheias. As \u00e1reas afetadas inclu\u00edam Golpilheira, Casal Mil Homens, Cividade, Garruchas, Colipo, Alcaidaria, Rio Seco, Celeiro, Casal Quinta, Golfeiros, Cela e Casal Novo.<\/p>\n<h3>Contexto nacional<\/h3>\n<p>Nas \u00faltimas semanas, 14 pessoas morreram em Portugal devido \u00e0s depress\u00f5es Kristin, Leonardo e Marta, que tamb\u00e9m deixaram feridos e desalojados. V\u00e1rias regi\u00f5es ficaram afetadas pela destrui\u00e7\u00e3o, quedas de estruturas e cortes de servi\u00e7os, com consequ\u00eancias materiais relevantes.<\/p>\n<h3>Medidas e impacto financeiro<\/h3>\n<p>O Governo prolongou a situa\u00e7\u00e3o de calamidade at\u00e9 dia 15 para 68 concelhos e anunciou medidas de apoio de at\u00e9 2,5 mil milh\u00f5es de euros, visando apoiar fam\u00edlias, empresas e institui\u00e7\u00f5es afetadas.<\/p>\n","protected":false},"excerpt":{"rendered":"<ul>\n<li>A \u00e1gua da rede p\u00fablica da Batalha encontra-se em boas condi\u00e7\u00f5es para consumo humano, ap\u00f3s an\u00e1lises laboratoriais validadas pela Sa\u00fade P\u00fablica de Leiria.<\/li>\n<li>N\u00e3o h\u00e1 indica\u00e7\u00e3o de restri\u00e7\u00e3o ao consumo; as an\u00e1lises foram feitas por laborat\u00f3rios acreditados e confirmadas pela autarquia.<\/li>\n<li>A popula\u00e7\u00e3o \u00e9 aconselhada a deixar correr a \u00e1gua da torneira durante alguns minutos em zonas com interrup\u00e7\u00e3o do abastecimento ou ligeira turva\u00e7\u00e3o.<\/li>\n<li>Na quinta-feira a \u00e1gua esteve temporariamente impr\u00f3pria em v\u00e1rias localidades do concelho, entre elas Golpilheira, Casal Mil Homens, Cividade, Garruchas, Colipo, Alcaidaria, Rio Seco, Celeiro, Casal Quinta, Golfeiros, Cela e Casal Novo.<\/li>\n<li>O Governo prolongou a situa\u00e7\u00e3o de calamidade at\u00e9 ao dia 15 para 68 concelhos, com medidas de apoio anunciadas at\u00e9 aos 2,5 mil milh\u00f5es de euros.<\/li>\n<\/ul>\n","protected":false},"author":2,"featured_media":203613,"comment_status":"closed","ping_status":"closed","sticky":false,"template":"","format":"standard","meta":{"footnotes":""},"categories":[1],"tags":[1503,1090,4949,4687,3701,1385],"class_list":["post-203612","post","type-post","status-publish","format-standard","has-post-thumbnail","hentry","category-noticias","tag-abastecimento-de-agua","tag-agua","tag-batalha","tag-calamidade-publica","tag-cheias","tag-leiria"],"yoast_head":"<!-- This site is optimized with the Yoast SEO plugin v27.2 - https:\/\/yoast.com\/product\/yoast-seo-wordpress\/ -->\n<title>\u00c1gua da rede p\u00fablica da Batalha apta para consumo humano - Portal Tela Portugal<\/title>\n<meta name=\"robots\" content=\"index, follow, max-snippet:-1, max-image-preview:large, max-video-preview:-1\" \/>\n<meta property=\"og:locale\" content=\"pt_PT\" \/>\n<meta property=\"og:type\" content=\"article\" \/>\n<meta property=\"og:title\" content=\"\u00c1gua da rede p\u00fablica da Batalha apta para consumo humano - Portal Tela Portugal\" \/>\n<meta property=\"og:description\" content=\"A \u00e1gua da rede p\u00fablica da Batalha encontra-se em boas condi\u00e7\u00f5es para consumo humano, ap\u00f3s an\u00e1lises laboratoriais validadas pela Sa\u00fade P\u00fablica de Leiria. N\u00e3o h\u00e1 indica\u00e7\u00e3o de restri\u00e7\u00e3o ao consumo; as an\u00e1lises foram feitas por laborat\u00f3rios acreditados e confirmadas pela autarquia. A popula\u00e7\u00e3o \u00e9 aconselhada a deixar correr a \u00e1gua da torneira durante alguns minutos em zonas com interrup\u00e7\u00e3o do abastecimento ou ligeira turva\u00e7\u00e3o. Na quinta-feira a \u00e1gua esteve temporariamente impr\u00f3pria em v\u00e1rias localidades do concelho, entre elas Golpilheira, Casal Mil Homens, Cividade, Garruchas, Colipo, Alcaidaria, Rio Seco, Celeiro, Casal Quinta, Golfeiros, Cela e Casal Novo. O Governo prolongou a situa\u00e7\u00e3o de calamidade at\u00e9 ao dia 15 para 68 concelhos, com medidas de apoio anunciadas at\u00e9 aos 2,5 mil milh\u00f5es de euros.\" \/>\n<meta property=\"og:url\" content=\"https:\/\/portaltela.pt\/noticias\/2026\/02\/08\/agua-da-rede-publica-da-batalha-apta-para-consumo-humano\/\" \/>\n<meta property=\"og:site_name\" content=\"Portal Tela Portugal\" \/>\n<meta property=\"article:published_time\" content=\"2026-02-08T07:26:22+00:00\" \/>\n<meta name=\"author\" content=\"Telinha\" \/>\n<meta name=\"twitter:card\" content=\"summary_large_image\" \/>\n<meta name=\"twitter:label1\" content=\"Escrito por\" \/>\n\t<meta name=\"twitter:data1\" content=\"Telinha\" \/>\n\t<meta name=\"twitter:label2\" content=\"Tempo estimado de leitura\" \/>\n\t<meta name=\"twitter:data2\" content=\"1 minuto\" \/>\n<script type=\"application\/ld+json\" class=\"yoast-schema-graph\">{\"@context\":\"https:\/\/schema.org\",\"@graph\":[{\"@type\":\"Article\",\"@id\":\"https:\/\/portaltela.pt\/noticias\/2026\/02\/08\/agua-da-rede-publica-da-batalha-apta-para-consumo-humano\/#article\",\"isPartOf\":{\"@id\":\"https:\/\/portaltela.pt\/noticias\/2026\/02\/08\/agua-da-rede-publica-da-batalha-apta-para-consumo-humano\/\"},\"author\":{\"name\":\"Telinha\",\"@id\":\"https:\/\/portaltela.pt\/#\/schema\/person\/c4278d4a6028830caff9ee44b42d32ed\"},\"headline\":\"\u00c1gua da rede p\u00fablica da Batalha apta para consumo humano\",\"datePublished\":\"2026-02-08T07:26:22+00:00\",\"mainEntityOfPage\":{\"@id\":\"https:\/\/portaltela.pt\/noticias\/2026\/02\/08\/agua-da-rede-publica-da-batalha-apta-para-consumo-humano\/\"},\"wordCount\":285,\"image\":{\"@id\":\"https:\/\/portaltela.pt\/noticias\/2026\/02\/08\/agua-da-rede-publica-da-batalha-apta-para-consumo-humano\/#primaryimage\"},\"thumbnailUrl\":\"https:\/\/portaltela.pt\/s.01k8rhncp4jt1\/2026\/02\/img_1500x1000uu2019-12-31-07-44-36-913403-4.jpg\",\"keywords\":[\"abastecimento de \u00e1gua\",\"\u00e1gua\",\"Batalha\",\"calamidade p\u00fablica\",\"cheias\",\"Leiria\"],\"articleSection\":[\"Not\u00edcias\"],\"inLanguage\":\"pt-PT\"},{\"@type\":\"WebPage\",\"@id\":\"https:\/\/portaltela.pt\/noticias\/2026\/02\/08\/agua-da-rede-publica-da-batalha-apta-para-consumo-humano\/\",\"url\":\"https:\/\/portaltela.pt\/noticias\/2026\/02\/08\/agua-da-rede-publica-da-batalha-apta-para-consumo-humano\/\",\"name\":\"\u00c1gua da rede p\u00fablica da Batalha apta para consumo humano - Portal Tela Portugal\",\"isPartOf\":{\"@id\":\"https:\/\/portaltela.pt\/#website\"},\"primaryImageOfPage\":{\"@id\":\"https:\/\/portaltela.pt\/noticias\/2026\/02\/08\/agua-da-rede-publica-da-batalha-apta-para-consumo-humano\/#primaryimage\"},\"image\":{\"@id\":\"https:\/\/portaltela.pt\/noticias\/2026\/02\/08\/agua-da-rede-publica-da-batalha-apta-para-consumo-humano\/#primaryimage\"},\"thumbnailUrl\":\"https:\/\/portaltela.pt\/s.01k8rhncp4jt1\/2026\/02\/img_1500x1000uu2019-12-31-07-44-36-913403-4.jpg\",\"datePublished\":\"2026-02-08T07:26:22+00:00\",\"author\":{\"@id\":\"https:\/\/portaltela.pt\/#\/schema\/person\/c4278d4a6028830caff9ee44b42d32ed\"},\"breadcrumb\":{\"@id\":\"https:\/\/portaltela.pt\/noticias\/2026\/02\/08\/agua-da-rede-publica-da-batalha-apta-para-consumo-humano\/#breadcrumb\"},\"inLanguage\":\"pt-PT\",\"potentialAction\":[{\"@type\":\"ReadAction\",\"target\":[\"https:\/\/portaltela.pt\/noticias\/2026\/02\/08\/agua-da-rede-publica-da-batalha-apta-para-consumo-humano\/\"]}]},{\"@type\":\"ImageObject\",\"inLanguage\":\"pt-PT\",\"@id\":\"https:\/\/portaltela.pt\/noticias\/2026\/02\/08\/agua-da-rede-publica-da-batalha-apta-para-consumo-humano\/#primaryimage\",\"url\":\"https:\/\/portaltela.pt\/s.01k8rhncp4jt1\/2026\/02\/img_1500x1000uu2019-12-31-07-44-36-913403-4.jpg\",\"contentUrl\":\"https:\/\/portaltela.pt\/s.01k8rhncp4jt1\/2026\/02\/img_1500x1000uu2019-12-31-07-44-36-913403-4.jpg\",\"width\":796,\"height\":448,\"caption\":\"\u00c1gua da rede p\u00fablica da Batalha em condi\u00e7\u00f5es para consumo humano\"},{\"@type\":\"BreadcrumbList\",\"@id\":\"https:\/\/portaltela.pt\/noticias\/2026\/02\/08\/agua-da-rede-publica-da-batalha-apta-para-consumo-humano\/#breadcrumb\",\"itemListElement\":[{\"@type\":\"ListItem\",\"position\":1,\"name\":\"In\u00edcio\",\"item\":\"https:\/\/portaltela.pt\/\"},{\"@type\":\"ListItem\",\"position\":2,\"name\":\"\u00c1gua da rede p\u00fablica da Batalha apta para consumo humano\"}]},{\"@type\":\"WebSite\",\"@id\":\"https:\/\/portaltela.pt\/#website\",\"url\":\"https:\/\/portaltela.pt\/\",\"name\":\"Portal Tela Portugal\",\"description\":\"\",\"potentialAction\":[{\"@type\":\"SearchAction\",\"target\":{\"@type\":\"EntryPoint\",\"urlTemplate\":\"https:\/\/portaltela.pt\/?s={search_term_string}\"},\"query-input\":{\"@type\":\"PropertyValueSpecification\",\"valueRequired\":true,\"valueName\":\"search_term_string\"}}],\"inLanguage\":\"pt-PT\"},{\"@type\":\"Person\",\"@id\":\"https:\/\/portaltela.pt\/#\/schema\/person\/c4278d4a6028830caff9ee44b42d32ed\",\"name\":\"Telinha\",\"image\":{\"@type\":\"ImageObject\",\"inLanguage\":\"pt-PT\",\"@id\":\"https:\/\/portaltela.pt\/s.01k8rhncp4jt1\/2025\/11\/talking-bot-125x125.png\",\"url\":\"https:\/\/portaltela.pt\/s.01k8rhncp4jt1\/2025\/11\/talking-bot-125x125.png\",\"contentUrl\":\"https:\/\/portaltela.pt\/s.01k8rhncp4jt1\/2025\/11\/talking-bot-125x125.png\",\"caption\":\"Telinha\"},\"sameAs\":[\"https:\/\/portaltela.pt\/\"],\"url\":\"https:\/\/portaltela.pt\/por\/367410592786\/\"}]}<\/script>\n<!-- \/ Yoast SEO plugin. -->","yoast_head_json":{"title":"\u00c1gua da rede p\u00fablica da Batalha apta para consumo humano - Portal Tela Portugal","robots":{"index":"index","follow":"follow","max-snippet":"max-snippet:-1","max-image-preview":"max-image-preview:large","max-video-preview":"max-video-preview:-1"},"og_locale":"pt_PT","og_type":"article","og_title":"\u00c1gua da rede p\u00fablica da Batalha apta para consumo humano - Portal Tela Portugal","og_description":"A \u00e1gua da rede p\u00fablica da Batalha encontra-se em boas condi\u00e7\u00f5es para consumo humano, ap\u00f3s an\u00e1lises laboratoriais validadas pela Sa\u00fade P\u00fablica de Leiria. N\u00e3o h\u00e1 indica\u00e7\u00e3o de restri\u00e7\u00e3o ao consumo; as an\u00e1lises foram feitas por laborat\u00f3rios acreditados e confirmadas pela autarquia. A popula\u00e7\u00e3o \u00e9 aconselhada a deixar correr a \u00e1gua da torneira durante alguns minutos em zonas com interrup\u00e7\u00e3o do abastecimento ou ligeira turva\u00e7\u00e3o. Na quinta-feira a \u00e1gua esteve temporariamente impr\u00f3pria em v\u00e1rias localidades do concelho, entre elas Golpilheira, Casal Mil Homens, Cividade, Garruchas, Colipo, Alcaidaria, Rio Seco, Celeiro, Casal Quinta, Golfeiros, Cela e Casal Novo. O Governo prolongou a situa\u00e7\u00e3o de calamidade at\u00e9 ao dia 15 para 68 concelhos, com medidas de apoio anunciadas at\u00e9 aos 2,5 mil milh\u00f5es de euros.","og_url":"https:\/\/portaltela.pt\/noticias\/2026\/02\/08\/agua-da-rede-publica-da-batalha-apta-para-consumo-humano\/","og_site_name":"Portal Tela Portugal","article_published_time":"2026-02-08T07:26:22+00:00","author":"Telinha","twitter_card":"summary_large_image","twitter_misc":{"Escrito por":"Telinha","Tempo estimado de leitura":"1 minuto"},"schema":{"@context":"https:\/\/schema.org","@graph":[{"@type":"Article","@id":"https:\/\/portaltela.pt\/noticias\/2026\/02\/08\/agua-da-rede-publica-da-batalha-apta-para-consumo-humano\/#article","isPartOf":{"@id":"https:\/\/portaltela.pt\/noticias\/2026\/02\/08\/agua-da-rede-publica-da-batalha-apta-para-consumo-humano\/"},"author":{"name":"Telinha","@id":"https:\/\/portaltela.pt\/#\/schema\/person\/c4278d4a6028830caff9ee44b42d32ed"},"headline":"\u00c1gua da rede p\u00fablica da Batalha apta para consumo humano","datePublished":"2026-02-08T07:26:22+00:00","mainEntityOfPage":{"@id":"https:\/\/portaltela.pt\/noticias\/2026\/02\/08\/agua-da-rede-publica-da-batalha-apta-para-consumo-humano\/"},"wordCount":285,"image":{"@id":"https:\/\/portaltela.pt\/noticias\/2026\/02\/08\/agua-da-rede-publica-da-batalha-apta-para-consumo-humano\/#primaryimage"},"thumbnailUrl":"https:\/\/portaltela.pt\/s.01k8rhncp4jt1\/2026\/02\/img_1500x1000uu2019-12-31-07-44-36-913403-4.jpg","keywords":["abastecimento de \u00e1gua","\u00e1gua","Batalha","calamidade p\u00fablica","cheias","Leiria"],"articleSection":["Not\u00edcias"],"inLanguage":"pt-PT"},{"@type":"WebPage","@id":"https:\/\/portaltela.pt\/noticias\/2026\/02\/08\/agua-da-rede-publica-da-batalha-apta-para-consumo-humano\/","url":"https:\/\/portaltela.pt\/noticias\/2026\/02\/08\/agua-da-rede-publica-da-batalha-apta-para-consumo-humano\/","name":"\u00c1gua da rede p\u00fablica da Batalha apta para consumo humano - Portal Tela Portugal","isPartOf":{"@id":"https:\/\/portaltela.pt\/#website"},"primaryImageOfPage":{"@id":"https:\/\/portaltela.pt\/noticias\/2026\/02\/08\/agua-da-rede-publica-da-batalha-apta-para-consumo-humano\/#primaryimage"},"image":{"@id":"https:\/\/portaltela.pt\/noticias\/2026\/02\/08\/agua-da-rede-publica-da-batalha-apta-para-consumo-humano\/#primaryimage"},"thumbnailUrl":"https:\/\/portaltela.pt\/s.01k8rhncp4jt1\/2026\/02\/img_1500x1000uu2019-12-31-07-44-36-913403-4.jpg","datePublished":"2026-02-08T07:26:22+00:00","author":{"@id":"https:\/\/portaltela.pt\/#\/schema\/person\/c4278d4a6028830caff9ee44b42d32ed"},"breadcrumb":{"@id":"https:\/\/portaltela.pt\/noticias\/2026\/02\/08\/agua-da-rede-publica-da-batalha-apta-para-consumo-humano\/#breadcrumb"},"inLanguage":"pt-PT","potentialAction":[{"@type":"ReadAction","target":["https:\/\/portaltela.pt\/noticias\/2026\/02\/08\/agua-da-rede-publica-da-batalha-apta-para-consumo-humano\/"]}]},{"@type":"ImageObject","inLanguage":"pt-PT","@id":"https:\/\/portaltela.pt\/noticias\/2026\/02\/08\/agua-da-rede-publica-da-batalha-apta-para-consumo-humano\/#primaryimage","url":"https:\/\/portaltela.pt\/s.01k8rhncp4jt1\/2026\/02\/img_1500x1000uu2019-12-31-07-44-36-913403-4.jpg","contentUrl":"https:\/\/portaltela.pt\/s.01k8rhncp4jt1\/2026\/02\/img_1500x1000uu2019-12-31-07-44-36-913403-4.jpg","width":796,"height":448,"caption":"\u00c1gua da rede p\u00fablica da Batalha em condi\u00e7\u00f5es para consumo humano"},{"@type":"BreadcrumbList","@id":"https:\/\/portaltela.pt\/noticias\/2026\/02\/08\/agua-da-rede-publica-da-batalha-apta-para-consumo-humano\/#breadcrumb","itemListElement":[{"@type":"ListItem","position":1,"name":"In\u00edcio","item":"https:\/\/portaltela.pt\/"},{"@type":"ListItem","position":2,"name":"\u00c1gua da rede p\u00fablica da Batalha apta para consumo humano"}]},{"@type":"WebSite","@id":"https:\/\/portaltela.pt\/#website","url":"https:\/\/portaltela.pt\/","name":"Portal Tela Portugal","description":"","potentialAction":[{"@type":"SearchAction","target":{"@type":"EntryPoint","urlTemplate":"https:\/\/portaltela.pt\/?s={search_term_string}"},"query-input":{"@type":"PropertyValueSpecification","valueRequired":true,"valueName":"search_term_string"}}],"inLanguage":"pt-PT"},{"@type":"Person","@id":"https:\/\/portaltela.pt\/#\/schema\/person\/c4278d4a6028830caff9ee44b42d32ed","name":"Telinha","image":{"@type":"ImageObject","inLanguage":"pt-PT","@id":"https:\/\/portaltela.pt\/s.01k8rhncp4jt1\/2025\/11\/talking-bot-125x125.png","url":"https:\/\/portaltela.pt\/s.01k8rhncp4jt1\/2025\/11\/talking-bot-125x125.png","contentUrl":"https:\/\/portaltela.pt\/s.01k8rhncp4jt1\/2025\/11\/talking-bot-125x125.png","caption":"Telinha"},"sameAs":["https:\/\/portaltela.pt\/"],"url":"https:\/\/portaltela.pt\/por\/367410592786\/"}]}},"_links":{"self":[{"href":"https:\/\/portaltela.pt\/api\/wp\/v2\/posts\/203612","targetHints":{"allow":["GET"]}}],"collection":[{"href":"https:\/\/portaltela.pt\/api\/wp\/v2\/posts"}],"about":[{"href":"https:\/\/portaltela.pt\/api\/wp\/v2\/types\/post"}],"author":[{"embeddable":true,"href":"https:\/\/portaltela.pt\/api\/wp\/v2\/users\/2"}],"replies":[{"embeddable":true,"href":"https:\/\/portaltela.pt\/api\/wp\/v2\/comments?post=203612"}],"version-history":[{"count":0,"href":"https:\/\/portaltela.pt\/api\/wp\/v2\/posts\/203612\/revisions"}],"wp:featuredmedia":[{"embeddable":true,"href":"https:\/\/portaltela.pt\/api\/wp\/v2\/media\/203613"}],"wp:attachment":[{"href":"https:\/\/portaltela.pt\/api\/wp\/v2\/media?parent=203612"}],"wp:term":[{"taxonomy":"category","embeddable":true,"href":"https:\/\/portaltela.pt\/api\/wp\/v2\/categories?post=203612"},{"taxonomy":"post_tag","embeddable":true,"href":"https:\/\/portaltela.pt\/api\/wp\/v2\/tags?post=203612"}],"curies":[{"name":"wp","href":"https:\/\/api.w.org\/{rel}","templated":true}]}}