{"id":203603,"date":"2026-02-08T04:00:00","date_gmt":"2026-02-08T07:00:00","guid":{"rendered":"https:\/\/portaltela.pt\/noticias\/2026\/02\/08\/angola-e-pais-africano-com-mais-brasileiros-angolanos-querem-estudar-no-brasil\/"},"modified":"2026-02-08T04:00:00","modified_gmt":"2026-02-08T07:00:00","slug":"angola-e-pais-africano-com-mais-brasileiros-angolanos-querem-estudar-no-brasil","status":"publish","type":"post","link":"https:\/\/portaltela.pt\/noticias\/politica\/2026\/02\/08\/angola-e-pais-africano-com-mais-brasileiros-angolanos-querem-estudar-no-brasil\/","title":{"rendered":"Angola \u00e9 pa\u00eds africano com mais brasileiros; angolanos querem estudar no Brasil"},"content":{"rendered":"<p>Angola \u00e9 o pa\u00eds africano com a maior comunidade brasileira, e um n\u00famero crescente de angolanos procura estudar no Brasil. A evolu\u00e7\u00e3o tem pressionado a emiss\u00e3o de vistos, segundo o c\u00f4nsul-geral do Brasil em Luanda.<\/p>\n<p>A afirma\u00e7\u00e3o foi feita no contexto de uma tend\u00eancia de maior mobilidade entre os dois pa\u00edses. A preocupa\u00e7\u00e3o passa pelos prazos de visto e pela necessidade de manter fluxos equilibrados entre educa\u00e7\u00e3o e imigra\u00e7\u00e3o.<\/p>\n<p>O consulado brasileiro em Luanda tem acompanhado o aumento de pedidos e trabalha para gerir a carteira de vistos de estudo, mantendo a regularidade administrativa e a coopera\u00e7\u00e3o com as autoridades brasileiras para evitar atrasos desproporcionais.<\/p>\n","protected":false},"excerpt":{"rendered":"<ul>\n<li>Angola \u00e9 o pa\u00eds africano com a maior comunidade brasileira, segundo o c\u00f4nsul-geral do Brasil em Luanda.<\/li>\n<li>Cada vez mais angolanos procuram estudar no Brasil, aumentando a press\u00e3o sobre a emiss\u00e3o de vistos.<\/li>\n<li>As declara\u00e7\u00f5es foram feitas pelo c\u00f4nsul-geral do Brasil em Luanda.<\/li>\n<li>A situa\u00e7\u00e3o reflete o aumento do interesse educativo entre Angola e o Brasil.<\/li>\n<\/ul>\n","protected":false},"author":2,"featured_media":203604,"comment_status":"closed","ping_status":"closed","sticky":false,"template":"","format":"standard","meta":{"footnotes":""},"categories":[1,5],"tags":[4837,2547,163,69,712,2110],"class_list":["post-203603","post","type-post","status-publish","format-standard","has-post-thumbnail","hentry","category-noticias","category-politica","tag-angola","tag-brasil","tag-educacao","tag-estudos","tag-imigracao","tag-mobilidade"],"yoast_head":"<!-- This site is optimized with the Yoast SEO plugin v27.2 - https:\/\/yoast.com\/product\/yoast-seo-wordpress\/ -->\n<title>Angola \u00e9 pa\u00eds africano com mais brasileiros; angolanos querem estudar no Brasil - Portal Tela Portugal<\/title>\n<meta name=\"robots\" content=\"index, follow, max-snippet:-1, max-image-preview:large, max-video-preview:-1\" \/>\n<meta property=\"og:locale\" content=\"pt_PT\" \/>\n<meta property=\"og:type\" content=\"article\" \/>\n<meta property=\"og:title\" content=\"Angola \u00e9 pa\u00eds africano com mais brasileiros; angolanos querem estudar no Brasil - Portal Tela Portugal\" \/>\n<meta property=\"og:description\" content=\"Angola \u00e9 o pa\u00eds africano com a maior comunidade brasileira, segundo o c\u00f4nsul-geral do Brasil em Luanda. Cada vez mais angolanos procuram estudar no Brasil, aumentando a press\u00e3o sobre a emiss\u00e3o de vistos. As declara\u00e7\u00f5es foram feitas pelo c\u00f4nsul-geral do Brasil em Luanda. A situa\u00e7\u00e3o reflete o aumento do interesse educativo entre Angola e o Brasil.\" \/>\n<meta property=\"og:url\" content=\"https:\/\/portaltela.pt\/noticias\/2026\/02\/08\/angola-e-pais-africano-com-mais-brasileiros-angolanos-querem-estudar-no-brasil\/\" \/>\n<meta property=\"og:site_name\" content=\"Portal Tela Portugal\" \/>\n<meta property=\"article:published_time\" content=\"2026-02-08T07:00:00+00:00\" \/>\n<meta name=\"author\" content=\"Telinha\" \/>\n<meta name=\"twitter:card\" content=\"summary_large_image\" \/>\n<meta name=\"twitter:label1\" content=\"Escrito por\" \/>\n\t<meta name=\"twitter:data1\" content=\"Telinha\" \/>\n\t<meta name=\"twitter:label2\" content=\"Tempo estimado de leitura\" \/>\n\t<meta name=\"twitter:data2\" content=\"1 minuto\" \/>\n<script type=\"application\/ld+json\" class=\"yoast-schema-graph\">{\"@context\":\"https:\/\/schema.org\",\"@graph\":[{\"@type\":\"Article\",\"@id\":\"https:\/\/portaltela.pt\/noticias\/2026\/02\/08\/angola-e-pais-africano-com-mais-brasileiros-angolanos-querem-estudar-no-brasil\/#article\",\"isPartOf\":{\"@id\":\"https:\/\/portaltela.pt\/noticias\/2026\/02\/08\/angola-e-pais-africano-com-mais-brasileiros-angolanos-querem-estudar-no-brasil\/\"},\"author\":{\"name\":\"Telinha\",\"@id\":\"https:\/\/portaltela.pt\/#\/schema\/person\/c4278d4a6028830caff9ee44b42d32ed\"},\"headline\":\"Angola \u00e9 pa\u00eds africano com mais brasileiros; angolanos querem estudar no Brasil\",\"datePublished\":\"2026-02-08T07:00:00+00:00\",\"mainEntityOfPage\":{\"@id\":\"https:\/\/portaltela.pt\/noticias\/2026\/02\/08\/angola-e-pais-africano-com-mais-brasileiros-angolanos-querem-estudar-no-brasil\/\"},\"wordCount\":128,\"image\":{\"@id\":\"https:\/\/portaltela.pt\/noticias\/2026\/02\/08\/angola-e-pais-africano-com-mais-brasileiros-angolanos-querem-estudar-no-brasil\/#primaryimage\"},\"thumbnailUrl\":\"https:\/\/portaltela.pt\/s.01k8rhncp4jt1\/2026\/02\/CACHE_780X1200_ANALOG_WATERMARKED_46501360_1254859_06022026105511.jpg\",\"keywords\":[\"Angola\",\"Brasil\",\"educa\u00e7\u00e3o\",\"estudos\",\"imigra\u00e7\u00e3o\",\"mobilidade\"],\"articleSection\":[\"Not\u00edcias\",\"Pol\u00edtica\"],\"inLanguage\":\"pt-PT\"},{\"@type\":\"WebPage\",\"@id\":\"https:\/\/portaltela.pt\/noticias\/2026\/02\/08\/angola-e-pais-africano-com-mais-brasileiros-angolanos-querem-estudar-no-brasil\/\",\"url\":\"https:\/\/portaltela.pt\/noticias\/2026\/02\/08\/angola-e-pais-africano-com-mais-brasileiros-angolanos-querem-estudar-no-brasil\/\",\"name\":\"Angola \u00e9 pa\u00eds africano com mais brasileiros; angolanos querem estudar no Brasil - Portal Tela Portugal\",\"isPartOf\":{\"@id\":\"https:\/\/portaltela.pt\/#website\"},\"primaryImageOfPage\":{\"@id\":\"https:\/\/portaltela.pt\/noticias\/2026\/02\/08\/angola-e-pais-africano-com-mais-brasileiros-angolanos-querem-estudar-no-brasil\/#primaryimage\"},\"image\":{\"@id\":\"https:\/\/portaltela.pt\/noticias\/2026\/02\/08\/angola-e-pais-africano-com-mais-brasileiros-angolanos-querem-estudar-no-brasil\/#primaryimage\"},\"thumbnailUrl\":\"https:\/\/portaltela.pt\/s.01k8rhncp4jt1\/2026\/02\/CACHE_780X1200_ANALOG_WATERMARKED_46501360_1254859_06022026105511.jpg\",\"datePublished\":\"2026-02-08T07:00:00+00:00\",\"author\":{\"@id\":\"https:\/\/portaltela.pt\/#\/schema\/person\/c4278d4a6028830caff9ee44b42d32ed\"},\"breadcrumb\":{\"@id\":\"https:\/\/portaltela.pt\/noticias\/2026\/02\/08\/angola-e-pais-africano-com-mais-brasileiros-angolanos-querem-estudar-no-brasil\/#breadcrumb\"},\"inLanguage\":\"pt-PT\",\"potentialAction\":[{\"@type\":\"ReadAction\",\"target\":[\"https:\/\/portaltela.pt\/noticias\/2026\/02\/08\/angola-e-pais-africano-com-mais-brasileiros-angolanos-querem-estudar-no-brasil\/\"]}]},{\"@type\":\"ImageObject\",\"inLanguage\":\"pt-PT\",\"@id\":\"https:\/\/portaltela.pt\/noticias\/2026\/02\/08\/angola-e-pais-africano-com-mais-brasileiros-angolanos-querem-estudar-no-brasil\/#primaryimage\",\"url\":\"https:\/\/portaltela.pt\/s.01k8rhncp4jt1\/2026\/02\/CACHE_780X1200_ANALOG_WATERMARKED_46501360_1254859_06022026105511.jpg\",\"contentUrl\":\"https:\/\/portaltela.pt\/s.01k8rhncp4jt1\/2026\/02\/CACHE_780X1200_ANALOG_WATERMARKED_46501360_1254859_06022026105511.jpg\",\"width\":796,\"height\":448,\"caption\":\"Angola \u00e9 o pa\u00eds africano com mais brasileiros, angolanos querem estudar no Brasil\"},{\"@type\":\"BreadcrumbList\",\"@id\":\"https:\/\/portaltela.pt\/noticias\/2026\/02\/08\/angola-e-pais-africano-com-mais-brasileiros-angolanos-querem-estudar-no-brasil\/#breadcrumb\",\"itemListElement\":[{\"@type\":\"ListItem\",\"position\":1,\"name\":\"In\u00edcio\",\"item\":\"https:\/\/portaltela.pt\/\"},{\"@type\":\"ListItem\",\"position\":2,\"name\":\"Angola \u00e9 pa\u00eds africano com mais brasileiros; angolanos querem estudar no Brasil\"}]},{\"@type\":\"WebSite\",\"@id\":\"https:\/\/portaltela.pt\/#website\",\"url\":\"https:\/\/portaltela.pt\/\",\"name\":\"Portal Tela Portugal\",\"description\":\"\",\"potentialAction\":[{\"@type\":\"SearchAction\",\"target\":{\"@type\":\"EntryPoint\",\"urlTemplate\":\"https:\/\/portaltela.pt\/?s={search_term_string}\"},\"query-input\":{\"@type\":\"PropertyValueSpecification\",\"valueRequired\":true,\"valueName\":\"search_term_string\"}}],\"inLanguage\":\"pt-PT\"},{\"@type\":\"Person\",\"@id\":\"https:\/\/portaltela.pt\/#\/schema\/person\/c4278d4a6028830caff9ee44b42d32ed\",\"name\":\"Telinha\",\"image\":{\"@type\":\"ImageObject\",\"inLanguage\":\"pt-PT\",\"@id\":\"https:\/\/portaltela.pt\/s.01k8rhncp4jt1\/2025\/11\/talking-bot-125x125.png\",\"url\":\"https:\/\/portaltela.pt\/s.01k8rhncp4jt1\/2025\/11\/talking-bot-125x125.png\",\"contentUrl\":\"https:\/\/portaltela.pt\/s.01k8rhncp4jt1\/2025\/11\/talking-bot-125x125.png\",\"caption\":\"Telinha\"},\"sameAs\":[\"https:\/\/portaltela.pt\/\"],\"url\":\"https:\/\/portaltela.pt\/por\/367410592786\/\"}]}<\/script>\n<!-- \/ Yoast SEO plugin. -->","yoast_head_json":{"title":"Angola \u00e9 pa\u00eds africano com mais brasileiros; angolanos querem estudar no Brasil - Portal Tela Portugal","robots":{"index":"index","follow":"follow","max-snippet":"max-snippet:-1","max-image-preview":"max-image-preview:large","max-video-preview":"max-video-preview:-1"},"og_locale":"pt_PT","og_type":"article","og_title":"Angola \u00e9 pa\u00eds africano com mais brasileiros; angolanos querem estudar no Brasil - Portal Tela Portugal","og_description":"Angola \u00e9 o pa\u00eds africano com a maior comunidade brasileira, segundo o c\u00f4nsul-geral do Brasil em Luanda. Cada vez mais angolanos procuram estudar no Brasil, aumentando a press\u00e3o sobre a emiss\u00e3o de vistos. As declara\u00e7\u00f5es foram feitas pelo c\u00f4nsul-geral do Brasil em Luanda. A situa\u00e7\u00e3o reflete o aumento do interesse educativo entre Angola e o Brasil.","og_url":"https:\/\/portaltela.pt\/noticias\/2026\/02\/08\/angola-e-pais-africano-com-mais-brasileiros-angolanos-querem-estudar-no-brasil\/","og_site_name":"Portal Tela Portugal","article_published_time":"2026-02-08T07:00:00+00:00","author":"Telinha","twitter_card":"summary_large_image","twitter_misc":{"Escrito por":"Telinha","Tempo estimado de leitura":"1 minuto"},"schema":{"@context":"https:\/\/schema.org","@graph":[{"@type":"Article","@id":"https:\/\/portaltela.pt\/noticias\/2026\/02\/08\/angola-e-pais-africano-com-mais-brasileiros-angolanos-querem-estudar-no-brasil\/#article","isPartOf":{"@id":"https:\/\/portaltela.pt\/noticias\/2026\/02\/08\/angola-e-pais-africano-com-mais-brasileiros-angolanos-querem-estudar-no-brasil\/"},"author":{"name":"Telinha","@id":"https:\/\/portaltela.pt\/#\/schema\/person\/c4278d4a6028830caff9ee44b42d32ed"},"headline":"Angola \u00e9 pa\u00eds africano com mais brasileiros; angolanos querem estudar no Brasil","datePublished":"2026-02-08T07:00:00+00:00","mainEntityOfPage":{"@id":"https:\/\/portaltela.pt\/noticias\/2026\/02\/08\/angola-e-pais-africano-com-mais-brasileiros-angolanos-querem-estudar-no-brasil\/"},"wordCount":128,"image":{"@id":"https:\/\/portaltela.pt\/noticias\/2026\/02\/08\/angola-e-pais-africano-com-mais-brasileiros-angolanos-querem-estudar-no-brasil\/#primaryimage"},"thumbnailUrl":"https:\/\/portaltela.pt\/s.01k8rhncp4jt1\/2026\/02\/CACHE_780X1200_ANALOG_WATERMARKED_46501360_1254859_06022026105511.jpg","keywords":["Angola","Brasil","educa\u00e7\u00e3o","estudos","imigra\u00e7\u00e3o","mobilidade"],"articleSection":["Not\u00edcias","Pol\u00edtica"],"inLanguage":"pt-PT"},{"@type":"WebPage","@id":"https:\/\/portaltela.pt\/noticias\/2026\/02\/08\/angola-e-pais-africano-com-mais-brasileiros-angolanos-querem-estudar-no-brasil\/","url":"https:\/\/portaltela.pt\/noticias\/2026\/02\/08\/angola-e-pais-africano-com-mais-brasileiros-angolanos-querem-estudar-no-brasil\/","name":"Angola \u00e9 pa\u00eds africano com mais brasileiros; angolanos querem estudar no Brasil - Portal Tela Portugal","isPartOf":{"@id":"https:\/\/portaltela.pt\/#website"},"primaryImageOfPage":{"@id":"https:\/\/portaltela.pt\/noticias\/2026\/02\/08\/angola-e-pais-africano-com-mais-brasileiros-angolanos-querem-estudar-no-brasil\/#primaryimage"},"image":{"@id":"https:\/\/portaltela.pt\/noticias\/2026\/02\/08\/angola-e-pais-africano-com-mais-brasileiros-angolanos-querem-estudar-no-brasil\/#primaryimage"},"thumbnailUrl":"https:\/\/portaltela.pt\/s.01k8rhncp4jt1\/2026\/02\/CACHE_780X1200_ANALOG_WATERMARKED_46501360_1254859_06022026105511.jpg","datePublished":"2026-02-08T07:00:00+00:00","author":{"@id":"https:\/\/portaltela.pt\/#\/schema\/person\/c4278d4a6028830caff9ee44b42d32ed"},"breadcrumb":{"@id":"https:\/\/portaltela.pt\/noticias\/2026\/02\/08\/angola-e-pais-africano-com-mais-brasileiros-angolanos-querem-estudar-no-brasil\/#breadcrumb"},"inLanguage":"pt-PT","potentialAction":[{"@type":"ReadAction","target":["https:\/\/portaltela.pt\/noticias\/2026\/02\/08\/angola-e-pais-africano-com-mais-brasileiros-angolanos-querem-estudar-no-brasil\/"]}]},{"@type":"ImageObject","inLanguage":"pt-PT","@id":"https:\/\/portaltela.pt\/noticias\/2026\/02\/08\/angola-e-pais-africano-com-mais-brasileiros-angolanos-querem-estudar-no-brasil\/#primaryimage","url":"https:\/\/portaltela.pt\/s.01k8rhncp4jt1\/2026\/02\/CACHE_780X1200_ANALOG_WATERMARKED_46501360_1254859_06022026105511.jpg","contentUrl":"https:\/\/portaltela.pt\/s.01k8rhncp4jt1\/2026\/02\/CACHE_780X1200_ANALOG_WATERMARKED_46501360_1254859_06022026105511.jpg","width":796,"height":448,"caption":"Angola \u00e9 o pa\u00eds africano com mais brasileiros, angolanos querem estudar no Brasil"},{"@type":"BreadcrumbList","@id":"https:\/\/portaltela.pt\/noticias\/2026\/02\/08\/angola-e-pais-africano-com-mais-brasileiros-angolanos-querem-estudar-no-brasil\/#breadcrumb","itemListElement":[{"@type":"ListItem","position":1,"name":"In\u00edcio","item":"https:\/\/portaltela.pt\/"},{"@type":"ListItem","position":2,"name":"Angola \u00e9 pa\u00eds africano com mais brasileiros; angolanos querem estudar no Brasil"}]},{"@type":"WebSite","@id":"https:\/\/portaltela.pt\/#website","url":"https:\/\/portaltela.pt\/","name":"Portal Tela Portugal","description":"","potentialAction":[{"@type":"SearchAction","target":{"@type":"EntryPoint","urlTemplate":"https:\/\/portaltela.pt\/?s={search_term_string}"},"query-input":{"@type":"PropertyValueSpecification","valueRequired":true,"valueName":"search_term_string"}}],"inLanguage":"pt-PT"},{"@type":"Person","@id":"https:\/\/portaltela.pt\/#\/schema\/person\/c4278d4a6028830caff9ee44b42d32ed","name":"Telinha","image":{"@type":"ImageObject","inLanguage":"pt-PT","@id":"https:\/\/portaltela.pt\/s.01k8rhncp4jt1\/2025\/11\/talking-bot-125x125.png","url":"https:\/\/portaltela.pt\/s.01k8rhncp4jt1\/2025\/11\/talking-bot-125x125.png","contentUrl":"https:\/\/portaltela.pt\/s.01k8rhncp4jt1\/2025\/11\/talking-bot-125x125.png","caption":"Telinha"},"sameAs":["https:\/\/portaltela.pt\/"],"url":"https:\/\/portaltela.pt\/por\/367410592786\/"}]}},"_links":{"self":[{"href":"https:\/\/portaltela.pt\/api\/wp\/v2\/posts\/203603","targetHints":{"allow":["GET"]}}],"collection":[{"href":"https:\/\/portaltela.pt\/api\/wp\/v2\/posts"}],"about":[{"href":"https:\/\/portaltela.pt\/api\/wp\/v2\/types\/post"}],"author":[{"embeddable":true,"href":"https:\/\/portaltela.pt\/api\/wp\/v2\/users\/2"}],"replies":[{"embeddable":true,"href":"https:\/\/portaltela.pt\/api\/wp\/v2\/comments?post=203603"}],"version-history":[{"count":0,"href":"https:\/\/portaltela.pt\/api\/wp\/v2\/posts\/203603\/revisions"}],"wp:featuredmedia":[{"embeddable":true,"href":"https:\/\/portaltela.pt\/api\/wp\/v2\/media\/203604"}],"wp:attachment":[{"href":"https:\/\/portaltela.pt\/api\/wp\/v2\/media?parent=203603"}],"wp:term":[{"taxonomy":"category","embeddable":true,"href":"https:\/\/portaltela.pt\/api\/wp\/v2\/categories?post=203603"},{"taxonomy":"post_tag","embeddable":true,"href":"https:\/\/portaltela.pt\/api\/wp\/v2\/tags?post=203603"}],"curies":[{"name":"wp","href":"https:\/\/api.w.org\/{rel}","templated":true}]}}