{"id":203597,"date":"2026-02-08T04:02:54","date_gmt":"2026-02-08T07:02:54","guid":{"rendered":"https:\/\/portaltela.pt\/noticias\/2026\/02\/08\/especies-invasoras-ameacam-lagoa-fragil-de-veneza\/"},"modified":"2026-02-08T04:02:54","modified_gmt":"2026-02-08T07:02:54","slug":"especies-invasoras-ameacam-lagoa-fragil-de-veneza","status":"publish","type":"post","link":"https:\/\/portaltela.pt\/noticias\/2026\/02\/08\/especies-invasoras-ameacam-lagoa-fragil-de-veneza\/","title":{"rendered":"Esp\u00e9cies invasoras amea\u00e7am lagoa fr\u00e1gil de Veneza"},"content":{"rendered":"<p>A laguna de Veneza enfrenta novos riscos com a chegada de esp\u00e9cies invasoras, agravando uma situa\u00e7\u00e3o j\u00e1 fr\u00e1gil pela subida do n\u00edvel do mar. O estudo indica que o aquecimento das \u00e1guas favorece a prolifera\u00e7\u00e3o de organismos n\u00e3o nativos na \u00e1rea lagunar. A situa\u00e7\u00e3o agrava a vulnerabilidade ecol\u00f3gica e as comunidades piscat\u00f3rias locais.<\/p>\n<p>Investigadores da Universidade de P\u00e1dua e do Instituto Nacional de Oceanografia e Geof\u00edsica Experimental (OGS) supervisionam a pesquisa sobre as esp\u00e9cies invasoras. O foco est\u00e1 na medusa-pente verrugosa, cuja presen\u00e7a aumenta o risco de desequil\u00edbrios no ecossistema lagunar.<\/p>\n<p>A an\u00e1lise aponta padr\u00f5es sazonais com picos de reprodu\u00e7\u00e3o no fim da primavera e no in\u00edcio do outono. A temperatura e a salinidade ideais potencializam as floradas, que podem comprometer a renova\u00e7\u00e3o de esp\u00e9cies-chave na laguna veneziana.<\/p>\n<h3>Medusa canibal invade laguna de Veneza<\/h3>\n<p>A medusa-pente verrugosa, classificada entre as 100 esp\u00e9cies invasoras mais nocivas, chegou ao Adri\u00e1tico h\u00e1 quase uma d\u00e9cada. Este cten\u00f3foro consome ovos e est\u00e1gios larvais de peixes e bivalves, afetando a cadeia alimentar.<\/p>\n<p>Valentina Tirelli, pesquisadora do OGS, afirma que o invasor pode formar grandes agrega\u00e7\u00f5es e impactar o funcionamento do ecossistema lagunar. A esp\u00e9cie \u00e9 descrita como predadora voraz de zoopl\u00e2ncton, base alimentar de v\u00e1rias esp\u00e9cies locais.<\/p>\n<p>Os cientistas alertam para impactos na pesca, com redes entupidas e redu\u00e7\u00f5es de capturas. As esp\u00e9cies-alvo mais afetadas incluem o choco e o caboz-de-areia, de import\u00e2ncia econ\u00f3mica para Veneza.<\/p>\n<h3>Caranguejo-azul dizima capturas no Adri\u00e1tico<\/h3>\n<p>Al\u00e9m da laguna, o Adri\u00e1tico norte v\u00ea o crescimento do caranguejo-azul gigante, introduzido no final dos anos 1940. A esp\u00e9cie, sem predadores naturais na regi\u00e3o, tem crescido devido ao aquecimento das \u00e1guas.<\/p>\n<p>Autoridades e associa\u00e7\u00f5es de pescadores estudam estrat\u00e9gias para explorar o caranguejo, incluindo a exporta\u00e7\u00e3o para os EUA. No entanto, especialistas alertam para riscos de despriorizar esp\u00e9cies locais e tradi\u00e7\u00f5es gastron\u00f3micas.<\/p>\n<p>A incid\u00eancia do caranguejo-azul j\u00e1 se reflete na venda a pre\u00e7os entre 8 a 10 euros por quilo. A press\u00e3o sobre as t\u00e9cnicas de pesca locais pode comprometer pr\u00e1ticas hist\u00f3ricas da regi\u00e3o.<\/p>\n","protected":false},"excerpt":{"rendered":"<ul>\n<li>Investigadores da Universidade de P\u00e1dua e do Instituto Nacional de Oceanografia e Geof\u00edsica Experimental alertam que a medusa-pente verrugosa, invasora na laguna de Veneza, se propagate devido ao aquecimento dos mares.<\/li>\n<li>Esta esp\u00e9cie, tamb\u00e9m chamada noz-do-mar, consome ovos e larvas de peixes e bivalves, colocando em risco o ecossistema lagunar e as comunidades piscat\u00f3rias.<\/li>\n<li>O estudo revela um padr\u00e3o sazonal com picos de flora\u00e7\u00e3o no fim da primavera e no final do ver\u00e3o, influenciados pela subida da temperatura e pela salinidade.<\/li>\n<li>Os cientistas apontam que a abund\u00e2ncia da medusa pode reduzir capturas de esp\u00e9cies-chave na laguna veneziana em mais de quarenta por cento, afetando o choco e o caboz-de-areia.<\/li>\n<li>No Adri\u00e1tico, o caranguejo-azul gigante, sem predadores naturais, tem aumentado as capturas e suscita interesse de aproveitamento comercial, o que pode comprometer as pescarias tradicionais.<\/li>\n<\/ul>\n","protected":false},"author":2,"featured_media":203598,"comment_status":"closed","ping_status":"closed","sticky":false,"template":"","format":"standard","meta":{"footnotes":""},"categories":[1],"tags":[167,4880,5093,1702,2804,2677],"class_list":["post-203597","post","type-post","status-publish","format-standard","has-post-thumbnail","hentry","category-noticias","tag-ambiente","tag-conservacao-ambiental","tag-pesca","tag-pesca-sustentavel","tag-pescadores","tag-veneza"],"yoast_head":"<!-- This site is optimized with the Yoast SEO plugin v27.2 - https:\/\/yoast.com\/product\/yoast-seo-wordpress\/ -->\n<title>Esp\u00e9cies invasoras amea\u00e7am lagoa fr\u00e1gil de Veneza - Portal Tela Portugal<\/title>\n<meta name=\"robots\" content=\"index, follow, max-snippet:-1, max-image-preview:large, max-video-preview:-1\" \/>\n<meta property=\"og:locale\" content=\"pt_PT\" \/>\n<meta property=\"og:type\" content=\"article\" \/>\n<meta property=\"og:title\" content=\"Esp\u00e9cies invasoras amea\u00e7am lagoa fr\u00e1gil de Veneza - Portal Tela Portugal\" \/>\n<meta property=\"og:description\" content=\"Investigadores da Universidade de P\u00e1dua e do Instituto Nacional de Oceanografia e Geof\u00edsica Experimental alertam que a medusa-pente verrugosa, invasora na laguna de Veneza, se propagate devido ao aquecimento dos mares. Esta esp\u00e9cie, tamb\u00e9m chamada noz-do-mar, consome ovos e larvas de peixes e bivalves, colocando em risco o ecossistema lagunar e as comunidades piscat\u00f3rias. O estudo revela um padr\u00e3o sazonal com picos de flora\u00e7\u00e3o no fim da primavera e no final do ver\u00e3o, influenciados pela subida da temperatura e pela salinidade. Os cientistas apontam que a abund\u00e2ncia da medusa pode reduzir capturas de esp\u00e9cies-chave na laguna veneziana em mais de quarenta por cento, afetando o choco e o caboz-de-areia. No Adri\u00e1tico, o caranguejo-azul gigante, sem predadores naturais, tem aumentado as capturas e suscita interesse de aproveitamento comercial, o que pode comprometer as pescarias tradicionais.\" \/>\n<meta property=\"og:url\" content=\"https:\/\/portaltela.pt\/noticias\/2026\/02\/08\/especies-invasoras-ameacam-lagoa-fragil-de-veneza\/\" \/>\n<meta property=\"og:site_name\" content=\"Portal Tela Portugal\" \/>\n<meta property=\"article:published_time\" content=\"2026-02-08T07:02:54+00:00\" \/>\n<meta name=\"author\" content=\"Telinha\" \/>\n<meta name=\"twitter:card\" content=\"summary_large_image\" \/>\n<meta name=\"twitter:label1\" content=\"Escrito por\" \/>\n\t<meta name=\"twitter:data1\" content=\"Telinha\" \/>\n\t<meta name=\"twitter:label2\" content=\"Tempo estimado de leitura\" \/>\n\t<meta name=\"twitter:data2\" content=\"2 minutos\" \/>\n<script type=\"application\/ld+json\" class=\"yoast-schema-graph\">{\"@context\":\"https:\/\/schema.org\",\"@graph\":[{\"@type\":\"Article\",\"@id\":\"https:\/\/portaltela.pt\/noticias\/2026\/02\/08\/especies-invasoras-ameacam-lagoa-fragil-de-veneza\/#article\",\"isPartOf\":{\"@id\":\"https:\/\/portaltela.pt\/noticias\/2026\/02\/08\/especies-invasoras-ameacam-lagoa-fragil-de-veneza\/\"},\"author\":{\"name\":\"Telinha\",\"@id\":\"https:\/\/portaltela.pt\/#\/schema\/person\/c4278d4a6028830caff9ee44b42d32ed\"},\"headline\":\"Esp\u00e9cies invasoras amea\u00e7am lagoa fr\u00e1gil de Veneza\",\"datePublished\":\"2026-02-08T07:02:54+00:00\",\"mainEntityOfPage\":{\"@id\":\"https:\/\/portaltela.pt\/noticias\/2026\/02\/08\/especies-invasoras-ameacam-lagoa-fragil-de-veneza\/\"},\"wordCount\":387,\"image\":{\"@id\":\"https:\/\/portaltela.pt\/noticias\/2026\/02\/08\/especies-invasoras-ameacam-lagoa-fragil-de-veneza\/#primaryimage\"},\"thumbnailUrl\":\"https:\/\/portaltela.pt\/s.01k8rhncp4jt1\/2026\/02\/1536x864_cmsv2_c9b4fb87-4653-5947-be0f-5382ce5e7ea3-9638685.jpg\",\"keywords\":[\"ambiente\",\"conserva\u00e7\u00e3o ambiental\",\"pesca\",\"pesca sustent\u00e1vel\",\"Pescadores\",\"Veneza\"],\"articleSection\":[\"Not\u00edcias\"],\"inLanguage\":\"pt-PT\"},{\"@type\":\"WebPage\",\"@id\":\"https:\/\/portaltela.pt\/noticias\/2026\/02\/08\/especies-invasoras-ameacam-lagoa-fragil-de-veneza\/\",\"url\":\"https:\/\/portaltela.pt\/noticias\/2026\/02\/08\/especies-invasoras-ameacam-lagoa-fragil-de-veneza\/\",\"name\":\"Esp\u00e9cies invasoras amea\u00e7am lagoa fr\u00e1gil de Veneza - Portal Tela Portugal\",\"isPartOf\":{\"@id\":\"https:\/\/portaltela.pt\/#website\"},\"primaryImageOfPage\":{\"@id\":\"https:\/\/portaltela.pt\/noticias\/2026\/02\/08\/especies-invasoras-ameacam-lagoa-fragil-de-veneza\/#primaryimage\"},\"image\":{\"@id\":\"https:\/\/portaltela.pt\/noticias\/2026\/02\/08\/especies-invasoras-ameacam-lagoa-fragil-de-veneza\/#primaryimage\"},\"thumbnailUrl\":\"https:\/\/portaltela.pt\/s.01k8rhncp4jt1\/2026\/02\/1536x864_cmsv2_c9b4fb87-4653-5947-be0f-5382ce5e7ea3-9638685.jpg\",\"datePublished\":\"2026-02-08T07:02:54+00:00\",\"author\":{\"@id\":\"https:\/\/portaltela.pt\/#\/schema\/person\/c4278d4a6028830caff9ee44b42d32ed\"},\"breadcrumb\":{\"@id\":\"https:\/\/portaltela.pt\/noticias\/2026\/02\/08\/especies-invasoras-ameacam-lagoa-fragil-de-veneza\/#breadcrumb\"},\"inLanguage\":\"pt-PT\",\"potentialAction\":[{\"@type\":\"ReadAction\",\"target\":[\"https:\/\/portaltela.pt\/noticias\/2026\/02\/08\/especies-invasoras-ameacam-lagoa-fragil-de-veneza\/\"]}]},{\"@type\":\"ImageObject\",\"inLanguage\":\"pt-PT\",\"@id\":\"https:\/\/portaltela.pt\/noticias\/2026\/02\/08\/especies-invasoras-ameacam-lagoa-fragil-de-veneza\/#primaryimage\",\"url\":\"https:\/\/portaltela.pt\/s.01k8rhncp4jt1\/2026\/02\/1536x864_cmsv2_c9b4fb87-4653-5947-be0f-5382ce5e7ea3-9638685.jpg\",\"contentUrl\":\"https:\/\/portaltela.pt\/s.01k8rhncp4jt1\/2026\/02\/1536x864_cmsv2_c9b4fb87-4653-5947-be0f-5382ce5e7ea3-9638685.jpg\",\"width\":796,\"height\":448,\"caption\":\"Mais recente invasor a proliferar na lagoa de Veneza \u00e9 um cten\u00f3foro canibal, classificado entre as 100 esp\u00e9cies invasoras mais prejudiciais do mundo\"},{\"@type\":\"BreadcrumbList\",\"@id\":\"https:\/\/portaltela.pt\/noticias\/2026\/02\/08\/especies-invasoras-ameacam-lagoa-fragil-de-veneza\/#breadcrumb\",\"itemListElement\":[{\"@type\":\"ListItem\",\"position\":1,\"name\":\"In\u00edcio\",\"item\":\"https:\/\/portaltela.pt\/\"},{\"@type\":\"ListItem\",\"position\":2,\"name\":\"Esp\u00e9cies invasoras amea\u00e7am lagoa fr\u00e1gil de Veneza\"}]},{\"@type\":\"WebSite\",\"@id\":\"https:\/\/portaltela.pt\/#website\",\"url\":\"https:\/\/portaltela.pt\/\",\"name\":\"Portal Tela Portugal\",\"description\":\"\",\"potentialAction\":[{\"@type\":\"SearchAction\",\"target\":{\"@type\":\"EntryPoint\",\"urlTemplate\":\"https:\/\/portaltela.pt\/?s={search_term_string}\"},\"query-input\":{\"@type\":\"PropertyValueSpecification\",\"valueRequired\":true,\"valueName\":\"search_term_string\"}}],\"inLanguage\":\"pt-PT\"},{\"@type\":\"Person\",\"@id\":\"https:\/\/portaltela.pt\/#\/schema\/person\/c4278d4a6028830caff9ee44b42d32ed\",\"name\":\"Telinha\",\"image\":{\"@type\":\"ImageObject\",\"inLanguage\":\"pt-PT\",\"@id\":\"https:\/\/portaltela.pt\/s.01k8rhncp4jt1\/2025\/11\/talking-bot-125x125.png\",\"url\":\"https:\/\/portaltela.pt\/s.01k8rhncp4jt1\/2025\/11\/talking-bot-125x125.png\",\"contentUrl\":\"https:\/\/portaltela.pt\/s.01k8rhncp4jt1\/2025\/11\/talking-bot-125x125.png\",\"caption\":\"Telinha\"},\"sameAs\":[\"https:\/\/portaltela.pt\/\"],\"url\":\"https:\/\/portaltela.pt\/por\/367410592786\/\"}]}<\/script>\n<!-- \/ Yoast SEO plugin. -->","yoast_head_json":{"title":"Esp\u00e9cies invasoras amea\u00e7am lagoa fr\u00e1gil de Veneza - Portal Tela Portugal","robots":{"index":"index","follow":"follow","max-snippet":"max-snippet:-1","max-image-preview":"max-image-preview:large","max-video-preview":"max-video-preview:-1"},"og_locale":"pt_PT","og_type":"article","og_title":"Esp\u00e9cies invasoras amea\u00e7am lagoa fr\u00e1gil de Veneza - Portal Tela Portugal","og_description":"Investigadores da Universidade de P\u00e1dua e do Instituto Nacional de Oceanografia e Geof\u00edsica Experimental alertam que a medusa-pente verrugosa, invasora na laguna de Veneza, se propagate devido ao aquecimento dos mares. Esta esp\u00e9cie, tamb\u00e9m chamada noz-do-mar, consome ovos e larvas de peixes e bivalves, colocando em risco o ecossistema lagunar e as comunidades piscat\u00f3rias. O estudo revela um padr\u00e3o sazonal com picos de flora\u00e7\u00e3o no fim da primavera e no final do ver\u00e3o, influenciados pela subida da temperatura e pela salinidade. Os cientistas apontam que a abund\u00e2ncia da medusa pode reduzir capturas de esp\u00e9cies-chave na laguna veneziana em mais de quarenta por cento, afetando o choco e o caboz-de-areia. No Adri\u00e1tico, o caranguejo-azul gigante, sem predadores naturais, tem aumentado as capturas e suscita interesse de aproveitamento comercial, o que pode comprometer as pescarias tradicionais.","og_url":"https:\/\/portaltela.pt\/noticias\/2026\/02\/08\/especies-invasoras-ameacam-lagoa-fragil-de-veneza\/","og_site_name":"Portal Tela Portugal","article_published_time":"2026-02-08T07:02:54+00:00","author":"Telinha","twitter_card":"summary_large_image","twitter_misc":{"Escrito por":"Telinha","Tempo estimado de leitura":"2 minutos"},"schema":{"@context":"https:\/\/schema.org","@graph":[{"@type":"Article","@id":"https:\/\/portaltela.pt\/noticias\/2026\/02\/08\/especies-invasoras-ameacam-lagoa-fragil-de-veneza\/#article","isPartOf":{"@id":"https:\/\/portaltela.pt\/noticias\/2026\/02\/08\/especies-invasoras-ameacam-lagoa-fragil-de-veneza\/"},"author":{"name":"Telinha","@id":"https:\/\/portaltela.pt\/#\/schema\/person\/c4278d4a6028830caff9ee44b42d32ed"},"headline":"Esp\u00e9cies invasoras amea\u00e7am lagoa fr\u00e1gil de Veneza","datePublished":"2026-02-08T07:02:54+00:00","mainEntityOfPage":{"@id":"https:\/\/portaltela.pt\/noticias\/2026\/02\/08\/especies-invasoras-ameacam-lagoa-fragil-de-veneza\/"},"wordCount":387,"image":{"@id":"https:\/\/portaltela.pt\/noticias\/2026\/02\/08\/especies-invasoras-ameacam-lagoa-fragil-de-veneza\/#primaryimage"},"thumbnailUrl":"https:\/\/portaltela.pt\/s.01k8rhncp4jt1\/2026\/02\/1536x864_cmsv2_c9b4fb87-4653-5947-be0f-5382ce5e7ea3-9638685.jpg","keywords":["ambiente","conserva\u00e7\u00e3o ambiental","pesca","pesca sustent\u00e1vel","Pescadores","Veneza"],"articleSection":["Not\u00edcias"],"inLanguage":"pt-PT"},{"@type":"WebPage","@id":"https:\/\/portaltela.pt\/noticias\/2026\/02\/08\/especies-invasoras-ameacam-lagoa-fragil-de-veneza\/","url":"https:\/\/portaltela.pt\/noticias\/2026\/02\/08\/especies-invasoras-ameacam-lagoa-fragil-de-veneza\/","name":"Esp\u00e9cies invasoras amea\u00e7am lagoa fr\u00e1gil de Veneza - Portal Tela Portugal","isPartOf":{"@id":"https:\/\/portaltela.pt\/#website"},"primaryImageOfPage":{"@id":"https:\/\/portaltela.pt\/noticias\/2026\/02\/08\/especies-invasoras-ameacam-lagoa-fragil-de-veneza\/#primaryimage"},"image":{"@id":"https:\/\/portaltela.pt\/noticias\/2026\/02\/08\/especies-invasoras-ameacam-lagoa-fragil-de-veneza\/#primaryimage"},"thumbnailUrl":"https:\/\/portaltela.pt\/s.01k8rhncp4jt1\/2026\/02\/1536x864_cmsv2_c9b4fb87-4653-5947-be0f-5382ce5e7ea3-9638685.jpg","datePublished":"2026-02-08T07:02:54+00:00","author":{"@id":"https:\/\/portaltela.pt\/#\/schema\/person\/c4278d4a6028830caff9ee44b42d32ed"},"breadcrumb":{"@id":"https:\/\/portaltela.pt\/noticias\/2026\/02\/08\/especies-invasoras-ameacam-lagoa-fragil-de-veneza\/#breadcrumb"},"inLanguage":"pt-PT","potentialAction":[{"@type":"ReadAction","target":["https:\/\/portaltela.pt\/noticias\/2026\/02\/08\/especies-invasoras-ameacam-lagoa-fragil-de-veneza\/"]}]},{"@type":"ImageObject","inLanguage":"pt-PT","@id":"https:\/\/portaltela.pt\/noticias\/2026\/02\/08\/especies-invasoras-ameacam-lagoa-fragil-de-veneza\/#primaryimage","url":"https:\/\/portaltela.pt\/s.01k8rhncp4jt1\/2026\/02\/1536x864_cmsv2_c9b4fb87-4653-5947-be0f-5382ce5e7ea3-9638685.jpg","contentUrl":"https:\/\/portaltela.pt\/s.01k8rhncp4jt1\/2026\/02\/1536x864_cmsv2_c9b4fb87-4653-5947-be0f-5382ce5e7ea3-9638685.jpg","width":796,"height":448,"caption":"Mais recente invasor a proliferar na lagoa de Veneza \u00e9 um cten\u00f3foro canibal, classificado entre as 100 esp\u00e9cies invasoras mais prejudiciais do mundo"},{"@type":"BreadcrumbList","@id":"https:\/\/portaltela.pt\/noticias\/2026\/02\/08\/especies-invasoras-ameacam-lagoa-fragil-de-veneza\/#breadcrumb","itemListElement":[{"@type":"ListItem","position":1,"name":"In\u00edcio","item":"https:\/\/portaltela.pt\/"},{"@type":"ListItem","position":2,"name":"Esp\u00e9cies invasoras amea\u00e7am lagoa fr\u00e1gil de Veneza"}]},{"@type":"WebSite","@id":"https:\/\/portaltela.pt\/#website","url":"https:\/\/portaltela.pt\/","name":"Portal Tela Portugal","description":"","potentialAction":[{"@type":"SearchAction","target":{"@type":"EntryPoint","urlTemplate":"https:\/\/portaltela.pt\/?s={search_term_string}"},"query-input":{"@type":"PropertyValueSpecification","valueRequired":true,"valueName":"search_term_string"}}],"inLanguage":"pt-PT"},{"@type":"Person","@id":"https:\/\/portaltela.pt\/#\/schema\/person\/c4278d4a6028830caff9ee44b42d32ed","name":"Telinha","image":{"@type":"ImageObject","inLanguage":"pt-PT","@id":"https:\/\/portaltela.pt\/s.01k8rhncp4jt1\/2025\/11\/talking-bot-125x125.png","url":"https:\/\/portaltela.pt\/s.01k8rhncp4jt1\/2025\/11\/talking-bot-125x125.png","contentUrl":"https:\/\/portaltela.pt\/s.01k8rhncp4jt1\/2025\/11\/talking-bot-125x125.png","caption":"Telinha"},"sameAs":["https:\/\/portaltela.pt\/"],"url":"https:\/\/portaltela.pt\/por\/367410592786\/"}]}},"_links":{"self":[{"href":"https:\/\/portaltela.pt\/api\/wp\/v2\/posts\/203597","targetHints":{"allow":["GET"]}}],"collection":[{"href":"https:\/\/portaltela.pt\/api\/wp\/v2\/posts"}],"about":[{"href":"https:\/\/portaltela.pt\/api\/wp\/v2\/types\/post"}],"author":[{"embeddable":true,"href":"https:\/\/portaltela.pt\/api\/wp\/v2\/users\/2"}],"replies":[{"embeddable":true,"href":"https:\/\/portaltela.pt\/api\/wp\/v2\/comments?post=203597"}],"version-history":[{"count":0,"href":"https:\/\/portaltela.pt\/api\/wp\/v2\/posts\/203597\/revisions"}],"wp:featuredmedia":[{"embeddable":true,"href":"https:\/\/portaltela.pt\/api\/wp\/v2\/media\/203598"}],"wp:attachment":[{"href":"https:\/\/portaltela.pt\/api\/wp\/v2\/media?parent=203597"}],"wp:term":[{"taxonomy":"category","embeddable":true,"href":"https:\/\/portaltela.pt\/api\/wp\/v2\/categories?post=203597"},{"taxonomy":"post_tag","embeddable":true,"href":"https:\/\/portaltela.pt\/api\/wp\/v2\/tags?post=203597"}],"curies":[{"name":"wp","href":"https:\/\/api.w.org\/{rel}","templated":true}]}}