{"id":203558,"date":"2026-02-07T22:30:00","date_gmt":"2026-02-08T01:30:00","guid":{"rendered":"https:\/\/portaltela.pt\/noticias\/2026\/02\/07\/bombeiros-dormem-em-tendas-na-garagem-do-quartel-por-chuvas-em-pedrogao-grande\/"},"modified":"2026-02-07T22:30:00","modified_gmt":"2026-02-08T01:30:00","slug":"bombeiros-dormem-em-tendas-na-garagem-do-quartel-por-chuvas-em-pedrogao-grande","status":"publish","type":"post","link":"https:\/\/portaltela.pt\/noticias\/2026\/02\/07\/bombeiros-dormem-em-tendas-na-garagem-do-quartel-por-chuvas-em-pedrogao-grande\/","title":{"rendered":"Bombeiros dormem em tendas na garagem do quartel por chuvas em Pedr\u00f3g\u00e3o Grande"},"content":{"rendered":"<p>Os Bombeiros Volunt\u00e1rios de Pedr\u00f3g\u00e3o Grande est\u00e3o a dormir em tendas na garagem do quartel. A medida resulta da chuva que afetou as instala\u00e7\u00f5es desde a primeira noite do temporal. A antena de comunica\u00e7\u00f5es cedeu, danificou a cobertura e provocou infiltra\u00e7\u00f5es no interior.<\/p>\n<p>Desde ent\u00e3o, a precipita\u00e7\u00e3o tem impedido a opera\u00e7\u00e3o normal das instala\u00e7\u00f5es. A \u00e1gua acumulou-se em v\u00e1rias zonas e obrigou os agentes a manter abrigo no espa\u00e7o dispon\u00edvel, com depend\u00eancia de solu\u00e7\u00f5es improvisadas.<\/p>\n<p>O facto envolve directamente o corpo de bombeiros local e a equipa que serve em Pedr\u00f3g\u00e3o Grande. A situa\u00e7\u00e3o persiste at\u00e9 ao momento devido \u00e0s condi\u00e7\u00f5es meteorol\u00f3gicas e aos danos estruturais causados pelo vento e pela chuva.<\/p>\n<p>O quartel fica em Pedr\u00f3g\u00e3o Grande, onde a chuva cont\u00ednua tem repetidamente dificultado as opera\u00e7\u00f5es e a perman\u00eancia em instala\u00e7\u00f5es adequadas. A prioridade \u00e9 manter o funcionamento b\u00e1sico e garantir condi\u00e7\u00f5es seguras para a equipa.<\/p>\n<p>A imagem associada mostra bombeiros a orientar-se na garagem do quartel, com tendas montadas para prote\u00e7\u00e3o. Foto: Pedro Brutt Pacheco.<\/p>\n","protected":false},"excerpt":{"rendered":"<ul>\n<li>Os Bombeiros Volunt\u00e1rios de Pedr\u00f3g\u00e3o Grande dormem na garagem do quartel devido \u00e0 chuva constante que deixou as instala\u00e7\u00f5es inoperacionais desde a primeira noite do fen\u00f3meno em curso.<\/li>\n<li>A antena de comunica\u00e7\u00f5es do quartel cedeu, danificou a cobertura e permite infiltra\u00e7\u00e3o de \u00e1gua no interior.<\/li>\n<li>Desde ent\u00e3o, as autoridades continuam a enfrentar a estabilidade das opera\u00e7\u00f5es no local devido \u00e0 chuva dentro do edif\u00edcio.<\/li>\n<li>O epis\u00f3dio \u00e9 descrito como parte de um &#8220;comboio de tempestades&#8221; que tem afetado a regi\u00e3o.<\/li>\n<\/ul>\n","protected":false},"author":2,"featured_media":203560,"comment_status":"closed","ping_status":"closed","sticky":false,"template":"","format":"standard","meta":{"footnotes":""},"categories":[1],"tags":[1331,971,5329,3931,5441],"class_list":["post-203558","post","type-post","status-publish","format-standard","has-post-thumbnail","hentry","category-noticias","tag-alagamento","tag-bombeiros","tag-chuva","tag-chuva-forte","tag-pedrogao"],"yoast_head":"<!-- This site is optimized with the Yoast SEO plugin v27.2 - https:\/\/yoast.com\/product\/yoast-seo-wordpress\/ -->\n<title>Bombeiros dormem em tendas na garagem do quartel por chuvas em Pedr\u00f3g\u00e3o Grande - Portal Tela Portugal<\/title>\n<meta name=\"robots\" content=\"index, follow, max-snippet:-1, max-image-preview:large, max-video-preview:-1\" \/>\n<meta property=\"og:locale\" content=\"pt_PT\" \/>\n<meta property=\"og:type\" content=\"article\" \/>\n<meta property=\"og:title\" content=\"Bombeiros dormem em tendas na garagem do quartel por chuvas em Pedr\u00f3g\u00e3o Grande - Portal Tela Portugal\" \/>\n<meta property=\"og:description\" content=\"Os Bombeiros Volunt\u00e1rios de Pedr\u00f3g\u00e3o Grande dormem na garagem do quartel devido \u00e0 chuva constante que deixou as instala\u00e7\u00f5es inoperacionais desde a primeira noite do fen\u00f3meno em curso. A antena de comunica\u00e7\u00f5es do quartel cedeu, danificou a cobertura e permite infiltra\u00e7\u00e3o de \u00e1gua no interior. Desde ent\u00e3o, as autoridades continuam a enfrentar a estabilidade das opera\u00e7\u00f5es no local devido \u00e0 chuva dentro do edif\u00edcio. O epis\u00f3dio \u00e9 descrito como parte de um &quot;comboio de tempestades&quot; que tem afetado a regi\u00e3o.\" \/>\n<meta property=\"og:url\" content=\"https:\/\/portaltela.pt\/noticias\/2026\/02\/07\/bombeiros-dormem-em-tendas-na-garagem-do-quartel-por-chuvas-em-pedrogao-grande\/\" \/>\n<meta property=\"og:site_name\" content=\"Portal Tela Portugal\" \/>\n<meta property=\"article:published_time\" content=\"2026-02-08T01:30:00+00:00\" \/>\n<meta name=\"author\" content=\"Telinha\" \/>\n<meta name=\"twitter:card\" content=\"summary_large_image\" \/>\n<meta name=\"twitter:label1\" content=\"Escrito por\" \/>\n\t<meta name=\"twitter:data1\" content=\"Telinha\" \/>\n\t<meta name=\"twitter:label2\" content=\"Tempo estimado de leitura\" \/>\n\t<meta name=\"twitter:data2\" content=\"1 minuto\" \/>\n<script type=\"application\/ld+json\" class=\"yoast-schema-graph\">{\"@context\":\"https:\/\/schema.org\",\"@graph\":[{\"@type\":\"Article\",\"@id\":\"https:\/\/portaltela.pt\/noticias\/2026\/02\/07\/bombeiros-dormem-em-tendas-na-garagem-do-quartel-por-chuvas-em-pedrogao-grande\/#article\",\"isPartOf\":{\"@id\":\"https:\/\/portaltela.pt\/noticias\/2026\/02\/07\/bombeiros-dormem-em-tendas-na-garagem-do-quartel-por-chuvas-em-pedrogao-grande\/\"},\"author\":{\"name\":\"Telinha\",\"@id\":\"https:\/\/portaltela.pt\/#\/schema\/person\/c4278d4a6028830caff9ee44b42d32ed\"},\"headline\":\"Bombeiros dormem em tendas na garagem do quartel por chuvas em Pedr\u00f3g\u00e3o Grande\",\"datePublished\":\"2026-02-08T01:30:00+00:00\",\"mainEntityOfPage\":{\"@id\":\"https:\/\/portaltela.pt\/noticias\/2026\/02\/07\/bombeiros-dormem-em-tendas-na-garagem-do-quartel-por-chuvas-em-pedrogao-grande\/\"},\"wordCount\":211,\"image\":{\"@id\":\"https:\/\/portaltela.pt\/noticias\/2026\/02\/07\/bombeiros-dormem-em-tendas-na-garagem-do-quartel-por-chuvas-em-pedrogao-grande\/#primaryimage\"},\"thumbnailUrl\":\"https:\/\/portaltela.pt\/s.01k8rhncp4jt1\/2026\/02\/img_1500x1000uu2026-02-07-23-46-51-2265506.jpg\",\"keywords\":[\"alagamento\",\"bombeiros\",\"chuva\",\"chuva forte\",\"Pedr\u00f3g\u00e3o\"],\"articleSection\":[\"Not\u00edcias\"],\"inLanguage\":\"pt-PT\"},{\"@type\":\"WebPage\",\"@id\":\"https:\/\/portaltela.pt\/noticias\/2026\/02\/07\/bombeiros-dormem-em-tendas-na-garagem-do-quartel-por-chuvas-em-pedrogao-grande\/\",\"url\":\"https:\/\/portaltela.pt\/noticias\/2026\/02\/07\/bombeiros-dormem-em-tendas-na-garagem-do-quartel-por-chuvas-em-pedrogao-grande\/\",\"name\":\"Bombeiros dormem em tendas na garagem do quartel por chuvas em Pedr\u00f3g\u00e3o Grande - Portal Tela Portugal\",\"isPartOf\":{\"@id\":\"https:\/\/portaltela.pt\/#website\"},\"primaryImageOfPage\":{\"@id\":\"https:\/\/portaltela.pt\/noticias\/2026\/02\/07\/bombeiros-dormem-em-tendas-na-garagem-do-quartel-por-chuvas-em-pedrogao-grande\/#primaryimage\"},\"image\":{\"@id\":\"https:\/\/portaltela.pt\/noticias\/2026\/02\/07\/bombeiros-dormem-em-tendas-na-garagem-do-quartel-por-chuvas-em-pedrogao-grande\/#primaryimage\"},\"thumbnailUrl\":\"https:\/\/portaltela.pt\/s.01k8rhncp4jt1\/2026\/02\/img_1500x1000uu2026-02-07-23-46-51-2265506.jpg\",\"datePublished\":\"2026-02-08T01:30:00+00:00\",\"author\":{\"@id\":\"https:\/\/portaltela.pt\/#\/schema\/person\/c4278d4a6028830caff9ee44b42d32ed\"},\"breadcrumb\":{\"@id\":\"https:\/\/portaltela.pt\/noticias\/2026\/02\/07\/bombeiros-dormem-em-tendas-na-garagem-do-quartel-por-chuvas-em-pedrogao-grande\/#breadcrumb\"},\"inLanguage\":\"pt-PT\",\"potentialAction\":[{\"@type\":\"ReadAction\",\"target\":[\"https:\/\/portaltela.pt\/noticias\/2026\/02\/07\/bombeiros-dormem-em-tendas-na-garagem-do-quartel-por-chuvas-em-pedrogao-grande\/\"]}]},{\"@type\":\"ImageObject\",\"inLanguage\":\"pt-PT\",\"@id\":\"https:\/\/portaltela.pt\/noticias\/2026\/02\/07\/bombeiros-dormem-em-tendas-na-garagem-do-quartel-por-chuvas-em-pedrogao-grande\/#primaryimage\",\"url\":\"https:\/\/portaltela.pt\/s.01k8rhncp4jt1\/2026\/02\/img_1500x1000uu2026-02-07-23-46-51-2265506.jpg\",\"contentUrl\":\"https:\/\/portaltela.pt\/s.01k8rhncp4jt1\/2026\/02\/img_1500x1000uu2026-02-07-23-46-51-2265506.jpg\",\"width\":1500,\"height\":1000,\"caption\":\"Bombeiros dormem em tendas na garagem do quartel devido \u00e0 chuva em Pedr\u00f3g\u00e3o Grande\"},{\"@type\":\"BreadcrumbList\",\"@id\":\"https:\/\/portaltela.pt\/noticias\/2026\/02\/07\/bombeiros-dormem-em-tendas-na-garagem-do-quartel-por-chuvas-em-pedrogao-grande\/#breadcrumb\",\"itemListElement\":[{\"@type\":\"ListItem\",\"position\":1,\"name\":\"In\u00edcio\",\"item\":\"https:\/\/portaltela.pt\/\"},{\"@type\":\"ListItem\",\"position\":2,\"name\":\"Bombeiros dormem em tendas na garagem do quartel por chuvas em Pedr\u00f3g\u00e3o Grande\"}]},{\"@type\":\"WebSite\",\"@id\":\"https:\/\/portaltela.pt\/#website\",\"url\":\"https:\/\/portaltela.pt\/\",\"name\":\"Portal Tela Portugal\",\"description\":\"\",\"potentialAction\":[{\"@type\":\"SearchAction\",\"target\":{\"@type\":\"EntryPoint\",\"urlTemplate\":\"https:\/\/portaltela.pt\/?s={search_term_string}\"},\"query-input\":{\"@type\":\"PropertyValueSpecification\",\"valueRequired\":true,\"valueName\":\"search_term_string\"}}],\"inLanguage\":\"pt-PT\"},{\"@type\":\"Person\",\"@id\":\"https:\/\/portaltela.pt\/#\/schema\/person\/c4278d4a6028830caff9ee44b42d32ed\",\"name\":\"Telinha\",\"image\":{\"@type\":\"ImageObject\",\"inLanguage\":\"pt-PT\",\"@id\":\"https:\/\/portaltela.pt\/s.01k8rhncp4jt1\/2025\/11\/talking-bot-125x125.png\",\"url\":\"https:\/\/portaltela.pt\/s.01k8rhncp4jt1\/2025\/11\/talking-bot-125x125.png\",\"contentUrl\":\"https:\/\/portaltela.pt\/s.01k8rhncp4jt1\/2025\/11\/talking-bot-125x125.png\",\"caption\":\"Telinha\"},\"sameAs\":[\"https:\/\/portaltela.pt\/\"],\"url\":\"https:\/\/portaltela.pt\/por\/367410592786\/\"}]}<\/script>\n<!-- \/ Yoast SEO plugin. -->","yoast_head_json":{"title":"Bombeiros dormem em tendas na garagem do quartel por chuvas em Pedr\u00f3g\u00e3o Grande - Portal Tela Portugal","robots":{"index":"index","follow":"follow","max-snippet":"max-snippet:-1","max-image-preview":"max-image-preview:large","max-video-preview":"max-video-preview:-1"},"og_locale":"pt_PT","og_type":"article","og_title":"Bombeiros dormem em tendas na garagem do quartel por chuvas em Pedr\u00f3g\u00e3o Grande - Portal Tela Portugal","og_description":"Os Bombeiros Volunt\u00e1rios de Pedr\u00f3g\u00e3o Grande dormem na garagem do quartel devido \u00e0 chuva constante que deixou as instala\u00e7\u00f5es inoperacionais desde a primeira noite do fen\u00f3meno em curso. A antena de comunica\u00e7\u00f5es do quartel cedeu, danificou a cobertura e permite infiltra\u00e7\u00e3o de \u00e1gua no interior. Desde ent\u00e3o, as autoridades continuam a enfrentar a estabilidade das opera\u00e7\u00f5es no local devido \u00e0 chuva dentro do edif\u00edcio. O epis\u00f3dio \u00e9 descrito como parte de um \"comboio de tempestades\" que tem afetado a regi\u00e3o.","og_url":"https:\/\/portaltela.pt\/noticias\/2026\/02\/07\/bombeiros-dormem-em-tendas-na-garagem-do-quartel-por-chuvas-em-pedrogao-grande\/","og_site_name":"Portal Tela Portugal","article_published_time":"2026-02-08T01:30:00+00:00","author":"Telinha","twitter_card":"summary_large_image","twitter_misc":{"Escrito por":"Telinha","Tempo estimado de leitura":"1 minuto"},"schema":{"@context":"https:\/\/schema.org","@graph":[{"@type":"Article","@id":"https:\/\/portaltela.pt\/noticias\/2026\/02\/07\/bombeiros-dormem-em-tendas-na-garagem-do-quartel-por-chuvas-em-pedrogao-grande\/#article","isPartOf":{"@id":"https:\/\/portaltela.pt\/noticias\/2026\/02\/07\/bombeiros-dormem-em-tendas-na-garagem-do-quartel-por-chuvas-em-pedrogao-grande\/"},"author":{"name":"Telinha","@id":"https:\/\/portaltela.pt\/#\/schema\/person\/c4278d4a6028830caff9ee44b42d32ed"},"headline":"Bombeiros dormem em tendas na garagem do quartel por chuvas em Pedr\u00f3g\u00e3o Grande","datePublished":"2026-02-08T01:30:00+00:00","mainEntityOfPage":{"@id":"https:\/\/portaltela.pt\/noticias\/2026\/02\/07\/bombeiros-dormem-em-tendas-na-garagem-do-quartel-por-chuvas-em-pedrogao-grande\/"},"wordCount":211,"image":{"@id":"https:\/\/portaltela.pt\/noticias\/2026\/02\/07\/bombeiros-dormem-em-tendas-na-garagem-do-quartel-por-chuvas-em-pedrogao-grande\/#primaryimage"},"thumbnailUrl":"https:\/\/portaltela.pt\/s.01k8rhncp4jt1\/2026\/02\/img_1500x1000uu2026-02-07-23-46-51-2265506.jpg","keywords":["alagamento","bombeiros","chuva","chuva forte","Pedr\u00f3g\u00e3o"],"articleSection":["Not\u00edcias"],"inLanguage":"pt-PT"},{"@type":"WebPage","@id":"https:\/\/portaltela.pt\/noticias\/2026\/02\/07\/bombeiros-dormem-em-tendas-na-garagem-do-quartel-por-chuvas-em-pedrogao-grande\/","url":"https:\/\/portaltela.pt\/noticias\/2026\/02\/07\/bombeiros-dormem-em-tendas-na-garagem-do-quartel-por-chuvas-em-pedrogao-grande\/","name":"Bombeiros dormem em tendas na garagem do quartel por chuvas em Pedr\u00f3g\u00e3o Grande - Portal Tela Portugal","isPartOf":{"@id":"https:\/\/portaltela.pt\/#website"},"primaryImageOfPage":{"@id":"https:\/\/portaltela.pt\/noticias\/2026\/02\/07\/bombeiros-dormem-em-tendas-na-garagem-do-quartel-por-chuvas-em-pedrogao-grande\/#primaryimage"},"image":{"@id":"https:\/\/portaltela.pt\/noticias\/2026\/02\/07\/bombeiros-dormem-em-tendas-na-garagem-do-quartel-por-chuvas-em-pedrogao-grande\/#primaryimage"},"thumbnailUrl":"https:\/\/portaltela.pt\/s.01k8rhncp4jt1\/2026\/02\/img_1500x1000uu2026-02-07-23-46-51-2265506.jpg","datePublished":"2026-02-08T01:30:00+00:00","author":{"@id":"https:\/\/portaltela.pt\/#\/schema\/person\/c4278d4a6028830caff9ee44b42d32ed"},"breadcrumb":{"@id":"https:\/\/portaltela.pt\/noticias\/2026\/02\/07\/bombeiros-dormem-em-tendas-na-garagem-do-quartel-por-chuvas-em-pedrogao-grande\/#breadcrumb"},"inLanguage":"pt-PT","potentialAction":[{"@type":"ReadAction","target":["https:\/\/portaltela.pt\/noticias\/2026\/02\/07\/bombeiros-dormem-em-tendas-na-garagem-do-quartel-por-chuvas-em-pedrogao-grande\/"]}]},{"@type":"ImageObject","inLanguage":"pt-PT","@id":"https:\/\/portaltela.pt\/noticias\/2026\/02\/07\/bombeiros-dormem-em-tendas-na-garagem-do-quartel-por-chuvas-em-pedrogao-grande\/#primaryimage","url":"https:\/\/portaltela.pt\/s.01k8rhncp4jt1\/2026\/02\/img_1500x1000uu2026-02-07-23-46-51-2265506.jpg","contentUrl":"https:\/\/portaltela.pt\/s.01k8rhncp4jt1\/2026\/02\/img_1500x1000uu2026-02-07-23-46-51-2265506.jpg","width":1500,"height":1000,"caption":"Bombeiros dormem em tendas na garagem do quartel devido \u00e0 chuva em Pedr\u00f3g\u00e3o Grande"},{"@type":"BreadcrumbList","@id":"https:\/\/portaltela.pt\/noticias\/2026\/02\/07\/bombeiros-dormem-em-tendas-na-garagem-do-quartel-por-chuvas-em-pedrogao-grande\/#breadcrumb","itemListElement":[{"@type":"ListItem","position":1,"name":"In\u00edcio","item":"https:\/\/portaltela.pt\/"},{"@type":"ListItem","position":2,"name":"Bombeiros dormem em tendas na garagem do quartel por chuvas em Pedr\u00f3g\u00e3o Grande"}]},{"@type":"WebSite","@id":"https:\/\/portaltela.pt\/#website","url":"https:\/\/portaltela.pt\/","name":"Portal Tela Portugal","description":"","potentialAction":[{"@type":"SearchAction","target":{"@type":"EntryPoint","urlTemplate":"https:\/\/portaltela.pt\/?s={search_term_string}"},"query-input":{"@type":"PropertyValueSpecification","valueRequired":true,"valueName":"search_term_string"}}],"inLanguage":"pt-PT"},{"@type":"Person","@id":"https:\/\/portaltela.pt\/#\/schema\/person\/c4278d4a6028830caff9ee44b42d32ed","name":"Telinha","image":{"@type":"ImageObject","inLanguage":"pt-PT","@id":"https:\/\/portaltela.pt\/s.01k8rhncp4jt1\/2025\/11\/talking-bot-125x125.png","url":"https:\/\/portaltela.pt\/s.01k8rhncp4jt1\/2025\/11\/talking-bot-125x125.png","contentUrl":"https:\/\/portaltela.pt\/s.01k8rhncp4jt1\/2025\/11\/talking-bot-125x125.png","caption":"Telinha"},"sameAs":["https:\/\/portaltela.pt\/"],"url":"https:\/\/portaltela.pt\/por\/367410592786\/"}]}},"_links":{"self":[{"href":"https:\/\/portaltela.pt\/api\/wp\/v2\/posts\/203558","targetHints":{"allow":["GET"]}}],"collection":[{"href":"https:\/\/portaltela.pt\/api\/wp\/v2\/posts"}],"about":[{"href":"https:\/\/portaltela.pt\/api\/wp\/v2\/types\/post"}],"author":[{"embeddable":true,"href":"https:\/\/portaltela.pt\/api\/wp\/v2\/users\/2"}],"replies":[{"embeddable":true,"href":"https:\/\/portaltela.pt\/api\/wp\/v2\/comments?post=203558"}],"version-history":[{"count":0,"href":"https:\/\/portaltela.pt\/api\/wp\/v2\/posts\/203558\/revisions"}],"wp:featuredmedia":[{"embeddable":true,"href":"https:\/\/portaltela.pt\/api\/wp\/v2\/media\/203560"}],"wp:attachment":[{"href":"https:\/\/portaltela.pt\/api\/wp\/v2\/media?parent=203558"}],"wp:term":[{"taxonomy":"category","embeddable":true,"href":"https:\/\/portaltela.pt\/api\/wp\/v2\/categories?post=203558"},{"taxonomy":"post_tag","embeddable":true,"href":"https:\/\/portaltela.pt\/api\/wp\/v2\/tags?post=203558"}],"curies":[{"name":"wp","href":"https:\/\/api.w.org\/{rel}","templated":true}]}}