{"id":203541,"date":"2026-02-07T22:30:00","date_gmt":"2026-02-08T01:30:00","guid":{"rendered":"https:\/\/portaltela.pt\/noticias\/2026\/02\/07\/margarida-corceiro-regressa-ao-paraiso-em-biquini\/"},"modified":"2026-02-07T22:30:00","modified_gmt":"2026-02-08T01:30:00","slug":"margarida-corceiro-regressa-ao-paraiso-em-biquini","status":"publish","type":"post","link":"https:\/\/portaltela.pt\/noticias\/2026\/02\/07\/margarida-corceiro-regressa-ao-paraiso-em-biquini\/","title":{"rendered":"Margarida Corceiro regressa ao para\u00edso em biqu\u00edni"},"content":{"rendered":"<p>Margarida Corceiro est\u00e1 em S\u00e3o Tom\u00e9 e Pr\u00edncipe para fotografar a nova campanha da sua marca de biqu\u00ednis. A atriz de 23 anos partilhou a chegada ao pa\u00eds e gravou um v\u00eddeo numa praia, que j\u00e1 circula nas redes sociais.<\/p>\n<p>Esta opera\u00e7\u00e3o insere-se na estrat\u00e9gia habitual da artista, que costuma escolher destinos de sonho para promover as suas cria\u00e7\u00f5es. Este \u00e9 o terceiro destino paradis\u00edaco em tr\u00eas meses, depois de Brasil e Cara\u00edbas na passagem de ano.<\/p>\n<h3>Contexto da campanha<\/h3>\n<p>A produ\u00e7\u00e3o visa divulgar a cole\u00e7\u00e3o atual da etiqueta da atriz, com imagens e conte\u00fados promocionais partilhados online. Os detalhes da campanha, incluindo data de lan\u00e7amento, ainda n\u00e3o foram anunciados pela equipe de comunica\u00e7\u00e3o. As publica\u00e7\u00f5es geram expectativa entre os seguidores, com coment\u00e1rios de apoio.<\/p>\n","protected":false},"excerpt":{"rendered":"<ul>\n<li>Margarida Corceiro, 23 anos, est\u00e1 em S\u00e3o Tom\u00e9 e Pr\u00edncipe para fotografar a nova campanha da sua marca de biqu\u00ednis.<\/li>\n<li>A atriz j\u00e1 partilhou a chegada ao pa\u00eds nas redes sociais e gravou um v\u00eddeo na praia para promover a cole\u00e7\u00e3o.<\/li>\n<li>A campanha \u00e9 descrita como inevitavelmente arrebatadora, com mais fotografias ousadas previstas.<\/li>\n<li>Este \u00e9 o terceiro destino paradis\u00edaco da atriz em tr\u00eas meses, depois do Brasil em dezembro e das Cara\u00edbas no r\u00e9veillon.<\/li>\n<li>A atriz costuma viajar para promover, em primeira pessoa, a sua pr\u00f3pria etiqueta de biquinis.<\/li>\n<\/ul>\n","protected":false},"author":2,"featured_media":203545,"comment_status":"closed","ping_status":"closed","sticky":false,"template":"","format":"standard","meta":{"footnotes":""},"categories":[12,1],"tags":[823,76,247,135,5059,4486],"class_list":["post-203541","post","type-post","status-publish","format-standard","has-post-thumbnail","hentry","category-entretenimento","category-noticias","tag-campanha","tag-celebridades","tag-fotografia","tag-moda","tag-roupas","tag-sao-tome-e-principe"],"yoast_head":"<!-- This site is optimized with the Yoast SEO plugin v27.2 - https:\/\/yoast.com\/product\/yoast-seo-wordpress\/ -->\n<title>Margarida Corceiro regressa ao para\u00edso em biqu\u00edni - Portal Tela Portugal<\/title>\n<meta name=\"robots\" content=\"index, follow, max-snippet:-1, max-image-preview:large, max-video-preview:-1\" \/>\n<meta property=\"og:locale\" content=\"pt_PT\" \/>\n<meta property=\"og:type\" content=\"article\" \/>\n<meta property=\"og:title\" content=\"Margarida Corceiro regressa ao para\u00edso em biqu\u00edni - Portal Tela Portugal\" \/>\n<meta property=\"og:description\" content=\"Margarida Corceiro, 23 anos, est\u00e1 em S\u00e3o Tom\u00e9 e Pr\u00edncipe para fotografar a nova campanha da sua marca de biqu\u00ednis. A atriz j\u00e1 partilhou a chegada ao pa\u00eds nas redes sociais e gravou um v\u00eddeo na praia para promover a cole\u00e7\u00e3o. A campanha \u00e9 descrita como inevitavelmente arrebatadora, com mais fotografias ousadas previstas. Este \u00e9 o terceiro destino paradis\u00edaco da atriz em tr\u00eas meses, depois do Brasil em dezembro e das Cara\u00edbas no r\u00e9veillon. A atriz costuma viajar para promover, em primeira pessoa, a sua pr\u00f3pria etiqueta de biquinis.\" \/>\n<meta property=\"og:url\" content=\"https:\/\/portaltela.pt\/noticias\/2026\/02\/07\/margarida-corceiro-regressa-ao-paraiso-em-biquini\/\" \/>\n<meta property=\"og:site_name\" content=\"Portal Tela Portugal\" \/>\n<meta property=\"article:published_time\" content=\"2026-02-08T01:30:00+00:00\" \/>\n<meta name=\"author\" content=\"Telinha\" \/>\n<meta name=\"twitter:card\" content=\"summary_large_image\" \/>\n<meta name=\"twitter:label1\" content=\"Escrito por\" \/>\n\t<meta name=\"twitter:data1\" content=\"Telinha\" \/>\n\t<meta name=\"twitter:label2\" content=\"Tempo estimado de leitura\" \/>\n\t<meta name=\"twitter:data2\" content=\"1 minuto\" \/>\n<script type=\"application\/ld+json\" class=\"yoast-schema-graph\">{\"@context\":\"https:\/\/schema.org\",\"@graph\":[{\"@type\":\"Article\",\"@id\":\"https:\/\/portaltela.pt\/noticias\/2026\/02\/07\/margarida-corceiro-regressa-ao-paraiso-em-biquini\/#article\",\"isPartOf\":{\"@id\":\"https:\/\/portaltela.pt\/noticias\/2026\/02\/07\/margarida-corceiro-regressa-ao-paraiso-em-biquini\/\"},\"author\":{\"name\":\"Telinha\",\"@id\":\"https:\/\/portaltela.pt\/#\/schema\/person\/c4278d4a6028830caff9ee44b42d32ed\"},\"headline\":\"Margarida Corceiro regressa ao para\u00edso em biqu\u00edni\",\"datePublished\":\"2026-02-08T01:30:00+00:00\",\"mainEntityOfPage\":{\"@id\":\"https:\/\/portaltela.pt\/noticias\/2026\/02\/07\/margarida-corceiro-regressa-ao-paraiso-em-biquini\/\"},\"wordCount\":151,\"image\":{\"@id\":\"https:\/\/portaltela.pt\/noticias\/2026\/02\/07\/margarida-corceiro-regressa-ao-paraiso-em-biquini\/#primaryimage\"},\"thumbnailUrl\":\"https:\/\/portaltela.pt\/s.01k8rhncp4jt1\/2026\/02\/img_1500x1000uu2025-03-10-10-00-15-2197198-im-639060876774591300.jpg\",\"keywords\":[\"campanha\",\"celebridades\",\"fotografia\",\"moda\",\"roupas\",\"S\u00e3o Tom\u00e9 e Pr\u00edncipe\"],\"articleSection\":[\"Entretenimento\",\"Not\u00edcias\"],\"inLanguage\":\"pt-PT\"},{\"@type\":\"WebPage\",\"@id\":\"https:\/\/portaltela.pt\/noticias\/2026\/02\/07\/margarida-corceiro-regressa-ao-paraiso-em-biquini\/\",\"url\":\"https:\/\/portaltela.pt\/noticias\/2026\/02\/07\/margarida-corceiro-regressa-ao-paraiso-em-biquini\/\",\"name\":\"Margarida Corceiro regressa ao para\u00edso em biqu\u00edni - Portal Tela Portugal\",\"isPartOf\":{\"@id\":\"https:\/\/portaltela.pt\/#website\"},\"primaryImageOfPage\":{\"@id\":\"https:\/\/portaltela.pt\/noticias\/2026\/02\/07\/margarida-corceiro-regressa-ao-paraiso-em-biquini\/#primaryimage\"},\"image\":{\"@id\":\"https:\/\/portaltela.pt\/noticias\/2026\/02\/07\/margarida-corceiro-regressa-ao-paraiso-em-biquini\/#primaryimage\"},\"thumbnailUrl\":\"https:\/\/portaltela.pt\/s.01k8rhncp4jt1\/2026\/02\/img_1500x1000uu2025-03-10-10-00-15-2197198-im-639060876774591300.jpg\",\"datePublished\":\"2026-02-08T01:30:00+00:00\",\"author\":{\"@id\":\"https:\/\/portaltela.pt\/#\/schema\/person\/c4278d4a6028830caff9ee44b42d32ed\"},\"breadcrumb\":{\"@id\":\"https:\/\/portaltela.pt\/noticias\/2026\/02\/07\/margarida-corceiro-regressa-ao-paraiso-em-biquini\/#breadcrumb\"},\"inLanguage\":\"pt-PT\",\"potentialAction\":[{\"@type\":\"ReadAction\",\"target\":[\"https:\/\/portaltela.pt\/noticias\/2026\/02\/07\/margarida-corceiro-regressa-ao-paraiso-em-biquini\/\"]}]},{\"@type\":\"ImageObject\",\"inLanguage\":\"pt-PT\",\"@id\":\"https:\/\/portaltela.pt\/noticias\/2026\/02\/07\/margarida-corceiro-regressa-ao-paraiso-em-biquini\/#primaryimage\",\"url\":\"https:\/\/portaltela.pt\/s.01k8rhncp4jt1\/2026\/02\/img_1500x1000uu2025-03-10-10-00-15-2197198-im-639060876774591300.jpg\",\"contentUrl\":\"https:\/\/portaltela.pt\/s.01k8rhncp4jt1\/2026\/02\/img_1500x1000uu2025-03-10-10-00-15-2197198-im-639060876774591300.jpg\",\"width\":796,\"height\":448,\"caption\":\"Margarida Corceiro\"},{\"@type\":\"BreadcrumbList\",\"@id\":\"https:\/\/portaltela.pt\/noticias\/2026\/02\/07\/margarida-corceiro-regressa-ao-paraiso-em-biquini\/#breadcrumb\",\"itemListElement\":[{\"@type\":\"ListItem\",\"position\":1,\"name\":\"In\u00edcio\",\"item\":\"https:\/\/portaltela.pt\/\"},{\"@type\":\"ListItem\",\"position\":2,\"name\":\"Margarida Corceiro regressa ao para\u00edso em biqu\u00edni\"}]},{\"@type\":\"WebSite\",\"@id\":\"https:\/\/portaltela.pt\/#website\",\"url\":\"https:\/\/portaltela.pt\/\",\"name\":\"Portal Tela Portugal\",\"description\":\"\",\"potentialAction\":[{\"@type\":\"SearchAction\",\"target\":{\"@type\":\"EntryPoint\",\"urlTemplate\":\"https:\/\/portaltela.pt\/?s={search_term_string}\"},\"query-input\":{\"@type\":\"PropertyValueSpecification\",\"valueRequired\":true,\"valueName\":\"search_term_string\"}}],\"inLanguage\":\"pt-PT\"},{\"@type\":\"Person\",\"@id\":\"https:\/\/portaltela.pt\/#\/schema\/person\/c4278d4a6028830caff9ee44b42d32ed\",\"name\":\"Telinha\",\"image\":{\"@type\":\"ImageObject\",\"inLanguage\":\"pt-PT\",\"@id\":\"https:\/\/portaltela.pt\/s.01k8rhncp4jt1\/2025\/11\/talking-bot-125x125.png\",\"url\":\"https:\/\/portaltela.pt\/s.01k8rhncp4jt1\/2025\/11\/talking-bot-125x125.png\",\"contentUrl\":\"https:\/\/portaltela.pt\/s.01k8rhncp4jt1\/2025\/11\/talking-bot-125x125.png\",\"caption\":\"Telinha\"},\"sameAs\":[\"https:\/\/portaltela.pt\/\"],\"url\":\"https:\/\/portaltela.pt\/por\/367410592786\/\"}]}<\/script>\n<!-- \/ Yoast SEO plugin. -->","yoast_head_json":{"title":"Margarida Corceiro regressa ao para\u00edso em biqu\u00edni - Portal Tela Portugal","robots":{"index":"index","follow":"follow","max-snippet":"max-snippet:-1","max-image-preview":"max-image-preview:large","max-video-preview":"max-video-preview:-1"},"og_locale":"pt_PT","og_type":"article","og_title":"Margarida Corceiro regressa ao para\u00edso em biqu\u00edni - Portal Tela Portugal","og_description":"Margarida Corceiro, 23 anos, est\u00e1 em S\u00e3o Tom\u00e9 e Pr\u00edncipe para fotografar a nova campanha da sua marca de biqu\u00ednis. A atriz j\u00e1 partilhou a chegada ao pa\u00eds nas redes sociais e gravou um v\u00eddeo na praia para promover a cole\u00e7\u00e3o. A campanha \u00e9 descrita como inevitavelmente arrebatadora, com mais fotografias ousadas previstas. Este \u00e9 o terceiro destino paradis\u00edaco da atriz em tr\u00eas meses, depois do Brasil em dezembro e das Cara\u00edbas no r\u00e9veillon. A atriz costuma viajar para promover, em primeira pessoa, a sua pr\u00f3pria etiqueta de biquinis.","og_url":"https:\/\/portaltela.pt\/noticias\/2026\/02\/07\/margarida-corceiro-regressa-ao-paraiso-em-biquini\/","og_site_name":"Portal Tela Portugal","article_published_time":"2026-02-08T01:30:00+00:00","author":"Telinha","twitter_card":"summary_large_image","twitter_misc":{"Escrito por":"Telinha","Tempo estimado de leitura":"1 minuto"},"schema":{"@context":"https:\/\/schema.org","@graph":[{"@type":"Article","@id":"https:\/\/portaltela.pt\/noticias\/2026\/02\/07\/margarida-corceiro-regressa-ao-paraiso-em-biquini\/#article","isPartOf":{"@id":"https:\/\/portaltela.pt\/noticias\/2026\/02\/07\/margarida-corceiro-regressa-ao-paraiso-em-biquini\/"},"author":{"name":"Telinha","@id":"https:\/\/portaltela.pt\/#\/schema\/person\/c4278d4a6028830caff9ee44b42d32ed"},"headline":"Margarida Corceiro regressa ao para\u00edso em biqu\u00edni","datePublished":"2026-02-08T01:30:00+00:00","mainEntityOfPage":{"@id":"https:\/\/portaltela.pt\/noticias\/2026\/02\/07\/margarida-corceiro-regressa-ao-paraiso-em-biquini\/"},"wordCount":151,"image":{"@id":"https:\/\/portaltela.pt\/noticias\/2026\/02\/07\/margarida-corceiro-regressa-ao-paraiso-em-biquini\/#primaryimage"},"thumbnailUrl":"https:\/\/portaltela.pt\/s.01k8rhncp4jt1\/2026\/02\/img_1500x1000uu2025-03-10-10-00-15-2197198-im-639060876774591300.jpg","keywords":["campanha","celebridades","fotografia","moda","roupas","S\u00e3o Tom\u00e9 e Pr\u00edncipe"],"articleSection":["Entretenimento","Not\u00edcias"],"inLanguage":"pt-PT"},{"@type":"WebPage","@id":"https:\/\/portaltela.pt\/noticias\/2026\/02\/07\/margarida-corceiro-regressa-ao-paraiso-em-biquini\/","url":"https:\/\/portaltela.pt\/noticias\/2026\/02\/07\/margarida-corceiro-regressa-ao-paraiso-em-biquini\/","name":"Margarida Corceiro regressa ao para\u00edso em biqu\u00edni - Portal Tela Portugal","isPartOf":{"@id":"https:\/\/portaltela.pt\/#website"},"primaryImageOfPage":{"@id":"https:\/\/portaltela.pt\/noticias\/2026\/02\/07\/margarida-corceiro-regressa-ao-paraiso-em-biquini\/#primaryimage"},"image":{"@id":"https:\/\/portaltela.pt\/noticias\/2026\/02\/07\/margarida-corceiro-regressa-ao-paraiso-em-biquini\/#primaryimage"},"thumbnailUrl":"https:\/\/portaltela.pt\/s.01k8rhncp4jt1\/2026\/02\/img_1500x1000uu2025-03-10-10-00-15-2197198-im-639060876774591300.jpg","datePublished":"2026-02-08T01:30:00+00:00","author":{"@id":"https:\/\/portaltela.pt\/#\/schema\/person\/c4278d4a6028830caff9ee44b42d32ed"},"breadcrumb":{"@id":"https:\/\/portaltela.pt\/noticias\/2026\/02\/07\/margarida-corceiro-regressa-ao-paraiso-em-biquini\/#breadcrumb"},"inLanguage":"pt-PT","potentialAction":[{"@type":"ReadAction","target":["https:\/\/portaltela.pt\/noticias\/2026\/02\/07\/margarida-corceiro-regressa-ao-paraiso-em-biquini\/"]}]},{"@type":"ImageObject","inLanguage":"pt-PT","@id":"https:\/\/portaltela.pt\/noticias\/2026\/02\/07\/margarida-corceiro-regressa-ao-paraiso-em-biquini\/#primaryimage","url":"https:\/\/portaltela.pt\/s.01k8rhncp4jt1\/2026\/02\/img_1500x1000uu2025-03-10-10-00-15-2197198-im-639060876774591300.jpg","contentUrl":"https:\/\/portaltela.pt\/s.01k8rhncp4jt1\/2026\/02\/img_1500x1000uu2025-03-10-10-00-15-2197198-im-639060876774591300.jpg","width":796,"height":448,"caption":"Margarida Corceiro"},{"@type":"BreadcrumbList","@id":"https:\/\/portaltela.pt\/noticias\/2026\/02\/07\/margarida-corceiro-regressa-ao-paraiso-em-biquini\/#breadcrumb","itemListElement":[{"@type":"ListItem","position":1,"name":"In\u00edcio","item":"https:\/\/portaltela.pt\/"},{"@type":"ListItem","position":2,"name":"Margarida Corceiro regressa ao para\u00edso em biqu\u00edni"}]},{"@type":"WebSite","@id":"https:\/\/portaltela.pt\/#website","url":"https:\/\/portaltela.pt\/","name":"Portal Tela Portugal","description":"","potentialAction":[{"@type":"SearchAction","target":{"@type":"EntryPoint","urlTemplate":"https:\/\/portaltela.pt\/?s={search_term_string}"},"query-input":{"@type":"PropertyValueSpecification","valueRequired":true,"valueName":"search_term_string"}}],"inLanguage":"pt-PT"},{"@type":"Person","@id":"https:\/\/portaltela.pt\/#\/schema\/person\/c4278d4a6028830caff9ee44b42d32ed","name":"Telinha","image":{"@type":"ImageObject","inLanguage":"pt-PT","@id":"https:\/\/portaltela.pt\/s.01k8rhncp4jt1\/2025\/11\/talking-bot-125x125.png","url":"https:\/\/portaltela.pt\/s.01k8rhncp4jt1\/2025\/11\/talking-bot-125x125.png","contentUrl":"https:\/\/portaltela.pt\/s.01k8rhncp4jt1\/2025\/11\/talking-bot-125x125.png","caption":"Telinha"},"sameAs":["https:\/\/portaltela.pt\/"],"url":"https:\/\/portaltela.pt\/por\/367410592786\/"}]}},"_links":{"self":[{"href":"https:\/\/portaltela.pt\/api\/wp\/v2\/posts\/203541","targetHints":{"allow":["GET"]}}],"collection":[{"href":"https:\/\/portaltela.pt\/api\/wp\/v2\/posts"}],"about":[{"href":"https:\/\/portaltela.pt\/api\/wp\/v2\/types\/post"}],"author":[{"embeddable":true,"href":"https:\/\/portaltela.pt\/api\/wp\/v2\/users\/2"}],"replies":[{"embeddable":true,"href":"https:\/\/portaltela.pt\/api\/wp\/v2\/comments?post=203541"}],"version-history":[{"count":0,"href":"https:\/\/portaltela.pt\/api\/wp\/v2\/posts\/203541\/revisions"}],"wp:featuredmedia":[{"embeddable":true,"href":"https:\/\/portaltela.pt\/api\/wp\/v2\/media\/203545"}],"wp:attachment":[{"href":"https:\/\/portaltela.pt\/api\/wp\/v2\/media?parent=203541"}],"wp:term":[{"taxonomy":"category","embeddable":true,"href":"https:\/\/portaltela.pt\/api\/wp\/v2\/categories?post=203541"},{"taxonomy":"post_tag","embeddable":true,"href":"https:\/\/portaltela.pt\/api\/wp\/v2\/tags?post=203541"}],"curies":[{"name":"wp","href":"https:\/\/api.w.org\/{rel}","templated":true}]}}