{"id":203521,"date":"2026-02-07T22:16:00","date_gmt":"2026-02-08T01:16:00","guid":{"rendered":"https:\/\/portaltela.pt\/noticias\/2026\/02\/07\/os-marretas-estao-de-volta-com-sabrina-carpenter-como-convidada-especial\/"},"modified":"2026-02-07T22:16:00","modified_gmt":"2026-02-08T01:16:00","slug":"os-marretas-estao-de-volta-com-sabrina-carpenter-como-convidada-especial","status":"publish","type":"post","link":"https:\/\/portaltela.pt\/noticias\/2026\/02\/07\/os-marretas-estao-de-volta-com-sabrina-carpenter-como-convidada-especial\/","title":{"rendered":"Os Marretas est\u00e3o de volta com Sabrina Carpenter como convidada especial"},"content":{"rendered":"<p>Foi lan\u00e7ado no Disney+ a 4 de fevereiro o regresso ao pequeno ecr\u00e3 dos Marretas, com Sabrina Carpenter como convidada especial. O especial re\u00fane m\u00fasica, com\u00e9dia e caos no Muppet Theatre, numa produ\u00e7\u00e3o que marca a comemora\u00e7\u00e3o do oganismo ic\u00f3nico para as novas gera\u00e7\u00f5es.<\/p>\n<p>Produzido pela 20th Television, Disney Branded Television, The Muppets Studio e Point Grey Pictures, o evento \u00e9 dirigido por Alex Timbers. A curta-pesca busca manter viva a heran\u00e7a dos Marionetes criados por Jim Henson, apresentando os Muppets a p\u00fablicos de diferentes idades.<\/p>\n<p>Os Muppets voltam a protagonizar um formato \u00fanico, mantendo o tom que ditou o sucesso da s\u00e9rie original, emitida entre 1976 e 1981 em mais de 100 pa\u00edses. Em 2026, as cinco temporadas j\u00e1 est\u00e3o dispon\u00edveis no Disney+, juntamente com este novo especial.<\/p>\n<h3>Repert\u00f3rio e elenco<\/h3>\n<p>Os int\u00e9rpretes originais dos Marretas \u2014 Bill Barretta, Dave Goelz, Eric Jacobson, Peter Linz, David Rudman e Matt Vogel \u2014 retornam para dar vida \u00e0 maioria das personagens, com apoio de int\u00e9rpretes adicionais. Dave Goelz destaca-se entre os veteranos, com mais de 50 anos de atua\u00e7\u00e3o associada aos Marretas.<\/p>\n<h3>Contexto de anivers\u00e1rio<\/h3>\n<p>Este lan\u00e7amento insere-se na celebra\u00e7\u00e3o do 50.\u00ba anivers\u00e1rio da marca, que decorre em 2026. As cinco temporadas j\u00e1 dispon\u00edveis no Disney+ permitem ao p\u00fablico acompanhar a evolu\u00e7\u00e3o do programa original at\u00e9 ao presente, bem como compreender o impacto cultural da s\u00e9rie.<\/p>\n","protected":false},"excerpt":{"rendered":"<ul>\n<li>Estreou a 4 de fevereiro no Disney+ o regresso aos ecr\u00e3s dos Muppet Show, com o grupo dos Marretas voltando em novo evento.<\/li>\n<li>Sabrina Carpenter atua como convidada especial no espet\u00e1culo, que combina m\u00fasica, com\u00e9dia e caos no Muppet Theatre.<\/li>\n<li>O especial \u00e9 produzido pela 20th Television, Disney Branded Television, The Muppets Studio e Point Grey Pictures, dirigido por Alex Timbers.<\/li>\n<li>A s\u00e9rie original Os Marretas foi transmitida entre 1976 e 1981, destacou-se globalmente e volta a celebrar o seu 50.\u00ba anivers\u00e1rio em 2026, com as cinco temporadas dispon\u00edveis no Disney+.<\/li>\n<li>Os int\u00e9rpretes originais, entre eles Bill Barretta, Dave Goelz e Eric Jacobson, d\u00e3o voz \u00e0 maior parte das personagens, com apoio de int\u00e9rpretes adicionais.<\/li>\n<\/ul>\n","protected":false},"author":2,"featured_media":203525,"comment_status":"closed","ping_status":"closed","sticky":false,"template":"","format":"standard","meta":{"footnotes":""},"categories":[1],"tags":[76,1637,145,2924,122,2780],"class_list":["post-203521","post","type-post","status-publish","format-standard","has-post-thumbnail","hentry","category-noticias","tag-celebridades","tag-comedia","tag-cultura","tag-disney","tag-musica","tag-transmissoes-televisivas"],"yoast_head":"<!-- This site is optimized with the Yoast SEO plugin v27.2 - https:\/\/yoast.com\/product\/yoast-seo-wordpress\/ -->\n<title>Os Marretas est\u00e3o de volta com Sabrina Carpenter como convidada especial - Portal Tela Portugal<\/title>\n<meta name=\"robots\" content=\"index, follow, max-snippet:-1, max-image-preview:large, max-video-preview:-1\" \/>\n<meta property=\"og:locale\" content=\"pt_PT\" \/>\n<meta property=\"og:type\" content=\"article\" \/>\n<meta property=\"og:title\" content=\"Os Marretas est\u00e3o de volta com Sabrina Carpenter como convidada especial - Portal Tela Portugal\" \/>\n<meta property=\"og:description\" content=\"Estreou a 4 de fevereiro no Disney+ o regresso aos ecr\u00e3s dos Muppet Show, com o grupo dos Marretas voltando em novo evento. Sabrina Carpenter atua como convidada especial no espet\u00e1culo, que combina m\u00fasica, com\u00e9dia e caos no Muppet Theatre. O especial \u00e9 produzido pela 20th Television, Disney Branded Television, The Muppets Studio e Point Grey Pictures, dirigido por Alex Timbers. A s\u00e9rie original Os Marretas foi transmitida entre 1976 e 1981, destacou-se globalmente e volta a celebrar o seu 50.\u00ba anivers\u00e1rio em 2026, com as cinco temporadas dispon\u00edveis no Disney+. Os int\u00e9rpretes originais, entre eles Bill Barretta, Dave Goelz e Eric Jacobson, d\u00e3o voz \u00e0 maior parte das personagens, com apoio de int\u00e9rpretes adicionais.\" \/>\n<meta property=\"og:url\" content=\"https:\/\/portaltela.pt\/noticias\/2026\/02\/07\/os-marretas-estao-de-volta-com-sabrina-carpenter-como-convidada-especial\/\" \/>\n<meta property=\"og:site_name\" content=\"Portal Tela Portugal\" \/>\n<meta property=\"article:published_time\" content=\"2026-02-08T01:16:00+00:00\" \/>\n<meta name=\"author\" content=\"Telinha\" \/>\n<meta name=\"twitter:card\" content=\"summary_large_image\" \/>\n<meta name=\"twitter:label1\" content=\"Escrito por\" \/>\n\t<meta name=\"twitter:data1\" content=\"Telinha\" \/>\n\t<meta name=\"twitter:label2\" content=\"Tempo estimado de leitura\" \/>\n\t<meta name=\"twitter:data2\" content=\"1 minuto\" \/>\n<script type=\"application\/ld+json\" class=\"yoast-schema-graph\">{\"@context\":\"https:\/\/schema.org\",\"@graph\":[{\"@type\":\"Article\",\"@id\":\"https:\/\/portaltela.pt\/noticias\/2026\/02\/07\/os-marretas-estao-de-volta-com-sabrina-carpenter-como-convidada-especial\/#article\",\"isPartOf\":{\"@id\":\"https:\/\/portaltela.pt\/noticias\/2026\/02\/07\/os-marretas-estao-de-volta-com-sabrina-carpenter-como-convidada-especial\/\"},\"author\":{\"name\":\"Telinha\",\"@id\":\"https:\/\/portaltela.pt\/#\/schema\/person\/c4278d4a6028830caff9ee44b42d32ed\"},\"headline\":\"Os Marretas est\u00e3o de volta com Sabrina Carpenter como convidada especial\",\"datePublished\":\"2026-02-08T01:16:00+00:00\",\"mainEntityOfPage\":{\"@id\":\"https:\/\/portaltela.pt\/noticias\/2026\/02\/07\/os-marretas-estao-de-volta-com-sabrina-carpenter-como-convidada-especial\/\"},\"wordCount\":251,\"image\":{\"@id\":\"https:\/\/portaltela.pt\/noticias\/2026\/02\/07\/os-marretas-estao-de-volta-com-sabrina-carpenter-como-convidada-especial\/#primaryimage\"},\"thumbnailUrl\":\"https:\/\/portaltela.pt\/s.01k8rhncp4jt1\/2026\/02\/image-597.jpg\",\"keywords\":[\"celebridades\",\"com\u00e9dia\",\"cultura\",\"Disney+\",\"m\u00fasica\",\"transmiss\u00f5es televisivas\"],\"articleSection\":[\"Not\u00edcias\"],\"inLanguage\":\"pt-PT\"},{\"@type\":\"WebPage\",\"@id\":\"https:\/\/portaltela.pt\/noticias\/2026\/02\/07\/os-marretas-estao-de-volta-com-sabrina-carpenter-como-convidada-especial\/\",\"url\":\"https:\/\/portaltela.pt\/noticias\/2026\/02\/07\/os-marretas-estao-de-volta-com-sabrina-carpenter-como-convidada-especial\/\",\"name\":\"Os Marretas est\u00e3o de volta com Sabrina Carpenter como convidada especial - Portal Tela Portugal\",\"isPartOf\":{\"@id\":\"https:\/\/portaltela.pt\/#website\"},\"primaryImageOfPage\":{\"@id\":\"https:\/\/portaltela.pt\/noticias\/2026\/02\/07\/os-marretas-estao-de-volta-com-sabrina-carpenter-como-convidada-especial\/#primaryimage\"},\"image\":{\"@id\":\"https:\/\/portaltela.pt\/noticias\/2026\/02\/07\/os-marretas-estao-de-volta-com-sabrina-carpenter-como-convidada-especial\/#primaryimage\"},\"thumbnailUrl\":\"https:\/\/portaltela.pt\/s.01k8rhncp4jt1\/2026\/02\/image-597.jpg\",\"datePublished\":\"2026-02-08T01:16:00+00:00\",\"author\":{\"@id\":\"https:\/\/portaltela.pt\/#\/schema\/person\/c4278d4a6028830caff9ee44b42d32ed\"},\"breadcrumb\":{\"@id\":\"https:\/\/portaltela.pt\/noticias\/2026\/02\/07\/os-marretas-estao-de-volta-com-sabrina-carpenter-como-convidada-especial\/#breadcrumb\"},\"inLanguage\":\"pt-PT\",\"potentialAction\":[{\"@type\":\"ReadAction\",\"target\":[\"https:\/\/portaltela.pt\/noticias\/2026\/02\/07\/os-marretas-estao-de-volta-com-sabrina-carpenter-como-convidada-especial\/\"]}]},{\"@type\":\"ImageObject\",\"inLanguage\":\"pt-PT\",\"@id\":\"https:\/\/portaltela.pt\/noticias\/2026\/02\/07\/os-marretas-estao-de-volta-com-sabrina-carpenter-como-convidada-especial\/#primaryimage\",\"url\":\"https:\/\/portaltela.pt\/s.01k8rhncp4jt1\/2026\/02\/image-597.jpg\",\"contentUrl\":\"https:\/\/portaltela.pt\/s.01k8rhncp4jt1\/2026\/02\/image-597.jpg\",\"width\":796,\"height\":448,\"caption\":\"Estreou a 4 de fevereiro no Disney+ o regresso ao pequeno ecr\u00e3 dos Marretas\"},{\"@type\":\"BreadcrumbList\",\"@id\":\"https:\/\/portaltela.pt\/noticias\/2026\/02\/07\/os-marretas-estao-de-volta-com-sabrina-carpenter-como-convidada-especial\/#breadcrumb\",\"itemListElement\":[{\"@type\":\"ListItem\",\"position\":1,\"name\":\"In\u00edcio\",\"item\":\"https:\/\/portaltela.pt\/\"},{\"@type\":\"ListItem\",\"position\":2,\"name\":\"Os Marretas est\u00e3o de volta com Sabrina Carpenter como convidada especial\"}]},{\"@type\":\"WebSite\",\"@id\":\"https:\/\/portaltela.pt\/#website\",\"url\":\"https:\/\/portaltela.pt\/\",\"name\":\"Portal Tela Portugal\",\"description\":\"\",\"potentialAction\":[{\"@type\":\"SearchAction\",\"target\":{\"@type\":\"EntryPoint\",\"urlTemplate\":\"https:\/\/portaltela.pt\/?s={search_term_string}\"},\"query-input\":{\"@type\":\"PropertyValueSpecification\",\"valueRequired\":true,\"valueName\":\"search_term_string\"}}],\"inLanguage\":\"pt-PT\"},{\"@type\":\"Person\",\"@id\":\"https:\/\/portaltela.pt\/#\/schema\/person\/c4278d4a6028830caff9ee44b42d32ed\",\"name\":\"Telinha\",\"image\":{\"@type\":\"ImageObject\",\"inLanguage\":\"pt-PT\",\"@id\":\"https:\/\/portaltela.pt\/s.01k8rhncp4jt1\/2025\/11\/talking-bot-125x125.png\",\"url\":\"https:\/\/portaltela.pt\/s.01k8rhncp4jt1\/2025\/11\/talking-bot-125x125.png\",\"contentUrl\":\"https:\/\/portaltela.pt\/s.01k8rhncp4jt1\/2025\/11\/talking-bot-125x125.png\",\"caption\":\"Telinha\"},\"sameAs\":[\"https:\/\/portaltela.pt\/\"],\"url\":\"https:\/\/portaltela.pt\/por\/367410592786\/\"}]}<\/script>\n<!-- \/ Yoast SEO plugin. -->","yoast_head_json":{"title":"Os Marretas est\u00e3o de volta com Sabrina Carpenter como convidada especial - Portal Tela Portugal","robots":{"index":"index","follow":"follow","max-snippet":"max-snippet:-1","max-image-preview":"max-image-preview:large","max-video-preview":"max-video-preview:-1"},"og_locale":"pt_PT","og_type":"article","og_title":"Os Marretas est\u00e3o de volta com Sabrina Carpenter como convidada especial - Portal Tela Portugal","og_description":"Estreou a 4 de fevereiro no Disney+ o regresso aos ecr\u00e3s dos Muppet Show, com o grupo dos Marretas voltando em novo evento. Sabrina Carpenter atua como convidada especial no espet\u00e1culo, que combina m\u00fasica, com\u00e9dia e caos no Muppet Theatre. O especial \u00e9 produzido pela 20th Television, Disney Branded Television, The Muppets Studio e Point Grey Pictures, dirigido por Alex Timbers. A s\u00e9rie original Os Marretas foi transmitida entre 1976 e 1981, destacou-se globalmente e volta a celebrar o seu 50.\u00ba anivers\u00e1rio em 2026, com as cinco temporadas dispon\u00edveis no Disney+. Os int\u00e9rpretes originais, entre eles Bill Barretta, Dave Goelz e Eric Jacobson, d\u00e3o voz \u00e0 maior parte das personagens, com apoio de int\u00e9rpretes adicionais.","og_url":"https:\/\/portaltela.pt\/noticias\/2026\/02\/07\/os-marretas-estao-de-volta-com-sabrina-carpenter-como-convidada-especial\/","og_site_name":"Portal Tela Portugal","article_published_time":"2026-02-08T01:16:00+00:00","author":"Telinha","twitter_card":"summary_large_image","twitter_misc":{"Escrito por":"Telinha","Tempo estimado de leitura":"1 minuto"},"schema":{"@context":"https:\/\/schema.org","@graph":[{"@type":"Article","@id":"https:\/\/portaltela.pt\/noticias\/2026\/02\/07\/os-marretas-estao-de-volta-com-sabrina-carpenter-como-convidada-especial\/#article","isPartOf":{"@id":"https:\/\/portaltela.pt\/noticias\/2026\/02\/07\/os-marretas-estao-de-volta-com-sabrina-carpenter-como-convidada-especial\/"},"author":{"name":"Telinha","@id":"https:\/\/portaltela.pt\/#\/schema\/person\/c4278d4a6028830caff9ee44b42d32ed"},"headline":"Os Marretas est\u00e3o de volta com Sabrina Carpenter como convidada especial","datePublished":"2026-02-08T01:16:00+00:00","mainEntityOfPage":{"@id":"https:\/\/portaltela.pt\/noticias\/2026\/02\/07\/os-marretas-estao-de-volta-com-sabrina-carpenter-como-convidada-especial\/"},"wordCount":251,"image":{"@id":"https:\/\/portaltela.pt\/noticias\/2026\/02\/07\/os-marretas-estao-de-volta-com-sabrina-carpenter-como-convidada-especial\/#primaryimage"},"thumbnailUrl":"https:\/\/portaltela.pt\/s.01k8rhncp4jt1\/2026\/02\/image-597.jpg","keywords":["celebridades","com\u00e9dia","cultura","Disney+","m\u00fasica","transmiss\u00f5es televisivas"],"articleSection":["Not\u00edcias"],"inLanguage":"pt-PT"},{"@type":"WebPage","@id":"https:\/\/portaltela.pt\/noticias\/2026\/02\/07\/os-marretas-estao-de-volta-com-sabrina-carpenter-como-convidada-especial\/","url":"https:\/\/portaltela.pt\/noticias\/2026\/02\/07\/os-marretas-estao-de-volta-com-sabrina-carpenter-como-convidada-especial\/","name":"Os Marretas est\u00e3o de volta com Sabrina Carpenter como convidada especial - Portal Tela Portugal","isPartOf":{"@id":"https:\/\/portaltela.pt\/#website"},"primaryImageOfPage":{"@id":"https:\/\/portaltela.pt\/noticias\/2026\/02\/07\/os-marretas-estao-de-volta-com-sabrina-carpenter-como-convidada-especial\/#primaryimage"},"image":{"@id":"https:\/\/portaltela.pt\/noticias\/2026\/02\/07\/os-marretas-estao-de-volta-com-sabrina-carpenter-como-convidada-especial\/#primaryimage"},"thumbnailUrl":"https:\/\/portaltela.pt\/s.01k8rhncp4jt1\/2026\/02\/image-597.jpg","datePublished":"2026-02-08T01:16:00+00:00","author":{"@id":"https:\/\/portaltela.pt\/#\/schema\/person\/c4278d4a6028830caff9ee44b42d32ed"},"breadcrumb":{"@id":"https:\/\/portaltela.pt\/noticias\/2026\/02\/07\/os-marretas-estao-de-volta-com-sabrina-carpenter-como-convidada-especial\/#breadcrumb"},"inLanguage":"pt-PT","potentialAction":[{"@type":"ReadAction","target":["https:\/\/portaltela.pt\/noticias\/2026\/02\/07\/os-marretas-estao-de-volta-com-sabrina-carpenter-como-convidada-especial\/"]}]},{"@type":"ImageObject","inLanguage":"pt-PT","@id":"https:\/\/portaltela.pt\/noticias\/2026\/02\/07\/os-marretas-estao-de-volta-com-sabrina-carpenter-como-convidada-especial\/#primaryimage","url":"https:\/\/portaltela.pt\/s.01k8rhncp4jt1\/2026\/02\/image-597.jpg","contentUrl":"https:\/\/portaltela.pt\/s.01k8rhncp4jt1\/2026\/02\/image-597.jpg","width":796,"height":448,"caption":"Estreou a 4 de fevereiro no Disney+ o regresso ao pequeno ecr\u00e3 dos Marretas"},{"@type":"BreadcrumbList","@id":"https:\/\/portaltela.pt\/noticias\/2026\/02\/07\/os-marretas-estao-de-volta-com-sabrina-carpenter-como-convidada-especial\/#breadcrumb","itemListElement":[{"@type":"ListItem","position":1,"name":"In\u00edcio","item":"https:\/\/portaltela.pt\/"},{"@type":"ListItem","position":2,"name":"Os Marretas est\u00e3o de volta com Sabrina Carpenter como convidada especial"}]},{"@type":"WebSite","@id":"https:\/\/portaltela.pt\/#website","url":"https:\/\/portaltela.pt\/","name":"Portal Tela Portugal","description":"","potentialAction":[{"@type":"SearchAction","target":{"@type":"EntryPoint","urlTemplate":"https:\/\/portaltela.pt\/?s={search_term_string}"},"query-input":{"@type":"PropertyValueSpecification","valueRequired":true,"valueName":"search_term_string"}}],"inLanguage":"pt-PT"},{"@type":"Person","@id":"https:\/\/portaltela.pt\/#\/schema\/person\/c4278d4a6028830caff9ee44b42d32ed","name":"Telinha","image":{"@type":"ImageObject","inLanguage":"pt-PT","@id":"https:\/\/portaltela.pt\/s.01k8rhncp4jt1\/2025\/11\/talking-bot-125x125.png","url":"https:\/\/portaltela.pt\/s.01k8rhncp4jt1\/2025\/11\/talking-bot-125x125.png","contentUrl":"https:\/\/portaltela.pt\/s.01k8rhncp4jt1\/2025\/11\/talking-bot-125x125.png","caption":"Telinha"},"sameAs":["https:\/\/portaltela.pt\/"],"url":"https:\/\/portaltela.pt\/por\/367410592786\/"}]}},"_links":{"self":[{"href":"https:\/\/portaltela.pt\/api\/wp\/v2\/posts\/203521","targetHints":{"allow":["GET"]}}],"collection":[{"href":"https:\/\/portaltela.pt\/api\/wp\/v2\/posts"}],"about":[{"href":"https:\/\/portaltela.pt\/api\/wp\/v2\/types\/post"}],"author":[{"embeddable":true,"href":"https:\/\/portaltela.pt\/api\/wp\/v2\/users\/2"}],"replies":[{"embeddable":true,"href":"https:\/\/portaltela.pt\/api\/wp\/v2\/comments?post=203521"}],"version-history":[{"count":0,"href":"https:\/\/portaltela.pt\/api\/wp\/v2\/posts\/203521\/revisions"}],"wp:featuredmedia":[{"embeddable":true,"href":"https:\/\/portaltela.pt\/api\/wp\/v2\/media\/203525"}],"wp:attachment":[{"href":"https:\/\/portaltela.pt\/api\/wp\/v2\/media?parent=203521"}],"wp:term":[{"taxonomy":"category","embeddable":true,"href":"https:\/\/portaltela.pt\/api\/wp\/v2\/categories?post=203521"},{"taxonomy":"post_tag","embeddable":true,"href":"https:\/\/portaltela.pt\/api\/wp\/v2\/tags?post=203521"}],"curies":[{"name":"wp","href":"https:\/\/api.w.org\/{rel}","templated":true}]}}