{"id":203478,"date":"2026-02-07T20:42:00","date_gmt":"2026-02-07T23:42:00","guid":{"rendered":"https:\/\/portaltela.pt\/noticias\/2026\/02\/07\/autarquia-de-lamego-reduz-imi-a-casas-de-interesse-publico\/"},"modified":"2026-02-07T20:42:00","modified_gmt":"2026-02-07T23:42:00","slug":"autarquia-de-lamego-reduz-imi-a-casas-de-interesse-publico","status":"publish","type":"post","link":"https:\/\/portaltela.pt\/noticias\/2026\/02\/07\/autarquia-de-lamego-reduz-imi-a-casas-de-interesse-publico\/","title":{"rendered":"Autarquia de Lamego reduz IMI a casas de interesse p\u00fablico"},"content":{"rendered":"<p>A C\u00e2mara Municipal de Lamego decidiu reduzir o IMI (imposto municipal sobre im\u00f3veis) para habita\u00e7\u00f5es com valor patrimonial que sejam bem conservadas e disponibilizadas no mercado de arrendamento. A medida prev\u00ea redu\u00e7\u00f5es de at\u00e9 30% para estes im\u00f3veis.<\/p>\n<p>A autarquia pretende premiar quem mant\u00e9m as habita\u00e7\u00f5es em bom estado, contribuindo para o aproveitamento do parque edificado. A taxa reduzida aplica-se a propriet\u00e1rios que colocam im\u00f3veis dispon\u00edveis para arrendamento.<\/p>\n<p>Por outro lado, o IMI pode subir para pr\u00e9dios vazios ou degradados. A estrat\u00e9gia visa incentivar a conserva\u00e7\u00e3o e o uso produtivo do patrim\u00f3nio, penalizando situa\u00e7\u00f5es de abandono que possam afetar o urbanismo local. A medida entra em vigor j\u00e1 este ano.<\/p>\n","protected":false},"excerpt":{"rendered":"<ul>\n<li>A autarquia de Lamego reduziu o IMI para casas com interesse p\u00fablico.<\/li>\n<li>O imposto pode descer at\u00e9 30% para propriet\u00e1rios que conservem habita\u00e7\u00f5es com valor patrimonial e as arrendem.<\/li>\n<li>Os pr\u00e9dios vazios ou degradados ficam sujeitos a subida de IMI.<\/li>\n<li>A medida visa premiar quem mant\u00e9m e disponibiliza im\u00f3veis ao arrendamento e penalizar quem n\u00e3o o faz.<\/li>\n<\/ul>\n","protected":false},"author":2,"featured_media":203479,"comment_status":"closed","ping_status":"closed","sticky":false,"template":"","format":"standard","meta":{"footnotes":""},"categories":[1],"tags":[150,1010,1208,228,2093,814],"class_list":["post-203478","post","type-post","status-publish","format-standard","has-post-thumbnail","hentry","category-noticias","tag-habitacao","tag-habitacao-publica","tag-imi","tag-imobiliario","tag-municipios","tag-patrimonio"],"yoast_head":"<!-- This site is optimized with the Yoast SEO plugin v27.2 - https:\/\/yoast.com\/product\/yoast-seo-wordpress\/ -->\n<title>Autarquia de Lamego reduz IMI a casas de interesse p\u00fablico - Portal Tela Portugal<\/title>\n<meta name=\"robots\" content=\"index, follow, max-snippet:-1, max-image-preview:large, max-video-preview:-1\" \/>\n<meta property=\"og:locale\" content=\"pt_PT\" \/>\n<meta property=\"og:type\" content=\"article\" \/>\n<meta property=\"og:title\" content=\"Autarquia de Lamego reduz IMI a casas de interesse p\u00fablico - Portal Tela Portugal\" \/>\n<meta property=\"og:description\" content=\"A autarquia de Lamego reduziu o IMI para casas com interesse p\u00fablico. O imposto pode descer at\u00e9 30% para propriet\u00e1rios que conservem habita\u00e7\u00f5es com valor patrimonial e as arrendem. Os pr\u00e9dios vazios ou degradados ficam sujeitos a subida de IMI. A medida visa premiar quem mant\u00e9m e disponibiliza im\u00f3veis ao arrendamento e penalizar quem n\u00e3o o faz.\" \/>\n<meta property=\"og:url\" content=\"https:\/\/portaltela.pt\/noticias\/2026\/02\/07\/autarquia-de-lamego-reduz-imi-a-casas-de-interesse-publico\/\" \/>\n<meta property=\"og:site_name\" content=\"Portal Tela Portugal\" \/>\n<meta property=\"article:published_time\" content=\"2026-02-07T23:42:00+00:00\" \/>\n<meta name=\"author\" content=\"Telinha\" \/>\n<meta name=\"twitter:card\" content=\"summary_large_image\" \/>\n<meta name=\"twitter:label1\" content=\"Escrito por\" \/>\n\t<meta name=\"twitter:data1\" content=\"Telinha\" \/>\n\t<meta name=\"twitter:label2\" content=\"Tempo estimado de leitura\" \/>\n\t<meta name=\"twitter:data2\" content=\"1 minuto\" \/>\n<script type=\"application\/ld+json\" class=\"yoast-schema-graph\">{\"@context\":\"https:\/\/schema.org\",\"@graph\":[{\"@type\":\"Article\",\"@id\":\"https:\/\/portaltela.pt\/noticias\/2026\/02\/07\/autarquia-de-lamego-reduz-imi-a-casas-de-interesse-publico\/#article\",\"isPartOf\":{\"@id\":\"https:\/\/portaltela.pt\/noticias\/2026\/02\/07\/autarquia-de-lamego-reduz-imi-a-casas-de-interesse-publico\/\"},\"author\":{\"name\":\"Telinha\",\"@id\":\"https:\/\/portaltela.pt\/#\/schema\/person\/c4278d4a6028830caff9ee44b42d32ed\"},\"headline\":\"Autarquia de Lamego reduz IMI a casas de interesse p\u00fablico\",\"datePublished\":\"2026-02-07T23:42:00+00:00\",\"mainEntityOfPage\":{\"@id\":\"https:\/\/portaltela.pt\/noticias\/2026\/02\/07\/autarquia-de-lamego-reduz-imi-a-casas-de-interesse-publico\/\"},\"wordCount\":135,\"image\":{\"@id\":\"https:\/\/portaltela.pt\/noticias\/2026\/02\/07\/autarquia-de-lamego-reduz-imi-a-casas-de-interesse-publico\/#primaryimage\"},\"thumbnailUrl\":\"https:\/\/portaltela.pt\/s.01k8rhncp4jt1\/2026\/02\/image-590.jpg\",\"keywords\":[\"habita\u00e7\u00e3o\",\"habita\u00e7\u00e3o p\u00fablica\",\"IMI\",\"imobili\u00e1rio\",\"munic\u00edpios\",\"patrim\u00f3nio\"],\"articleSection\":[\"Not\u00edcias\"],\"inLanguage\":\"pt-PT\"},{\"@type\":\"WebPage\",\"@id\":\"https:\/\/portaltela.pt\/noticias\/2026\/02\/07\/autarquia-de-lamego-reduz-imi-a-casas-de-interesse-publico\/\",\"url\":\"https:\/\/portaltela.pt\/noticias\/2026\/02\/07\/autarquia-de-lamego-reduz-imi-a-casas-de-interesse-publico\/\",\"name\":\"Autarquia de Lamego reduz IMI a casas de interesse p\u00fablico - Portal Tela Portugal\",\"isPartOf\":{\"@id\":\"https:\/\/portaltela.pt\/#website\"},\"primaryImageOfPage\":{\"@id\":\"https:\/\/portaltela.pt\/noticias\/2026\/02\/07\/autarquia-de-lamego-reduz-imi-a-casas-de-interesse-publico\/#primaryimage\"},\"image\":{\"@id\":\"https:\/\/portaltela.pt\/noticias\/2026\/02\/07\/autarquia-de-lamego-reduz-imi-a-casas-de-interesse-publico\/#primaryimage\"},\"thumbnailUrl\":\"https:\/\/portaltela.pt\/s.01k8rhncp4jt1\/2026\/02\/image-590.jpg\",\"datePublished\":\"2026-02-07T23:42:00+00:00\",\"author\":{\"@id\":\"https:\/\/portaltela.pt\/#\/schema\/person\/c4278d4a6028830caff9ee44b42d32ed\"},\"breadcrumb\":{\"@id\":\"https:\/\/portaltela.pt\/noticias\/2026\/02\/07\/autarquia-de-lamego-reduz-imi-a-casas-de-interesse-publico\/#breadcrumb\"},\"inLanguage\":\"pt-PT\",\"potentialAction\":[{\"@type\":\"ReadAction\",\"target\":[\"https:\/\/portaltela.pt\/noticias\/2026\/02\/07\/autarquia-de-lamego-reduz-imi-a-casas-de-interesse-publico\/\"]}]},{\"@type\":\"ImageObject\",\"inLanguage\":\"pt-PT\",\"@id\":\"https:\/\/portaltela.pt\/noticias\/2026\/02\/07\/autarquia-de-lamego-reduz-imi-a-casas-de-interesse-publico\/#primaryimage\",\"url\":\"https:\/\/portaltela.pt\/s.01k8rhncp4jt1\/2026\/02\/image-590.jpg\",\"contentUrl\":\"https:\/\/portaltela.pt\/s.01k8rhncp4jt1\/2026\/02\/image-590.jpg\",\"width\":796,\"height\":448,\"caption\":\"Em Lamego, propriet\u00e1rios que ignorem o interesse p\u00fablico das suas habita\u00e7\u00f5es ser\u00e3o penalizados no IMI\"},{\"@type\":\"BreadcrumbList\",\"@id\":\"https:\/\/portaltela.pt\/noticias\/2026\/02\/07\/autarquia-de-lamego-reduz-imi-a-casas-de-interesse-publico\/#breadcrumb\",\"itemListElement\":[{\"@type\":\"ListItem\",\"position\":1,\"name\":\"In\u00edcio\",\"item\":\"https:\/\/portaltela.pt\/\"},{\"@type\":\"ListItem\",\"position\":2,\"name\":\"Autarquia de Lamego reduz IMI a casas de interesse p\u00fablico\"}]},{\"@type\":\"WebSite\",\"@id\":\"https:\/\/portaltela.pt\/#website\",\"url\":\"https:\/\/portaltela.pt\/\",\"name\":\"Portal Tela Portugal\",\"description\":\"\",\"potentialAction\":[{\"@type\":\"SearchAction\",\"target\":{\"@type\":\"EntryPoint\",\"urlTemplate\":\"https:\/\/portaltela.pt\/?s={search_term_string}\"},\"query-input\":{\"@type\":\"PropertyValueSpecification\",\"valueRequired\":true,\"valueName\":\"search_term_string\"}}],\"inLanguage\":\"pt-PT\"},{\"@type\":\"Person\",\"@id\":\"https:\/\/portaltela.pt\/#\/schema\/person\/c4278d4a6028830caff9ee44b42d32ed\",\"name\":\"Telinha\",\"image\":{\"@type\":\"ImageObject\",\"inLanguage\":\"pt-PT\",\"@id\":\"https:\/\/portaltela.pt\/s.01k8rhncp4jt1\/2025\/11\/talking-bot-125x125.png\",\"url\":\"https:\/\/portaltela.pt\/s.01k8rhncp4jt1\/2025\/11\/talking-bot-125x125.png\",\"contentUrl\":\"https:\/\/portaltela.pt\/s.01k8rhncp4jt1\/2025\/11\/talking-bot-125x125.png\",\"caption\":\"Telinha\"},\"sameAs\":[\"https:\/\/portaltela.pt\/\"],\"url\":\"https:\/\/portaltela.pt\/por\/367410592786\/\"}]}<\/script>\n<!-- \/ Yoast SEO plugin. -->","yoast_head_json":{"title":"Autarquia de Lamego reduz IMI a casas de interesse p\u00fablico - Portal Tela Portugal","robots":{"index":"index","follow":"follow","max-snippet":"max-snippet:-1","max-image-preview":"max-image-preview:large","max-video-preview":"max-video-preview:-1"},"og_locale":"pt_PT","og_type":"article","og_title":"Autarquia de Lamego reduz IMI a casas de interesse p\u00fablico - Portal Tela Portugal","og_description":"A autarquia de Lamego reduziu o IMI para casas com interesse p\u00fablico. O imposto pode descer at\u00e9 30% para propriet\u00e1rios que conservem habita\u00e7\u00f5es com valor patrimonial e as arrendem. Os pr\u00e9dios vazios ou degradados ficam sujeitos a subida de IMI. A medida visa premiar quem mant\u00e9m e disponibiliza im\u00f3veis ao arrendamento e penalizar quem n\u00e3o o faz.","og_url":"https:\/\/portaltela.pt\/noticias\/2026\/02\/07\/autarquia-de-lamego-reduz-imi-a-casas-de-interesse-publico\/","og_site_name":"Portal Tela Portugal","article_published_time":"2026-02-07T23:42:00+00:00","author":"Telinha","twitter_card":"summary_large_image","twitter_misc":{"Escrito por":"Telinha","Tempo estimado de leitura":"1 minuto"},"schema":{"@context":"https:\/\/schema.org","@graph":[{"@type":"Article","@id":"https:\/\/portaltela.pt\/noticias\/2026\/02\/07\/autarquia-de-lamego-reduz-imi-a-casas-de-interesse-publico\/#article","isPartOf":{"@id":"https:\/\/portaltela.pt\/noticias\/2026\/02\/07\/autarquia-de-lamego-reduz-imi-a-casas-de-interesse-publico\/"},"author":{"name":"Telinha","@id":"https:\/\/portaltela.pt\/#\/schema\/person\/c4278d4a6028830caff9ee44b42d32ed"},"headline":"Autarquia de Lamego reduz IMI a casas de interesse p\u00fablico","datePublished":"2026-02-07T23:42:00+00:00","mainEntityOfPage":{"@id":"https:\/\/portaltela.pt\/noticias\/2026\/02\/07\/autarquia-de-lamego-reduz-imi-a-casas-de-interesse-publico\/"},"wordCount":135,"image":{"@id":"https:\/\/portaltela.pt\/noticias\/2026\/02\/07\/autarquia-de-lamego-reduz-imi-a-casas-de-interesse-publico\/#primaryimage"},"thumbnailUrl":"https:\/\/portaltela.pt\/s.01k8rhncp4jt1\/2026\/02\/image-590.jpg","keywords":["habita\u00e7\u00e3o","habita\u00e7\u00e3o p\u00fablica","IMI","imobili\u00e1rio","munic\u00edpios","patrim\u00f3nio"],"articleSection":["Not\u00edcias"],"inLanguage":"pt-PT"},{"@type":"WebPage","@id":"https:\/\/portaltela.pt\/noticias\/2026\/02\/07\/autarquia-de-lamego-reduz-imi-a-casas-de-interesse-publico\/","url":"https:\/\/portaltela.pt\/noticias\/2026\/02\/07\/autarquia-de-lamego-reduz-imi-a-casas-de-interesse-publico\/","name":"Autarquia de Lamego reduz IMI a casas de interesse p\u00fablico - Portal Tela Portugal","isPartOf":{"@id":"https:\/\/portaltela.pt\/#website"},"primaryImageOfPage":{"@id":"https:\/\/portaltela.pt\/noticias\/2026\/02\/07\/autarquia-de-lamego-reduz-imi-a-casas-de-interesse-publico\/#primaryimage"},"image":{"@id":"https:\/\/portaltela.pt\/noticias\/2026\/02\/07\/autarquia-de-lamego-reduz-imi-a-casas-de-interesse-publico\/#primaryimage"},"thumbnailUrl":"https:\/\/portaltela.pt\/s.01k8rhncp4jt1\/2026\/02\/image-590.jpg","datePublished":"2026-02-07T23:42:00+00:00","author":{"@id":"https:\/\/portaltela.pt\/#\/schema\/person\/c4278d4a6028830caff9ee44b42d32ed"},"breadcrumb":{"@id":"https:\/\/portaltela.pt\/noticias\/2026\/02\/07\/autarquia-de-lamego-reduz-imi-a-casas-de-interesse-publico\/#breadcrumb"},"inLanguage":"pt-PT","potentialAction":[{"@type":"ReadAction","target":["https:\/\/portaltela.pt\/noticias\/2026\/02\/07\/autarquia-de-lamego-reduz-imi-a-casas-de-interesse-publico\/"]}]},{"@type":"ImageObject","inLanguage":"pt-PT","@id":"https:\/\/portaltela.pt\/noticias\/2026\/02\/07\/autarquia-de-lamego-reduz-imi-a-casas-de-interesse-publico\/#primaryimage","url":"https:\/\/portaltela.pt\/s.01k8rhncp4jt1\/2026\/02\/image-590.jpg","contentUrl":"https:\/\/portaltela.pt\/s.01k8rhncp4jt1\/2026\/02\/image-590.jpg","width":796,"height":448,"caption":"Em Lamego, propriet\u00e1rios que ignorem o interesse p\u00fablico das suas habita\u00e7\u00f5es ser\u00e3o penalizados no IMI"},{"@type":"BreadcrumbList","@id":"https:\/\/portaltela.pt\/noticias\/2026\/02\/07\/autarquia-de-lamego-reduz-imi-a-casas-de-interesse-publico\/#breadcrumb","itemListElement":[{"@type":"ListItem","position":1,"name":"In\u00edcio","item":"https:\/\/portaltela.pt\/"},{"@type":"ListItem","position":2,"name":"Autarquia de Lamego reduz IMI a casas de interesse p\u00fablico"}]},{"@type":"WebSite","@id":"https:\/\/portaltela.pt\/#website","url":"https:\/\/portaltela.pt\/","name":"Portal Tela Portugal","description":"","potentialAction":[{"@type":"SearchAction","target":{"@type":"EntryPoint","urlTemplate":"https:\/\/portaltela.pt\/?s={search_term_string}"},"query-input":{"@type":"PropertyValueSpecification","valueRequired":true,"valueName":"search_term_string"}}],"inLanguage":"pt-PT"},{"@type":"Person","@id":"https:\/\/portaltela.pt\/#\/schema\/person\/c4278d4a6028830caff9ee44b42d32ed","name":"Telinha","image":{"@type":"ImageObject","inLanguage":"pt-PT","@id":"https:\/\/portaltela.pt\/s.01k8rhncp4jt1\/2025\/11\/talking-bot-125x125.png","url":"https:\/\/portaltela.pt\/s.01k8rhncp4jt1\/2025\/11\/talking-bot-125x125.png","contentUrl":"https:\/\/portaltela.pt\/s.01k8rhncp4jt1\/2025\/11\/talking-bot-125x125.png","caption":"Telinha"},"sameAs":["https:\/\/portaltela.pt\/"],"url":"https:\/\/portaltela.pt\/por\/367410592786\/"}]}},"_links":{"self":[{"href":"https:\/\/portaltela.pt\/api\/wp\/v2\/posts\/203478","targetHints":{"allow":["GET"]}}],"collection":[{"href":"https:\/\/portaltela.pt\/api\/wp\/v2\/posts"}],"about":[{"href":"https:\/\/portaltela.pt\/api\/wp\/v2\/types\/post"}],"author":[{"embeddable":true,"href":"https:\/\/portaltela.pt\/api\/wp\/v2\/users\/2"}],"replies":[{"embeddable":true,"href":"https:\/\/portaltela.pt\/api\/wp\/v2\/comments?post=203478"}],"version-history":[{"count":0,"href":"https:\/\/portaltela.pt\/api\/wp\/v2\/posts\/203478\/revisions"}],"wp:featuredmedia":[{"embeddable":true,"href":"https:\/\/portaltela.pt\/api\/wp\/v2\/media\/203479"}],"wp:attachment":[{"href":"https:\/\/portaltela.pt\/api\/wp\/v2\/media?parent=203478"}],"wp:term":[{"taxonomy":"category","embeddable":true,"href":"https:\/\/portaltela.pt\/api\/wp\/v2\/categories?post=203478"},{"taxonomy":"post_tag","embeddable":true,"href":"https:\/\/portaltela.pt\/api\/wp\/v2\/tags?post=203478"}],"curies":[{"name":"wp","href":"https:\/\/api.w.org\/{rel}","templated":true}]}}