{"id":203437,"date":"2026-02-07T19:35:48","date_gmt":"2026-02-07T22:35:48","guid":{"rendered":"https:\/\/portaltela.pt\/noticias\/2026\/02\/07\/falta-de-energia-pode-impedir-eleicoes-presidenciais-em-montemor-o-velho\/"},"modified":"2026-02-07T19:35:48","modified_gmt":"2026-02-07T22:35:48","slug":"falta-de-energia-pode-impedir-eleicoes-presidenciais-em-montemor-o-velho","status":"publish","type":"post","link":"https:\/\/portaltela.pt\/noticias\/2026\/02\/07\/falta-de-energia-pode-impedir-eleicoes-presidenciais-em-montemor-o-velho\/","title":{"rendered":"Falta de energia pode impedir elei\u00e7\u00f5es presidenciais em Montemor-o-Velho"},"content":{"rendered":"<p>O presidente da C\u00e2mara de Montemor-o-Velho afirmou que a falta de energia registada no in\u00edcio da noite de s\u00e1bado pode impedir a realiza\u00e7\u00e3o das elei\u00e7\u00f5es presidenciais no domingo, caso o abastecimento n\u00e3o seja reposto. A falha decorre da depress\u00e3o Marta, que trouxe chuva e ventos fortes.<\/p>\n<p>A queda de energia afetou v\u00e1rias freguesias, desde Formoselha e Santa Var\u00e3o at\u00e9 Liceia, Arazede, Carapinheira e Tent\u00fagal. Na sede do concelho, o fornecimento j\u00e1 foi restabelecido, embora tenha estado ausente durante parte da tarde.<\/p>\n<p>A Administra\u00e7\u00e3o Municipal indicou que as equipas da E-Redes est\u00e3o deslocadas para outros pontos, incluindo o distrito de Leiria, o que pode atrasar o restabelecimento total. O autarca reiterou que a vota\u00e7\u00e3o \u00e9 vi\u00e1vel apenas com eletricidade.<\/p>\n<h3>Situa\u00e7\u00e3o de \u00e1gua e acessos<\/h3>\n<p>Ao longo da tarde, a subida das \u00e1guas em Montemor-o-Velho pode isolar o centro da vila. Contudo, as sec\u00e7\u00f5es de voto est\u00e3o situadas em \u00e1reas mais altas, como a biblioteca e as piscinas municipais, o que minimiza o risco imediato.<\/p>\n<p>Na freguesia da Ereira, isolada desde quarta-feira pela subida das \u00e1guas, o acesso \u00e9 feito apenas por barco dos Fuzileiros da Marinha a partir das 21:00, at\u00e9 as 00:00 de domingo, com retomada entre as 07:00 e as 10:00.<\/p>\n<p>A recolha de votos na Ereira ser\u00e1 assegurada por embarca\u00e7\u00f5es militares, em quatro per\u00edodos ao longo do domingo, devido \u00e0 \u00e1gua ter atingido cota superior a 1,2 metros e impedir o transporte rodovi\u00e1rio.<\/p>\n<h3>Impacto na circula\u00e7\u00e3o e \u00e1reas afetadas<\/h3>\n<p>A \u00e1gua j\u00e1 chegou \u00e0 Rua Fern\u00e3o Mendes Pinto, onde se situam o mercado municipal e o edif\u00edcio da Seguran\u00e7a Social. A via liga o centro da vila, entre o parque log\u00edstico camar\u00e1rio e o Museu Municipal, com previs\u00e3o de subida adicional nas pr\u00f3ximas horas.<\/p>\n<p>As autoridades municipais mant\u00eam o planeamento para as mesas de voto, com rotas de transporte adaptadas consoante o evoluir da situa\u00e7\u00e3o hidrol\u00f3gica e do restabelecimento da energia.<\/p>\n","protected":false},"excerpt":{"rendered":"<ul>\n<li>A falta de energia no in\u00edcio da noite de s\u00e1bado em v\u00e1rias freguesias de Montemor-o-Velho poder\u00e1 impedir a realiza\u00e7\u00e3o das elei\u00e7\u00f5es presidenciais no domingo, se o abastecimento n\u00e3o for reposto.<\/li>\n<li>O presidente da C\u00e2mara, Jos\u00e9 Ver\u00edssimo, disse que a depress\u00e3o Marta causou o apag\u00e3o e que o restabelecimento poder\u00e1 demorar devido a equipas da E-Redes terem sido deslocalizadas para Leiria.<\/li>\n<li>As zonas afetadas v\u00e3o desde a margem esquerda do rio at\u00e9 norte do concelho; na sede do concelho a luz j\u00e1 foi restabelecida.<\/li>\n<li>Em Ereira, a vota\u00e7\u00e3o dever\u00e1 decorrer como previsto, apesar de a freguesia estar isolada pela subida da \u00e1gua desde quarta-feira; o transporte de votos ser\u00e1 feito por barco ap\u00f3s o ato eleitoral.<\/li>\n<li>A subida das \u00e1guas em Montemor-o-Velho j\u00e1 submergiu ruas centrais, incluindo a Rua Fern\u00e3o Mendes Pinto, com previs\u00f5es de alagamento de mais vias ao longo da tarde.<\/li>\n<\/ul>\n","protected":false},"author":2,"featured_media":203440,"comment_status":"closed","ping_status":"closed","sticky":false,"template":"","format":"standard","meta":{"footnotes":""},"categories":[1],"tags":[4729,2434,68,174,2051,192],"class_list":["post-203437","post","type-post","status-publish","format-standard","has-post-thumbnail","hentry","category-noticias","tag-abastecimento-de-energia","tag-aguas","tag-eleicoes","tag-energia","tag-inundacao","tag-transporte"],"yoast_head":"<!-- This site is optimized with the Yoast SEO plugin v27.2 - https:\/\/yoast.com\/product\/yoast-seo-wordpress\/ -->\n<title>Falta de energia pode impedir elei\u00e7\u00f5es presidenciais em Montemor-o-Velho - Portal Tela Portugal<\/title>\n<meta name=\"robots\" content=\"index, follow, max-snippet:-1, max-image-preview:large, max-video-preview:-1\" \/>\n<meta property=\"og:locale\" content=\"pt_PT\" \/>\n<meta property=\"og:type\" content=\"article\" \/>\n<meta property=\"og:title\" content=\"Falta de energia pode impedir elei\u00e7\u00f5es presidenciais em Montemor-o-Velho - Portal Tela Portugal\" \/>\n<meta property=\"og:description\" content=\"A falta de energia no in\u00edcio da noite de s\u00e1bado em v\u00e1rias freguesias de Montemor-o-Velho poder\u00e1 impedir a realiza\u00e7\u00e3o das elei\u00e7\u00f5es presidenciais no domingo, se o abastecimento n\u00e3o for reposto. O presidente da C\u00e2mara, Jos\u00e9 Ver\u00edssimo, disse que a depress\u00e3o Marta causou o apag\u00e3o e que o restabelecimento poder\u00e1 demorar devido a equipas da E-Redes terem sido deslocalizadas para Leiria. As zonas afetadas v\u00e3o desde a margem esquerda do rio at\u00e9 norte do concelho; na sede do concelho a luz j\u00e1 foi restabelecida. Em Ereira, a vota\u00e7\u00e3o dever\u00e1 decorrer como previsto, apesar de a freguesia estar isolada pela subida da \u00e1gua desde quarta-feira; o transporte de votos ser\u00e1 feito por barco ap\u00f3s o ato eleitoral. A subida das \u00e1guas em Montemor-o-Velho j\u00e1 submergiu ruas centrais, incluindo a Rua Fern\u00e3o Mendes Pinto, com previs\u00f5es de alagamento de mais vias ao longo da tarde.\" \/>\n<meta property=\"og:url\" content=\"https:\/\/portaltela.pt\/noticias\/2026\/02\/07\/falta-de-energia-pode-impedir-eleicoes-presidenciais-em-montemor-o-velho\/\" \/>\n<meta property=\"og:site_name\" content=\"Portal Tela Portugal\" \/>\n<meta property=\"article:published_time\" content=\"2026-02-07T22:35:48+00:00\" \/>\n<meta name=\"author\" content=\"Telinha\" \/>\n<meta name=\"twitter:card\" content=\"summary_large_image\" \/>\n<meta name=\"twitter:label1\" content=\"Escrito por\" \/>\n\t<meta name=\"twitter:data1\" content=\"Telinha\" \/>\n\t<meta name=\"twitter:label2\" content=\"Tempo estimado de leitura\" \/>\n\t<meta name=\"twitter:data2\" content=\"2 minutos\" \/>\n<script type=\"application\/ld+json\" class=\"yoast-schema-graph\">{\"@context\":\"https:\/\/schema.org\",\"@graph\":[{\"@type\":\"Article\",\"@id\":\"https:\/\/portaltela.pt\/noticias\/2026\/02\/07\/falta-de-energia-pode-impedir-eleicoes-presidenciais-em-montemor-o-velho\/#article\",\"isPartOf\":{\"@id\":\"https:\/\/portaltela.pt\/noticias\/2026\/02\/07\/falta-de-energia-pode-impedir-eleicoes-presidenciais-em-montemor-o-velho\/\"},\"author\":{\"name\":\"Telinha\",\"@id\":\"https:\/\/portaltela.pt\/#\/schema\/person\/c4278d4a6028830caff9ee44b42d32ed\"},\"headline\":\"Falta de energia pode impedir elei\u00e7\u00f5es presidenciais em Montemor-o-Velho\",\"datePublished\":\"2026-02-07T22:35:48+00:00\",\"mainEntityOfPage\":{\"@id\":\"https:\/\/portaltela.pt\/noticias\/2026\/02\/07\/falta-de-energia-pode-impedir-eleicoes-presidenciais-em-montemor-o-velho\/\"},\"wordCount\":345,\"image\":{\"@id\":\"https:\/\/portaltela.pt\/noticias\/2026\/02\/07\/falta-de-energia-pode-impedir-eleicoes-presidenciais-em-montemor-o-velho\/#primaryimage\"},\"thumbnailUrl\":\"https:\/\/portaltela.pt\/s.01k8rhncp4jt1\/2026\/02\/img_1500x1000uu2026-02-07-19-27-49-2265454.jpg\",\"keywords\":[\"abastecimento de energia\",\"\u00e1guas\",\"elei\u00e7\u00f5es\",\"energia\",\"inunda\u00e7\u00e3o\",\"transporte\"],\"articleSection\":[\"Not\u00edcias\"],\"inLanguage\":\"pt-PT\"},{\"@type\":\"WebPage\",\"@id\":\"https:\/\/portaltela.pt\/noticias\/2026\/02\/07\/falta-de-energia-pode-impedir-eleicoes-presidenciais-em-montemor-o-velho\/\",\"url\":\"https:\/\/portaltela.pt\/noticias\/2026\/02\/07\/falta-de-energia-pode-impedir-eleicoes-presidenciais-em-montemor-o-velho\/\",\"name\":\"Falta de energia pode impedir elei\u00e7\u00f5es presidenciais em Montemor-o-Velho - Portal Tela Portugal\",\"isPartOf\":{\"@id\":\"https:\/\/portaltela.pt\/#website\"},\"primaryImageOfPage\":{\"@id\":\"https:\/\/portaltela.pt\/noticias\/2026\/02\/07\/falta-de-energia-pode-impedir-eleicoes-presidenciais-em-montemor-o-velho\/#primaryimage\"},\"image\":{\"@id\":\"https:\/\/portaltela.pt\/noticias\/2026\/02\/07\/falta-de-energia-pode-impedir-eleicoes-presidenciais-em-montemor-o-velho\/#primaryimage\"},\"thumbnailUrl\":\"https:\/\/portaltela.pt\/s.01k8rhncp4jt1\/2026\/02\/img_1500x1000uu2026-02-07-19-27-49-2265454.jpg\",\"datePublished\":\"2026-02-07T22:35:48+00:00\",\"author\":{\"@id\":\"https:\/\/portaltela.pt\/#\/schema\/person\/c4278d4a6028830caff9ee44b42d32ed\"},\"breadcrumb\":{\"@id\":\"https:\/\/portaltela.pt\/noticias\/2026\/02\/07\/falta-de-energia-pode-impedir-eleicoes-presidenciais-em-montemor-o-velho\/#breadcrumb\"},\"inLanguage\":\"pt-PT\",\"potentialAction\":[{\"@type\":\"ReadAction\",\"target\":[\"https:\/\/portaltela.pt\/noticias\/2026\/02\/07\/falta-de-energia-pode-impedir-eleicoes-presidenciais-em-montemor-o-velho\/\"]}]},{\"@type\":\"ImageObject\",\"inLanguage\":\"pt-PT\",\"@id\":\"https:\/\/portaltela.pt\/noticias\/2026\/02\/07\/falta-de-energia-pode-impedir-eleicoes-presidenciais-em-montemor-o-velho\/#primaryimage\",\"url\":\"https:\/\/portaltela.pt\/s.01k8rhncp4jt1\/2026\/02\/img_1500x1000uu2026-02-07-19-27-49-2265454.jpg\",\"contentUrl\":\"https:\/\/portaltela.pt\/s.01k8rhncp4jt1\/2026\/02\/img_1500x1000uu2026-02-07-19-27-49-2265454.jpg\",\"width\":796,\"height\":448,\"caption\":\"Centro de Montemor-o-Velho em risco de ficar isolado nas pr\u00f3ximas horas\"},{\"@type\":\"BreadcrumbList\",\"@id\":\"https:\/\/portaltela.pt\/noticias\/2026\/02\/07\/falta-de-energia-pode-impedir-eleicoes-presidenciais-em-montemor-o-velho\/#breadcrumb\",\"itemListElement\":[{\"@type\":\"ListItem\",\"position\":1,\"name\":\"In\u00edcio\",\"item\":\"https:\/\/portaltela.pt\/\"},{\"@type\":\"ListItem\",\"position\":2,\"name\":\"Falta de energia pode impedir elei\u00e7\u00f5es presidenciais em Montemor-o-Velho\"}]},{\"@type\":\"WebSite\",\"@id\":\"https:\/\/portaltela.pt\/#website\",\"url\":\"https:\/\/portaltela.pt\/\",\"name\":\"Portal Tela Portugal\",\"description\":\"\",\"potentialAction\":[{\"@type\":\"SearchAction\",\"target\":{\"@type\":\"EntryPoint\",\"urlTemplate\":\"https:\/\/portaltela.pt\/?s={search_term_string}\"},\"query-input\":{\"@type\":\"PropertyValueSpecification\",\"valueRequired\":true,\"valueName\":\"search_term_string\"}}],\"inLanguage\":\"pt-PT\"},{\"@type\":\"Person\",\"@id\":\"https:\/\/portaltela.pt\/#\/schema\/person\/c4278d4a6028830caff9ee44b42d32ed\",\"name\":\"Telinha\",\"image\":{\"@type\":\"ImageObject\",\"inLanguage\":\"pt-PT\",\"@id\":\"https:\/\/portaltela.pt\/s.01k8rhncp4jt1\/2025\/11\/talking-bot-125x125.png\",\"url\":\"https:\/\/portaltela.pt\/s.01k8rhncp4jt1\/2025\/11\/talking-bot-125x125.png\",\"contentUrl\":\"https:\/\/portaltela.pt\/s.01k8rhncp4jt1\/2025\/11\/talking-bot-125x125.png\",\"caption\":\"Telinha\"},\"sameAs\":[\"https:\/\/portaltela.pt\/\"],\"url\":\"https:\/\/portaltela.pt\/por\/367410592786\/\"}]}<\/script>\n<!-- \/ Yoast SEO plugin. -->","yoast_head_json":{"title":"Falta de energia pode impedir elei\u00e7\u00f5es presidenciais em Montemor-o-Velho - Portal Tela Portugal","robots":{"index":"index","follow":"follow","max-snippet":"max-snippet:-1","max-image-preview":"max-image-preview:large","max-video-preview":"max-video-preview:-1"},"og_locale":"pt_PT","og_type":"article","og_title":"Falta de energia pode impedir elei\u00e7\u00f5es presidenciais em Montemor-o-Velho - Portal Tela Portugal","og_description":"A falta de energia no in\u00edcio da noite de s\u00e1bado em v\u00e1rias freguesias de Montemor-o-Velho poder\u00e1 impedir a realiza\u00e7\u00e3o das elei\u00e7\u00f5es presidenciais no domingo, se o abastecimento n\u00e3o for reposto. O presidente da C\u00e2mara, Jos\u00e9 Ver\u00edssimo, disse que a depress\u00e3o Marta causou o apag\u00e3o e que o restabelecimento poder\u00e1 demorar devido a equipas da E-Redes terem sido deslocalizadas para Leiria. As zonas afetadas v\u00e3o desde a margem esquerda do rio at\u00e9 norte do concelho; na sede do concelho a luz j\u00e1 foi restabelecida. Em Ereira, a vota\u00e7\u00e3o dever\u00e1 decorrer como previsto, apesar de a freguesia estar isolada pela subida da \u00e1gua desde quarta-feira; o transporte de votos ser\u00e1 feito por barco ap\u00f3s o ato eleitoral. A subida das \u00e1guas em Montemor-o-Velho j\u00e1 submergiu ruas centrais, incluindo a Rua Fern\u00e3o Mendes Pinto, com previs\u00f5es de alagamento de mais vias ao longo da tarde.","og_url":"https:\/\/portaltela.pt\/noticias\/2026\/02\/07\/falta-de-energia-pode-impedir-eleicoes-presidenciais-em-montemor-o-velho\/","og_site_name":"Portal Tela Portugal","article_published_time":"2026-02-07T22:35:48+00:00","author":"Telinha","twitter_card":"summary_large_image","twitter_misc":{"Escrito por":"Telinha","Tempo estimado de leitura":"2 minutos"},"schema":{"@context":"https:\/\/schema.org","@graph":[{"@type":"Article","@id":"https:\/\/portaltela.pt\/noticias\/2026\/02\/07\/falta-de-energia-pode-impedir-eleicoes-presidenciais-em-montemor-o-velho\/#article","isPartOf":{"@id":"https:\/\/portaltela.pt\/noticias\/2026\/02\/07\/falta-de-energia-pode-impedir-eleicoes-presidenciais-em-montemor-o-velho\/"},"author":{"name":"Telinha","@id":"https:\/\/portaltela.pt\/#\/schema\/person\/c4278d4a6028830caff9ee44b42d32ed"},"headline":"Falta de energia pode impedir elei\u00e7\u00f5es presidenciais em Montemor-o-Velho","datePublished":"2026-02-07T22:35:48+00:00","mainEntityOfPage":{"@id":"https:\/\/portaltela.pt\/noticias\/2026\/02\/07\/falta-de-energia-pode-impedir-eleicoes-presidenciais-em-montemor-o-velho\/"},"wordCount":345,"image":{"@id":"https:\/\/portaltela.pt\/noticias\/2026\/02\/07\/falta-de-energia-pode-impedir-eleicoes-presidenciais-em-montemor-o-velho\/#primaryimage"},"thumbnailUrl":"https:\/\/portaltela.pt\/s.01k8rhncp4jt1\/2026\/02\/img_1500x1000uu2026-02-07-19-27-49-2265454.jpg","keywords":["abastecimento de energia","\u00e1guas","elei\u00e7\u00f5es","energia","inunda\u00e7\u00e3o","transporte"],"articleSection":["Not\u00edcias"],"inLanguage":"pt-PT"},{"@type":"WebPage","@id":"https:\/\/portaltela.pt\/noticias\/2026\/02\/07\/falta-de-energia-pode-impedir-eleicoes-presidenciais-em-montemor-o-velho\/","url":"https:\/\/portaltela.pt\/noticias\/2026\/02\/07\/falta-de-energia-pode-impedir-eleicoes-presidenciais-em-montemor-o-velho\/","name":"Falta de energia pode impedir elei\u00e7\u00f5es presidenciais em Montemor-o-Velho - Portal Tela Portugal","isPartOf":{"@id":"https:\/\/portaltela.pt\/#website"},"primaryImageOfPage":{"@id":"https:\/\/portaltela.pt\/noticias\/2026\/02\/07\/falta-de-energia-pode-impedir-eleicoes-presidenciais-em-montemor-o-velho\/#primaryimage"},"image":{"@id":"https:\/\/portaltela.pt\/noticias\/2026\/02\/07\/falta-de-energia-pode-impedir-eleicoes-presidenciais-em-montemor-o-velho\/#primaryimage"},"thumbnailUrl":"https:\/\/portaltela.pt\/s.01k8rhncp4jt1\/2026\/02\/img_1500x1000uu2026-02-07-19-27-49-2265454.jpg","datePublished":"2026-02-07T22:35:48+00:00","author":{"@id":"https:\/\/portaltela.pt\/#\/schema\/person\/c4278d4a6028830caff9ee44b42d32ed"},"breadcrumb":{"@id":"https:\/\/portaltela.pt\/noticias\/2026\/02\/07\/falta-de-energia-pode-impedir-eleicoes-presidenciais-em-montemor-o-velho\/#breadcrumb"},"inLanguage":"pt-PT","potentialAction":[{"@type":"ReadAction","target":["https:\/\/portaltela.pt\/noticias\/2026\/02\/07\/falta-de-energia-pode-impedir-eleicoes-presidenciais-em-montemor-o-velho\/"]}]},{"@type":"ImageObject","inLanguage":"pt-PT","@id":"https:\/\/portaltela.pt\/noticias\/2026\/02\/07\/falta-de-energia-pode-impedir-eleicoes-presidenciais-em-montemor-o-velho\/#primaryimage","url":"https:\/\/portaltela.pt\/s.01k8rhncp4jt1\/2026\/02\/img_1500x1000uu2026-02-07-19-27-49-2265454.jpg","contentUrl":"https:\/\/portaltela.pt\/s.01k8rhncp4jt1\/2026\/02\/img_1500x1000uu2026-02-07-19-27-49-2265454.jpg","width":796,"height":448,"caption":"Centro de Montemor-o-Velho em risco de ficar isolado nas pr\u00f3ximas horas"},{"@type":"BreadcrumbList","@id":"https:\/\/portaltela.pt\/noticias\/2026\/02\/07\/falta-de-energia-pode-impedir-eleicoes-presidenciais-em-montemor-o-velho\/#breadcrumb","itemListElement":[{"@type":"ListItem","position":1,"name":"In\u00edcio","item":"https:\/\/portaltela.pt\/"},{"@type":"ListItem","position":2,"name":"Falta de energia pode impedir elei\u00e7\u00f5es presidenciais em Montemor-o-Velho"}]},{"@type":"WebSite","@id":"https:\/\/portaltela.pt\/#website","url":"https:\/\/portaltela.pt\/","name":"Portal Tela Portugal","description":"","potentialAction":[{"@type":"SearchAction","target":{"@type":"EntryPoint","urlTemplate":"https:\/\/portaltela.pt\/?s={search_term_string}"},"query-input":{"@type":"PropertyValueSpecification","valueRequired":true,"valueName":"search_term_string"}}],"inLanguage":"pt-PT"},{"@type":"Person","@id":"https:\/\/portaltela.pt\/#\/schema\/person\/c4278d4a6028830caff9ee44b42d32ed","name":"Telinha","image":{"@type":"ImageObject","inLanguage":"pt-PT","@id":"https:\/\/portaltela.pt\/s.01k8rhncp4jt1\/2025\/11\/talking-bot-125x125.png","url":"https:\/\/portaltela.pt\/s.01k8rhncp4jt1\/2025\/11\/talking-bot-125x125.png","contentUrl":"https:\/\/portaltela.pt\/s.01k8rhncp4jt1\/2025\/11\/talking-bot-125x125.png","caption":"Telinha"},"sameAs":["https:\/\/portaltela.pt\/"],"url":"https:\/\/portaltela.pt\/por\/367410592786\/"}]}},"_links":{"self":[{"href":"https:\/\/portaltela.pt\/api\/wp\/v2\/posts\/203437","targetHints":{"allow":["GET"]}}],"collection":[{"href":"https:\/\/portaltela.pt\/api\/wp\/v2\/posts"}],"about":[{"href":"https:\/\/portaltela.pt\/api\/wp\/v2\/types\/post"}],"author":[{"embeddable":true,"href":"https:\/\/portaltela.pt\/api\/wp\/v2\/users\/2"}],"replies":[{"embeddable":true,"href":"https:\/\/portaltela.pt\/api\/wp\/v2\/comments?post=203437"}],"version-history":[{"count":0,"href":"https:\/\/portaltela.pt\/api\/wp\/v2\/posts\/203437\/revisions"}],"wp:featuredmedia":[{"embeddable":true,"href":"https:\/\/portaltela.pt\/api\/wp\/v2\/media\/203440"}],"wp:attachment":[{"href":"https:\/\/portaltela.pt\/api\/wp\/v2\/media?parent=203437"}],"wp:term":[{"taxonomy":"category","embeddable":true,"href":"https:\/\/portaltela.pt\/api\/wp\/v2\/categories?post=203437"},{"taxonomy":"post_tag","embeddable":true,"href":"https:\/\/portaltela.pt\/api\/wp\/v2\/tags?post=203437"}],"curies":[{"name":"wp","href":"https:\/\/api.w.org\/{rel}","templated":true}]}}