{"id":203432,"date":"2026-02-07T19:18:00","date_gmt":"2026-02-07T22:18:00","guid":{"rendered":"https:\/\/portaltela.pt\/noticias\/2026\/02\/07\/amares-recebe-25-milhoes-para-obras-nas-escolas\/"},"modified":"2026-02-07T19:18:00","modified_gmt":"2026-02-07T22:18:00","slug":"amares-recebe-25-milhoes-para-obras-nas-escolas","status":"publish","type":"post","link":"https:\/\/portaltela.pt\/noticias\/2026\/02\/07\/amares-recebe-25-milhoes-para-obras-nas-escolas\/","title":{"rendered":"Amares recebe 2,5 milh\u00f5es para obras nas escolas"},"content":{"rendered":"<p>A C\u00e2mara de Amares aprovou, por unanimidade, a abertura de concursos p\u00fablicos para a reabilita\u00e7\u00e3o de dois centros escolares, num investimento global de cerca de 2,5 milh\u00f5es de euros comparticipados por fundos comunit\u00e1rios. O executivo aprovou tamb\u00e9m o projeto de execu\u00e7\u00e3o para obras num terceiro estabelecimento, com ensino pr\u00e9-escolar e prim\u00e1rio, que ser\u00e1 intervencionado em breve.<\/p>\n<p>No caso dos concursos aprovados, o valor mais elevado, de cerca de 1,5 milh\u00f5es de euros, ser\u00e1 investido no centro escolar D. Gualdim Pais, em Amares, enquanto a obra no centro escolar do Vale do Homem, em Rendufe, ficar\u00e1 perto de 950 mil euros. Os prazos de execu\u00e7\u00e3o s\u00e3o de seis e cinco meses, respetivamente.<\/p>\n<p>As interven\u00e7\u00f5es visam melhorar as infraestruturas e as condi\u00e7\u00f5es de ensino nos estabelecimentos, com fundos comunit\u00e1rios a sustentar o investimento. A C\u00e2mara n\u00e3o revelou datas de lan\u00e7amento dos concursos nem de in\u00edcio das obras, apenas indicou os prazos de execu\u00e7\u00e3o.<\/p>\n","protected":false},"excerpt":{"rendered":"<ul>\n<li>A C\u00e2mara de Amares aprovou, por unanimidade, a abertura de concursos p\u00fablicos para a reabilita\u00e7\u00e3o de dois centros escolares, num investimento global de cerca de 2,5 milh\u00f5es de euros, comparticipados por fundos comunit\u00e1rios.<\/li>\n<li>O executivo tamb\u00e9m aprovou o projeto de execu\u00e7\u00e3o para obras num terceiro estabelecimento id\u00eantico, que funciona ensino pr\u00e9-escolar e prim\u00e1rio, devendo ser intervencionado em breve.<\/li>\n<li>No concurso p\u00fablico, o valor mais elevado, de cerca de 1,5 milh\u00f5es de euros, destina-se ao centro escolar D. Gualdim Pais, em Amares.<\/li>\n<li>O centro escolar do Vale do Homem, em Rendufe, ficar\u00e1 a investir perto de 950 mil euros.<\/li>\n<li>O prazo de execu\u00e7\u00e3o \u00e9 de seis meses para o D. Gualdim Pais e de cinco meses para o Vale do Homem.<\/li>\n<\/ul>\n","protected":false},"author":2,"featured_media":203433,"comment_status":"closed","ping_status":"closed","sticky":false,"template":"","format":"standard","meta":{"footnotes":""},"categories":[1],"tags":[1977,101,2501,1615,316,2643],"class_list":["post-203432","post","type-post","status-publish","format-standard","has-post-thumbnail","hentry","category-noticias","tag-amares","tag-escolas","tag-fundos-europeus","tag-infraestrutura","tag-investimento","tag-reabilitacao-urbana"],"yoast_head":"<!-- This site is optimized with the Yoast SEO plugin v27.2 - https:\/\/yoast.com\/product\/yoast-seo-wordpress\/ -->\n<title>Amares recebe 2,5 milh\u00f5es para obras nas escolas - Portal Tela Portugal<\/title>\n<meta name=\"robots\" content=\"index, follow, max-snippet:-1, max-image-preview:large, max-video-preview:-1\" \/>\n<meta property=\"og:locale\" content=\"pt_PT\" \/>\n<meta property=\"og:type\" content=\"article\" \/>\n<meta property=\"og:title\" content=\"Amares recebe 2,5 milh\u00f5es para obras nas escolas - Portal Tela Portugal\" \/>\n<meta property=\"og:description\" content=\"A C\u00e2mara de Amares aprovou, por unanimidade, a abertura de concursos p\u00fablicos para a reabilita\u00e7\u00e3o de dois centros escolares, num investimento global de cerca de 2,5 milh\u00f5es de euros, comparticipados por fundos comunit\u00e1rios. O executivo tamb\u00e9m aprovou o projeto de execu\u00e7\u00e3o para obras num terceiro estabelecimento id\u00eantico, que funciona ensino pr\u00e9-escolar e prim\u00e1rio, devendo ser intervencionado em breve. No concurso p\u00fablico, o valor mais elevado, de cerca de 1,5 milh\u00f5es de euros, destina-se ao centro escolar D. Gualdim Pais, em Amares. O centro escolar do Vale do Homem, em Rendufe, ficar\u00e1 a investir perto de 950 mil euros. O prazo de execu\u00e7\u00e3o \u00e9 de seis meses para o D. Gualdim Pais e de cinco meses para o Vale do Homem.\" \/>\n<meta property=\"og:url\" content=\"https:\/\/portaltela.pt\/noticias\/2026\/02\/07\/amares-recebe-25-milhoes-para-obras-nas-escolas\/\" \/>\n<meta property=\"og:site_name\" content=\"Portal Tela Portugal\" \/>\n<meta property=\"article:published_time\" content=\"2026-02-07T22:18:00+00:00\" \/>\n<meta name=\"author\" content=\"Telinha\" \/>\n<meta name=\"twitter:card\" content=\"summary_large_image\" \/>\n<meta name=\"twitter:label1\" content=\"Escrito por\" \/>\n\t<meta name=\"twitter:data1\" content=\"Telinha\" \/>\n\t<meta name=\"twitter:label2\" content=\"Tempo estimado de leitura\" \/>\n\t<meta name=\"twitter:data2\" content=\"1 minuto\" \/>\n<script type=\"application\/ld+json\" class=\"yoast-schema-graph\">{\"@context\":\"https:\/\/schema.org\",\"@graph\":[{\"@type\":\"Article\",\"@id\":\"https:\/\/portaltela.pt\/noticias\/2026\/02\/07\/amares-recebe-25-milhoes-para-obras-nas-escolas\/#article\",\"isPartOf\":{\"@id\":\"https:\/\/portaltela.pt\/noticias\/2026\/02\/07\/amares-recebe-25-milhoes-para-obras-nas-escolas\/\"},\"author\":{\"name\":\"Telinha\",\"@id\":\"https:\/\/portaltela.pt\/#\/schema\/person\/c4278d4a6028830caff9ee44b42d32ed\"},\"headline\":\"Amares recebe 2,5 milh\u00f5es para obras nas escolas\",\"datePublished\":\"2026-02-07T22:18:00+00:00\",\"mainEntityOfPage\":{\"@id\":\"https:\/\/portaltela.pt\/noticias\/2026\/02\/07\/amares-recebe-25-milhoes-para-obras-nas-escolas\/\"},\"wordCount\":176,\"image\":{\"@id\":\"https:\/\/portaltela.pt\/noticias\/2026\/02\/07\/amares-recebe-25-milhoes-para-obras-nas-escolas\/#primaryimage\"},\"thumbnailUrl\":\"https:\/\/portaltela.pt\/s.01k8rhncp4jt1\/2026\/02\/image-584.jpg\",\"keywords\":[\"Amares\",\"escolas\",\"Fundos Europeus\",\"infraestrutura\",\"investimento\",\"reabilita\u00e7\u00e3o urbana\"],\"articleSection\":[\"Not\u00edcias\"],\"inLanguage\":\"pt-PT\"},{\"@type\":\"WebPage\",\"@id\":\"https:\/\/portaltela.pt\/noticias\/2026\/02\/07\/amares-recebe-25-milhoes-para-obras-nas-escolas\/\",\"url\":\"https:\/\/portaltela.pt\/noticias\/2026\/02\/07\/amares-recebe-25-milhoes-para-obras-nas-escolas\/\",\"name\":\"Amares recebe 2,5 milh\u00f5es para obras nas escolas - Portal Tela Portugal\",\"isPartOf\":{\"@id\":\"https:\/\/portaltela.pt\/#website\"},\"primaryImageOfPage\":{\"@id\":\"https:\/\/portaltela.pt\/noticias\/2026\/02\/07\/amares-recebe-25-milhoes-para-obras-nas-escolas\/#primaryimage\"},\"image\":{\"@id\":\"https:\/\/portaltela.pt\/noticias\/2026\/02\/07\/amares-recebe-25-milhoes-para-obras-nas-escolas\/#primaryimage\"},\"thumbnailUrl\":\"https:\/\/portaltela.pt\/s.01k8rhncp4jt1\/2026\/02\/image-584.jpg\",\"datePublished\":\"2026-02-07T22:18:00+00:00\",\"author\":{\"@id\":\"https:\/\/portaltela.pt\/#\/schema\/person\/c4278d4a6028830caff9ee44b42d32ed\"},\"breadcrumb\":{\"@id\":\"https:\/\/portaltela.pt\/noticias\/2026\/02\/07\/amares-recebe-25-milhoes-para-obras-nas-escolas\/#breadcrumb\"},\"inLanguage\":\"pt-PT\",\"potentialAction\":[{\"@type\":\"ReadAction\",\"target\":[\"https:\/\/portaltela.pt\/noticias\/2026\/02\/07\/amares-recebe-25-milhoes-para-obras-nas-escolas\/\"]}]},{\"@type\":\"ImageObject\",\"inLanguage\":\"pt-PT\",\"@id\":\"https:\/\/portaltela.pt\/noticias\/2026\/02\/07\/amares-recebe-25-milhoes-para-obras-nas-escolas\/#primaryimage\",\"url\":\"https:\/\/portaltela.pt\/s.01k8rhncp4jt1\/2026\/02\/image-584.jpg\",\"contentUrl\":\"https:\/\/portaltela.pt\/s.01k8rhncp4jt1\/2026\/02\/image-584.jpg\",\"width\":796,\"height\":448,\"caption\":\"Escola Secund\u00e1ria de Amares\"},{\"@type\":\"BreadcrumbList\",\"@id\":\"https:\/\/portaltela.pt\/noticias\/2026\/02\/07\/amares-recebe-25-milhoes-para-obras-nas-escolas\/#breadcrumb\",\"itemListElement\":[{\"@type\":\"ListItem\",\"position\":1,\"name\":\"In\u00edcio\",\"item\":\"https:\/\/portaltela.pt\/\"},{\"@type\":\"ListItem\",\"position\":2,\"name\":\"Amares recebe 2,5 milh\u00f5es para obras nas escolas\"}]},{\"@type\":\"WebSite\",\"@id\":\"https:\/\/portaltela.pt\/#website\",\"url\":\"https:\/\/portaltela.pt\/\",\"name\":\"Portal Tela Portugal\",\"description\":\"\",\"potentialAction\":[{\"@type\":\"SearchAction\",\"target\":{\"@type\":\"EntryPoint\",\"urlTemplate\":\"https:\/\/portaltela.pt\/?s={search_term_string}\"},\"query-input\":{\"@type\":\"PropertyValueSpecification\",\"valueRequired\":true,\"valueName\":\"search_term_string\"}}],\"inLanguage\":\"pt-PT\"},{\"@type\":\"Person\",\"@id\":\"https:\/\/portaltela.pt\/#\/schema\/person\/c4278d4a6028830caff9ee44b42d32ed\",\"name\":\"Telinha\",\"image\":{\"@type\":\"ImageObject\",\"inLanguage\":\"pt-PT\",\"@id\":\"https:\/\/portaltela.pt\/s.01k8rhncp4jt1\/2025\/11\/talking-bot-125x125.png\",\"url\":\"https:\/\/portaltela.pt\/s.01k8rhncp4jt1\/2025\/11\/talking-bot-125x125.png\",\"contentUrl\":\"https:\/\/portaltela.pt\/s.01k8rhncp4jt1\/2025\/11\/talking-bot-125x125.png\",\"caption\":\"Telinha\"},\"sameAs\":[\"https:\/\/portaltela.pt\/\"],\"url\":\"https:\/\/portaltela.pt\/por\/367410592786\/\"}]}<\/script>\n<!-- \/ Yoast SEO plugin. -->","yoast_head_json":{"title":"Amares recebe 2,5 milh\u00f5es para obras nas escolas - Portal Tela Portugal","robots":{"index":"index","follow":"follow","max-snippet":"max-snippet:-1","max-image-preview":"max-image-preview:large","max-video-preview":"max-video-preview:-1"},"og_locale":"pt_PT","og_type":"article","og_title":"Amares recebe 2,5 milh\u00f5es para obras nas escolas - Portal Tela Portugal","og_description":"A C\u00e2mara de Amares aprovou, por unanimidade, a abertura de concursos p\u00fablicos para a reabilita\u00e7\u00e3o de dois centros escolares, num investimento global de cerca de 2,5 milh\u00f5es de euros, comparticipados por fundos comunit\u00e1rios. O executivo tamb\u00e9m aprovou o projeto de execu\u00e7\u00e3o para obras num terceiro estabelecimento id\u00eantico, que funciona ensino pr\u00e9-escolar e prim\u00e1rio, devendo ser intervencionado em breve. No concurso p\u00fablico, o valor mais elevado, de cerca de 1,5 milh\u00f5es de euros, destina-se ao centro escolar D. Gualdim Pais, em Amares. O centro escolar do Vale do Homem, em Rendufe, ficar\u00e1 a investir perto de 950 mil euros. O prazo de execu\u00e7\u00e3o \u00e9 de seis meses para o D. Gualdim Pais e de cinco meses para o Vale do Homem.","og_url":"https:\/\/portaltela.pt\/noticias\/2026\/02\/07\/amares-recebe-25-milhoes-para-obras-nas-escolas\/","og_site_name":"Portal Tela Portugal","article_published_time":"2026-02-07T22:18:00+00:00","author":"Telinha","twitter_card":"summary_large_image","twitter_misc":{"Escrito por":"Telinha","Tempo estimado de leitura":"1 minuto"},"schema":{"@context":"https:\/\/schema.org","@graph":[{"@type":"Article","@id":"https:\/\/portaltela.pt\/noticias\/2026\/02\/07\/amares-recebe-25-milhoes-para-obras-nas-escolas\/#article","isPartOf":{"@id":"https:\/\/portaltela.pt\/noticias\/2026\/02\/07\/amares-recebe-25-milhoes-para-obras-nas-escolas\/"},"author":{"name":"Telinha","@id":"https:\/\/portaltela.pt\/#\/schema\/person\/c4278d4a6028830caff9ee44b42d32ed"},"headline":"Amares recebe 2,5 milh\u00f5es para obras nas escolas","datePublished":"2026-02-07T22:18:00+00:00","mainEntityOfPage":{"@id":"https:\/\/portaltela.pt\/noticias\/2026\/02\/07\/amares-recebe-25-milhoes-para-obras-nas-escolas\/"},"wordCount":176,"image":{"@id":"https:\/\/portaltela.pt\/noticias\/2026\/02\/07\/amares-recebe-25-milhoes-para-obras-nas-escolas\/#primaryimage"},"thumbnailUrl":"https:\/\/portaltela.pt\/s.01k8rhncp4jt1\/2026\/02\/image-584.jpg","keywords":["Amares","escolas","Fundos Europeus","infraestrutura","investimento","reabilita\u00e7\u00e3o urbana"],"articleSection":["Not\u00edcias"],"inLanguage":"pt-PT"},{"@type":"WebPage","@id":"https:\/\/portaltela.pt\/noticias\/2026\/02\/07\/amares-recebe-25-milhoes-para-obras-nas-escolas\/","url":"https:\/\/portaltela.pt\/noticias\/2026\/02\/07\/amares-recebe-25-milhoes-para-obras-nas-escolas\/","name":"Amares recebe 2,5 milh\u00f5es para obras nas escolas - Portal Tela Portugal","isPartOf":{"@id":"https:\/\/portaltela.pt\/#website"},"primaryImageOfPage":{"@id":"https:\/\/portaltela.pt\/noticias\/2026\/02\/07\/amares-recebe-25-milhoes-para-obras-nas-escolas\/#primaryimage"},"image":{"@id":"https:\/\/portaltela.pt\/noticias\/2026\/02\/07\/amares-recebe-25-milhoes-para-obras-nas-escolas\/#primaryimage"},"thumbnailUrl":"https:\/\/portaltela.pt\/s.01k8rhncp4jt1\/2026\/02\/image-584.jpg","datePublished":"2026-02-07T22:18:00+00:00","author":{"@id":"https:\/\/portaltela.pt\/#\/schema\/person\/c4278d4a6028830caff9ee44b42d32ed"},"breadcrumb":{"@id":"https:\/\/portaltela.pt\/noticias\/2026\/02\/07\/amares-recebe-25-milhoes-para-obras-nas-escolas\/#breadcrumb"},"inLanguage":"pt-PT","potentialAction":[{"@type":"ReadAction","target":["https:\/\/portaltela.pt\/noticias\/2026\/02\/07\/amares-recebe-25-milhoes-para-obras-nas-escolas\/"]}]},{"@type":"ImageObject","inLanguage":"pt-PT","@id":"https:\/\/portaltela.pt\/noticias\/2026\/02\/07\/amares-recebe-25-milhoes-para-obras-nas-escolas\/#primaryimage","url":"https:\/\/portaltela.pt\/s.01k8rhncp4jt1\/2026\/02\/image-584.jpg","contentUrl":"https:\/\/portaltela.pt\/s.01k8rhncp4jt1\/2026\/02\/image-584.jpg","width":796,"height":448,"caption":"Escola Secund\u00e1ria de Amares"},{"@type":"BreadcrumbList","@id":"https:\/\/portaltela.pt\/noticias\/2026\/02\/07\/amares-recebe-25-milhoes-para-obras-nas-escolas\/#breadcrumb","itemListElement":[{"@type":"ListItem","position":1,"name":"In\u00edcio","item":"https:\/\/portaltela.pt\/"},{"@type":"ListItem","position":2,"name":"Amares recebe 2,5 milh\u00f5es para obras nas escolas"}]},{"@type":"WebSite","@id":"https:\/\/portaltela.pt\/#website","url":"https:\/\/portaltela.pt\/","name":"Portal Tela Portugal","description":"","potentialAction":[{"@type":"SearchAction","target":{"@type":"EntryPoint","urlTemplate":"https:\/\/portaltela.pt\/?s={search_term_string}"},"query-input":{"@type":"PropertyValueSpecification","valueRequired":true,"valueName":"search_term_string"}}],"inLanguage":"pt-PT"},{"@type":"Person","@id":"https:\/\/portaltela.pt\/#\/schema\/person\/c4278d4a6028830caff9ee44b42d32ed","name":"Telinha","image":{"@type":"ImageObject","inLanguage":"pt-PT","@id":"https:\/\/portaltela.pt\/s.01k8rhncp4jt1\/2025\/11\/talking-bot-125x125.png","url":"https:\/\/portaltela.pt\/s.01k8rhncp4jt1\/2025\/11\/talking-bot-125x125.png","contentUrl":"https:\/\/portaltela.pt\/s.01k8rhncp4jt1\/2025\/11\/talking-bot-125x125.png","caption":"Telinha"},"sameAs":["https:\/\/portaltela.pt\/"],"url":"https:\/\/portaltela.pt\/por\/367410592786\/"}]}},"_links":{"self":[{"href":"https:\/\/portaltela.pt\/api\/wp\/v2\/posts\/203432","targetHints":{"allow":["GET"]}}],"collection":[{"href":"https:\/\/portaltela.pt\/api\/wp\/v2\/posts"}],"about":[{"href":"https:\/\/portaltela.pt\/api\/wp\/v2\/types\/post"}],"author":[{"embeddable":true,"href":"https:\/\/portaltela.pt\/api\/wp\/v2\/users\/2"}],"replies":[{"embeddable":true,"href":"https:\/\/portaltela.pt\/api\/wp\/v2\/comments?post=203432"}],"version-history":[{"count":0,"href":"https:\/\/portaltela.pt\/api\/wp\/v2\/posts\/203432\/revisions"}],"wp:featuredmedia":[{"embeddable":true,"href":"https:\/\/portaltela.pt\/api\/wp\/v2\/media\/203433"}],"wp:attachment":[{"href":"https:\/\/portaltela.pt\/api\/wp\/v2\/media?parent=203432"}],"wp:term":[{"taxonomy":"category","embeddable":true,"href":"https:\/\/portaltela.pt\/api\/wp\/v2\/categories?post=203432"},{"taxonomy":"post_tag","embeddable":true,"href":"https:\/\/portaltela.pt\/api\/wp\/v2\/tags?post=203432"}],"curies":[{"name":"wp","href":"https:\/\/api.w.org\/{rel}","templated":true}]}}