{"id":203426,"date":"2026-02-07T19:23:00","date_gmt":"2026-02-07T22:23:00","guid":{"rendered":"https:\/\/portaltela.pt\/noticias\/2026\/02\/07\/domingo-mais-pacifico-mas-chuva-persiste-vitimas-fatais-sobem-para-14\/"},"modified":"2026-02-07T19:23:00","modified_gmt":"2026-02-07T22:23:00","slug":"domingo-mais-pacifico-mas-chuva-persiste-vitimas-fatais-sobem-para-14","status":"publish","type":"post","link":"https:\/\/portaltela.pt\/noticias\/2026\/02\/07\/domingo-mais-pacifico-mas-chuva-persiste-vitimas-fatais-sobem-para-14\/","title":{"rendered":"Domingo mais pac\u00edfico, mas chuva persiste; v\u00edtimas fatais sobem para 14"},"content":{"rendered":"<p>Morreu este s\u00e1bado um bombeiro da corpora\u00e7\u00e3o de Campo Maior, no distrito de Portalegre. Esta \u00e9 a 14.\u00aa v\u00edtima mortal associada ao conjunto de tempestades que afetam Portugal continental h\u00e1 mais de uma semana.<\/p>\n<p>A trag\u00e9dia eleva para o total de v\u00edtimas mortais registadas desde o in\u00edcio da crise meteorol\u00f3gica. A corpora\u00e7\u00e3o de Campo Maior confirmou o \u00f3bito, sem detalhar ainda as circunst\u00e2ncias do incidente. O corpo foi encaminhado para o instituto m\u00e9dico legal.<\/p>\n<p>Mais de dez mil ocorr\u00eancias foram registadas em todo o territ\u00f3rio, entre estradas cortadas e inunda\u00e7\u00f5es. A depress\u00e3o Marta tamb\u00e9m ganhou for\u00e7a na regi\u00e3o norte, algo n\u00e3o previsto inicialmente pela prote\u00e7\u00e3o civil.<\/p>\n<h3>Mudan\u00e7a de cen\u00e1rio com Marta<\/h3>\n<p>As autoridades indicam que o estado do tempo deve melhorar gradualmente. Prev\u00ea-se um domingo mais pac\u00edfico, embora permane\u00e7am rajadas de vento e chuva ligeira em v\u00e1rias zonas, coincidindo com o dia de elei\u00e7\u00f5es presidenciais.<\/p>\n<p>Ainda hoje, as autoridades apelam \u00e0 prud\u00eancia na circula\u00e7\u00e3o e \u00e0 verifica\u00e7\u00e3o de condi\u00e7\u00f5es meteorol\u00f3gicas locais antes de viajar. O servi\u00e7o de prote\u00e7\u00e3o civil mant\u00e9m-se em alerta para novas ocorr\u00eancias.<\/p>\n","protected":false},"excerpt":{"rendered":"<ul>\n<li>Morreu no s\u00e1bado um bombeiro da corpora\u00e7\u00e3o de Campo Maior, elevando para 14 o n\u00famero de v\u00edtimas mortais das tempestades que afetam Portugal continental.<\/li>\n<li>A depress\u00e3o Marta trouxe diversos constrangimentos: mais de dez mil ocorr\u00eancias registadas e v\u00e1rias estradas cortadas; os rios continuam preocupantes.<\/li>\n<li>A depress\u00e3o atingiu tamb\u00e9m o norte, algo n\u00e3o previsto inicialmente.<\/li>\n<li>As previs\u00f5es apontam para um domingo mais pac\u00edfico, com vento mais fraco, mas ainda com chuva.<\/li>\n<li>O domingo \u00e9 dia de elei\u00e7\u00f5es presidenciais.<\/li>\n<\/ul>\n","protected":false},"author":2,"featured_media":203427,"comment_status":"closed","ping_status":"closed","sticky":false,"template":"","format":"standard","meta":{"footnotes":""},"categories":[1],"tags":[3812,3346,5215,2293,1075,320],"class_list":["post-203426","post","type-post","status-publish","format-standard","has-post-thumbnail","hentry","category-noticias","tag-alagamentos","tag-campo-maior","tag-catastrofes-naturais","tag-inundacoes","tag-portalegre","tag-protecao-civil"],"yoast_head":"<!-- This site is optimized with the Yoast SEO plugin v27.2 - https:\/\/yoast.com\/product\/yoast-seo-wordpress\/ -->\n<title>Domingo mais pac\u00edfico, mas chuva persiste; v\u00edtimas fatais sobem para 14 - Portal Tela Portugal<\/title>\n<meta name=\"robots\" content=\"index, follow, max-snippet:-1, max-image-preview:large, max-video-preview:-1\" \/>\n<meta property=\"og:locale\" content=\"pt_PT\" \/>\n<meta property=\"og:type\" content=\"article\" \/>\n<meta property=\"og:title\" content=\"Domingo mais pac\u00edfico, mas chuva persiste; v\u00edtimas fatais sobem para 14 - Portal Tela Portugal\" \/>\n<meta property=\"og:description\" content=\"Morreu no s\u00e1bado um bombeiro da corpora\u00e7\u00e3o de Campo Maior, elevando para 14 o n\u00famero de v\u00edtimas mortais das tempestades que afetam Portugal continental. A depress\u00e3o Marta trouxe diversos constrangimentos: mais de dez mil ocorr\u00eancias registadas e v\u00e1rias estradas cortadas; os rios continuam preocupantes. A depress\u00e3o atingiu tamb\u00e9m o norte, algo n\u00e3o previsto inicialmente. As previs\u00f5es apontam para um domingo mais pac\u00edfico, com vento mais fraco, mas ainda com chuva. O domingo \u00e9 dia de elei\u00e7\u00f5es presidenciais.\" \/>\n<meta property=\"og:url\" content=\"https:\/\/portaltela.pt\/noticias\/2026\/02\/07\/domingo-mais-pacifico-mas-chuva-persiste-vitimas-fatais-sobem-para-14\/\" \/>\n<meta property=\"og:site_name\" content=\"Portal Tela Portugal\" \/>\n<meta property=\"article:published_time\" content=\"2026-02-07T22:23:00+00:00\" \/>\n<meta name=\"author\" content=\"Telinha\" \/>\n<meta name=\"twitter:card\" content=\"summary_large_image\" \/>\n<meta name=\"twitter:label1\" content=\"Escrito por\" \/>\n\t<meta name=\"twitter:data1\" content=\"Telinha\" \/>\n\t<meta name=\"twitter:label2\" content=\"Tempo estimado de leitura\" \/>\n\t<meta name=\"twitter:data2\" content=\"1 minuto\" \/>\n<script type=\"application\/ld+json\" class=\"yoast-schema-graph\">{\"@context\":\"https:\/\/schema.org\",\"@graph\":[{\"@type\":\"Article\",\"@id\":\"https:\/\/portaltela.pt\/noticias\/2026\/02\/07\/domingo-mais-pacifico-mas-chuva-persiste-vitimas-fatais-sobem-para-14\/#article\",\"isPartOf\":{\"@id\":\"https:\/\/portaltela.pt\/noticias\/2026\/02\/07\/domingo-mais-pacifico-mas-chuva-persiste-vitimas-fatais-sobem-para-14\/\"},\"author\":{\"name\":\"Telinha\",\"@id\":\"https:\/\/portaltela.pt\/#\/schema\/person\/c4278d4a6028830caff9ee44b42d32ed\"},\"headline\":\"Domingo mais pac\u00edfico, mas chuva persiste; v\u00edtimas fatais sobem para 14\",\"datePublished\":\"2026-02-07T22:23:00+00:00\",\"mainEntityOfPage\":{\"@id\":\"https:\/\/portaltela.pt\/noticias\/2026\/02\/07\/domingo-mais-pacifico-mas-chuva-persiste-vitimas-fatais-sobem-para-14\/\"},\"wordCount\":218,\"image\":{\"@id\":\"https:\/\/portaltela.pt\/noticias\/2026\/02\/07\/domingo-mais-pacifico-mas-chuva-persiste-vitimas-fatais-sobem-para-14\/#primaryimage\"},\"thumbnailUrl\":\"https:\/\/portaltela.pt\/s.01k8rhncp4jt1\/2026\/02\/2065458.jpg\",\"keywords\":[\"alagamentos\",\"Campo Maior\",\"cat\u00e1strofes naturais\",\"inunda\u00e7\u00f5es\",\"Portalegre\",\"prote\u00e7\u00e3o civil\"],\"articleSection\":[\"Not\u00edcias\"],\"inLanguage\":\"pt-PT\"},{\"@type\":\"WebPage\",\"@id\":\"https:\/\/portaltela.pt\/noticias\/2026\/02\/07\/domingo-mais-pacifico-mas-chuva-persiste-vitimas-fatais-sobem-para-14\/\",\"url\":\"https:\/\/portaltela.pt\/noticias\/2026\/02\/07\/domingo-mais-pacifico-mas-chuva-persiste-vitimas-fatais-sobem-para-14\/\",\"name\":\"Domingo mais pac\u00edfico, mas chuva persiste; v\u00edtimas fatais sobem para 14 - Portal Tela Portugal\",\"isPartOf\":{\"@id\":\"https:\/\/portaltela.pt\/#website\"},\"primaryImageOfPage\":{\"@id\":\"https:\/\/portaltela.pt\/noticias\/2026\/02\/07\/domingo-mais-pacifico-mas-chuva-persiste-vitimas-fatais-sobem-para-14\/#primaryimage\"},\"image\":{\"@id\":\"https:\/\/portaltela.pt\/noticias\/2026\/02\/07\/domingo-mais-pacifico-mas-chuva-persiste-vitimas-fatais-sobem-para-14\/#primaryimage\"},\"thumbnailUrl\":\"https:\/\/portaltela.pt\/s.01k8rhncp4jt1\/2026\/02\/2065458.jpg\",\"datePublished\":\"2026-02-07T22:23:00+00:00\",\"author\":{\"@id\":\"https:\/\/portaltela.pt\/#\/schema\/person\/c4278d4a6028830caff9ee44b42d32ed\"},\"breadcrumb\":{\"@id\":\"https:\/\/portaltela.pt\/noticias\/2026\/02\/07\/domingo-mais-pacifico-mas-chuva-persiste-vitimas-fatais-sobem-para-14\/#breadcrumb\"},\"inLanguage\":\"pt-PT\",\"potentialAction\":[{\"@type\":\"ReadAction\",\"target\":[\"https:\/\/portaltela.pt\/noticias\/2026\/02\/07\/domingo-mais-pacifico-mas-chuva-persiste-vitimas-fatais-sobem-para-14\/\"]}]},{\"@type\":\"ImageObject\",\"inLanguage\":\"pt-PT\",\"@id\":\"https:\/\/portaltela.pt\/noticias\/2026\/02\/07\/domingo-mais-pacifico-mas-chuva-persiste-vitimas-fatais-sobem-para-14\/#primaryimage\",\"url\":\"https:\/\/portaltela.pt\/s.01k8rhncp4jt1\/2026\/02\/2065458.jpg\",\"contentUrl\":\"https:\/\/portaltela.pt\/s.01k8rhncp4jt1\/2026\/02\/2065458.jpg\",\"width\":796,\"height\":448,\"caption\":\"A subida da \u00e1gua do Rio Mondego est\u00e1 a causar inunda\u00e7\u00f5es e cortes de estradas por toda a zona do Baixo Mondego\"},{\"@type\":\"BreadcrumbList\",\"@id\":\"https:\/\/portaltela.pt\/noticias\/2026\/02\/07\/domingo-mais-pacifico-mas-chuva-persiste-vitimas-fatais-sobem-para-14\/#breadcrumb\",\"itemListElement\":[{\"@type\":\"ListItem\",\"position\":1,\"name\":\"In\u00edcio\",\"item\":\"https:\/\/portaltela.pt\/\"},{\"@type\":\"ListItem\",\"position\":2,\"name\":\"Domingo mais pac\u00edfico, mas chuva persiste; v\u00edtimas fatais sobem para 14\"}]},{\"@type\":\"WebSite\",\"@id\":\"https:\/\/portaltela.pt\/#website\",\"url\":\"https:\/\/portaltela.pt\/\",\"name\":\"Portal Tela Portugal\",\"description\":\"\",\"potentialAction\":[{\"@type\":\"SearchAction\",\"target\":{\"@type\":\"EntryPoint\",\"urlTemplate\":\"https:\/\/portaltela.pt\/?s={search_term_string}\"},\"query-input\":{\"@type\":\"PropertyValueSpecification\",\"valueRequired\":true,\"valueName\":\"search_term_string\"}}],\"inLanguage\":\"pt-PT\"},{\"@type\":\"Person\",\"@id\":\"https:\/\/portaltela.pt\/#\/schema\/person\/c4278d4a6028830caff9ee44b42d32ed\",\"name\":\"Telinha\",\"image\":{\"@type\":\"ImageObject\",\"inLanguage\":\"pt-PT\",\"@id\":\"https:\/\/portaltela.pt\/s.01k8rhncp4jt1\/2025\/11\/talking-bot-125x125.png\",\"url\":\"https:\/\/portaltela.pt\/s.01k8rhncp4jt1\/2025\/11\/talking-bot-125x125.png\",\"contentUrl\":\"https:\/\/portaltela.pt\/s.01k8rhncp4jt1\/2025\/11\/talking-bot-125x125.png\",\"caption\":\"Telinha\"},\"sameAs\":[\"https:\/\/portaltela.pt\/\"],\"url\":\"https:\/\/portaltela.pt\/por\/367410592786\/\"}]}<\/script>\n<!-- \/ Yoast SEO plugin. -->","yoast_head_json":{"title":"Domingo mais pac\u00edfico, mas chuva persiste; v\u00edtimas fatais sobem para 14 - Portal Tela Portugal","robots":{"index":"index","follow":"follow","max-snippet":"max-snippet:-1","max-image-preview":"max-image-preview:large","max-video-preview":"max-video-preview:-1"},"og_locale":"pt_PT","og_type":"article","og_title":"Domingo mais pac\u00edfico, mas chuva persiste; v\u00edtimas fatais sobem para 14 - Portal Tela Portugal","og_description":"Morreu no s\u00e1bado um bombeiro da corpora\u00e7\u00e3o de Campo Maior, elevando para 14 o n\u00famero de v\u00edtimas mortais das tempestades que afetam Portugal continental. A depress\u00e3o Marta trouxe diversos constrangimentos: mais de dez mil ocorr\u00eancias registadas e v\u00e1rias estradas cortadas; os rios continuam preocupantes. A depress\u00e3o atingiu tamb\u00e9m o norte, algo n\u00e3o previsto inicialmente. As previs\u00f5es apontam para um domingo mais pac\u00edfico, com vento mais fraco, mas ainda com chuva. O domingo \u00e9 dia de elei\u00e7\u00f5es presidenciais.","og_url":"https:\/\/portaltela.pt\/noticias\/2026\/02\/07\/domingo-mais-pacifico-mas-chuva-persiste-vitimas-fatais-sobem-para-14\/","og_site_name":"Portal Tela Portugal","article_published_time":"2026-02-07T22:23:00+00:00","author":"Telinha","twitter_card":"summary_large_image","twitter_misc":{"Escrito por":"Telinha","Tempo estimado de leitura":"1 minuto"},"schema":{"@context":"https:\/\/schema.org","@graph":[{"@type":"Article","@id":"https:\/\/portaltela.pt\/noticias\/2026\/02\/07\/domingo-mais-pacifico-mas-chuva-persiste-vitimas-fatais-sobem-para-14\/#article","isPartOf":{"@id":"https:\/\/portaltela.pt\/noticias\/2026\/02\/07\/domingo-mais-pacifico-mas-chuva-persiste-vitimas-fatais-sobem-para-14\/"},"author":{"name":"Telinha","@id":"https:\/\/portaltela.pt\/#\/schema\/person\/c4278d4a6028830caff9ee44b42d32ed"},"headline":"Domingo mais pac\u00edfico, mas chuva persiste; v\u00edtimas fatais sobem para 14","datePublished":"2026-02-07T22:23:00+00:00","mainEntityOfPage":{"@id":"https:\/\/portaltela.pt\/noticias\/2026\/02\/07\/domingo-mais-pacifico-mas-chuva-persiste-vitimas-fatais-sobem-para-14\/"},"wordCount":218,"image":{"@id":"https:\/\/portaltela.pt\/noticias\/2026\/02\/07\/domingo-mais-pacifico-mas-chuva-persiste-vitimas-fatais-sobem-para-14\/#primaryimage"},"thumbnailUrl":"https:\/\/portaltela.pt\/s.01k8rhncp4jt1\/2026\/02\/2065458.jpg","keywords":["alagamentos","Campo Maior","cat\u00e1strofes naturais","inunda\u00e7\u00f5es","Portalegre","prote\u00e7\u00e3o civil"],"articleSection":["Not\u00edcias"],"inLanguage":"pt-PT"},{"@type":"WebPage","@id":"https:\/\/portaltela.pt\/noticias\/2026\/02\/07\/domingo-mais-pacifico-mas-chuva-persiste-vitimas-fatais-sobem-para-14\/","url":"https:\/\/portaltela.pt\/noticias\/2026\/02\/07\/domingo-mais-pacifico-mas-chuva-persiste-vitimas-fatais-sobem-para-14\/","name":"Domingo mais pac\u00edfico, mas chuva persiste; v\u00edtimas fatais sobem para 14 - Portal Tela Portugal","isPartOf":{"@id":"https:\/\/portaltela.pt\/#website"},"primaryImageOfPage":{"@id":"https:\/\/portaltela.pt\/noticias\/2026\/02\/07\/domingo-mais-pacifico-mas-chuva-persiste-vitimas-fatais-sobem-para-14\/#primaryimage"},"image":{"@id":"https:\/\/portaltela.pt\/noticias\/2026\/02\/07\/domingo-mais-pacifico-mas-chuva-persiste-vitimas-fatais-sobem-para-14\/#primaryimage"},"thumbnailUrl":"https:\/\/portaltela.pt\/s.01k8rhncp4jt1\/2026\/02\/2065458.jpg","datePublished":"2026-02-07T22:23:00+00:00","author":{"@id":"https:\/\/portaltela.pt\/#\/schema\/person\/c4278d4a6028830caff9ee44b42d32ed"},"breadcrumb":{"@id":"https:\/\/portaltela.pt\/noticias\/2026\/02\/07\/domingo-mais-pacifico-mas-chuva-persiste-vitimas-fatais-sobem-para-14\/#breadcrumb"},"inLanguage":"pt-PT","potentialAction":[{"@type":"ReadAction","target":["https:\/\/portaltela.pt\/noticias\/2026\/02\/07\/domingo-mais-pacifico-mas-chuva-persiste-vitimas-fatais-sobem-para-14\/"]}]},{"@type":"ImageObject","inLanguage":"pt-PT","@id":"https:\/\/portaltela.pt\/noticias\/2026\/02\/07\/domingo-mais-pacifico-mas-chuva-persiste-vitimas-fatais-sobem-para-14\/#primaryimage","url":"https:\/\/portaltela.pt\/s.01k8rhncp4jt1\/2026\/02\/2065458.jpg","contentUrl":"https:\/\/portaltela.pt\/s.01k8rhncp4jt1\/2026\/02\/2065458.jpg","width":796,"height":448,"caption":"A subida da \u00e1gua do Rio Mondego est\u00e1 a causar inunda\u00e7\u00f5es e cortes de estradas por toda a zona do Baixo Mondego"},{"@type":"BreadcrumbList","@id":"https:\/\/portaltela.pt\/noticias\/2026\/02\/07\/domingo-mais-pacifico-mas-chuva-persiste-vitimas-fatais-sobem-para-14\/#breadcrumb","itemListElement":[{"@type":"ListItem","position":1,"name":"In\u00edcio","item":"https:\/\/portaltela.pt\/"},{"@type":"ListItem","position":2,"name":"Domingo mais pac\u00edfico, mas chuva persiste; v\u00edtimas fatais sobem para 14"}]},{"@type":"WebSite","@id":"https:\/\/portaltela.pt\/#website","url":"https:\/\/portaltela.pt\/","name":"Portal Tela Portugal","description":"","potentialAction":[{"@type":"SearchAction","target":{"@type":"EntryPoint","urlTemplate":"https:\/\/portaltela.pt\/?s={search_term_string}"},"query-input":{"@type":"PropertyValueSpecification","valueRequired":true,"valueName":"search_term_string"}}],"inLanguage":"pt-PT"},{"@type":"Person","@id":"https:\/\/portaltela.pt\/#\/schema\/person\/c4278d4a6028830caff9ee44b42d32ed","name":"Telinha","image":{"@type":"ImageObject","inLanguage":"pt-PT","@id":"https:\/\/portaltela.pt\/s.01k8rhncp4jt1\/2025\/11\/talking-bot-125x125.png","url":"https:\/\/portaltela.pt\/s.01k8rhncp4jt1\/2025\/11\/talking-bot-125x125.png","contentUrl":"https:\/\/portaltela.pt\/s.01k8rhncp4jt1\/2025\/11\/talking-bot-125x125.png","caption":"Telinha"},"sameAs":["https:\/\/portaltela.pt\/"],"url":"https:\/\/portaltela.pt\/por\/367410592786\/"}]}},"_links":{"self":[{"href":"https:\/\/portaltela.pt\/api\/wp\/v2\/posts\/203426","targetHints":{"allow":["GET"]}}],"collection":[{"href":"https:\/\/portaltela.pt\/api\/wp\/v2\/posts"}],"about":[{"href":"https:\/\/portaltela.pt\/api\/wp\/v2\/types\/post"}],"author":[{"embeddable":true,"href":"https:\/\/portaltela.pt\/api\/wp\/v2\/users\/2"}],"replies":[{"embeddable":true,"href":"https:\/\/portaltela.pt\/api\/wp\/v2\/comments?post=203426"}],"version-history":[{"count":0,"href":"https:\/\/portaltela.pt\/api\/wp\/v2\/posts\/203426\/revisions"}],"wp:featuredmedia":[{"embeddable":true,"href":"https:\/\/portaltela.pt\/api\/wp\/v2\/media\/203427"}],"wp:attachment":[{"href":"https:\/\/portaltela.pt\/api\/wp\/v2\/media?parent=203426"}],"wp:term":[{"taxonomy":"category","embeddable":true,"href":"https:\/\/portaltela.pt\/api\/wp\/v2\/categories?post=203426"},{"taxonomy":"post_tag","embeddable":true,"href":"https:\/\/portaltela.pt\/api\/wp\/v2\/tags?post=203426"}],"curies":[{"name":"wp","href":"https:\/\/api.w.org\/{rel}","templated":true}]}}