{"id":203406,"date":"2026-02-07T19:00:00","date_gmt":"2026-02-07T22:00:00","guid":{"rendered":"https:\/\/portaltela.pt\/noticias\/2026\/02\/07\/fantasma-do-atletico-madrid-leva-hjulmand-a-ponderar-rescisao-com-empresario\/"},"modified":"2026-02-07T19:00:00","modified_gmt":"2026-02-07T22:00:00","slug":"fantasma-do-atletico-madrid-leva-hjulmand-a-ponderar-rescisao-com-empresario","status":"publish","type":"post","link":"https:\/\/portaltela.pt\/desporto\/futebol\/2026\/02\/07\/fantasma-do-atletico-madrid-leva-hjulmand-a-ponderar-rescisao-com-empresario\/","title":{"rendered":"Fantasma do Atl\u00e9tico Madrid leva Hjulmand a ponderar rescis\u00e3o com empres\u00e1rio"},"content":{"rendered":"<p>V\u00edtor Pinto, subdiretor de Record, aponta dados estranhos num processo com Morten Hjulmand no papel central. A revela\u00e7\u00e3o foi feita durante o programa Record na Hora, transmitido no Now.<\/p>\n<p>Segundo o periodista, existem elementos que levantam d\u00favidas sobre o andamento do caso envolvendo o capit\u00e3o do Sporting. A apresenta\u00e7\u00e3o ocorreu no \u00e2mbito da emiss\u00e3o dedicada a actualidad desportiva.<\/p>\n<p>O espa\u00e7o televisivo destacou que as informa\u00e7\u00f5es questionadas merecem verifica\u00e7\u00e3o adicional, por envolver figuras ligadas ao clube e a gest\u00e3o de contratos. N\u00e3o houve, contudo, conclus\u00e3o ou opini\u00e3o sobre o desfecho.<\/p>\n<p>N\u00e3o foram detalhadas as naturezas dos dados alegadamente estranhos, nem as etapas seguintes do processo. A transmiss\u00e3o apenas indicou a exist\u00eancia de informa\u00e7\u00f5es que merecem escrut\u00ednio por parte de respons\u00e1veis legais e desportivos.<\/p>\n","protected":false},"excerpt":{"rendered":"<ul>\n<li>V\u00edtor Pinto, subdiretor do Record, aponta dados estranhos no processo que tem Morten Hjulmand como protagonista.<\/li>\n<li>O caso envolve uma proposta do Atl\u00e9tico Madrid referida no t\u00edtulo como fantasma.<\/li>\n<li>O tema foi destaque no programa Record na Hora, no Now.<\/li>\n<li>Segundo a an\u00e1lise de Pinto, o capit\u00e3o do Sporting permanece como figura central do processo.<\/li>\n<\/ul>\n","protected":false},"author":2,"featured_media":203410,"comment_status":"closed","ping_status":"closed","sticky":false,"template":"","format":"standard","meta":{"footnotes":""},"categories":[21,24],"tags":[1109,1125,32,195,3501,1652],"class_list":["post-203406","post","type-post","status-publish","format-standard","has-post-thumbnail","hentry","category-desporto","category-futebol","tag-atletico-de-madrid","tag-contratos","tag-futebol","tag-informacao","tag-rescisao","tag-sporting"],"yoast_head":"<!-- This site is optimized with the Yoast SEO plugin v27.2 - https:\/\/yoast.com\/product\/yoast-seo-wordpress\/ -->\n<title>Fantasma do Atl\u00e9tico Madrid leva Hjulmand a ponderar rescis\u00e3o com empres\u00e1rio - Portal Tela Portugal<\/title>\n<meta name=\"robots\" content=\"index, follow, max-snippet:-1, max-image-preview:large, max-video-preview:-1\" \/>\n<meta property=\"og:locale\" content=\"pt_PT\" \/>\n<meta property=\"og:type\" content=\"article\" \/>\n<meta property=\"og:title\" content=\"Fantasma do Atl\u00e9tico Madrid leva Hjulmand a ponderar rescis\u00e3o com empres\u00e1rio - Portal Tela Portugal\" \/>\n<meta property=\"og:description\" content=\"V\u00edtor Pinto, subdiretor do Record, aponta dados estranhos no processo que tem Morten Hjulmand como protagonista. O caso envolve uma proposta do Atl\u00e9tico Madrid referida no t\u00edtulo como fantasma. O tema foi destaque no programa Record na Hora, no Now. Segundo a an\u00e1lise de Pinto, o capit\u00e3o do Sporting permanece como figura central do processo.\" \/>\n<meta property=\"og:url\" content=\"https:\/\/portaltela.pt\/noticias\/2026\/02\/07\/fantasma-do-atletico-madrid-leva-hjulmand-a-ponderar-rescisao-com-empresario\/\" \/>\n<meta property=\"og:site_name\" content=\"Portal Tela Portugal\" \/>\n<meta property=\"article:published_time\" content=\"2026-02-07T22:00:00+00:00\" \/>\n<meta name=\"author\" content=\"Telinha\" \/>\n<meta name=\"twitter:card\" content=\"summary_large_image\" \/>\n<meta name=\"twitter:label1\" content=\"Escrito por\" \/>\n\t<meta name=\"twitter:data1\" content=\"Telinha\" \/>\n\t<meta name=\"twitter:label2\" content=\"Tempo estimado de leitura\" \/>\n\t<meta name=\"twitter:data2\" content=\"1 minuto\" \/>\n<script type=\"application\/ld+json\" class=\"yoast-schema-graph\">{\"@context\":\"https:\/\/schema.org\",\"@graph\":[{\"@type\":\"Article\",\"@id\":\"https:\/\/portaltela.pt\/noticias\/2026\/02\/07\/fantasma-do-atletico-madrid-leva-hjulmand-a-ponderar-rescisao-com-empresario\/#article\",\"isPartOf\":{\"@id\":\"https:\/\/portaltela.pt\/noticias\/2026\/02\/07\/fantasma-do-atletico-madrid-leva-hjulmand-a-ponderar-rescisao-com-empresario\/\"},\"author\":{\"name\":\"Telinha\",\"@id\":\"https:\/\/portaltela.pt\/#\/schema\/person\/c4278d4a6028830caff9ee44b42d32ed\"},\"headline\":\"Fantasma do Atl\u00e9tico Madrid leva Hjulmand a ponderar rescis\u00e3o com empres\u00e1rio\",\"datePublished\":\"2026-02-07T22:00:00+00:00\",\"mainEntityOfPage\":{\"@id\":\"https:\/\/portaltela.pt\/noticias\/2026\/02\/07\/fantasma-do-atletico-madrid-leva-hjulmand-a-ponderar-rescisao-com-empresario\/\"},\"wordCount\":155,\"image\":{\"@id\":\"https:\/\/portaltela.pt\/noticias\/2026\/02\/07\/fantasma-do-atletico-madrid-leva-hjulmand-a-ponderar-rescisao-com-empresario\/#primaryimage\"},\"thumbnailUrl\":\"https:\/\/portaltela.pt\/s.01k8rhncp4jt1\/2026\/02\/img_1200x721uu2026-02-07-21-26-26-2420201.jpg\",\"keywords\":[\"Atl\u00e9tico de Madrid\",\"contratos\",\"futebol\",\"informa\u00e7\u00e3o\",\"rescis\u00e3o\",\"Sporting\"],\"articleSection\":[\"Desporto\",\"Futebol\"],\"inLanguage\":\"pt-PT\"},{\"@type\":\"WebPage\",\"@id\":\"https:\/\/portaltela.pt\/noticias\/2026\/02\/07\/fantasma-do-atletico-madrid-leva-hjulmand-a-ponderar-rescisao-com-empresario\/\",\"url\":\"https:\/\/portaltela.pt\/noticias\/2026\/02\/07\/fantasma-do-atletico-madrid-leva-hjulmand-a-ponderar-rescisao-com-empresario\/\",\"name\":\"Fantasma do Atl\u00e9tico Madrid leva Hjulmand a ponderar rescis\u00e3o com empres\u00e1rio - Portal Tela Portugal\",\"isPartOf\":{\"@id\":\"https:\/\/portaltela.pt\/#website\"},\"primaryImageOfPage\":{\"@id\":\"https:\/\/portaltela.pt\/noticias\/2026\/02\/07\/fantasma-do-atletico-madrid-leva-hjulmand-a-ponderar-rescisao-com-empresario\/#primaryimage\"},\"image\":{\"@id\":\"https:\/\/portaltela.pt\/noticias\/2026\/02\/07\/fantasma-do-atletico-madrid-leva-hjulmand-a-ponderar-rescisao-com-empresario\/#primaryimage\"},\"thumbnailUrl\":\"https:\/\/portaltela.pt\/s.01k8rhncp4jt1\/2026\/02\/img_1200x721uu2026-02-07-21-26-26-2420201.jpg\",\"datePublished\":\"2026-02-07T22:00:00+00:00\",\"author\":{\"@id\":\"https:\/\/portaltela.pt\/#\/schema\/person\/c4278d4a6028830caff9ee44b42d32ed\"},\"breadcrumb\":{\"@id\":\"https:\/\/portaltela.pt\/noticias\/2026\/02\/07\/fantasma-do-atletico-madrid-leva-hjulmand-a-ponderar-rescisao-com-empresario\/#breadcrumb\"},\"inLanguage\":\"pt-PT\",\"potentialAction\":[{\"@type\":\"ReadAction\",\"target\":[\"https:\/\/portaltela.pt\/noticias\/2026\/02\/07\/fantasma-do-atletico-madrid-leva-hjulmand-a-ponderar-rescisao-com-empresario\/\"]}]},{\"@type\":\"ImageObject\",\"inLanguage\":\"pt-PT\",\"@id\":\"https:\/\/portaltela.pt\/noticias\/2026\/02\/07\/fantasma-do-atletico-madrid-leva-hjulmand-a-ponderar-rescisao-com-empresario\/#primaryimage\",\"url\":\"https:\/\/portaltela.pt\/s.01k8rhncp4jt1\/2026\/02\/img_1200x721uu2026-02-07-21-26-26-2420201.jpg\",\"contentUrl\":\"https:\/\/portaltela.pt\/s.01k8rhncp4jt1\/2026\/02\/img_1200x721uu2026-02-07-21-26-26-2420201.jpg\",\"width\":796,\"height\":448,\"caption\":\"V\u00edtor Pinto: \u00abDepois da proposta fantasma do Atl\u00e9tico Madrid, Hjulmand tem todos os motivos para rescindir com o empres\u00e1rio\u00bb\"},{\"@type\":\"BreadcrumbList\",\"@id\":\"https:\/\/portaltela.pt\/noticias\/2026\/02\/07\/fantasma-do-atletico-madrid-leva-hjulmand-a-ponderar-rescisao-com-empresario\/#breadcrumb\",\"itemListElement\":[{\"@type\":\"ListItem\",\"position\":1,\"name\":\"In\u00edcio\",\"item\":\"https:\/\/portaltela.pt\/\"},{\"@type\":\"ListItem\",\"position\":2,\"name\":\"Fantasma do Atl\u00e9tico Madrid leva Hjulmand a ponderar rescis\u00e3o com empres\u00e1rio\"}]},{\"@type\":\"WebSite\",\"@id\":\"https:\/\/portaltela.pt\/#website\",\"url\":\"https:\/\/portaltela.pt\/\",\"name\":\"Portal Tela Portugal\",\"description\":\"\",\"potentialAction\":[{\"@type\":\"SearchAction\",\"target\":{\"@type\":\"EntryPoint\",\"urlTemplate\":\"https:\/\/portaltela.pt\/?s={search_term_string}\"},\"query-input\":{\"@type\":\"PropertyValueSpecification\",\"valueRequired\":true,\"valueName\":\"search_term_string\"}}],\"inLanguage\":\"pt-PT\"},{\"@type\":\"Person\",\"@id\":\"https:\/\/portaltela.pt\/#\/schema\/person\/c4278d4a6028830caff9ee44b42d32ed\",\"name\":\"Telinha\",\"image\":{\"@type\":\"ImageObject\",\"inLanguage\":\"pt-PT\",\"@id\":\"https:\/\/portaltela.pt\/s.01k8rhncp4jt1\/2025\/11\/talking-bot-125x125.png\",\"url\":\"https:\/\/portaltela.pt\/s.01k8rhncp4jt1\/2025\/11\/talking-bot-125x125.png\",\"contentUrl\":\"https:\/\/portaltela.pt\/s.01k8rhncp4jt1\/2025\/11\/talking-bot-125x125.png\",\"caption\":\"Telinha\"},\"sameAs\":[\"https:\/\/portaltela.pt\/\"],\"url\":\"https:\/\/portaltela.pt\/por\/367410592786\/\"}]}<\/script>\n<!-- \/ Yoast SEO plugin. -->","yoast_head_json":{"title":"Fantasma do Atl\u00e9tico Madrid leva Hjulmand a ponderar rescis\u00e3o com empres\u00e1rio - Portal Tela Portugal","robots":{"index":"index","follow":"follow","max-snippet":"max-snippet:-1","max-image-preview":"max-image-preview:large","max-video-preview":"max-video-preview:-1"},"og_locale":"pt_PT","og_type":"article","og_title":"Fantasma do Atl\u00e9tico Madrid leva Hjulmand a ponderar rescis\u00e3o com empres\u00e1rio - Portal Tela Portugal","og_description":"V\u00edtor Pinto, subdiretor do Record, aponta dados estranhos no processo que tem Morten Hjulmand como protagonista. O caso envolve uma proposta do Atl\u00e9tico Madrid referida no t\u00edtulo como fantasma. O tema foi destaque no programa Record na Hora, no Now. Segundo a an\u00e1lise de Pinto, o capit\u00e3o do Sporting permanece como figura central do processo.","og_url":"https:\/\/portaltela.pt\/noticias\/2026\/02\/07\/fantasma-do-atletico-madrid-leva-hjulmand-a-ponderar-rescisao-com-empresario\/","og_site_name":"Portal Tela Portugal","article_published_time":"2026-02-07T22:00:00+00:00","author":"Telinha","twitter_card":"summary_large_image","twitter_misc":{"Escrito por":"Telinha","Tempo estimado de leitura":"1 minuto"},"schema":{"@context":"https:\/\/schema.org","@graph":[{"@type":"Article","@id":"https:\/\/portaltela.pt\/noticias\/2026\/02\/07\/fantasma-do-atletico-madrid-leva-hjulmand-a-ponderar-rescisao-com-empresario\/#article","isPartOf":{"@id":"https:\/\/portaltela.pt\/noticias\/2026\/02\/07\/fantasma-do-atletico-madrid-leva-hjulmand-a-ponderar-rescisao-com-empresario\/"},"author":{"name":"Telinha","@id":"https:\/\/portaltela.pt\/#\/schema\/person\/c4278d4a6028830caff9ee44b42d32ed"},"headline":"Fantasma do Atl\u00e9tico Madrid leva Hjulmand a ponderar rescis\u00e3o com empres\u00e1rio","datePublished":"2026-02-07T22:00:00+00:00","mainEntityOfPage":{"@id":"https:\/\/portaltela.pt\/noticias\/2026\/02\/07\/fantasma-do-atletico-madrid-leva-hjulmand-a-ponderar-rescisao-com-empresario\/"},"wordCount":155,"image":{"@id":"https:\/\/portaltela.pt\/noticias\/2026\/02\/07\/fantasma-do-atletico-madrid-leva-hjulmand-a-ponderar-rescisao-com-empresario\/#primaryimage"},"thumbnailUrl":"https:\/\/portaltela.pt\/s.01k8rhncp4jt1\/2026\/02\/img_1200x721uu2026-02-07-21-26-26-2420201.jpg","keywords":["Atl\u00e9tico de Madrid","contratos","futebol","informa\u00e7\u00e3o","rescis\u00e3o","Sporting"],"articleSection":["Desporto","Futebol"],"inLanguage":"pt-PT"},{"@type":"WebPage","@id":"https:\/\/portaltela.pt\/noticias\/2026\/02\/07\/fantasma-do-atletico-madrid-leva-hjulmand-a-ponderar-rescisao-com-empresario\/","url":"https:\/\/portaltela.pt\/noticias\/2026\/02\/07\/fantasma-do-atletico-madrid-leva-hjulmand-a-ponderar-rescisao-com-empresario\/","name":"Fantasma do Atl\u00e9tico Madrid leva Hjulmand a ponderar rescis\u00e3o com empres\u00e1rio - Portal Tela Portugal","isPartOf":{"@id":"https:\/\/portaltela.pt\/#website"},"primaryImageOfPage":{"@id":"https:\/\/portaltela.pt\/noticias\/2026\/02\/07\/fantasma-do-atletico-madrid-leva-hjulmand-a-ponderar-rescisao-com-empresario\/#primaryimage"},"image":{"@id":"https:\/\/portaltela.pt\/noticias\/2026\/02\/07\/fantasma-do-atletico-madrid-leva-hjulmand-a-ponderar-rescisao-com-empresario\/#primaryimage"},"thumbnailUrl":"https:\/\/portaltela.pt\/s.01k8rhncp4jt1\/2026\/02\/img_1200x721uu2026-02-07-21-26-26-2420201.jpg","datePublished":"2026-02-07T22:00:00+00:00","author":{"@id":"https:\/\/portaltela.pt\/#\/schema\/person\/c4278d4a6028830caff9ee44b42d32ed"},"breadcrumb":{"@id":"https:\/\/portaltela.pt\/noticias\/2026\/02\/07\/fantasma-do-atletico-madrid-leva-hjulmand-a-ponderar-rescisao-com-empresario\/#breadcrumb"},"inLanguage":"pt-PT","potentialAction":[{"@type":"ReadAction","target":["https:\/\/portaltela.pt\/noticias\/2026\/02\/07\/fantasma-do-atletico-madrid-leva-hjulmand-a-ponderar-rescisao-com-empresario\/"]}]},{"@type":"ImageObject","inLanguage":"pt-PT","@id":"https:\/\/portaltela.pt\/noticias\/2026\/02\/07\/fantasma-do-atletico-madrid-leva-hjulmand-a-ponderar-rescisao-com-empresario\/#primaryimage","url":"https:\/\/portaltela.pt\/s.01k8rhncp4jt1\/2026\/02\/img_1200x721uu2026-02-07-21-26-26-2420201.jpg","contentUrl":"https:\/\/portaltela.pt\/s.01k8rhncp4jt1\/2026\/02\/img_1200x721uu2026-02-07-21-26-26-2420201.jpg","width":796,"height":448,"caption":"V\u00edtor Pinto: \u00abDepois da proposta fantasma do Atl\u00e9tico Madrid, Hjulmand tem todos os motivos para rescindir com o empres\u00e1rio\u00bb"},{"@type":"BreadcrumbList","@id":"https:\/\/portaltela.pt\/noticias\/2026\/02\/07\/fantasma-do-atletico-madrid-leva-hjulmand-a-ponderar-rescisao-com-empresario\/#breadcrumb","itemListElement":[{"@type":"ListItem","position":1,"name":"In\u00edcio","item":"https:\/\/portaltela.pt\/"},{"@type":"ListItem","position":2,"name":"Fantasma do Atl\u00e9tico Madrid leva Hjulmand a ponderar rescis\u00e3o com empres\u00e1rio"}]},{"@type":"WebSite","@id":"https:\/\/portaltela.pt\/#website","url":"https:\/\/portaltela.pt\/","name":"Portal Tela Portugal","description":"","potentialAction":[{"@type":"SearchAction","target":{"@type":"EntryPoint","urlTemplate":"https:\/\/portaltela.pt\/?s={search_term_string}"},"query-input":{"@type":"PropertyValueSpecification","valueRequired":true,"valueName":"search_term_string"}}],"inLanguage":"pt-PT"},{"@type":"Person","@id":"https:\/\/portaltela.pt\/#\/schema\/person\/c4278d4a6028830caff9ee44b42d32ed","name":"Telinha","image":{"@type":"ImageObject","inLanguage":"pt-PT","@id":"https:\/\/portaltela.pt\/s.01k8rhncp4jt1\/2025\/11\/talking-bot-125x125.png","url":"https:\/\/portaltela.pt\/s.01k8rhncp4jt1\/2025\/11\/talking-bot-125x125.png","contentUrl":"https:\/\/portaltela.pt\/s.01k8rhncp4jt1\/2025\/11\/talking-bot-125x125.png","caption":"Telinha"},"sameAs":["https:\/\/portaltela.pt\/"],"url":"https:\/\/portaltela.pt\/por\/367410592786\/"}]}},"_links":{"self":[{"href":"https:\/\/portaltela.pt\/api\/wp\/v2\/posts\/203406","targetHints":{"allow":["GET"]}}],"collection":[{"href":"https:\/\/portaltela.pt\/api\/wp\/v2\/posts"}],"about":[{"href":"https:\/\/portaltela.pt\/api\/wp\/v2\/types\/post"}],"author":[{"embeddable":true,"href":"https:\/\/portaltela.pt\/api\/wp\/v2\/users\/2"}],"replies":[{"embeddable":true,"href":"https:\/\/portaltela.pt\/api\/wp\/v2\/comments?post=203406"}],"version-history":[{"count":0,"href":"https:\/\/portaltela.pt\/api\/wp\/v2\/posts\/203406\/revisions"}],"wp:featuredmedia":[{"embeddable":true,"href":"https:\/\/portaltela.pt\/api\/wp\/v2\/media\/203410"}],"wp:attachment":[{"href":"https:\/\/portaltela.pt\/api\/wp\/v2\/media?parent=203406"}],"wp:term":[{"taxonomy":"category","embeddable":true,"href":"https:\/\/portaltela.pt\/api\/wp\/v2\/categories?post=203406"},{"taxonomy":"post_tag","embeddable":true,"href":"https:\/\/portaltela.pt\/api\/wp\/v2\/tags?post=203406"}],"curies":[{"name":"wp","href":"https:\/\/api.w.org\/{rel}","templated":true}]}}