{"id":203387,"date":"2026-02-07T18:22:00","date_gmt":"2026-02-07T21:22:00","guid":{"rendered":"https:\/\/portaltela.pt\/noticias\/2026\/02\/07\/confraria-dos-engenheiros-celebra-30-anos-e-mantem-tradicao-no-jn\/"},"modified":"2026-02-07T18:22:00","modified_gmt":"2026-02-07T21:22:00","slug":"confraria-dos-engenheiros-celebra-30-anos-e-mantem-tradicao-no-jn","status":"publish","type":"post","link":"https:\/\/portaltela.pt\/noticias\/2026\/02\/07\/confraria-dos-engenheiros-celebra-30-anos-e-mantem-tradicao-no-jn\/","title":{"rendered":"Confraria dos Engenheiros celebra 30 anos e mant\u00e9m tradi\u00e7\u00e3o no JN"},"content":{"rendered":"<p>A Confraria dos Engenheiros celebrou 30 anos, cumprindo uma tradi\u00e7\u00e3o de d\u00e9cadas. No s\u00e1bado \u00e0 noite, o grupo visitou a Reda\u00e7\u00e3o do JN no Porto antes do jantar anual que marca o anivers\u00e1rio da funda\u00e7\u00e3o. A desloca\u00e7\u00e3o aconteceu no contexto da atividade regular da confraria.<\/p>\n<p>A confraria, com mais de vinte membros, re\u00fane-se na primeira quinta-feira de cada m\u00eas, maioritariamente nos restaurantes do Grande Porto. A agenda inclui encontros de trabalho e desloca\u00e7\u00f5es sazonais em fun\u00e7\u00e3o das escolhas gastron\u00f3micas.<\/p>\n<p>Para marcar o anivers\u00e1rio, vestem smokings e faixas de tom tijolo, bordadas \u00e0 m\u00e3o. Seguem a norma de nunca repetir um restaurante nas sess\u00f5es mensais, exce\u00e7\u00e3o apenas para o restaurante eleito como Melhor do Ano ap\u00f3s escrut\u00ednio entre os confrades.<\/p>\n<p>Neste ano, a Confraria associou-se \u00e0 Ordem dos Engenheiros &#8211; Regi\u00e3o Norte, fortalecendo a liga\u00e7\u00e3o institucional entre as duas entidades. A data de hoje refor\u00e7a o elo entre engenharia, tradi\u00e7\u00e3o e comunidade profissional.<\/p>\n<h3>Detalhes do encontro<\/h3>\n<p>O roteiro do encontro incluiu a visita \u00e0 reda\u00e7\u00e3o, seguida do habitual jantar anual que encerra as atividades relacionadas ao anivers\u00e1rio. O objetivo \u00e9 manter a tradi\u00e7\u00e3o integrada no calend\u00e1rio da confraria.<\/p>\n<p>Os membros continuam a manter o foco na conviv\u00eancia profissional, sem altera\u00e7\u00f5es estruturais de momento. A organiza\u00e7\u00e3o reitera a import\u00e2ncia de respeitar as regras internas e as pr\u00e1ticas de cortesia entre os participantes.<\/p>\n","protected":false},"excerpt":{"rendered":"<ul>\n<li>Em 2026, a Confraria dos Engenheiros celebra 30 anos.<\/li>\n<li>A confraria visitou a reda\u00e7\u00e3o do Jornal de Not\u00edcias (JN) no Porto na noite de s\u00e1bado, antes do jantar anual que marca o seu anivers\u00e1rio.<\/li>\n<li>Com mais de duas dezenas de confrades, re\u00fanem-se na primeira quinta-feira de cada m\u00eas, maioritariamente nos restaurantes do Grande Porto.<\/li>\n<li>Mant\u00eam a norma de nunca repetir restaurante nas sess\u00f5es mensais, exce\u00e7\u00e3o feita ao eleito como Melhor Restaurante do Ano, ap\u00f3s escrut\u00ednio entre os membros.<\/li>\n<li>A celebra\u00e7\u00e3o dos 30 anos coincidiu com a associa\u00e7\u00e3o \u00e0 Ordem dos Engenheiros &#8211; Regi\u00e3o Norte (OERN).<\/li>\n<\/ul>\n","protected":false},"author":2,"featured_media":203389,"comment_status":"closed","ping_status":"closed","sticky":false,"template":"","format":"standard","meta":{"footnotes":""},"categories":[1],"tags":[4975,75,3105,5343,5622,982],"class_list":["post-203387","post","type-post","status-publish","format-standard","has-post-thumbnail","hentry","category-noticias","tag-confrarias","tag-convivencia","tag-engenharia-civil","tag-grande-porto","tag-ordem-dos-engenheiros","tag-porto"],"yoast_head":"<!-- This site is optimized with the Yoast SEO plugin v27.2 - https:\/\/yoast.com\/product\/yoast-seo-wordpress\/ -->\n<title>Confraria dos Engenheiros celebra 30 anos e mant\u00e9m tradi\u00e7\u00e3o no JN - Portal Tela Portugal<\/title>\n<meta name=\"robots\" content=\"index, follow, max-snippet:-1, max-image-preview:large, max-video-preview:-1\" \/>\n<meta property=\"og:locale\" content=\"pt_PT\" \/>\n<meta property=\"og:type\" content=\"article\" \/>\n<meta property=\"og:title\" content=\"Confraria dos Engenheiros celebra 30 anos e mant\u00e9m tradi\u00e7\u00e3o no JN - Portal Tela Portugal\" \/>\n<meta property=\"og:description\" content=\"Em 2026, a Confraria dos Engenheiros celebra 30 anos. A confraria visitou a reda\u00e7\u00e3o do Jornal de Not\u00edcias (JN) no Porto na noite de s\u00e1bado, antes do jantar anual que marca o seu anivers\u00e1rio. Com mais de duas dezenas de confrades, re\u00fanem-se na primeira quinta-feira de cada m\u00eas, maioritariamente nos restaurantes do Grande Porto. Mant\u00eam a norma de nunca repetir restaurante nas sess\u00f5es mensais, exce\u00e7\u00e3o feita ao eleito como Melhor Restaurante do Ano, ap\u00f3s escrut\u00ednio entre os membros. A celebra\u00e7\u00e3o dos 30 anos coincidiu com a associa\u00e7\u00e3o \u00e0 Ordem dos Engenheiros - Regi\u00e3o Norte (OERN).\" \/>\n<meta property=\"og:url\" content=\"https:\/\/portaltela.pt\/noticias\/2026\/02\/07\/confraria-dos-engenheiros-celebra-30-anos-e-mantem-tradicao-no-jn\/\" \/>\n<meta property=\"og:site_name\" content=\"Portal Tela Portugal\" \/>\n<meta property=\"article:published_time\" content=\"2026-02-07T21:22:00+00:00\" \/>\n<meta name=\"author\" content=\"Telinha\" \/>\n<meta name=\"twitter:card\" content=\"summary_large_image\" \/>\n<meta name=\"twitter:label1\" content=\"Escrito por\" \/>\n\t<meta name=\"twitter:data1\" content=\"Telinha\" \/>\n\t<meta name=\"twitter:label2\" content=\"Tempo estimado de leitura\" \/>\n\t<meta name=\"twitter:data2\" content=\"1 minuto\" \/>\n<script type=\"application\/ld+json\" class=\"yoast-schema-graph\">{\"@context\":\"https:\/\/schema.org\",\"@graph\":[{\"@type\":\"Article\",\"@id\":\"https:\/\/portaltela.pt\/noticias\/2026\/02\/07\/confraria-dos-engenheiros-celebra-30-anos-e-mantem-tradicao-no-jn\/#article\",\"isPartOf\":{\"@id\":\"https:\/\/portaltela.pt\/noticias\/2026\/02\/07\/confraria-dos-engenheiros-celebra-30-anos-e-mantem-tradicao-no-jn\/\"},\"author\":{\"name\":\"Telinha\",\"@id\":\"https:\/\/portaltela.pt\/#\/schema\/person\/c4278d4a6028830caff9ee44b42d32ed\"},\"headline\":\"Confraria dos Engenheiros celebra 30 anos e mant\u00e9m tradi\u00e7\u00e3o no JN\",\"datePublished\":\"2026-02-07T21:22:00+00:00\",\"mainEntityOfPage\":{\"@id\":\"https:\/\/portaltela.pt\/noticias\/2026\/02\/07\/confraria-dos-engenheiros-celebra-30-anos-e-mantem-tradicao-no-jn\/\"},\"wordCount\":257,\"image\":{\"@id\":\"https:\/\/portaltela.pt\/noticias\/2026\/02\/07\/confraria-dos-engenheiros-celebra-30-anos-e-mantem-tradicao-no-jn\/#primaryimage\"},\"thumbnailUrl\":\"https:\/\/portaltela.pt\/s.01k8rhncp4jt1\/2026\/02\/image-578.jpg\",\"keywords\":[\"confrarias\",\"conviv\u00eancia\",\"engenharia civil\",\"Grande Porto\",\"Ordem dos Engenheiros\",\"Porto\"],\"articleSection\":[\"Not\u00edcias\"],\"inLanguage\":\"pt-PT\"},{\"@type\":\"WebPage\",\"@id\":\"https:\/\/portaltela.pt\/noticias\/2026\/02\/07\/confraria-dos-engenheiros-celebra-30-anos-e-mantem-tradicao-no-jn\/\",\"url\":\"https:\/\/portaltela.pt\/noticias\/2026\/02\/07\/confraria-dos-engenheiros-celebra-30-anos-e-mantem-tradicao-no-jn\/\",\"name\":\"Confraria dos Engenheiros celebra 30 anos e mant\u00e9m tradi\u00e7\u00e3o no JN - Portal Tela Portugal\",\"isPartOf\":{\"@id\":\"https:\/\/portaltela.pt\/#website\"},\"primaryImageOfPage\":{\"@id\":\"https:\/\/portaltela.pt\/noticias\/2026\/02\/07\/confraria-dos-engenheiros-celebra-30-anos-e-mantem-tradicao-no-jn\/#primaryimage\"},\"image\":{\"@id\":\"https:\/\/portaltela.pt\/noticias\/2026\/02\/07\/confraria-dos-engenheiros-celebra-30-anos-e-mantem-tradicao-no-jn\/#primaryimage\"},\"thumbnailUrl\":\"https:\/\/portaltela.pt\/s.01k8rhncp4jt1\/2026\/02\/image-578.jpg\",\"datePublished\":\"2026-02-07T21:22:00+00:00\",\"author\":{\"@id\":\"https:\/\/portaltela.pt\/#\/schema\/person\/c4278d4a6028830caff9ee44b42d32ed\"},\"breadcrumb\":{\"@id\":\"https:\/\/portaltela.pt\/noticias\/2026\/02\/07\/confraria-dos-engenheiros-celebra-30-anos-e-mantem-tradicao-no-jn\/#breadcrumb\"},\"inLanguage\":\"pt-PT\",\"potentialAction\":[{\"@type\":\"ReadAction\",\"target\":[\"https:\/\/portaltela.pt\/noticias\/2026\/02\/07\/confraria-dos-engenheiros-celebra-30-anos-e-mantem-tradicao-no-jn\/\"]}]},{\"@type\":\"ImageObject\",\"inLanguage\":\"pt-PT\",\"@id\":\"https:\/\/portaltela.pt\/noticias\/2026\/02\/07\/confraria-dos-engenheiros-celebra-30-anos-e-mantem-tradicao-no-jn\/#primaryimage\",\"url\":\"https:\/\/portaltela.pt\/s.01k8rhncp4jt1\/2026\/02\/image-578.jpg\",\"contentUrl\":\"https:\/\/portaltela.pt\/s.01k8rhncp4jt1\/2026\/02\/image-578.jpg\",\"width\":796,\"height\":448,\"caption\":\"Cumpriu-se a tradi\u00e7\u00e3o anual da visita ao Jornal de Not\u00edcias\"},{\"@type\":\"BreadcrumbList\",\"@id\":\"https:\/\/portaltela.pt\/noticias\/2026\/02\/07\/confraria-dos-engenheiros-celebra-30-anos-e-mantem-tradicao-no-jn\/#breadcrumb\",\"itemListElement\":[{\"@type\":\"ListItem\",\"position\":1,\"name\":\"In\u00edcio\",\"item\":\"https:\/\/portaltela.pt\/\"},{\"@type\":\"ListItem\",\"position\":2,\"name\":\"Confraria dos Engenheiros celebra 30 anos e mant\u00e9m tradi\u00e7\u00e3o no JN\"}]},{\"@type\":\"WebSite\",\"@id\":\"https:\/\/portaltela.pt\/#website\",\"url\":\"https:\/\/portaltela.pt\/\",\"name\":\"Portal Tela Portugal\",\"description\":\"\",\"potentialAction\":[{\"@type\":\"SearchAction\",\"target\":{\"@type\":\"EntryPoint\",\"urlTemplate\":\"https:\/\/portaltela.pt\/?s={search_term_string}\"},\"query-input\":{\"@type\":\"PropertyValueSpecification\",\"valueRequired\":true,\"valueName\":\"search_term_string\"}}],\"inLanguage\":\"pt-PT\"},{\"@type\":\"Person\",\"@id\":\"https:\/\/portaltela.pt\/#\/schema\/person\/c4278d4a6028830caff9ee44b42d32ed\",\"name\":\"Telinha\",\"image\":{\"@type\":\"ImageObject\",\"inLanguage\":\"pt-PT\",\"@id\":\"https:\/\/portaltela.pt\/s.01k8rhncp4jt1\/2025\/11\/talking-bot-125x125.png\",\"url\":\"https:\/\/portaltela.pt\/s.01k8rhncp4jt1\/2025\/11\/talking-bot-125x125.png\",\"contentUrl\":\"https:\/\/portaltela.pt\/s.01k8rhncp4jt1\/2025\/11\/talking-bot-125x125.png\",\"caption\":\"Telinha\"},\"sameAs\":[\"https:\/\/portaltela.pt\/\"],\"url\":\"https:\/\/portaltela.pt\/por\/367410592786\/\"}]}<\/script>\n<!-- \/ Yoast SEO plugin. -->","yoast_head_json":{"title":"Confraria dos Engenheiros celebra 30 anos e mant\u00e9m tradi\u00e7\u00e3o no JN - Portal Tela Portugal","robots":{"index":"index","follow":"follow","max-snippet":"max-snippet:-1","max-image-preview":"max-image-preview:large","max-video-preview":"max-video-preview:-1"},"og_locale":"pt_PT","og_type":"article","og_title":"Confraria dos Engenheiros celebra 30 anos e mant\u00e9m tradi\u00e7\u00e3o no JN - Portal Tela Portugal","og_description":"Em 2026, a Confraria dos Engenheiros celebra 30 anos. A confraria visitou a reda\u00e7\u00e3o do Jornal de Not\u00edcias (JN) no Porto na noite de s\u00e1bado, antes do jantar anual que marca o seu anivers\u00e1rio. Com mais de duas dezenas de confrades, re\u00fanem-se na primeira quinta-feira de cada m\u00eas, maioritariamente nos restaurantes do Grande Porto. Mant\u00eam a norma de nunca repetir restaurante nas sess\u00f5es mensais, exce\u00e7\u00e3o feita ao eleito como Melhor Restaurante do Ano, ap\u00f3s escrut\u00ednio entre os membros. A celebra\u00e7\u00e3o dos 30 anos coincidiu com a associa\u00e7\u00e3o \u00e0 Ordem dos Engenheiros - Regi\u00e3o Norte (OERN).","og_url":"https:\/\/portaltela.pt\/noticias\/2026\/02\/07\/confraria-dos-engenheiros-celebra-30-anos-e-mantem-tradicao-no-jn\/","og_site_name":"Portal Tela Portugal","article_published_time":"2026-02-07T21:22:00+00:00","author":"Telinha","twitter_card":"summary_large_image","twitter_misc":{"Escrito por":"Telinha","Tempo estimado de leitura":"1 minuto"},"schema":{"@context":"https:\/\/schema.org","@graph":[{"@type":"Article","@id":"https:\/\/portaltela.pt\/noticias\/2026\/02\/07\/confraria-dos-engenheiros-celebra-30-anos-e-mantem-tradicao-no-jn\/#article","isPartOf":{"@id":"https:\/\/portaltela.pt\/noticias\/2026\/02\/07\/confraria-dos-engenheiros-celebra-30-anos-e-mantem-tradicao-no-jn\/"},"author":{"name":"Telinha","@id":"https:\/\/portaltela.pt\/#\/schema\/person\/c4278d4a6028830caff9ee44b42d32ed"},"headline":"Confraria dos Engenheiros celebra 30 anos e mant\u00e9m tradi\u00e7\u00e3o no JN","datePublished":"2026-02-07T21:22:00+00:00","mainEntityOfPage":{"@id":"https:\/\/portaltela.pt\/noticias\/2026\/02\/07\/confraria-dos-engenheiros-celebra-30-anos-e-mantem-tradicao-no-jn\/"},"wordCount":257,"image":{"@id":"https:\/\/portaltela.pt\/noticias\/2026\/02\/07\/confraria-dos-engenheiros-celebra-30-anos-e-mantem-tradicao-no-jn\/#primaryimage"},"thumbnailUrl":"https:\/\/portaltela.pt\/s.01k8rhncp4jt1\/2026\/02\/image-578.jpg","keywords":["confrarias","conviv\u00eancia","engenharia civil","Grande Porto","Ordem dos Engenheiros","Porto"],"articleSection":["Not\u00edcias"],"inLanguage":"pt-PT"},{"@type":"WebPage","@id":"https:\/\/portaltela.pt\/noticias\/2026\/02\/07\/confraria-dos-engenheiros-celebra-30-anos-e-mantem-tradicao-no-jn\/","url":"https:\/\/portaltela.pt\/noticias\/2026\/02\/07\/confraria-dos-engenheiros-celebra-30-anos-e-mantem-tradicao-no-jn\/","name":"Confraria dos Engenheiros celebra 30 anos e mant\u00e9m tradi\u00e7\u00e3o no JN - Portal Tela Portugal","isPartOf":{"@id":"https:\/\/portaltela.pt\/#website"},"primaryImageOfPage":{"@id":"https:\/\/portaltela.pt\/noticias\/2026\/02\/07\/confraria-dos-engenheiros-celebra-30-anos-e-mantem-tradicao-no-jn\/#primaryimage"},"image":{"@id":"https:\/\/portaltela.pt\/noticias\/2026\/02\/07\/confraria-dos-engenheiros-celebra-30-anos-e-mantem-tradicao-no-jn\/#primaryimage"},"thumbnailUrl":"https:\/\/portaltela.pt\/s.01k8rhncp4jt1\/2026\/02\/image-578.jpg","datePublished":"2026-02-07T21:22:00+00:00","author":{"@id":"https:\/\/portaltela.pt\/#\/schema\/person\/c4278d4a6028830caff9ee44b42d32ed"},"breadcrumb":{"@id":"https:\/\/portaltela.pt\/noticias\/2026\/02\/07\/confraria-dos-engenheiros-celebra-30-anos-e-mantem-tradicao-no-jn\/#breadcrumb"},"inLanguage":"pt-PT","potentialAction":[{"@type":"ReadAction","target":["https:\/\/portaltela.pt\/noticias\/2026\/02\/07\/confraria-dos-engenheiros-celebra-30-anos-e-mantem-tradicao-no-jn\/"]}]},{"@type":"ImageObject","inLanguage":"pt-PT","@id":"https:\/\/portaltela.pt\/noticias\/2026\/02\/07\/confraria-dos-engenheiros-celebra-30-anos-e-mantem-tradicao-no-jn\/#primaryimage","url":"https:\/\/portaltela.pt\/s.01k8rhncp4jt1\/2026\/02\/image-578.jpg","contentUrl":"https:\/\/portaltela.pt\/s.01k8rhncp4jt1\/2026\/02\/image-578.jpg","width":796,"height":448,"caption":"Cumpriu-se a tradi\u00e7\u00e3o anual da visita ao Jornal de Not\u00edcias"},{"@type":"BreadcrumbList","@id":"https:\/\/portaltela.pt\/noticias\/2026\/02\/07\/confraria-dos-engenheiros-celebra-30-anos-e-mantem-tradicao-no-jn\/#breadcrumb","itemListElement":[{"@type":"ListItem","position":1,"name":"In\u00edcio","item":"https:\/\/portaltela.pt\/"},{"@type":"ListItem","position":2,"name":"Confraria dos Engenheiros celebra 30 anos e mant\u00e9m tradi\u00e7\u00e3o no JN"}]},{"@type":"WebSite","@id":"https:\/\/portaltela.pt\/#website","url":"https:\/\/portaltela.pt\/","name":"Portal Tela Portugal","description":"","potentialAction":[{"@type":"SearchAction","target":{"@type":"EntryPoint","urlTemplate":"https:\/\/portaltela.pt\/?s={search_term_string}"},"query-input":{"@type":"PropertyValueSpecification","valueRequired":true,"valueName":"search_term_string"}}],"inLanguage":"pt-PT"},{"@type":"Person","@id":"https:\/\/portaltela.pt\/#\/schema\/person\/c4278d4a6028830caff9ee44b42d32ed","name":"Telinha","image":{"@type":"ImageObject","inLanguage":"pt-PT","@id":"https:\/\/portaltela.pt\/s.01k8rhncp4jt1\/2025\/11\/talking-bot-125x125.png","url":"https:\/\/portaltela.pt\/s.01k8rhncp4jt1\/2025\/11\/talking-bot-125x125.png","contentUrl":"https:\/\/portaltela.pt\/s.01k8rhncp4jt1\/2025\/11\/talking-bot-125x125.png","caption":"Telinha"},"sameAs":["https:\/\/portaltela.pt\/"],"url":"https:\/\/portaltela.pt\/por\/367410592786\/"}]}},"_links":{"self":[{"href":"https:\/\/portaltela.pt\/api\/wp\/v2\/posts\/203387","targetHints":{"allow":["GET"]}}],"collection":[{"href":"https:\/\/portaltela.pt\/api\/wp\/v2\/posts"}],"about":[{"href":"https:\/\/portaltela.pt\/api\/wp\/v2\/types\/post"}],"author":[{"embeddable":true,"href":"https:\/\/portaltela.pt\/api\/wp\/v2\/users\/2"}],"replies":[{"embeddable":true,"href":"https:\/\/portaltela.pt\/api\/wp\/v2\/comments?post=203387"}],"version-history":[{"count":0,"href":"https:\/\/portaltela.pt\/api\/wp\/v2\/posts\/203387\/revisions"}],"wp:featuredmedia":[{"embeddable":true,"href":"https:\/\/portaltela.pt\/api\/wp\/v2\/media\/203389"}],"wp:attachment":[{"href":"https:\/\/portaltela.pt\/api\/wp\/v2\/media?parent=203387"}],"wp:term":[{"taxonomy":"category","embeddable":true,"href":"https:\/\/portaltela.pt\/api\/wp\/v2\/categories?post=203387"},{"taxonomy":"post_tag","embeddable":true,"href":"https:\/\/portaltela.pt\/api\/wp\/v2\/tags?post=203387"}],"curies":[{"name":"wp","href":"https:\/\/api.w.org\/{rel}","templated":true}]}}