{"id":203380,"date":"2026-02-07T15:55:00","date_gmt":"2026-02-07T18:55:00","guid":{"rendered":"https:\/\/portaltela.pt\/noticias\/2026\/02\/07\/centro-de-montemor-o-velho-em-risco-de-isolamento-nas-proximas-horas\/"},"modified":"2026-02-07T15:55:00","modified_gmt":"2026-02-07T18:55:00","slug":"centro-de-montemor-o-velho-em-risco-de-isolamento-nas-proximas-horas","status":"publish","type":"post","link":"https:\/\/portaltela.pt\/noticias\/2026\/02\/07\/centro-de-montemor-o-velho-em-risco-de-isolamento-nas-proximas-horas\/","title":{"rendered":"Centro de Montemor-o-Velho em risco de isolamento nas pr\u00f3ximas horas"},"content":{"rendered":"<p>O Centro de Montemor-o-Velho est\u00e1 em risco de ficar isolado nas pr\u00f3ximas horas. A informa\u00e7\u00e3o foi publicada pela ag\u00eancia Lusa, mas o conte\u00fado completo n\u00e3o est\u00e1 dispon\u00edvel publicamente.<\/p>\n<p>De acordo com a nota divulgada pela ag\u00eancia, n\u00e3o existem detalhes adicionais sobre as causas ou as medidas em curso. O estado de isolamento depende de fatores ainda n\u00e3o elucidados no texto acess\u00edvel.<\/p>\n<p>As informa\u00e7\u00f5es dispon\u00edveis indicam apenas o risco iminente, sem indicar respons\u00e1veis, datas precisas ou impactos para a popula\u00e7\u00e3o local. A reda\u00e7\u00e3o n\u00e3o divulga dados n\u00e3o confirmados ou especulativos.<\/p>\n<p>O que se sabe, neste momento, \u00e9 que a situa\u00e7\u00e3o envolve o Centro de Montemor-o-Velho e que as informa\u00e7\u00f5es completas requerem subscri\u00e7\u00e3o. N\u00e3o foram fornecidos contactos ou fontes adicionais no conte\u00fado acess\u00edvel.<\/p>\n","protected":false},"excerpt":{"rendered":"<ul>\n<li>Centro de Montemor-o-Velho em risco de ficar isolado nas pr\u00f3ximas horas.<\/li>\n<li>A not\u00edcia completa est\u00e1 dispon\u00edvel apenas para subscritores.<\/li>\n<li>A imagem associada mostra o centro em quest\u00e3o.<\/li>\n<li>O acesso \u00e0 pe\u00e7a requer iniciar sess\u00e3o na plataforma.<\/li>\n<li>N\u00e3o h\u00e1 informa\u00e7\u00f5es adicionais fornecidas no texto apresentado.<\/li>\n<\/ul>\n","protected":false},"author":2,"featured_media":203381,"comment_status":"closed","ping_status":"closed","sticky":false,"template":"","format":"standard","meta":{"footnotes":""},"categories":[1],"tags":[1309,195,5292,4903],"class_list":["post-203380","post","type-post","status-publish","format-standard","has-post-thumbnail","hentry","category-noticias","tag-centro","tag-informacao","tag-isolamento","tag-montemor-o-velho"],"yoast_head":"<!-- This site is optimized with the Yoast SEO plugin v27.2 - https:\/\/yoast.com\/product\/yoast-seo-wordpress\/ -->\n<title>Centro de Montemor-o-Velho em risco de isolamento nas pr\u00f3ximas horas - Portal Tela Portugal<\/title>\n<meta name=\"robots\" content=\"index, follow, max-snippet:-1, max-image-preview:large, max-video-preview:-1\" \/>\n<meta property=\"og:locale\" content=\"pt_PT\" \/>\n<meta property=\"og:type\" content=\"article\" \/>\n<meta property=\"og:title\" content=\"Centro de Montemor-o-Velho em risco de isolamento nas pr\u00f3ximas horas - Portal Tela Portugal\" \/>\n<meta property=\"og:description\" content=\"Centro de Montemor-o-Velho em risco de ficar isolado nas pr\u00f3ximas horas. A not\u00edcia completa est\u00e1 dispon\u00edvel apenas para subscritores. A imagem associada mostra o centro em quest\u00e3o. O acesso \u00e0 pe\u00e7a requer iniciar sess\u00e3o na plataforma. N\u00e3o h\u00e1 informa\u00e7\u00f5es adicionais fornecidas no texto apresentado.\" \/>\n<meta property=\"og:url\" content=\"https:\/\/portaltela.pt\/noticias\/2026\/02\/07\/centro-de-montemor-o-velho-em-risco-de-isolamento-nas-proximas-horas\/\" \/>\n<meta property=\"og:site_name\" content=\"Portal Tela Portugal\" \/>\n<meta property=\"article:published_time\" content=\"2026-02-07T18:55:00+00:00\" \/>\n<meta name=\"author\" content=\"Telinha\" \/>\n<meta name=\"twitter:card\" content=\"summary_large_image\" \/>\n<meta name=\"twitter:label1\" content=\"Escrito por\" \/>\n\t<meta name=\"twitter:data1\" content=\"Telinha\" \/>\n\t<meta name=\"twitter:label2\" content=\"Tempo estimado de leitura\" \/>\n\t<meta name=\"twitter:data2\" content=\"1 minuto\" \/>\n<script type=\"application\/ld+json\" class=\"yoast-schema-graph\">{\"@context\":\"https:\/\/schema.org\",\"@graph\":[{\"@type\":\"Article\",\"@id\":\"https:\/\/portaltela.pt\/noticias\/2026\/02\/07\/centro-de-montemor-o-velho-em-risco-de-isolamento-nas-proximas-horas\/#article\",\"isPartOf\":{\"@id\":\"https:\/\/portaltela.pt\/noticias\/2026\/02\/07\/centro-de-montemor-o-velho-em-risco-de-isolamento-nas-proximas-horas\/\"},\"author\":{\"name\":\"Telinha\",\"@id\":\"https:\/\/portaltela.pt\/#\/schema\/person\/c4278d4a6028830caff9ee44b42d32ed\"},\"headline\":\"Centro de Montemor-o-Velho em risco de isolamento nas pr\u00f3ximas horas\",\"datePublished\":\"2026-02-07T18:55:00+00:00\",\"mainEntityOfPage\":{\"@id\":\"https:\/\/portaltela.pt\/noticias\/2026\/02\/07\/centro-de-montemor-o-velho-em-risco-de-isolamento-nas-proximas-horas\/\"},\"wordCount\":154,\"image\":{\"@id\":\"https:\/\/portaltela.pt\/noticias\/2026\/02\/07\/centro-de-montemor-o-velho-em-risco-de-isolamento-nas-proximas-horas\/#primaryimage\"},\"thumbnailUrl\":\"https:\/\/portaltela.pt\/s.01k8rhncp4jt1\/2026\/02\/CACHE_780X1200_ANALOG_WATERMARKED_46511617_4279198_07022026055632.jpg\",\"keywords\":[\"Centro\",\"informa\u00e7\u00e3o\",\"isolamento\",\"Montemor-o-Velho\"],\"articleSection\":[\"Not\u00edcias\"],\"inLanguage\":\"pt-PT\"},{\"@type\":\"WebPage\",\"@id\":\"https:\/\/portaltela.pt\/noticias\/2026\/02\/07\/centro-de-montemor-o-velho-em-risco-de-isolamento-nas-proximas-horas\/\",\"url\":\"https:\/\/portaltela.pt\/noticias\/2026\/02\/07\/centro-de-montemor-o-velho-em-risco-de-isolamento-nas-proximas-horas\/\",\"name\":\"Centro de Montemor-o-Velho em risco de isolamento nas pr\u00f3ximas horas - Portal Tela Portugal\",\"isPartOf\":{\"@id\":\"https:\/\/portaltela.pt\/#website\"},\"primaryImageOfPage\":{\"@id\":\"https:\/\/portaltela.pt\/noticias\/2026\/02\/07\/centro-de-montemor-o-velho-em-risco-de-isolamento-nas-proximas-horas\/#primaryimage\"},\"image\":{\"@id\":\"https:\/\/portaltela.pt\/noticias\/2026\/02\/07\/centro-de-montemor-o-velho-em-risco-de-isolamento-nas-proximas-horas\/#primaryimage\"},\"thumbnailUrl\":\"https:\/\/portaltela.pt\/s.01k8rhncp4jt1\/2026\/02\/CACHE_780X1200_ANALOG_WATERMARKED_46511617_4279198_07022026055632.jpg\",\"datePublished\":\"2026-02-07T18:55:00+00:00\",\"author\":{\"@id\":\"https:\/\/portaltela.pt\/#\/schema\/person\/c4278d4a6028830caff9ee44b42d32ed\"},\"breadcrumb\":{\"@id\":\"https:\/\/portaltela.pt\/noticias\/2026\/02\/07\/centro-de-montemor-o-velho-em-risco-de-isolamento-nas-proximas-horas\/#breadcrumb\"},\"inLanguage\":\"pt-PT\",\"potentialAction\":[{\"@type\":\"ReadAction\",\"target\":[\"https:\/\/portaltela.pt\/noticias\/2026\/02\/07\/centro-de-montemor-o-velho-em-risco-de-isolamento-nas-proximas-horas\/\"]}]},{\"@type\":\"ImageObject\",\"inLanguage\":\"pt-PT\",\"@id\":\"https:\/\/portaltela.pt\/noticias\/2026\/02\/07\/centro-de-montemor-o-velho-em-risco-de-isolamento-nas-proximas-horas\/#primaryimage\",\"url\":\"https:\/\/portaltela.pt\/s.01k8rhncp4jt1\/2026\/02\/CACHE_780X1200_ANALOG_WATERMARKED_46511617_4279198_07022026055632.jpg\",\"contentUrl\":\"https:\/\/portaltela.pt\/s.01k8rhncp4jt1\/2026\/02\/CACHE_780X1200_ANALOG_WATERMARKED_46511617_4279198_07022026055632.jpg\",\"width\":796,\"height\":448,\"caption\":\"Centro de Montemor-o-Velho em risco de ficar isolado nas pr\u00f3ximas horas\"},{\"@type\":\"BreadcrumbList\",\"@id\":\"https:\/\/portaltela.pt\/noticias\/2026\/02\/07\/centro-de-montemor-o-velho-em-risco-de-isolamento-nas-proximas-horas\/#breadcrumb\",\"itemListElement\":[{\"@type\":\"ListItem\",\"position\":1,\"name\":\"In\u00edcio\",\"item\":\"https:\/\/portaltela.pt\/\"},{\"@type\":\"ListItem\",\"position\":2,\"name\":\"Centro de Montemor-o-Velho em risco de isolamento nas pr\u00f3ximas horas\"}]},{\"@type\":\"WebSite\",\"@id\":\"https:\/\/portaltela.pt\/#website\",\"url\":\"https:\/\/portaltela.pt\/\",\"name\":\"Portal Tela Portugal\",\"description\":\"\",\"potentialAction\":[{\"@type\":\"SearchAction\",\"target\":{\"@type\":\"EntryPoint\",\"urlTemplate\":\"https:\/\/portaltela.pt\/?s={search_term_string}\"},\"query-input\":{\"@type\":\"PropertyValueSpecification\",\"valueRequired\":true,\"valueName\":\"search_term_string\"}}],\"inLanguage\":\"pt-PT\"},{\"@type\":\"Person\",\"@id\":\"https:\/\/portaltela.pt\/#\/schema\/person\/c4278d4a6028830caff9ee44b42d32ed\",\"name\":\"Telinha\",\"image\":{\"@type\":\"ImageObject\",\"inLanguage\":\"pt-PT\",\"@id\":\"https:\/\/portaltela.pt\/s.01k8rhncp4jt1\/2025\/11\/talking-bot-125x125.png\",\"url\":\"https:\/\/portaltela.pt\/s.01k8rhncp4jt1\/2025\/11\/talking-bot-125x125.png\",\"contentUrl\":\"https:\/\/portaltela.pt\/s.01k8rhncp4jt1\/2025\/11\/talking-bot-125x125.png\",\"caption\":\"Telinha\"},\"sameAs\":[\"https:\/\/portaltela.pt\/\"],\"url\":\"https:\/\/portaltela.pt\/por\/367410592786\/\"}]}<\/script>\n<!-- \/ Yoast SEO plugin. -->","yoast_head_json":{"title":"Centro de Montemor-o-Velho em risco de isolamento nas pr\u00f3ximas horas - Portal Tela Portugal","robots":{"index":"index","follow":"follow","max-snippet":"max-snippet:-1","max-image-preview":"max-image-preview:large","max-video-preview":"max-video-preview:-1"},"og_locale":"pt_PT","og_type":"article","og_title":"Centro de Montemor-o-Velho em risco de isolamento nas pr\u00f3ximas horas - Portal Tela Portugal","og_description":"Centro de Montemor-o-Velho em risco de ficar isolado nas pr\u00f3ximas horas. A not\u00edcia completa est\u00e1 dispon\u00edvel apenas para subscritores. A imagem associada mostra o centro em quest\u00e3o. O acesso \u00e0 pe\u00e7a requer iniciar sess\u00e3o na plataforma. N\u00e3o h\u00e1 informa\u00e7\u00f5es adicionais fornecidas no texto apresentado.","og_url":"https:\/\/portaltela.pt\/noticias\/2026\/02\/07\/centro-de-montemor-o-velho-em-risco-de-isolamento-nas-proximas-horas\/","og_site_name":"Portal Tela Portugal","article_published_time":"2026-02-07T18:55:00+00:00","author":"Telinha","twitter_card":"summary_large_image","twitter_misc":{"Escrito por":"Telinha","Tempo estimado de leitura":"1 minuto"},"schema":{"@context":"https:\/\/schema.org","@graph":[{"@type":"Article","@id":"https:\/\/portaltela.pt\/noticias\/2026\/02\/07\/centro-de-montemor-o-velho-em-risco-de-isolamento-nas-proximas-horas\/#article","isPartOf":{"@id":"https:\/\/portaltela.pt\/noticias\/2026\/02\/07\/centro-de-montemor-o-velho-em-risco-de-isolamento-nas-proximas-horas\/"},"author":{"name":"Telinha","@id":"https:\/\/portaltela.pt\/#\/schema\/person\/c4278d4a6028830caff9ee44b42d32ed"},"headline":"Centro de Montemor-o-Velho em risco de isolamento nas pr\u00f3ximas horas","datePublished":"2026-02-07T18:55:00+00:00","mainEntityOfPage":{"@id":"https:\/\/portaltela.pt\/noticias\/2026\/02\/07\/centro-de-montemor-o-velho-em-risco-de-isolamento-nas-proximas-horas\/"},"wordCount":154,"image":{"@id":"https:\/\/portaltela.pt\/noticias\/2026\/02\/07\/centro-de-montemor-o-velho-em-risco-de-isolamento-nas-proximas-horas\/#primaryimage"},"thumbnailUrl":"https:\/\/portaltela.pt\/s.01k8rhncp4jt1\/2026\/02\/CACHE_780X1200_ANALOG_WATERMARKED_46511617_4279198_07022026055632.jpg","keywords":["Centro","informa\u00e7\u00e3o","isolamento","Montemor-o-Velho"],"articleSection":["Not\u00edcias"],"inLanguage":"pt-PT"},{"@type":"WebPage","@id":"https:\/\/portaltela.pt\/noticias\/2026\/02\/07\/centro-de-montemor-o-velho-em-risco-de-isolamento-nas-proximas-horas\/","url":"https:\/\/portaltela.pt\/noticias\/2026\/02\/07\/centro-de-montemor-o-velho-em-risco-de-isolamento-nas-proximas-horas\/","name":"Centro de Montemor-o-Velho em risco de isolamento nas pr\u00f3ximas horas - Portal Tela Portugal","isPartOf":{"@id":"https:\/\/portaltela.pt\/#website"},"primaryImageOfPage":{"@id":"https:\/\/portaltela.pt\/noticias\/2026\/02\/07\/centro-de-montemor-o-velho-em-risco-de-isolamento-nas-proximas-horas\/#primaryimage"},"image":{"@id":"https:\/\/portaltela.pt\/noticias\/2026\/02\/07\/centro-de-montemor-o-velho-em-risco-de-isolamento-nas-proximas-horas\/#primaryimage"},"thumbnailUrl":"https:\/\/portaltela.pt\/s.01k8rhncp4jt1\/2026\/02\/CACHE_780X1200_ANALOG_WATERMARKED_46511617_4279198_07022026055632.jpg","datePublished":"2026-02-07T18:55:00+00:00","author":{"@id":"https:\/\/portaltela.pt\/#\/schema\/person\/c4278d4a6028830caff9ee44b42d32ed"},"breadcrumb":{"@id":"https:\/\/portaltela.pt\/noticias\/2026\/02\/07\/centro-de-montemor-o-velho-em-risco-de-isolamento-nas-proximas-horas\/#breadcrumb"},"inLanguage":"pt-PT","potentialAction":[{"@type":"ReadAction","target":["https:\/\/portaltela.pt\/noticias\/2026\/02\/07\/centro-de-montemor-o-velho-em-risco-de-isolamento-nas-proximas-horas\/"]}]},{"@type":"ImageObject","inLanguage":"pt-PT","@id":"https:\/\/portaltela.pt\/noticias\/2026\/02\/07\/centro-de-montemor-o-velho-em-risco-de-isolamento-nas-proximas-horas\/#primaryimage","url":"https:\/\/portaltela.pt\/s.01k8rhncp4jt1\/2026\/02\/CACHE_780X1200_ANALOG_WATERMARKED_46511617_4279198_07022026055632.jpg","contentUrl":"https:\/\/portaltela.pt\/s.01k8rhncp4jt1\/2026\/02\/CACHE_780X1200_ANALOG_WATERMARKED_46511617_4279198_07022026055632.jpg","width":796,"height":448,"caption":"Centro de Montemor-o-Velho em risco de ficar isolado nas pr\u00f3ximas horas"},{"@type":"BreadcrumbList","@id":"https:\/\/portaltela.pt\/noticias\/2026\/02\/07\/centro-de-montemor-o-velho-em-risco-de-isolamento-nas-proximas-horas\/#breadcrumb","itemListElement":[{"@type":"ListItem","position":1,"name":"In\u00edcio","item":"https:\/\/portaltela.pt\/"},{"@type":"ListItem","position":2,"name":"Centro de Montemor-o-Velho em risco de isolamento nas pr\u00f3ximas horas"}]},{"@type":"WebSite","@id":"https:\/\/portaltela.pt\/#website","url":"https:\/\/portaltela.pt\/","name":"Portal Tela Portugal","description":"","potentialAction":[{"@type":"SearchAction","target":{"@type":"EntryPoint","urlTemplate":"https:\/\/portaltela.pt\/?s={search_term_string}"},"query-input":{"@type":"PropertyValueSpecification","valueRequired":true,"valueName":"search_term_string"}}],"inLanguage":"pt-PT"},{"@type":"Person","@id":"https:\/\/portaltela.pt\/#\/schema\/person\/c4278d4a6028830caff9ee44b42d32ed","name":"Telinha","image":{"@type":"ImageObject","inLanguage":"pt-PT","@id":"https:\/\/portaltela.pt\/s.01k8rhncp4jt1\/2025\/11\/talking-bot-125x125.png","url":"https:\/\/portaltela.pt\/s.01k8rhncp4jt1\/2025\/11\/talking-bot-125x125.png","contentUrl":"https:\/\/portaltela.pt\/s.01k8rhncp4jt1\/2025\/11\/talking-bot-125x125.png","caption":"Telinha"},"sameAs":["https:\/\/portaltela.pt\/"],"url":"https:\/\/portaltela.pt\/por\/367410592786\/"}]}},"_links":{"self":[{"href":"https:\/\/portaltela.pt\/api\/wp\/v2\/posts\/203380","targetHints":{"allow":["GET"]}}],"collection":[{"href":"https:\/\/portaltela.pt\/api\/wp\/v2\/posts"}],"about":[{"href":"https:\/\/portaltela.pt\/api\/wp\/v2\/types\/post"}],"author":[{"embeddable":true,"href":"https:\/\/portaltela.pt\/api\/wp\/v2\/users\/2"}],"replies":[{"embeddable":true,"href":"https:\/\/portaltela.pt\/api\/wp\/v2\/comments?post=203380"}],"version-history":[{"count":0,"href":"https:\/\/portaltela.pt\/api\/wp\/v2\/posts\/203380\/revisions"}],"wp:featuredmedia":[{"embeddable":true,"href":"https:\/\/portaltela.pt\/api\/wp\/v2\/media\/203381"}],"wp:attachment":[{"href":"https:\/\/portaltela.pt\/api\/wp\/v2\/media?parent=203380"}],"wp:term":[{"taxonomy":"category","embeddable":true,"href":"https:\/\/portaltela.pt\/api\/wp\/v2\/categories?post=203380"},{"taxonomy":"post_tag","embeddable":true,"href":"https:\/\/portaltela.pt\/api\/wp\/v2\/tags?post=203380"}],"curies":[{"name":"wp","href":"https:\/\/api.w.org\/{rel}","templated":true}]}}