{"id":203286,"date":"2026-02-07T16:37:49","date_gmt":"2026-02-07T19:37:49","guid":{"rendered":"https:\/\/portaltela.pt\/noticias\/2026\/02\/07\/ndoye-desfalca-ataque-do-v-guimaraes-frente-a-arouca\/"},"modified":"2026-02-07T16:37:49","modified_gmt":"2026-02-07T19:37:49","slug":"ndoye-desfalca-ataque-do-v-guimaraes-frente-a-arouca","status":"publish","type":"post","link":"https:\/\/portaltela.pt\/desporto\/futebol\/2026\/02\/07\/ndoye-desfalca-ataque-do-v-guimaraes-frente-a-arouca\/","title":{"rendered":"Ndoye desfalca ataque do V. Guimar\u00e3es frente a Arouca"},"content":{"rendered":"<p>Alioune Ndoye ficou de fora do plantel do V. Guimar\u00e3es para o jogo de s\u00e1bado, \u00e0s 20h30, em Arouca, devido a uma les\u00e3o muscular na coxa. O avan\u00e7ado s\u00e9n\u00e9gal\u00eas, 24 anos, desfalca assim o ataque vimaranense.<\/p>\n<p>O jogador entrou do banco no duelo anterior e conquistou o pen\u00e1lti que deu a vit\u00f3ria sobre o Moreirense (1-0), mantendo a influ\u00eancia no ataque da equipa.<\/p>\n<p>Na Allianz Cup, Ndoye foi decisivo, ao marcar dois golos na meia-final frente ao Sporting e o golo da vit\u00f3ria na final contra o Sp. Braga.<\/p>\n<h3>Baixas confirmadas no Vit\u00f3ria de Guimar\u00e3es<\/h3>\n<p>As aus\u00eancias no s\u00e1bado incluem Gui Ribeiro, por les\u00e3o no ligamento cruzado anterior do joelho, \u00d3scar Rivas com les\u00e3o muscular na coxa e Gon\u00e7alo Nogueira, eliminado por infe\u00e7\u00e3o v\u00edrica. As atualiza\u00e7\u00f5es n\u00e3o indicam prazos de recupera\u00e7\u00e3o.<\/p>\n","protected":false},"excerpt":{"rendered":"<ul>\n<li>Alioune Ndoye fica de fora do plantel do Vit\u00f3ria de Guimar\u00e3es para o jogo em Arouca, s\u00e1bado \u00e0s 20h30, devido a uma les\u00e3o muscular na coxa.<\/li>\n<li>O avan\u00e7ado senegal\u00eas, 24 anos, teve impacto anterior ao entrar no lance que deu o pen\u00e1lti da vit\u00f3ria sobre o Moreirense e foi protagonista na Allianz Cup, com dois golos na meia-final frente ao Sporting e o golo decisivo na final contra o Sp. Braga.<\/li>\n<li>O Vit\u00f3ria j\u00e1 tinha anunciado aus\u00eancias: Gui Ribeiro (ligamento cruzado anterior), \u00d3scar Rivas (les\u00e3o muscular na coxa) e Gon\u00e7alo Nogueira (infe\u00e7\u00e3o v\u00edrica).<\/li>\n<li>Ndoye soma a les\u00e3o \u00e0 lista de baixas do conjunto vimaranense para o encontro com o Arouca.<\/li>\n<\/ul>\n","protected":false},"author":2,"featured_media":203291,"comment_status":"closed","ping_status":"closed","sticky":false,"template":"","format":"standard","meta":{"footnotes":""},"categories":[21,24],"tags":[4073,900,32,4159,2538,5393],"class_list":["post-203286","post","type-post","status-publish","format-standard","has-post-thumbnail","hentry","category-desporto","category-futebol","tag-allianz-cup","tag-arouca","tag-futebol","tag-jogo","tag-lesoes","tag-v-guimaraes"],"yoast_head":"<!-- This site is optimized with the Yoast SEO plugin v27.2 - https:\/\/yoast.com\/product\/yoast-seo-wordpress\/ -->\n<title>Ndoye desfalca ataque do V. Guimar\u00e3es frente a Arouca - Portal Tela Portugal<\/title>\n<meta name=\"robots\" content=\"index, follow, max-snippet:-1, max-image-preview:large, max-video-preview:-1\" \/>\n<meta property=\"og:locale\" content=\"pt_PT\" \/>\n<meta property=\"og:type\" content=\"article\" \/>\n<meta property=\"og:title\" content=\"Ndoye desfalca ataque do V. Guimar\u00e3es frente a Arouca - Portal Tela Portugal\" \/>\n<meta property=\"og:description\" content=\"Alioune Ndoye fica de fora do plantel do Vit\u00f3ria de Guimar\u00e3es para o jogo em Arouca, s\u00e1bado \u00e0s 20h30, devido a uma les\u00e3o muscular na coxa. O avan\u00e7ado senegal\u00eas, 24 anos, teve impacto anterior ao entrar no lance que deu o pen\u00e1lti da vit\u00f3ria sobre o Moreirense e foi protagonista na Allianz Cup, com dois golos na meia-final frente ao Sporting e o golo decisivo na final contra o Sp. Braga. O Vit\u00f3ria j\u00e1 tinha anunciado aus\u00eancias: Gui Ribeiro (ligamento cruzado anterior), \u00d3scar Rivas (les\u00e3o muscular na coxa) e Gon\u00e7alo Nogueira (infe\u00e7\u00e3o v\u00edrica). Ndoye soma a les\u00e3o \u00e0 lista de baixas do conjunto vimaranense para o encontro com o Arouca.\" \/>\n<meta property=\"og:url\" content=\"https:\/\/portaltela.pt\/noticias\/2026\/02\/07\/ndoye-desfalca-ataque-do-v-guimaraes-frente-a-arouca\/\" \/>\n<meta property=\"og:site_name\" content=\"Portal Tela Portugal\" \/>\n<meta property=\"article:published_time\" content=\"2026-02-07T19:37:49+00:00\" \/>\n<meta name=\"author\" content=\"Telinha\" \/>\n<meta name=\"twitter:card\" content=\"summary_large_image\" \/>\n<meta name=\"twitter:label1\" content=\"Escrito por\" \/>\n\t<meta name=\"twitter:data1\" content=\"Telinha\" \/>\n\t<meta name=\"twitter:label2\" content=\"Tempo estimado de leitura\" \/>\n\t<meta name=\"twitter:data2\" content=\"1 minuto\" \/>\n<script type=\"application\/ld+json\" class=\"yoast-schema-graph\">{\"@context\":\"https:\/\/schema.org\",\"@graph\":[{\"@type\":\"Article\",\"@id\":\"https:\/\/portaltela.pt\/noticias\/2026\/02\/07\/ndoye-desfalca-ataque-do-v-guimaraes-frente-a-arouca\/#article\",\"isPartOf\":{\"@id\":\"https:\/\/portaltela.pt\/noticias\/2026\/02\/07\/ndoye-desfalca-ataque-do-v-guimaraes-frente-a-arouca\/\"},\"author\":{\"name\":\"Telinha\",\"@id\":\"https:\/\/portaltela.pt\/#\/schema\/person\/c4278d4a6028830caff9ee44b42d32ed\"},\"headline\":\"Ndoye desfalca ataque do V. Guimar\u00e3es frente a Arouca\",\"datePublished\":\"2026-02-07T19:37:49+00:00\",\"mainEntityOfPage\":{\"@id\":\"https:\/\/portaltela.pt\/noticias\/2026\/02\/07\/ndoye-desfalca-ataque-do-v-guimaraes-frente-a-arouca\/\"},\"wordCount\":163,\"image\":{\"@id\":\"https:\/\/portaltela.pt\/noticias\/2026\/02\/07\/ndoye-desfalca-ataque-do-v-guimaraes-frente-a-arouca\/#primaryimage\"},\"thumbnailUrl\":\"https:\/\/portaltela.pt\/s.01k8rhncp4jt1\/2026\/02\/img_920x518uu2026-01-11-00-09-50-2414072-im-639060897987521626.jpg\",\"keywords\":[\"Allianz Cup\",\"Arouca\",\"futebol\",\"jogo\",\"les\u00f5es\",\"V. Guimar\u00e3es\"],\"articleSection\":[\"Desporto\",\"Futebol\"],\"inLanguage\":\"pt-PT\"},{\"@type\":\"WebPage\",\"@id\":\"https:\/\/portaltela.pt\/noticias\/2026\/02\/07\/ndoye-desfalca-ataque-do-v-guimaraes-frente-a-arouca\/\",\"url\":\"https:\/\/portaltela.pt\/noticias\/2026\/02\/07\/ndoye-desfalca-ataque-do-v-guimaraes-frente-a-arouca\/\",\"name\":\"Ndoye desfalca ataque do V. Guimar\u00e3es frente a Arouca - Portal Tela Portugal\",\"isPartOf\":{\"@id\":\"https:\/\/portaltela.pt\/#website\"},\"primaryImageOfPage\":{\"@id\":\"https:\/\/portaltela.pt\/noticias\/2026\/02\/07\/ndoye-desfalca-ataque-do-v-guimaraes-frente-a-arouca\/#primaryimage\"},\"image\":{\"@id\":\"https:\/\/portaltela.pt\/noticias\/2026\/02\/07\/ndoye-desfalca-ataque-do-v-guimaraes-frente-a-arouca\/#primaryimage\"},\"thumbnailUrl\":\"https:\/\/portaltela.pt\/s.01k8rhncp4jt1\/2026\/02\/img_920x518uu2026-01-11-00-09-50-2414072-im-639060897987521626.jpg\",\"datePublished\":\"2026-02-07T19:37:49+00:00\",\"author\":{\"@id\":\"https:\/\/portaltela.pt\/#\/schema\/person\/c4278d4a6028830caff9ee44b42d32ed\"},\"breadcrumb\":{\"@id\":\"https:\/\/portaltela.pt\/noticias\/2026\/02\/07\/ndoye-desfalca-ataque-do-v-guimaraes-frente-a-arouca\/#breadcrumb\"},\"inLanguage\":\"pt-PT\",\"potentialAction\":[{\"@type\":\"ReadAction\",\"target\":[\"https:\/\/portaltela.pt\/noticias\/2026\/02\/07\/ndoye-desfalca-ataque-do-v-guimaraes-frente-a-arouca\/\"]}]},{\"@type\":\"ImageObject\",\"inLanguage\":\"pt-PT\",\"@id\":\"https:\/\/portaltela.pt\/noticias\/2026\/02\/07\/ndoye-desfalca-ataque-do-v-guimaraes-frente-a-arouca\/#primaryimage\",\"url\":\"https:\/\/portaltela.pt\/s.01k8rhncp4jt1\/2026\/02\/img_920x518uu2026-01-11-00-09-50-2414072-im-639060897987521626.jpg\",\"contentUrl\":\"https:\/\/portaltela.pt\/s.01k8rhncp4jt1\/2026\/02\/img_920x518uu2026-01-11-00-09-50-2414072-im-639060897987521626.jpg\",\"width\":796,\"height\":448,\"caption\":\"Ndoye falha desafio em Arouca\"},{\"@type\":\"BreadcrumbList\",\"@id\":\"https:\/\/portaltela.pt\/noticias\/2026\/02\/07\/ndoye-desfalca-ataque-do-v-guimaraes-frente-a-arouca\/#breadcrumb\",\"itemListElement\":[{\"@type\":\"ListItem\",\"position\":1,\"name\":\"In\u00edcio\",\"item\":\"https:\/\/portaltela.pt\/\"},{\"@type\":\"ListItem\",\"position\":2,\"name\":\"Ndoye desfalca ataque do V. Guimar\u00e3es frente a Arouca\"}]},{\"@type\":\"WebSite\",\"@id\":\"https:\/\/portaltela.pt\/#website\",\"url\":\"https:\/\/portaltela.pt\/\",\"name\":\"Portal Tela Portugal\",\"description\":\"\",\"potentialAction\":[{\"@type\":\"SearchAction\",\"target\":{\"@type\":\"EntryPoint\",\"urlTemplate\":\"https:\/\/portaltela.pt\/?s={search_term_string}\"},\"query-input\":{\"@type\":\"PropertyValueSpecification\",\"valueRequired\":true,\"valueName\":\"search_term_string\"}}],\"inLanguage\":\"pt-PT\"},{\"@type\":\"Person\",\"@id\":\"https:\/\/portaltela.pt\/#\/schema\/person\/c4278d4a6028830caff9ee44b42d32ed\",\"name\":\"Telinha\",\"image\":{\"@type\":\"ImageObject\",\"inLanguage\":\"pt-PT\",\"@id\":\"https:\/\/portaltela.pt\/s.01k8rhncp4jt1\/2025\/11\/talking-bot-125x125.png\",\"url\":\"https:\/\/portaltela.pt\/s.01k8rhncp4jt1\/2025\/11\/talking-bot-125x125.png\",\"contentUrl\":\"https:\/\/portaltela.pt\/s.01k8rhncp4jt1\/2025\/11\/talking-bot-125x125.png\",\"caption\":\"Telinha\"},\"sameAs\":[\"https:\/\/portaltela.pt\/\"],\"url\":\"https:\/\/portaltela.pt\/por\/367410592786\/\"}]}<\/script>\n<!-- \/ Yoast SEO plugin. -->","yoast_head_json":{"title":"Ndoye desfalca ataque do V. Guimar\u00e3es frente a Arouca - Portal Tela Portugal","robots":{"index":"index","follow":"follow","max-snippet":"max-snippet:-1","max-image-preview":"max-image-preview:large","max-video-preview":"max-video-preview:-1"},"og_locale":"pt_PT","og_type":"article","og_title":"Ndoye desfalca ataque do V. Guimar\u00e3es frente a Arouca - Portal Tela Portugal","og_description":"Alioune Ndoye fica de fora do plantel do Vit\u00f3ria de Guimar\u00e3es para o jogo em Arouca, s\u00e1bado \u00e0s 20h30, devido a uma les\u00e3o muscular na coxa. O avan\u00e7ado senegal\u00eas, 24 anos, teve impacto anterior ao entrar no lance que deu o pen\u00e1lti da vit\u00f3ria sobre o Moreirense e foi protagonista na Allianz Cup, com dois golos na meia-final frente ao Sporting e o golo decisivo na final contra o Sp. Braga. O Vit\u00f3ria j\u00e1 tinha anunciado aus\u00eancias: Gui Ribeiro (ligamento cruzado anterior), \u00d3scar Rivas (les\u00e3o muscular na coxa) e Gon\u00e7alo Nogueira (infe\u00e7\u00e3o v\u00edrica). Ndoye soma a les\u00e3o \u00e0 lista de baixas do conjunto vimaranense para o encontro com o Arouca.","og_url":"https:\/\/portaltela.pt\/noticias\/2026\/02\/07\/ndoye-desfalca-ataque-do-v-guimaraes-frente-a-arouca\/","og_site_name":"Portal Tela Portugal","article_published_time":"2026-02-07T19:37:49+00:00","author":"Telinha","twitter_card":"summary_large_image","twitter_misc":{"Escrito por":"Telinha","Tempo estimado de leitura":"1 minuto"},"schema":{"@context":"https:\/\/schema.org","@graph":[{"@type":"Article","@id":"https:\/\/portaltela.pt\/noticias\/2026\/02\/07\/ndoye-desfalca-ataque-do-v-guimaraes-frente-a-arouca\/#article","isPartOf":{"@id":"https:\/\/portaltela.pt\/noticias\/2026\/02\/07\/ndoye-desfalca-ataque-do-v-guimaraes-frente-a-arouca\/"},"author":{"name":"Telinha","@id":"https:\/\/portaltela.pt\/#\/schema\/person\/c4278d4a6028830caff9ee44b42d32ed"},"headline":"Ndoye desfalca ataque do V. Guimar\u00e3es frente a Arouca","datePublished":"2026-02-07T19:37:49+00:00","mainEntityOfPage":{"@id":"https:\/\/portaltela.pt\/noticias\/2026\/02\/07\/ndoye-desfalca-ataque-do-v-guimaraes-frente-a-arouca\/"},"wordCount":163,"image":{"@id":"https:\/\/portaltela.pt\/noticias\/2026\/02\/07\/ndoye-desfalca-ataque-do-v-guimaraes-frente-a-arouca\/#primaryimage"},"thumbnailUrl":"https:\/\/portaltela.pt\/s.01k8rhncp4jt1\/2026\/02\/img_920x518uu2026-01-11-00-09-50-2414072-im-639060897987521626.jpg","keywords":["Allianz Cup","Arouca","futebol","jogo","les\u00f5es","V. Guimar\u00e3es"],"articleSection":["Desporto","Futebol"],"inLanguage":"pt-PT"},{"@type":"WebPage","@id":"https:\/\/portaltela.pt\/noticias\/2026\/02\/07\/ndoye-desfalca-ataque-do-v-guimaraes-frente-a-arouca\/","url":"https:\/\/portaltela.pt\/noticias\/2026\/02\/07\/ndoye-desfalca-ataque-do-v-guimaraes-frente-a-arouca\/","name":"Ndoye desfalca ataque do V. Guimar\u00e3es frente a Arouca - Portal Tela Portugal","isPartOf":{"@id":"https:\/\/portaltela.pt\/#website"},"primaryImageOfPage":{"@id":"https:\/\/portaltela.pt\/noticias\/2026\/02\/07\/ndoye-desfalca-ataque-do-v-guimaraes-frente-a-arouca\/#primaryimage"},"image":{"@id":"https:\/\/portaltela.pt\/noticias\/2026\/02\/07\/ndoye-desfalca-ataque-do-v-guimaraes-frente-a-arouca\/#primaryimage"},"thumbnailUrl":"https:\/\/portaltela.pt\/s.01k8rhncp4jt1\/2026\/02\/img_920x518uu2026-01-11-00-09-50-2414072-im-639060897987521626.jpg","datePublished":"2026-02-07T19:37:49+00:00","author":{"@id":"https:\/\/portaltela.pt\/#\/schema\/person\/c4278d4a6028830caff9ee44b42d32ed"},"breadcrumb":{"@id":"https:\/\/portaltela.pt\/noticias\/2026\/02\/07\/ndoye-desfalca-ataque-do-v-guimaraes-frente-a-arouca\/#breadcrumb"},"inLanguage":"pt-PT","potentialAction":[{"@type":"ReadAction","target":["https:\/\/portaltela.pt\/noticias\/2026\/02\/07\/ndoye-desfalca-ataque-do-v-guimaraes-frente-a-arouca\/"]}]},{"@type":"ImageObject","inLanguage":"pt-PT","@id":"https:\/\/portaltela.pt\/noticias\/2026\/02\/07\/ndoye-desfalca-ataque-do-v-guimaraes-frente-a-arouca\/#primaryimage","url":"https:\/\/portaltela.pt\/s.01k8rhncp4jt1\/2026\/02\/img_920x518uu2026-01-11-00-09-50-2414072-im-639060897987521626.jpg","contentUrl":"https:\/\/portaltela.pt\/s.01k8rhncp4jt1\/2026\/02\/img_920x518uu2026-01-11-00-09-50-2414072-im-639060897987521626.jpg","width":796,"height":448,"caption":"Ndoye falha desafio em Arouca"},{"@type":"BreadcrumbList","@id":"https:\/\/portaltela.pt\/noticias\/2026\/02\/07\/ndoye-desfalca-ataque-do-v-guimaraes-frente-a-arouca\/#breadcrumb","itemListElement":[{"@type":"ListItem","position":1,"name":"In\u00edcio","item":"https:\/\/portaltela.pt\/"},{"@type":"ListItem","position":2,"name":"Ndoye desfalca ataque do V. Guimar\u00e3es frente a Arouca"}]},{"@type":"WebSite","@id":"https:\/\/portaltela.pt\/#website","url":"https:\/\/portaltela.pt\/","name":"Portal Tela Portugal","description":"","potentialAction":[{"@type":"SearchAction","target":{"@type":"EntryPoint","urlTemplate":"https:\/\/portaltela.pt\/?s={search_term_string}"},"query-input":{"@type":"PropertyValueSpecification","valueRequired":true,"valueName":"search_term_string"}}],"inLanguage":"pt-PT"},{"@type":"Person","@id":"https:\/\/portaltela.pt\/#\/schema\/person\/c4278d4a6028830caff9ee44b42d32ed","name":"Telinha","image":{"@type":"ImageObject","inLanguage":"pt-PT","@id":"https:\/\/portaltela.pt\/s.01k8rhncp4jt1\/2025\/11\/talking-bot-125x125.png","url":"https:\/\/portaltela.pt\/s.01k8rhncp4jt1\/2025\/11\/talking-bot-125x125.png","contentUrl":"https:\/\/portaltela.pt\/s.01k8rhncp4jt1\/2025\/11\/talking-bot-125x125.png","caption":"Telinha"},"sameAs":["https:\/\/portaltela.pt\/"],"url":"https:\/\/portaltela.pt\/por\/367410592786\/"}]}},"_links":{"self":[{"href":"https:\/\/portaltela.pt\/api\/wp\/v2\/posts\/203286","targetHints":{"allow":["GET"]}}],"collection":[{"href":"https:\/\/portaltela.pt\/api\/wp\/v2\/posts"}],"about":[{"href":"https:\/\/portaltela.pt\/api\/wp\/v2\/types\/post"}],"author":[{"embeddable":true,"href":"https:\/\/portaltela.pt\/api\/wp\/v2\/users\/2"}],"replies":[{"embeddable":true,"href":"https:\/\/portaltela.pt\/api\/wp\/v2\/comments?post=203286"}],"version-history":[{"count":0,"href":"https:\/\/portaltela.pt\/api\/wp\/v2\/posts\/203286\/revisions"}],"wp:featuredmedia":[{"embeddable":true,"href":"https:\/\/portaltela.pt\/api\/wp\/v2\/media\/203291"}],"wp:attachment":[{"href":"https:\/\/portaltela.pt\/api\/wp\/v2\/media?parent=203286"}],"wp:term":[{"taxonomy":"category","embeddable":true,"href":"https:\/\/portaltela.pt\/api\/wp\/v2\/categories?post=203286"},{"taxonomy":"post_tag","embeddable":true,"href":"https:\/\/portaltela.pt\/api\/wp\/v2\/tags?post=203286"}],"curies":[{"name":"wp","href":"https:\/\/api.w.org\/{rel}","templated":true}]}}