{"id":203236,"date":"2026-02-07T15:53:00","date_gmt":"2026-02-07T18:53:00","guid":{"rendered":"https:\/\/portaltela.pt\/noticias\/2026\/02\/07\/tres-condenacoes-impedem-suspensao-de-pena-ao-acusado-conhecido-como-macaco\/"},"modified":"2026-02-07T15:53:00","modified_gmt":"2026-02-07T18:53:00","slug":"tres-condenacoes-impedem-suspensao-de-pena-ao-acusado-conhecido-como-macaco","status":"publish","type":"post","link":"https:\/\/portaltela.pt\/noticias\/2026\/02\/07\/tres-condenacoes-impedem-suspensao-de-pena-ao-acusado-conhecido-como-macaco\/","title":{"rendered":"Tr\u00eas condena\u00e7\u00f5es impedem suspens\u00e3o de pena ao acusado conhecido como &#8216;Macaco&#8217;"},"content":{"rendered":"<p>Os ju\u00edzes do Tribunal da Rela\u00e7\u00e3o do Porto recusaram suspender a pena de Fernando Madureira, conhecido como Macaco, de tr\u00eas anos e quatro meses de pris\u00e3o. A decis\u00e3o aponta um elevado risco de reincid\u00eancia e um historial criminal que afasta qualquer confian\u00e7a no seu comportamento em liberdade.<\/p>\n<p>A pena foi mantida na \u00edntegra, mantendo a condena\u00e7\u00e3o original sem benef\u00edcio de suspens\u00e3o. A decis\u00e3o refor\u00e7a a leitura de que o arguido pode voltar a delinquir caso permane\u00e7a em liberdade.<\/p>\n<p>Macaco \u00e9 l\u00edder da claque dos <strong>Super Drag\u00f5es<\/strong>. Ele esteve preso dois anos por motivos n\u00e3o especificados neste texto, e foi libertado na sexta-feira da cadeia anexa \u00e0 Pol\u00edcia Judici\u00e1ria, no Porto, por excesso de pris\u00e3o preventiva.<\/p>\n","protected":false},"excerpt":{"rendered":"<ul>\n<li>Os ju\u00edzes do Tribunal da Rela\u00e7\u00e3o do Porto recusaram suspender a pena de tr\u00eas anos e quatro meses de pris\u00e3o aplicada a Fernando Madureira, l\u00edder da claque dos &#8220;Super Drag\u00f5es&#8221;.<\/li>\n<li>A decis\u00e3o baseia-se no elevado risco de reincid\u00eancia e no historial criminal do arguido, que afastam a possibilidade de confian\u00e7a no seu comportamento em liberdade.<\/li>\n<li>O recurso n\u00e3o resultou favoravelmente para Madureira, mantendo a pena em vigor.<\/li>\n<li>O arguido foi libertado na sexta-feira da cadeia anexa \u00e0 Pol\u00edcia Judici\u00e1ria, no Porto, onde esteve detido h\u00e1 dois anos por excesso de pris\u00e3o preventiva.<\/li>\n<li>O indiv\u00edduo \u00e9 conhecido pelo apelido &#8220;Macaco&#8221; e saiu da pris\u00e3o acompanhado por foto em que vestia um fato de treino do Futebol Clube do Porto.<\/li>\n<\/ul>\n","protected":false},"author":2,"featured_media":203238,"comment_status":"closed","ping_status":"closed","sticky":false,"template":"","format":"standard","meta":{"footnotes":""},"categories":[1],"tags":[5480,147,3450,4139,982,4343],"class_list":["post-203236","post","type-post","status-publish","format-standard","has-post-thumbnail","hentry","category-noticias","tag-condenacoes","tag-crime","tag-delinquencia","tag-detencao","tag-porto","tag-prisoes"],"yoast_head":"<!-- This site is optimized with the Yoast SEO plugin v27.2 - https:\/\/yoast.com\/product\/yoast-seo-wordpress\/ -->\n<title>Tr\u00eas condena\u00e7\u00f5es impedem suspens\u00e3o de pena ao acusado conhecido como &#039;Macaco&#039; - Portal Tela Portugal<\/title>\n<meta name=\"robots\" content=\"index, follow, max-snippet:-1, max-image-preview:large, max-video-preview:-1\" \/>\n<meta property=\"og:locale\" content=\"pt_PT\" \/>\n<meta property=\"og:type\" content=\"article\" \/>\n<meta property=\"og:title\" content=\"Tr\u00eas condena\u00e7\u00f5es impedem suspens\u00e3o de pena ao acusado conhecido como &#039;Macaco&#039; - Portal Tela Portugal\" \/>\n<meta property=\"og:description\" content=\"Os ju\u00edzes do Tribunal da Rela\u00e7\u00e3o do Porto recusaram suspender a pena de tr\u00eas anos e quatro meses de pris\u00e3o aplicada a Fernando Madureira, l\u00edder da claque dos &quot;Super Drag\u00f5es&quot;. A decis\u00e3o baseia-se no elevado risco de reincid\u00eancia e no historial criminal do arguido, que afastam a possibilidade de confian\u00e7a no seu comportamento em liberdade. O recurso n\u00e3o resultou favoravelmente para Madureira, mantendo a pena em vigor. O arguido foi libertado na sexta-feira da cadeia anexa \u00e0 Pol\u00edcia Judici\u00e1ria, no Porto, onde esteve detido h\u00e1 dois anos por excesso de pris\u00e3o preventiva. O indiv\u00edduo \u00e9 conhecido pelo apelido &quot;Macaco&quot; e saiu da pris\u00e3o acompanhado por foto em que vestia um fato de treino do Futebol Clube do Porto.\" \/>\n<meta property=\"og:url\" content=\"https:\/\/portaltela.pt\/noticias\/2026\/02\/07\/tres-condenacoes-impedem-suspensao-de-pena-ao-acusado-conhecido-como-macaco\/\" \/>\n<meta property=\"og:site_name\" content=\"Portal Tela Portugal\" \/>\n<meta property=\"article:published_time\" content=\"2026-02-07T18:53:00+00:00\" \/>\n<meta name=\"author\" content=\"Telinha\" \/>\n<meta name=\"twitter:card\" content=\"summary_large_image\" \/>\n<meta name=\"twitter:label1\" content=\"Escrito por\" \/>\n\t<meta name=\"twitter:data1\" content=\"Telinha\" \/>\n\t<meta name=\"twitter:label2\" content=\"Tempo estimado de leitura\" \/>\n\t<meta name=\"twitter:data2\" content=\"1 minuto\" \/>\n<script type=\"application\/ld+json\" class=\"yoast-schema-graph\">{\"@context\":\"https:\/\/schema.org\",\"@graph\":[{\"@type\":\"Article\",\"@id\":\"https:\/\/portaltela.pt\/noticias\/2026\/02\/07\/tres-condenacoes-impedem-suspensao-de-pena-ao-acusado-conhecido-como-macaco\/#article\",\"isPartOf\":{\"@id\":\"https:\/\/portaltela.pt\/noticias\/2026\/02\/07\/tres-condenacoes-impedem-suspensao-de-pena-ao-acusado-conhecido-como-macaco\/\"},\"author\":{\"name\":\"Telinha\",\"@id\":\"https:\/\/portaltela.pt\/#\/schema\/person\/c4278d4a6028830caff9ee44b42d32ed\"},\"headline\":\"Tr\u00eas condena\u00e7\u00f5es impedem suspens\u00e3o de pena ao acusado conhecido como &#8216;Macaco&#8217;\",\"datePublished\":\"2026-02-07T18:53:00+00:00\",\"mainEntityOfPage\":{\"@id\":\"https:\/\/portaltela.pt\/noticias\/2026\/02\/07\/tres-condenacoes-impedem-suspensao-de-pena-ao-acusado-conhecido-como-macaco\/\"},\"wordCount\":146,\"image\":{\"@id\":\"https:\/\/portaltela.pt\/noticias\/2026\/02\/07\/tres-condenacoes-impedem-suspensao-de-pena-ao-acusado-conhecido-como-macaco\/#primaryimage\"},\"thumbnailUrl\":\"https:\/\/portaltela.pt\/s.01k8rhncp4jt1\/2026\/02\/image-566.jpg\",\"keywords\":[\"condena\u00e7\u00f5es\",\"crime\",\"delinqu\u00eancia\",\"deten\u00e7\u00e3o\",\"Porto\",\"pris\u00f5es\"],\"articleSection\":[\"Not\u00edcias\"],\"inLanguage\":\"pt-PT\"},{\"@type\":\"WebPage\",\"@id\":\"https:\/\/portaltela.pt\/noticias\/2026\/02\/07\/tres-condenacoes-impedem-suspensao-de-pena-ao-acusado-conhecido-como-macaco\/\",\"url\":\"https:\/\/portaltela.pt\/noticias\/2026\/02\/07\/tres-condenacoes-impedem-suspensao-de-pena-ao-acusado-conhecido-como-macaco\/\",\"name\":\"Tr\u00eas condena\u00e7\u00f5es impedem suspens\u00e3o de pena ao acusado conhecido como 'Macaco' - Portal Tela Portugal\",\"isPartOf\":{\"@id\":\"https:\/\/portaltela.pt\/#website\"},\"primaryImageOfPage\":{\"@id\":\"https:\/\/portaltela.pt\/noticias\/2026\/02\/07\/tres-condenacoes-impedem-suspensao-de-pena-ao-acusado-conhecido-como-macaco\/#primaryimage\"},\"image\":{\"@id\":\"https:\/\/portaltela.pt\/noticias\/2026\/02\/07\/tres-condenacoes-impedem-suspensao-de-pena-ao-acusado-conhecido-como-macaco\/#primaryimage\"},\"thumbnailUrl\":\"https:\/\/portaltela.pt\/s.01k8rhncp4jt1\/2026\/02\/image-566.jpg\",\"datePublished\":\"2026-02-07T18:53:00+00:00\",\"author\":{\"@id\":\"https:\/\/portaltela.pt\/#\/schema\/person\/c4278d4a6028830caff9ee44b42d32ed\"},\"breadcrumb\":{\"@id\":\"https:\/\/portaltela.pt\/noticias\/2026\/02\/07\/tres-condenacoes-impedem-suspensao-de-pena-ao-acusado-conhecido-como-macaco\/#breadcrumb\"},\"inLanguage\":\"pt-PT\",\"potentialAction\":[{\"@type\":\"ReadAction\",\"target\":[\"https:\/\/portaltela.pt\/noticias\/2026\/02\/07\/tres-condenacoes-impedem-suspensao-de-pena-ao-acusado-conhecido-como-macaco\/\"]}]},{\"@type\":\"ImageObject\",\"inLanguage\":\"pt-PT\",\"@id\":\"https:\/\/portaltela.pt\/noticias\/2026\/02\/07\/tres-condenacoes-impedem-suspensao-de-pena-ao-acusado-conhecido-como-macaco\/#primaryimage\",\"url\":\"https:\/\/portaltela.pt\/s.01k8rhncp4jt1\/2026\/02\/image-566.jpg\",\"contentUrl\":\"https:\/\/portaltela.pt\/s.01k8rhncp4jt1\/2026\/02\/image-566.jpg\",\"width\":796,\"height\":448,\"caption\":\"Fernando Madureira vestia um fato de treino do F. C. Porto quando saiu da pris\u00e3o\"},{\"@type\":\"BreadcrumbList\",\"@id\":\"https:\/\/portaltela.pt\/noticias\/2026\/02\/07\/tres-condenacoes-impedem-suspensao-de-pena-ao-acusado-conhecido-como-macaco\/#breadcrumb\",\"itemListElement\":[{\"@type\":\"ListItem\",\"position\":1,\"name\":\"In\u00edcio\",\"item\":\"https:\/\/portaltela.pt\/\"},{\"@type\":\"ListItem\",\"position\":2,\"name\":\"Tr\u00eas condena\u00e7\u00f5es impedem suspens\u00e3o de pena ao acusado conhecido como &#8216;Macaco&#8217;\"}]},{\"@type\":\"WebSite\",\"@id\":\"https:\/\/portaltela.pt\/#website\",\"url\":\"https:\/\/portaltela.pt\/\",\"name\":\"Portal Tela Portugal\",\"description\":\"\",\"potentialAction\":[{\"@type\":\"SearchAction\",\"target\":{\"@type\":\"EntryPoint\",\"urlTemplate\":\"https:\/\/portaltela.pt\/?s={search_term_string}\"},\"query-input\":{\"@type\":\"PropertyValueSpecification\",\"valueRequired\":true,\"valueName\":\"search_term_string\"}}],\"inLanguage\":\"pt-PT\"},{\"@type\":\"Person\",\"@id\":\"https:\/\/portaltela.pt\/#\/schema\/person\/c4278d4a6028830caff9ee44b42d32ed\",\"name\":\"Telinha\",\"image\":{\"@type\":\"ImageObject\",\"inLanguage\":\"pt-PT\",\"@id\":\"https:\/\/portaltela.pt\/s.01k8rhncp4jt1\/2025\/11\/talking-bot-125x125.png\",\"url\":\"https:\/\/portaltela.pt\/s.01k8rhncp4jt1\/2025\/11\/talking-bot-125x125.png\",\"contentUrl\":\"https:\/\/portaltela.pt\/s.01k8rhncp4jt1\/2025\/11\/talking-bot-125x125.png\",\"caption\":\"Telinha\"},\"sameAs\":[\"https:\/\/portaltela.pt\/\"],\"url\":\"https:\/\/portaltela.pt\/por\/367410592786\/\"}]}<\/script>\n<!-- \/ Yoast SEO plugin. -->","yoast_head_json":{"title":"Tr\u00eas condena\u00e7\u00f5es impedem suspens\u00e3o de pena ao acusado conhecido como 'Macaco' - Portal Tela Portugal","robots":{"index":"index","follow":"follow","max-snippet":"max-snippet:-1","max-image-preview":"max-image-preview:large","max-video-preview":"max-video-preview:-1"},"og_locale":"pt_PT","og_type":"article","og_title":"Tr\u00eas condena\u00e7\u00f5es impedem suspens\u00e3o de pena ao acusado conhecido como 'Macaco' - Portal Tela Portugal","og_description":"Os ju\u00edzes do Tribunal da Rela\u00e7\u00e3o do Porto recusaram suspender a pena de tr\u00eas anos e quatro meses de pris\u00e3o aplicada a Fernando Madureira, l\u00edder da claque dos \"Super Drag\u00f5es\". A decis\u00e3o baseia-se no elevado risco de reincid\u00eancia e no historial criminal do arguido, que afastam a possibilidade de confian\u00e7a no seu comportamento em liberdade. O recurso n\u00e3o resultou favoravelmente para Madureira, mantendo a pena em vigor. O arguido foi libertado na sexta-feira da cadeia anexa \u00e0 Pol\u00edcia Judici\u00e1ria, no Porto, onde esteve detido h\u00e1 dois anos por excesso de pris\u00e3o preventiva. O indiv\u00edduo \u00e9 conhecido pelo apelido \"Macaco\" e saiu da pris\u00e3o acompanhado por foto em que vestia um fato de treino do Futebol Clube do Porto.","og_url":"https:\/\/portaltela.pt\/noticias\/2026\/02\/07\/tres-condenacoes-impedem-suspensao-de-pena-ao-acusado-conhecido-como-macaco\/","og_site_name":"Portal Tela Portugal","article_published_time":"2026-02-07T18:53:00+00:00","author":"Telinha","twitter_card":"summary_large_image","twitter_misc":{"Escrito por":"Telinha","Tempo estimado de leitura":"1 minuto"},"schema":{"@context":"https:\/\/schema.org","@graph":[{"@type":"Article","@id":"https:\/\/portaltela.pt\/noticias\/2026\/02\/07\/tres-condenacoes-impedem-suspensao-de-pena-ao-acusado-conhecido-como-macaco\/#article","isPartOf":{"@id":"https:\/\/portaltela.pt\/noticias\/2026\/02\/07\/tres-condenacoes-impedem-suspensao-de-pena-ao-acusado-conhecido-como-macaco\/"},"author":{"name":"Telinha","@id":"https:\/\/portaltela.pt\/#\/schema\/person\/c4278d4a6028830caff9ee44b42d32ed"},"headline":"Tr\u00eas condena\u00e7\u00f5es impedem suspens\u00e3o de pena ao acusado conhecido como &#8216;Macaco&#8217;","datePublished":"2026-02-07T18:53:00+00:00","mainEntityOfPage":{"@id":"https:\/\/portaltela.pt\/noticias\/2026\/02\/07\/tres-condenacoes-impedem-suspensao-de-pena-ao-acusado-conhecido-como-macaco\/"},"wordCount":146,"image":{"@id":"https:\/\/portaltela.pt\/noticias\/2026\/02\/07\/tres-condenacoes-impedem-suspensao-de-pena-ao-acusado-conhecido-como-macaco\/#primaryimage"},"thumbnailUrl":"https:\/\/portaltela.pt\/s.01k8rhncp4jt1\/2026\/02\/image-566.jpg","keywords":["condena\u00e7\u00f5es","crime","delinqu\u00eancia","deten\u00e7\u00e3o","Porto","pris\u00f5es"],"articleSection":["Not\u00edcias"],"inLanguage":"pt-PT"},{"@type":"WebPage","@id":"https:\/\/portaltela.pt\/noticias\/2026\/02\/07\/tres-condenacoes-impedem-suspensao-de-pena-ao-acusado-conhecido-como-macaco\/","url":"https:\/\/portaltela.pt\/noticias\/2026\/02\/07\/tres-condenacoes-impedem-suspensao-de-pena-ao-acusado-conhecido-como-macaco\/","name":"Tr\u00eas condena\u00e7\u00f5es impedem suspens\u00e3o de pena ao acusado conhecido como 'Macaco' - Portal Tela Portugal","isPartOf":{"@id":"https:\/\/portaltela.pt\/#website"},"primaryImageOfPage":{"@id":"https:\/\/portaltela.pt\/noticias\/2026\/02\/07\/tres-condenacoes-impedem-suspensao-de-pena-ao-acusado-conhecido-como-macaco\/#primaryimage"},"image":{"@id":"https:\/\/portaltela.pt\/noticias\/2026\/02\/07\/tres-condenacoes-impedem-suspensao-de-pena-ao-acusado-conhecido-como-macaco\/#primaryimage"},"thumbnailUrl":"https:\/\/portaltela.pt\/s.01k8rhncp4jt1\/2026\/02\/image-566.jpg","datePublished":"2026-02-07T18:53:00+00:00","author":{"@id":"https:\/\/portaltela.pt\/#\/schema\/person\/c4278d4a6028830caff9ee44b42d32ed"},"breadcrumb":{"@id":"https:\/\/portaltela.pt\/noticias\/2026\/02\/07\/tres-condenacoes-impedem-suspensao-de-pena-ao-acusado-conhecido-como-macaco\/#breadcrumb"},"inLanguage":"pt-PT","potentialAction":[{"@type":"ReadAction","target":["https:\/\/portaltela.pt\/noticias\/2026\/02\/07\/tres-condenacoes-impedem-suspensao-de-pena-ao-acusado-conhecido-como-macaco\/"]}]},{"@type":"ImageObject","inLanguage":"pt-PT","@id":"https:\/\/portaltela.pt\/noticias\/2026\/02\/07\/tres-condenacoes-impedem-suspensao-de-pena-ao-acusado-conhecido-como-macaco\/#primaryimage","url":"https:\/\/portaltela.pt\/s.01k8rhncp4jt1\/2026\/02\/image-566.jpg","contentUrl":"https:\/\/portaltela.pt\/s.01k8rhncp4jt1\/2026\/02\/image-566.jpg","width":796,"height":448,"caption":"Fernando Madureira vestia um fato de treino do F. C. Porto quando saiu da pris\u00e3o"},{"@type":"BreadcrumbList","@id":"https:\/\/portaltela.pt\/noticias\/2026\/02\/07\/tres-condenacoes-impedem-suspensao-de-pena-ao-acusado-conhecido-como-macaco\/#breadcrumb","itemListElement":[{"@type":"ListItem","position":1,"name":"In\u00edcio","item":"https:\/\/portaltela.pt\/"},{"@type":"ListItem","position":2,"name":"Tr\u00eas condena\u00e7\u00f5es impedem suspens\u00e3o de pena ao acusado conhecido como &#8216;Macaco&#8217;"}]},{"@type":"WebSite","@id":"https:\/\/portaltela.pt\/#website","url":"https:\/\/portaltela.pt\/","name":"Portal Tela Portugal","description":"","potentialAction":[{"@type":"SearchAction","target":{"@type":"EntryPoint","urlTemplate":"https:\/\/portaltela.pt\/?s={search_term_string}"},"query-input":{"@type":"PropertyValueSpecification","valueRequired":true,"valueName":"search_term_string"}}],"inLanguage":"pt-PT"},{"@type":"Person","@id":"https:\/\/portaltela.pt\/#\/schema\/person\/c4278d4a6028830caff9ee44b42d32ed","name":"Telinha","image":{"@type":"ImageObject","inLanguage":"pt-PT","@id":"https:\/\/portaltela.pt\/s.01k8rhncp4jt1\/2025\/11\/talking-bot-125x125.png","url":"https:\/\/portaltela.pt\/s.01k8rhncp4jt1\/2025\/11\/talking-bot-125x125.png","contentUrl":"https:\/\/portaltela.pt\/s.01k8rhncp4jt1\/2025\/11\/talking-bot-125x125.png","caption":"Telinha"},"sameAs":["https:\/\/portaltela.pt\/"],"url":"https:\/\/portaltela.pt\/por\/367410592786\/"}]}},"_links":{"self":[{"href":"https:\/\/portaltela.pt\/api\/wp\/v2\/posts\/203236","targetHints":{"allow":["GET"]}}],"collection":[{"href":"https:\/\/portaltela.pt\/api\/wp\/v2\/posts"}],"about":[{"href":"https:\/\/portaltela.pt\/api\/wp\/v2\/types\/post"}],"author":[{"embeddable":true,"href":"https:\/\/portaltela.pt\/api\/wp\/v2\/users\/2"}],"replies":[{"embeddable":true,"href":"https:\/\/portaltela.pt\/api\/wp\/v2\/comments?post=203236"}],"version-history":[{"count":0,"href":"https:\/\/portaltela.pt\/api\/wp\/v2\/posts\/203236\/revisions"}],"wp:featuredmedia":[{"embeddable":true,"href":"https:\/\/portaltela.pt\/api\/wp\/v2\/media\/203238"}],"wp:attachment":[{"href":"https:\/\/portaltela.pt\/api\/wp\/v2\/media?parent=203236"}],"wp:term":[{"taxonomy":"category","embeddable":true,"href":"https:\/\/portaltela.pt\/api\/wp\/v2\/categories?post=203236"},{"taxonomy":"post_tag","embeddable":true,"href":"https:\/\/portaltela.pt\/api\/wp\/v2\/tags?post=203236"}],"curies":[{"name":"wp","href":"https:\/\/api.w.org\/{rel}","templated":true}]}}