{"id":203208,"date":"2026-02-07T15:31:51","date_gmt":"2026-02-07T18:31:51","guid":{"rendered":"https:\/\/portaltela.pt\/noticias\/2026\/02\/07\/governo-cubano-encerra-hoteis-e-transfere-turistas-por-crise-energetica\/"},"modified":"2026-02-07T15:31:51","modified_gmt":"2026-02-07T18:31:51","slug":"governo-cubano-encerra-hoteis-e-transfere-turistas-por-crise-energetica","status":"publish","type":"post","link":"https:\/\/portaltela.pt\/noticias\/2026\/02\/07\/governo-cubano-encerra-hoteis-e-transfere-turistas-por-crise-energetica\/","title":{"rendered":"Governo cubano encerra hot\u00e9is e transfere turistas por crise energ\u00e9tica"},"content":{"rendered":"<p>O Governo de Cuba iniciou o encerramento de alguns hot\u00e9is e transferiu turistas para outras unidades, no \u00e2mbito de um conjunto de medidas para enfrentar a crise energ\u00e9tica no pa\u00eds. A opera\u00e7\u00e3o envolve v\u00e1rias cadeias hoteleiras e tem como objetivo reduzir consumos.<\/p>\n<p>Os hot\u00e9is afetados localizam-se sobretudo em Varadero e no norte da ilha, regi\u00f5es onde a procura permanece alta, mas a disponibilidade de energia el\u00e9ctrica e combust\u00edvel exige ajustes na gest\u00e3o tur\u00edstica.<\/p>\n<p>Entre as medidas anunciadas pelas autoridades, est\u00e1 o racionamento de combust\u00edvel, que tem impacto direto no funcionamento de unidades hoteleiras e na circula\u00e7\u00e3o de turistas entre estabelecimentos.<\/p>\n<p>Segundo fontes oficiais, a substitui\u00e7\u00e3o de h\u00f3spedes por unidades com maior disponibilidade visa manter servi\u00e7os essenciais e evitar interrup\u00e7\u00f5es prolongadas, mantendo o fluxo de visitantes dentro das possibilidades do sistema energ\u00e9tico.<\/p>\n<p>O governo n\u00e3o detalhou n\u00fameros de hot\u00e9is ou h\u00f3spedes afetados, nem o calend\u00e1rio de encerramentos, limitando-se a indicar que as medidas s\u00e3o tempor\u00e1rias e de car\u00e1ter preventivo para mitigar a crise energ\u00e9tica.<\/p>\n","protected":false},"excerpt":{"rendered":"<ul>\n<li>O Governo de Cuba iniciou o encerramento de alguns hot\u00e9is e est\u00e1 a transferir turistas para outras unidades como parte de medidas para enfrentar a crise energ\u00e9tica.<\/li>\n<li>Os hot\u00e9is afetados encontram-se principalmente em Varadero e no norte da ilha.<\/li>\n<li>Entre as medidas implementadas est\u00e1 o racionamento de combust\u00edvel.<\/li>\n<li>As a\u00e7\u00f5es formam um pacote de medidas para gerir a situa\u00e7\u00e3o energ\u00e9tica no pa\u00eds.<\/li>\n<\/ul>\n","protected":false},"author":2,"featured_media":203209,"comment_status":"closed","ping_status":"closed","sticky":false,"template":"","format":"standard","meta":{"footnotes":""},"categories":[1],"tags":[4729,174,34,1917,5612,169],"class_list":["post-203208","post","type-post","status-publish","format-standard","has-post-thumbnail","hentry","category-noticias","tag-abastecimento-de-energia","tag-energia","tag-governo","tag-hospedagem-local","tag-hoteis","tag-turismo"],"yoast_head":"<!-- This site is optimized with the Yoast SEO plugin v27.2 - https:\/\/yoast.com\/product\/yoast-seo-wordpress\/ -->\n<title>Governo cubano encerra hot\u00e9is e transfere turistas por crise energ\u00e9tica - Portal Tela Portugal<\/title>\n<meta name=\"robots\" content=\"index, follow, max-snippet:-1, max-image-preview:large, max-video-preview:-1\" \/>\n<meta property=\"og:locale\" content=\"pt_PT\" \/>\n<meta property=\"og:type\" content=\"article\" \/>\n<meta property=\"og:title\" content=\"Governo cubano encerra hot\u00e9is e transfere turistas por crise energ\u00e9tica - Portal Tela Portugal\" \/>\n<meta property=\"og:description\" content=\"O Governo de Cuba iniciou o encerramento de alguns hot\u00e9is e est\u00e1 a transferir turistas para outras unidades como parte de medidas para enfrentar a crise energ\u00e9tica. Os hot\u00e9is afetados encontram-se principalmente em Varadero e no norte da ilha. Entre as medidas implementadas est\u00e1 o racionamento de combust\u00edvel. As a\u00e7\u00f5es formam um pacote de medidas para gerir a situa\u00e7\u00e3o energ\u00e9tica no pa\u00eds.\" \/>\n<meta property=\"og:url\" content=\"https:\/\/portaltela.pt\/noticias\/2026\/02\/07\/governo-cubano-encerra-hoteis-e-transfere-turistas-por-crise-energetica\/\" \/>\n<meta property=\"og:site_name\" content=\"Portal Tela Portugal\" \/>\n<meta property=\"article:published_time\" content=\"2026-02-07T18:31:51+00:00\" \/>\n<meta name=\"author\" content=\"Telinha\" \/>\n<meta name=\"twitter:card\" content=\"summary_large_image\" \/>\n<meta name=\"twitter:label1\" content=\"Escrito por\" \/>\n\t<meta name=\"twitter:data1\" content=\"Telinha\" \/>\n\t<meta name=\"twitter:label2\" content=\"Tempo estimado de leitura\" \/>\n\t<meta name=\"twitter:data2\" content=\"1 minuto\" \/>\n<script type=\"application\/ld+json\" class=\"yoast-schema-graph\">{\"@context\":\"https:\/\/schema.org\",\"@graph\":[{\"@type\":\"Article\",\"@id\":\"https:\/\/portaltela.pt\/noticias\/2026\/02\/07\/governo-cubano-encerra-hoteis-e-transfere-turistas-por-crise-energetica\/#article\",\"isPartOf\":{\"@id\":\"https:\/\/portaltela.pt\/noticias\/2026\/02\/07\/governo-cubano-encerra-hoteis-e-transfere-turistas-por-crise-energetica\/\"},\"author\":{\"name\":\"Telinha\",\"@id\":\"https:\/\/portaltela.pt\/#\/schema\/person\/c4278d4a6028830caff9ee44b42d32ed\"},\"headline\":\"Governo cubano encerra hot\u00e9is e transfere turistas por crise energ\u00e9tica\",\"datePublished\":\"2026-02-07T18:31:51+00:00\",\"mainEntityOfPage\":{\"@id\":\"https:\/\/portaltela.pt\/noticias\/2026\/02\/07\/governo-cubano-encerra-hoteis-e-transfere-turistas-por-crise-energetica\/\"},\"wordCount\":202,\"image\":{\"@id\":\"https:\/\/portaltela.pt\/noticias\/2026\/02\/07\/governo-cubano-encerra-hoteis-e-transfere-turistas-por-crise-energetica\/#primaryimage\"},\"thumbnailUrl\":\"https:\/\/portaltela.pt\/s.01k8rhncp4jt1\/2026\/02\/dn2F2026-02-072F1q20ormw2Fcuba.jpg\",\"keywords\":[\"abastecimento de energia\",\"energia\",\"governo\",\"hospedagem local\",\"hot\u00e9is\",\"turismo\"],\"articleSection\":[\"Not\u00edcias\"],\"inLanguage\":\"pt-PT\"},{\"@type\":\"WebPage\",\"@id\":\"https:\/\/portaltela.pt\/noticias\/2026\/02\/07\/governo-cubano-encerra-hoteis-e-transfere-turistas-por-crise-energetica\/\",\"url\":\"https:\/\/portaltela.pt\/noticias\/2026\/02\/07\/governo-cubano-encerra-hoteis-e-transfere-turistas-por-crise-energetica\/\",\"name\":\"Governo cubano encerra hot\u00e9is e transfere turistas por crise energ\u00e9tica - Portal Tela Portugal\",\"isPartOf\":{\"@id\":\"https:\/\/portaltela.pt\/#website\"},\"primaryImageOfPage\":{\"@id\":\"https:\/\/portaltela.pt\/noticias\/2026\/02\/07\/governo-cubano-encerra-hoteis-e-transfere-turistas-por-crise-energetica\/#primaryimage\"},\"image\":{\"@id\":\"https:\/\/portaltela.pt\/noticias\/2026\/02\/07\/governo-cubano-encerra-hoteis-e-transfere-turistas-por-crise-energetica\/#primaryimage\"},\"thumbnailUrl\":\"https:\/\/portaltela.pt\/s.01k8rhncp4jt1\/2026\/02\/dn2F2026-02-072F1q20ormw2Fcuba.jpg\",\"datePublished\":\"2026-02-07T18:31:51+00:00\",\"author\":{\"@id\":\"https:\/\/portaltela.pt\/#\/schema\/person\/c4278d4a6028830caff9ee44b42d32ed\"},\"breadcrumb\":{\"@id\":\"https:\/\/portaltela.pt\/noticias\/2026\/02\/07\/governo-cubano-encerra-hoteis-e-transfere-turistas-por-crise-energetica\/#breadcrumb\"},\"inLanguage\":\"pt-PT\",\"potentialAction\":[{\"@type\":\"ReadAction\",\"target\":[\"https:\/\/portaltela.pt\/noticias\/2026\/02\/07\/governo-cubano-encerra-hoteis-e-transfere-turistas-por-crise-energetica\/\"]}]},{\"@type\":\"ImageObject\",\"inLanguage\":\"pt-PT\",\"@id\":\"https:\/\/portaltela.pt\/noticias\/2026\/02\/07\/governo-cubano-encerra-hoteis-e-transfere-turistas-por-crise-energetica\/#primaryimage\",\"url\":\"https:\/\/portaltela.pt\/s.01k8rhncp4jt1\/2026\/02\/dn2F2026-02-072F1q20ormw2Fcuba.jpg\",\"contentUrl\":\"https:\/\/portaltela.pt\/s.01k8rhncp4jt1\/2026\/02\/dn2F2026-02-072F1q20ormw2Fcuba.jpg\",\"width\":1200,\"height\":846,\"caption\":\"FOTO: DR\"},{\"@type\":\"BreadcrumbList\",\"@id\":\"https:\/\/portaltela.pt\/noticias\/2026\/02\/07\/governo-cubano-encerra-hoteis-e-transfere-turistas-por-crise-energetica\/#breadcrumb\",\"itemListElement\":[{\"@type\":\"ListItem\",\"position\":1,\"name\":\"In\u00edcio\",\"item\":\"https:\/\/portaltela.pt\/\"},{\"@type\":\"ListItem\",\"position\":2,\"name\":\"Governo cubano encerra hot\u00e9is e transfere turistas por crise energ\u00e9tica\"}]},{\"@type\":\"WebSite\",\"@id\":\"https:\/\/portaltela.pt\/#website\",\"url\":\"https:\/\/portaltela.pt\/\",\"name\":\"Portal Tela Portugal\",\"description\":\"\",\"potentialAction\":[{\"@type\":\"SearchAction\",\"target\":{\"@type\":\"EntryPoint\",\"urlTemplate\":\"https:\/\/portaltela.pt\/?s={search_term_string}\"},\"query-input\":{\"@type\":\"PropertyValueSpecification\",\"valueRequired\":true,\"valueName\":\"search_term_string\"}}],\"inLanguage\":\"pt-PT\"},{\"@type\":\"Person\",\"@id\":\"https:\/\/portaltela.pt\/#\/schema\/person\/c4278d4a6028830caff9ee44b42d32ed\",\"name\":\"Telinha\",\"image\":{\"@type\":\"ImageObject\",\"inLanguage\":\"pt-PT\",\"@id\":\"https:\/\/portaltela.pt\/s.01k8rhncp4jt1\/2025\/11\/talking-bot-125x125.png\",\"url\":\"https:\/\/portaltela.pt\/s.01k8rhncp4jt1\/2025\/11\/talking-bot-125x125.png\",\"contentUrl\":\"https:\/\/portaltela.pt\/s.01k8rhncp4jt1\/2025\/11\/talking-bot-125x125.png\",\"caption\":\"Telinha\"},\"sameAs\":[\"https:\/\/portaltela.pt\/\"],\"url\":\"https:\/\/portaltela.pt\/por\/367410592786\/\"}]}<\/script>\n<!-- \/ Yoast SEO plugin. -->","yoast_head_json":{"title":"Governo cubano encerra hot\u00e9is e transfere turistas por crise energ\u00e9tica - Portal Tela Portugal","robots":{"index":"index","follow":"follow","max-snippet":"max-snippet:-1","max-image-preview":"max-image-preview:large","max-video-preview":"max-video-preview:-1"},"og_locale":"pt_PT","og_type":"article","og_title":"Governo cubano encerra hot\u00e9is e transfere turistas por crise energ\u00e9tica - Portal Tela Portugal","og_description":"O Governo de Cuba iniciou o encerramento de alguns hot\u00e9is e est\u00e1 a transferir turistas para outras unidades como parte de medidas para enfrentar a crise energ\u00e9tica. Os hot\u00e9is afetados encontram-se principalmente em Varadero e no norte da ilha. Entre as medidas implementadas est\u00e1 o racionamento de combust\u00edvel. As a\u00e7\u00f5es formam um pacote de medidas para gerir a situa\u00e7\u00e3o energ\u00e9tica no pa\u00eds.","og_url":"https:\/\/portaltela.pt\/noticias\/2026\/02\/07\/governo-cubano-encerra-hoteis-e-transfere-turistas-por-crise-energetica\/","og_site_name":"Portal Tela Portugal","article_published_time":"2026-02-07T18:31:51+00:00","author":"Telinha","twitter_card":"summary_large_image","twitter_misc":{"Escrito por":"Telinha","Tempo estimado de leitura":"1 minuto"},"schema":{"@context":"https:\/\/schema.org","@graph":[{"@type":"Article","@id":"https:\/\/portaltela.pt\/noticias\/2026\/02\/07\/governo-cubano-encerra-hoteis-e-transfere-turistas-por-crise-energetica\/#article","isPartOf":{"@id":"https:\/\/portaltela.pt\/noticias\/2026\/02\/07\/governo-cubano-encerra-hoteis-e-transfere-turistas-por-crise-energetica\/"},"author":{"name":"Telinha","@id":"https:\/\/portaltela.pt\/#\/schema\/person\/c4278d4a6028830caff9ee44b42d32ed"},"headline":"Governo cubano encerra hot\u00e9is e transfere turistas por crise energ\u00e9tica","datePublished":"2026-02-07T18:31:51+00:00","mainEntityOfPage":{"@id":"https:\/\/portaltela.pt\/noticias\/2026\/02\/07\/governo-cubano-encerra-hoteis-e-transfere-turistas-por-crise-energetica\/"},"wordCount":202,"image":{"@id":"https:\/\/portaltela.pt\/noticias\/2026\/02\/07\/governo-cubano-encerra-hoteis-e-transfere-turistas-por-crise-energetica\/#primaryimage"},"thumbnailUrl":"https:\/\/portaltela.pt\/s.01k8rhncp4jt1\/2026\/02\/dn2F2026-02-072F1q20ormw2Fcuba.jpg","keywords":["abastecimento de energia","energia","governo","hospedagem local","hot\u00e9is","turismo"],"articleSection":["Not\u00edcias"],"inLanguage":"pt-PT"},{"@type":"WebPage","@id":"https:\/\/portaltela.pt\/noticias\/2026\/02\/07\/governo-cubano-encerra-hoteis-e-transfere-turistas-por-crise-energetica\/","url":"https:\/\/portaltela.pt\/noticias\/2026\/02\/07\/governo-cubano-encerra-hoteis-e-transfere-turistas-por-crise-energetica\/","name":"Governo cubano encerra hot\u00e9is e transfere turistas por crise energ\u00e9tica - Portal Tela Portugal","isPartOf":{"@id":"https:\/\/portaltela.pt\/#website"},"primaryImageOfPage":{"@id":"https:\/\/portaltela.pt\/noticias\/2026\/02\/07\/governo-cubano-encerra-hoteis-e-transfere-turistas-por-crise-energetica\/#primaryimage"},"image":{"@id":"https:\/\/portaltela.pt\/noticias\/2026\/02\/07\/governo-cubano-encerra-hoteis-e-transfere-turistas-por-crise-energetica\/#primaryimage"},"thumbnailUrl":"https:\/\/portaltela.pt\/s.01k8rhncp4jt1\/2026\/02\/dn2F2026-02-072F1q20ormw2Fcuba.jpg","datePublished":"2026-02-07T18:31:51+00:00","author":{"@id":"https:\/\/portaltela.pt\/#\/schema\/person\/c4278d4a6028830caff9ee44b42d32ed"},"breadcrumb":{"@id":"https:\/\/portaltela.pt\/noticias\/2026\/02\/07\/governo-cubano-encerra-hoteis-e-transfere-turistas-por-crise-energetica\/#breadcrumb"},"inLanguage":"pt-PT","potentialAction":[{"@type":"ReadAction","target":["https:\/\/portaltela.pt\/noticias\/2026\/02\/07\/governo-cubano-encerra-hoteis-e-transfere-turistas-por-crise-energetica\/"]}]},{"@type":"ImageObject","inLanguage":"pt-PT","@id":"https:\/\/portaltela.pt\/noticias\/2026\/02\/07\/governo-cubano-encerra-hoteis-e-transfere-turistas-por-crise-energetica\/#primaryimage","url":"https:\/\/portaltela.pt\/s.01k8rhncp4jt1\/2026\/02\/dn2F2026-02-072F1q20ormw2Fcuba.jpg","contentUrl":"https:\/\/portaltela.pt\/s.01k8rhncp4jt1\/2026\/02\/dn2F2026-02-072F1q20ormw2Fcuba.jpg","width":1200,"height":846,"caption":"FOTO: DR"},{"@type":"BreadcrumbList","@id":"https:\/\/portaltela.pt\/noticias\/2026\/02\/07\/governo-cubano-encerra-hoteis-e-transfere-turistas-por-crise-energetica\/#breadcrumb","itemListElement":[{"@type":"ListItem","position":1,"name":"In\u00edcio","item":"https:\/\/portaltela.pt\/"},{"@type":"ListItem","position":2,"name":"Governo cubano encerra hot\u00e9is e transfere turistas por crise energ\u00e9tica"}]},{"@type":"WebSite","@id":"https:\/\/portaltela.pt\/#website","url":"https:\/\/portaltela.pt\/","name":"Portal Tela Portugal","description":"","potentialAction":[{"@type":"SearchAction","target":{"@type":"EntryPoint","urlTemplate":"https:\/\/portaltela.pt\/?s={search_term_string}"},"query-input":{"@type":"PropertyValueSpecification","valueRequired":true,"valueName":"search_term_string"}}],"inLanguage":"pt-PT"},{"@type":"Person","@id":"https:\/\/portaltela.pt\/#\/schema\/person\/c4278d4a6028830caff9ee44b42d32ed","name":"Telinha","image":{"@type":"ImageObject","inLanguage":"pt-PT","@id":"https:\/\/portaltela.pt\/s.01k8rhncp4jt1\/2025\/11\/talking-bot-125x125.png","url":"https:\/\/portaltela.pt\/s.01k8rhncp4jt1\/2025\/11\/talking-bot-125x125.png","contentUrl":"https:\/\/portaltela.pt\/s.01k8rhncp4jt1\/2025\/11\/talking-bot-125x125.png","caption":"Telinha"},"sameAs":["https:\/\/portaltela.pt\/"],"url":"https:\/\/portaltela.pt\/por\/367410592786\/"}]}},"_links":{"self":[{"href":"https:\/\/portaltela.pt\/api\/wp\/v2\/posts\/203208","targetHints":{"allow":["GET"]}}],"collection":[{"href":"https:\/\/portaltela.pt\/api\/wp\/v2\/posts"}],"about":[{"href":"https:\/\/portaltela.pt\/api\/wp\/v2\/types\/post"}],"author":[{"embeddable":true,"href":"https:\/\/portaltela.pt\/api\/wp\/v2\/users\/2"}],"replies":[{"embeddable":true,"href":"https:\/\/portaltela.pt\/api\/wp\/v2\/comments?post=203208"}],"version-history":[{"count":0,"href":"https:\/\/portaltela.pt\/api\/wp\/v2\/posts\/203208\/revisions"}],"wp:featuredmedia":[{"embeddable":true,"href":"https:\/\/portaltela.pt\/api\/wp\/v2\/media\/203209"}],"wp:attachment":[{"href":"https:\/\/portaltela.pt\/api\/wp\/v2\/media?parent=203208"}],"wp:term":[{"taxonomy":"category","embeddable":true,"href":"https:\/\/portaltela.pt\/api\/wp\/v2\/categories?post=203208"},{"taxonomy":"post_tag","embeddable":true,"href":"https:\/\/portaltela.pt\/api\/wp\/v2\/tags?post=203208"}],"curies":[{"name":"wp","href":"https:\/\/api.w.org\/{rel}","templated":true}]}}