{"id":203184,"date":"2026-02-07T14:58:28","date_gmt":"2026-02-07T17:58:28","guid":{"rendered":"https:\/\/portaltela.pt\/noticias\/2026\/02\/07\/fundacao-benfica-apoia-idosos-atingidos-pela-tempestade-kristin\/"},"modified":"2026-02-07T14:58:28","modified_gmt":"2026-02-07T17:58:28","slug":"fundacao-benfica-apoia-idosos-atingidos-pela-tempestade-kristin","status":"publish","type":"post","link":"https:\/\/portaltela.pt\/noticias\/2026\/02\/07\/fundacao-benfica-apoia-idosos-atingidos-pela-tempestade-kristin\/","title":{"rendered":"Funda\u00e7\u00e3o Benfica apoia idosos atingidos pela tempestade Kristin"},"content":{"rendered":"<p>A Funda\u00e7\u00e3o Benfica est\u00e1 a apoiar idosos isolados e em extrema vulnerabilidade. A interven\u00e7\u00e3o ocorre na sequ\u00eancia da tempestade Kristin e das cheias que afetaram Portugal. A atua\u00e7\u00e3o acontece no terreno, junto das pessoas mais afetadas.<\/p>\n<p>A iniciativa decorre em parceria com a Guarda Nacional Republicana e insere-se no Programa Apoio 65 &#8211; Idosos em Seguran\u00e7a. O objetivo \u00e9 a reposi\u00e7\u00e3o de equipamentos e mobili\u00e1rio essenciais para a sa\u00fade e o bem-estar.<\/p>\n<p>O clube indica que quem estiver interessado pode contribuir com donativos por MB WAY (931 904 150) ou pelo NIB PT50-0033-0000-45825291834-05.<\/p>\n<h3>Como apoiar<\/h3>\n<p>As doa\u00e7\u00f5es destinam-se a reposi\u00e7\u00e3o de itens b\u00e1sicos, como equipamentos m\u00e9dicos, mobili\u00e1rio e materiais de apoio.<\/p>\n<p>O programa refor\u00e7a a colabora\u00e7\u00e3o entre entidades civis e for\u00e7as de seguran\u00e7a para reduzir riscos em cen\u00e1rios de calamidade.<\/p>\n","protected":false},"excerpt":{"rendered":"<ul>\n<li>A Funda\u00e7\u00e3o Benfica est\u00e1 a apoiar idosos isolados e em extrema vulnerabilidade ap\u00f3s a tempestade Kristin e as cheias que atingiram Portugal.<\/li>\n<li>A iniciativa decorre em parceria com a Guarda Nacional Republicana e insere-se no Programa Apoio 65 &#8211; Idosos em Seguran\u00e7a.<\/li>\n<li>O objetivo \u00e9 a reposi\u00e7\u00e3o de equipamentos e mobili\u00e1rio essenciais para a sa\u00fade e bem\u2011estar dos idosos afetados.<\/li>\n<li>Interessados podem contribuir com donativos por MB WAY (n\u00ba 931 904 150) ou atrav\u00e9s do NIB PT50-0033-0000-45825291834-05.<\/li>\n<li>A a\u00e7\u00e3o faz parte de a\u00e7\u00f5es de apoio da Funda\u00e7\u00e3o Benfica para comunidades afetadas pelas cheias.<\/li>\n<\/ul>\n","protected":false},"author":2,"featured_media":203188,"comment_status":"closed","ping_status":"closed","sticky":false,"template":"","format":"standard","meta":{"footnotes":""},"categories":[1],"tags":[1211,2172,1398,2736,1014,320],"class_list":["post-203184","post","type-post","status-publish","format-standard","has-post-thumbnail","hentry","category-noticias","tag-apoio-social","tag-assistencia-social","tag-guarda-nacional-republicana","tag-idosos","tag-portugal","tag-protecao-civil"],"yoast_head":"<!-- This site is optimized with the Yoast SEO plugin v27.2 - https:\/\/yoast.com\/product\/yoast-seo-wordpress\/ -->\n<title>Funda\u00e7\u00e3o Benfica apoia idosos atingidos pela tempestade Kristin - Portal Tela Portugal<\/title>\n<meta name=\"robots\" content=\"index, follow, max-snippet:-1, max-image-preview:large, max-video-preview:-1\" \/>\n<meta property=\"og:locale\" content=\"pt_PT\" \/>\n<meta property=\"og:type\" content=\"article\" \/>\n<meta property=\"og:title\" content=\"Funda\u00e7\u00e3o Benfica apoia idosos atingidos pela tempestade Kristin - Portal Tela Portugal\" \/>\n<meta property=\"og:description\" content=\"A Funda\u00e7\u00e3o Benfica est\u00e1 a apoiar idosos isolados e em extrema vulnerabilidade ap\u00f3s a tempestade Kristin e as cheias que atingiram Portugal. A iniciativa decorre em parceria com a Guarda Nacional Republicana e insere-se no Programa Apoio 65 - Idosos em Seguran\u00e7a. O objetivo \u00e9 a reposi\u00e7\u00e3o de equipamentos e mobili\u00e1rio essenciais para a sa\u00fade e bem\u2011estar dos idosos afetados. Interessados podem contribuir com donativos por MB WAY (n\u00ba 931 904 150) ou atrav\u00e9s do NIB PT50-0033-0000-45825291834-05. A a\u00e7\u00e3o faz parte de a\u00e7\u00f5es de apoio da Funda\u00e7\u00e3o Benfica para comunidades afetadas pelas cheias.\" \/>\n<meta property=\"og:url\" content=\"https:\/\/portaltela.pt\/noticias\/2026\/02\/07\/fundacao-benfica-apoia-idosos-atingidos-pela-tempestade-kristin\/\" \/>\n<meta property=\"og:site_name\" content=\"Portal Tela Portugal\" \/>\n<meta property=\"article:published_time\" content=\"2026-02-07T17:58:28+00:00\" \/>\n<meta name=\"author\" content=\"Telinha\" \/>\n<meta name=\"twitter:card\" content=\"summary_large_image\" \/>\n<meta name=\"twitter:label1\" content=\"Escrito por\" \/>\n\t<meta name=\"twitter:data1\" content=\"Telinha\" \/>\n\t<meta name=\"twitter:label2\" content=\"Tempo estimado de leitura\" \/>\n\t<meta name=\"twitter:data2\" content=\"1 minuto\" \/>\n<script type=\"application\/ld+json\" class=\"yoast-schema-graph\">{\"@context\":\"https:\/\/schema.org\",\"@graph\":[{\"@type\":\"Article\",\"@id\":\"https:\/\/portaltela.pt\/noticias\/2026\/02\/07\/fundacao-benfica-apoia-idosos-atingidos-pela-tempestade-kristin\/#article\",\"isPartOf\":{\"@id\":\"https:\/\/portaltela.pt\/noticias\/2026\/02\/07\/fundacao-benfica-apoia-idosos-atingidos-pela-tempestade-kristin\/\"},\"author\":{\"name\":\"Telinha\",\"@id\":\"https:\/\/portaltela.pt\/#\/schema\/person\/c4278d4a6028830caff9ee44b42d32ed\"},\"headline\":\"Funda\u00e7\u00e3o Benfica apoia idosos atingidos pela tempestade Kristin\",\"datePublished\":\"2026-02-07T17:58:28+00:00\",\"mainEntityOfPage\":{\"@id\":\"https:\/\/portaltela.pt\/noticias\/2026\/02\/07\/fundacao-benfica-apoia-idosos-atingidos-pela-tempestade-kristin\/\"},\"wordCount\":156,\"image\":{\"@id\":\"https:\/\/portaltela.pt\/noticias\/2026\/02\/07\/fundacao-benfica-apoia-idosos-atingidos-pela-tempestade-kristin\/#primaryimage\"},\"thumbnailUrl\":\"https:\/\/portaltela.pt\/s.01k8rhncp4jt1\/2026\/02\/img_920x518uu2026-02-07-17-58-25-2420161.jpg\",\"keywords\":[\"Apoio Social\",\"assist\u00eancia social\",\"Guarda Nacional Republicana\",\"idosos\",\"Portugal\",\"prote\u00e7\u00e3o civil\"],\"articleSection\":[\"Not\u00edcias\"],\"inLanguage\":\"pt-PT\"},{\"@type\":\"WebPage\",\"@id\":\"https:\/\/portaltela.pt\/noticias\/2026\/02\/07\/fundacao-benfica-apoia-idosos-atingidos-pela-tempestade-kristin\/\",\"url\":\"https:\/\/portaltela.pt\/noticias\/2026\/02\/07\/fundacao-benfica-apoia-idosos-atingidos-pela-tempestade-kristin\/\",\"name\":\"Funda\u00e7\u00e3o Benfica apoia idosos atingidos pela tempestade Kristin - Portal Tela Portugal\",\"isPartOf\":{\"@id\":\"https:\/\/portaltela.pt\/#website\"},\"primaryImageOfPage\":{\"@id\":\"https:\/\/portaltela.pt\/noticias\/2026\/02\/07\/fundacao-benfica-apoia-idosos-atingidos-pela-tempestade-kristin\/#primaryimage\"},\"image\":{\"@id\":\"https:\/\/portaltela.pt\/noticias\/2026\/02\/07\/fundacao-benfica-apoia-idosos-atingidos-pela-tempestade-kristin\/#primaryimage\"},\"thumbnailUrl\":\"https:\/\/portaltela.pt\/s.01k8rhncp4jt1\/2026\/02\/img_920x518uu2026-02-07-17-58-25-2420161.jpg\",\"datePublished\":\"2026-02-07T17:58:28+00:00\",\"author\":{\"@id\":\"https:\/\/portaltela.pt\/#\/schema\/person\/c4278d4a6028830caff9ee44b42d32ed\"},\"breadcrumb\":{\"@id\":\"https:\/\/portaltela.pt\/noticias\/2026\/02\/07\/fundacao-benfica-apoia-idosos-atingidos-pela-tempestade-kristin\/#breadcrumb\"},\"inLanguage\":\"pt-PT\",\"potentialAction\":[{\"@type\":\"ReadAction\",\"target\":[\"https:\/\/portaltela.pt\/noticias\/2026\/02\/07\/fundacao-benfica-apoia-idosos-atingidos-pela-tempestade-kristin\/\"]}]},{\"@type\":\"ImageObject\",\"inLanguage\":\"pt-PT\",\"@id\":\"https:\/\/portaltela.pt\/noticias\/2026\/02\/07\/fundacao-benfica-apoia-idosos-atingidos-pela-tempestade-kristin\/#primaryimage\",\"url\":\"https:\/\/portaltela.pt\/s.01k8rhncp4jt1\/2026\/02\/img_920x518uu2026-02-07-17-58-25-2420161.jpg\",\"contentUrl\":\"https:\/\/portaltela.pt\/s.01k8rhncp4jt1\/2026\/02\/img_920x518uu2026-02-07-17-58-25-2420161.jpg\",\"width\":796,\"height\":448,\"caption\":\"Funda\u00e7\u00e3o Benfica d\u00e1 apoio a idosos que foram v\u00edtimas da tempestade Kristin\"},{\"@type\":\"BreadcrumbList\",\"@id\":\"https:\/\/portaltela.pt\/noticias\/2026\/02\/07\/fundacao-benfica-apoia-idosos-atingidos-pela-tempestade-kristin\/#breadcrumb\",\"itemListElement\":[{\"@type\":\"ListItem\",\"position\":1,\"name\":\"In\u00edcio\",\"item\":\"https:\/\/portaltela.pt\/\"},{\"@type\":\"ListItem\",\"position\":2,\"name\":\"Funda\u00e7\u00e3o Benfica apoia idosos atingidos pela tempestade Kristin\"}]},{\"@type\":\"WebSite\",\"@id\":\"https:\/\/portaltela.pt\/#website\",\"url\":\"https:\/\/portaltela.pt\/\",\"name\":\"Portal Tela Portugal\",\"description\":\"\",\"potentialAction\":[{\"@type\":\"SearchAction\",\"target\":{\"@type\":\"EntryPoint\",\"urlTemplate\":\"https:\/\/portaltela.pt\/?s={search_term_string}\"},\"query-input\":{\"@type\":\"PropertyValueSpecification\",\"valueRequired\":true,\"valueName\":\"search_term_string\"}}],\"inLanguage\":\"pt-PT\"},{\"@type\":\"Person\",\"@id\":\"https:\/\/portaltela.pt\/#\/schema\/person\/c4278d4a6028830caff9ee44b42d32ed\",\"name\":\"Telinha\",\"image\":{\"@type\":\"ImageObject\",\"inLanguage\":\"pt-PT\",\"@id\":\"https:\/\/portaltela.pt\/s.01k8rhncp4jt1\/2025\/11\/talking-bot-125x125.png\",\"url\":\"https:\/\/portaltela.pt\/s.01k8rhncp4jt1\/2025\/11\/talking-bot-125x125.png\",\"contentUrl\":\"https:\/\/portaltela.pt\/s.01k8rhncp4jt1\/2025\/11\/talking-bot-125x125.png\",\"caption\":\"Telinha\"},\"sameAs\":[\"https:\/\/portaltela.pt\/\"],\"url\":\"https:\/\/portaltela.pt\/por\/367410592786\/\"}]}<\/script>\n<!-- \/ Yoast SEO plugin. -->","yoast_head_json":{"title":"Funda\u00e7\u00e3o Benfica apoia idosos atingidos pela tempestade Kristin - Portal Tela Portugal","robots":{"index":"index","follow":"follow","max-snippet":"max-snippet:-1","max-image-preview":"max-image-preview:large","max-video-preview":"max-video-preview:-1"},"og_locale":"pt_PT","og_type":"article","og_title":"Funda\u00e7\u00e3o Benfica apoia idosos atingidos pela tempestade Kristin - Portal Tela Portugal","og_description":"A Funda\u00e7\u00e3o Benfica est\u00e1 a apoiar idosos isolados e em extrema vulnerabilidade ap\u00f3s a tempestade Kristin e as cheias que atingiram Portugal. A iniciativa decorre em parceria com a Guarda Nacional Republicana e insere-se no Programa Apoio 65 - Idosos em Seguran\u00e7a. O objetivo \u00e9 a reposi\u00e7\u00e3o de equipamentos e mobili\u00e1rio essenciais para a sa\u00fade e bem\u2011estar dos idosos afetados. Interessados podem contribuir com donativos por MB WAY (n\u00ba 931 904 150) ou atrav\u00e9s do NIB PT50-0033-0000-45825291834-05. A a\u00e7\u00e3o faz parte de a\u00e7\u00f5es de apoio da Funda\u00e7\u00e3o Benfica para comunidades afetadas pelas cheias.","og_url":"https:\/\/portaltela.pt\/noticias\/2026\/02\/07\/fundacao-benfica-apoia-idosos-atingidos-pela-tempestade-kristin\/","og_site_name":"Portal Tela Portugal","article_published_time":"2026-02-07T17:58:28+00:00","author":"Telinha","twitter_card":"summary_large_image","twitter_misc":{"Escrito por":"Telinha","Tempo estimado de leitura":"1 minuto"},"schema":{"@context":"https:\/\/schema.org","@graph":[{"@type":"Article","@id":"https:\/\/portaltela.pt\/noticias\/2026\/02\/07\/fundacao-benfica-apoia-idosos-atingidos-pela-tempestade-kristin\/#article","isPartOf":{"@id":"https:\/\/portaltela.pt\/noticias\/2026\/02\/07\/fundacao-benfica-apoia-idosos-atingidos-pela-tempestade-kristin\/"},"author":{"name":"Telinha","@id":"https:\/\/portaltela.pt\/#\/schema\/person\/c4278d4a6028830caff9ee44b42d32ed"},"headline":"Funda\u00e7\u00e3o Benfica apoia idosos atingidos pela tempestade Kristin","datePublished":"2026-02-07T17:58:28+00:00","mainEntityOfPage":{"@id":"https:\/\/portaltela.pt\/noticias\/2026\/02\/07\/fundacao-benfica-apoia-idosos-atingidos-pela-tempestade-kristin\/"},"wordCount":156,"image":{"@id":"https:\/\/portaltela.pt\/noticias\/2026\/02\/07\/fundacao-benfica-apoia-idosos-atingidos-pela-tempestade-kristin\/#primaryimage"},"thumbnailUrl":"https:\/\/portaltela.pt\/s.01k8rhncp4jt1\/2026\/02\/img_920x518uu2026-02-07-17-58-25-2420161.jpg","keywords":["Apoio Social","assist\u00eancia social","Guarda Nacional Republicana","idosos","Portugal","prote\u00e7\u00e3o civil"],"articleSection":["Not\u00edcias"],"inLanguage":"pt-PT"},{"@type":"WebPage","@id":"https:\/\/portaltela.pt\/noticias\/2026\/02\/07\/fundacao-benfica-apoia-idosos-atingidos-pela-tempestade-kristin\/","url":"https:\/\/portaltela.pt\/noticias\/2026\/02\/07\/fundacao-benfica-apoia-idosos-atingidos-pela-tempestade-kristin\/","name":"Funda\u00e7\u00e3o Benfica apoia idosos atingidos pela tempestade Kristin - Portal Tela Portugal","isPartOf":{"@id":"https:\/\/portaltela.pt\/#website"},"primaryImageOfPage":{"@id":"https:\/\/portaltela.pt\/noticias\/2026\/02\/07\/fundacao-benfica-apoia-idosos-atingidos-pela-tempestade-kristin\/#primaryimage"},"image":{"@id":"https:\/\/portaltela.pt\/noticias\/2026\/02\/07\/fundacao-benfica-apoia-idosos-atingidos-pela-tempestade-kristin\/#primaryimage"},"thumbnailUrl":"https:\/\/portaltela.pt\/s.01k8rhncp4jt1\/2026\/02\/img_920x518uu2026-02-07-17-58-25-2420161.jpg","datePublished":"2026-02-07T17:58:28+00:00","author":{"@id":"https:\/\/portaltela.pt\/#\/schema\/person\/c4278d4a6028830caff9ee44b42d32ed"},"breadcrumb":{"@id":"https:\/\/portaltela.pt\/noticias\/2026\/02\/07\/fundacao-benfica-apoia-idosos-atingidos-pela-tempestade-kristin\/#breadcrumb"},"inLanguage":"pt-PT","potentialAction":[{"@type":"ReadAction","target":["https:\/\/portaltela.pt\/noticias\/2026\/02\/07\/fundacao-benfica-apoia-idosos-atingidos-pela-tempestade-kristin\/"]}]},{"@type":"ImageObject","inLanguage":"pt-PT","@id":"https:\/\/portaltela.pt\/noticias\/2026\/02\/07\/fundacao-benfica-apoia-idosos-atingidos-pela-tempestade-kristin\/#primaryimage","url":"https:\/\/portaltela.pt\/s.01k8rhncp4jt1\/2026\/02\/img_920x518uu2026-02-07-17-58-25-2420161.jpg","contentUrl":"https:\/\/portaltela.pt\/s.01k8rhncp4jt1\/2026\/02\/img_920x518uu2026-02-07-17-58-25-2420161.jpg","width":796,"height":448,"caption":"Funda\u00e7\u00e3o Benfica d\u00e1 apoio a idosos que foram v\u00edtimas da tempestade Kristin"},{"@type":"BreadcrumbList","@id":"https:\/\/portaltela.pt\/noticias\/2026\/02\/07\/fundacao-benfica-apoia-idosos-atingidos-pela-tempestade-kristin\/#breadcrumb","itemListElement":[{"@type":"ListItem","position":1,"name":"In\u00edcio","item":"https:\/\/portaltela.pt\/"},{"@type":"ListItem","position":2,"name":"Funda\u00e7\u00e3o Benfica apoia idosos atingidos pela tempestade Kristin"}]},{"@type":"WebSite","@id":"https:\/\/portaltela.pt\/#website","url":"https:\/\/portaltela.pt\/","name":"Portal Tela Portugal","description":"","potentialAction":[{"@type":"SearchAction","target":{"@type":"EntryPoint","urlTemplate":"https:\/\/portaltela.pt\/?s={search_term_string}"},"query-input":{"@type":"PropertyValueSpecification","valueRequired":true,"valueName":"search_term_string"}}],"inLanguage":"pt-PT"},{"@type":"Person","@id":"https:\/\/portaltela.pt\/#\/schema\/person\/c4278d4a6028830caff9ee44b42d32ed","name":"Telinha","image":{"@type":"ImageObject","inLanguage":"pt-PT","@id":"https:\/\/portaltela.pt\/s.01k8rhncp4jt1\/2025\/11\/talking-bot-125x125.png","url":"https:\/\/portaltela.pt\/s.01k8rhncp4jt1\/2025\/11\/talking-bot-125x125.png","contentUrl":"https:\/\/portaltela.pt\/s.01k8rhncp4jt1\/2025\/11\/talking-bot-125x125.png","caption":"Telinha"},"sameAs":["https:\/\/portaltela.pt\/"],"url":"https:\/\/portaltela.pt\/por\/367410592786\/"}]}},"_links":{"self":[{"href":"https:\/\/portaltela.pt\/api\/wp\/v2\/posts\/203184","targetHints":{"allow":["GET"]}}],"collection":[{"href":"https:\/\/portaltela.pt\/api\/wp\/v2\/posts"}],"about":[{"href":"https:\/\/portaltela.pt\/api\/wp\/v2\/types\/post"}],"author":[{"embeddable":true,"href":"https:\/\/portaltela.pt\/api\/wp\/v2\/users\/2"}],"replies":[{"embeddable":true,"href":"https:\/\/portaltela.pt\/api\/wp\/v2\/comments?post=203184"}],"version-history":[{"count":0,"href":"https:\/\/portaltela.pt\/api\/wp\/v2\/posts\/203184\/revisions"}],"wp:featuredmedia":[{"embeddable":true,"href":"https:\/\/portaltela.pt\/api\/wp\/v2\/media\/203188"}],"wp:attachment":[{"href":"https:\/\/portaltela.pt\/api\/wp\/v2\/media?parent=203184"}],"wp:term":[{"taxonomy":"category","embeddable":true,"href":"https:\/\/portaltela.pt\/api\/wp\/v2\/categories?post=203184"},{"taxonomy":"post_tag","embeddable":true,"href":"https:\/\/portaltela.pt\/api\/wp\/v2\/tags?post=203184"}],"curies":[{"name":"wp","href":"https:\/\/api.w.org\/{rel}","templated":true}]}}