{"id":203152,"date":"2026-02-07T14:17:00","date_gmt":"2026-02-07T17:17:00","guid":{"rendered":"https:\/\/portaltela.pt\/noticias\/2026\/02\/07\/dezanove-criancas-de-escola-em-coimbra-recebem-tratamento-por-infecao\/"},"modified":"2026-02-07T14:17:00","modified_gmt":"2026-02-07T17:17:00","slug":"dezanove-criancas-de-escola-em-coimbra-recebem-tratamento-por-infecao","status":"publish","type":"post","link":"https:\/\/portaltela.pt\/noticias\/2026\/02\/07\/dezanove-criancas-de-escola-em-coimbra-recebem-tratamento-por-infecao\/","title":{"rendered":"Dezanove crian\u00e7as de escola em Coimbra recebem tratamento por infe\u00e7\u00e3o"},"content":{"rendered":"<p>Aos vinte anos? N\u00e3o, aos 19 jovens da Escola B\u00e1sica In\u00eas de Castro, em Coimbra, foi necess\u00e1rio cuidados m\u00e9dicos ap\u00f3s sintomas de v\u00f3mitos e diarreia na noite de sexta-feira. Os alunos tinham entre 10 e 15 anos e j\u00e1 receberam alta.<\/p>\n<p>Ap\u00f3s tratamento no Hospital Pedi\u00e1trico de Coimbra, foi diagnosticada uma infe\u00e7\u00e3o por norov\u00edrus. Os sete dias seguintes viram as crian\u00e7as a recuperar-se em casa, segundo o vice-presidente da C\u00e2mara Municipal, Miguel Antunes.<\/p>\n<p>Al\u00e9m dos 19 casos que precisaram de atendimento, surgiram outras ocorr\u00eancias entre alunos da EB 2,3, In\u00eas de Castro com a mesma condi\u00e7\u00e3o, sem necessidade de apoio hospitalar. O autor agradeceu o esfor\u00e7o da equipa de sa\u00fade.<\/p>\n<h3>Investiga\u00e7\u00e3o em curso<\/h3>\n<p>A administra\u00e7\u00e3o do munic\u00edpio indicou que a situa\u00e7\u00e3o come\u00e7ou a ser acompanhada na noite de sexta, com vigil\u00e2ncia da hidrata\u00e7\u00e3o das crian\u00e7as. A alta hospitalar indicou fim de sinal de alarme para aquelas situa\u00e7\u00f5es.<\/p>\n<p>Foram enviadas an\u00e1lises de dois potenciais ve\u00edculos de cont\u00e1gio: os alimentos das refei\u00e7\u00f5es dos \u00faltimos dois dias e o abastecimento de \u00e1gua da escola. Os resultados ainda n\u00e3o est\u00e3o dispon\u00edveis.<\/p>\n<p>O munic\u00edpio manteve contacto com a associa\u00e7\u00e3o de pais para esclarecer a situa\u00e7\u00e3o e monitorizar a evolu\u00e7\u00e3o. O funcionamento da escola est\u00e1 garantido para segunda-feira, segundo a autarquia.<\/p>\n","protected":false},"excerpt":{"rendered":"<ul>\n<li>Dezanove crian\u00e7as da Escola B\u00e1sica In\u00eas de Castro, em Coimbra, com idades entre 10 e 15 anos, receberam cuidados m\u00e9dicos na noite de sexta-feira por v\u00f3mitos e diarreia, e j\u00e1 tiveram alta.<\/li>\n<li>No Hospital Pedi\u00e1trico de Coimbra foi diagnosticada infe\u00e7\u00e3o por norov\u00edrus; as crian\u00e7as j\u00e1 est\u00e3o a recuperar em casa, segundo o vice-presidente da C\u00e2mara, Miguel Antunes.<\/li>\n<li>Para al\u00e9m dessas 19 situa\u00e7\u00f5es, registaram-se mais casos na EB 2,3 In\u00eas de Castro com a mesma condi\u00e7\u00e3o, mas sem necessidade de apoio hospitalar; o n\u00famero total exato n\u00e3o est\u00e1 dispon\u00edvel.<\/li>\n<li>As autoridades monitorizaram a hidrata\u00e7\u00e3o durante o tratamento; a origem da infe\u00e7\u00e3o foi inicialmente associada \u00e0 confe\u00e7\u00e3o de alimentos, mas a possibilidade de \u00e1gua da escola tamb\u00e9m est\u00e1 a ser analisada.<\/li>\n<li>Os resultados das an\u00e1lises sobre alimento e \u00e1gua ainda n\u00e3o est\u00e3o dispon\u00edveis; o munic\u00edpio mant\u00e9m vigil\u00e2ncia e garante que a escola dever\u00e1 funcionar normalmente na segunda-feira.<\/li>\n<\/ul>\n","protected":false},"author":2,"featured_media":203153,"comment_status":"closed","ping_status":"closed","sticky":false,"template":"","format":"standard","meta":{"footnotes":""},"categories":[1],"tags":[1070,61,163,101,3166,271],"class_list":["post-203152","post","type-post","status-publish","format-standard","has-post-thumbnail","hentry","category-noticias","tag-coimbra","tag-doencas","tag-educacao","tag-escolas","tag-infecao","tag-saude-publica"],"yoast_head":"<!-- This site is optimized with the Yoast SEO plugin v27.2 - https:\/\/yoast.com\/product\/yoast-seo-wordpress\/ -->\n<title>Dezanove crian\u00e7as de escola em Coimbra recebem tratamento por infe\u00e7\u00e3o - Portal Tela Portugal<\/title>\n<meta name=\"robots\" content=\"index, follow, max-snippet:-1, max-image-preview:large, max-video-preview:-1\" \/>\n<meta property=\"og:locale\" content=\"pt_PT\" \/>\n<meta property=\"og:type\" content=\"article\" \/>\n<meta property=\"og:title\" content=\"Dezanove crian\u00e7as de escola em Coimbra recebem tratamento por infe\u00e7\u00e3o - Portal Tela Portugal\" \/>\n<meta property=\"og:description\" content=\"Dezanove crian\u00e7as da Escola B\u00e1sica In\u00eas de Castro, em Coimbra, com idades entre 10 e 15 anos, receberam cuidados m\u00e9dicos na noite de sexta-feira por v\u00f3mitos e diarreia, e j\u00e1 tiveram alta. No Hospital Pedi\u00e1trico de Coimbra foi diagnosticada infe\u00e7\u00e3o por norov\u00edrus; as crian\u00e7as j\u00e1 est\u00e3o a recuperar em casa, segundo o vice-presidente da C\u00e2mara, Miguel Antunes. Para al\u00e9m dessas 19 situa\u00e7\u00f5es, registaram-se mais casos na EB 2,3 In\u00eas de Castro com a mesma condi\u00e7\u00e3o, mas sem necessidade de apoio hospitalar; o n\u00famero total exato n\u00e3o est\u00e1 dispon\u00edvel. As autoridades monitorizaram a hidrata\u00e7\u00e3o durante o tratamento; a origem da infe\u00e7\u00e3o foi inicialmente associada \u00e0 confe\u00e7\u00e3o de alimentos, mas a possibilidade de \u00e1gua da escola tamb\u00e9m est\u00e1 a ser analisada. Os resultados das an\u00e1lises sobre alimento e \u00e1gua ainda n\u00e3o est\u00e3o dispon\u00edveis; o munic\u00edpio mant\u00e9m vigil\u00e2ncia e garante que a escola dever\u00e1 funcionar normalmente na segunda-feira.\" \/>\n<meta property=\"og:url\" content=\"https:\/\/portaltela.pt\/noticias\/2026\/02\/07\/dezanove-criancas-de-escola-em-coimbra-recebem-tratamento-por-infecao\/\" \/>\n<meta property=\"og:site_name\" content=\"Portal Tela Portugal\" \/>\n<meta property=\"article:published_time\" content=\"2026-02-07T17:17:00+00:00\" \/>\n<meta name=\"author\" content=\"Telinha\" \/>\n<meta name=\"twitter:card\" content=\"summary_large_image\" \/>\n<meta name=\"twitter:label1\" content=\"Escrito por\" \/>\n\t<meta name=\"twitter:data1\" content=\"Telinha\" \/>\n\t<meta name=\"twitter:label2\" content=\"Tempo estimado de leitura\" \/>\n\t<meta name=\"twitter:data2\" content=\"1 minuto\" \/>\n<script type=\"application\/ld+json\" class=\"yoast-schema-graph\">{\"@context\":\"https:\/\/schema.org\",\"@graph\":[{\"@type\":\"Article\",\"@id\":\"https:\/\/portaltela.pt\/noticias\/2026\/02\/07\/dezanove-criancas-de-escola-em-coimbra-recebem-tratamento-por-infecao\/#article\",\"isPartOf\":{\"@id\":\"https:\/\/portaltela.pt\/noticias\/2026\/02\/07\/dezanove-criancas-de-escola-em-coimbra-recebem-tratamento-por-infecao\/\"},\"author\":{\"name\":\"Telinha\",\"@id\":\"https:\/\/portaltela.pt\/#\/schema\/person\/c4278d4a6028830caff9ee44b42d32ed\"},\"headline\":\"Dezanove crian\u00e7as de escola em Coimbra recebem tratamento por infe\u00e7\u00e3o\",\"datePublished\":\"2026-02-07T17:17:00+00:00\",\"mainEntityOfPage\":{\"@id\":\"https:\/\/portaltela.pt\/noticias\/2026\/02\/07\/dezanove-criancas-de-escola-em-coimbra-recebem-tratamento-por-infecao\/\"},\"wordCount\":251,\"image\":{\"@id\":\"https:\/\/portaltela.pt\/noticias\/2026\/02\/07\/dezanove-criancas-de-escola-em-coimbra-recebem-tratamento-por-infecao\/#primaryimage\"},\"thumbnailUrl\":\"https:\/\/portaltela.pt\/s.01k8rhncp4jt1\/2026\/02\/ca5166d1-839c-4152-a562-32f88d299ca7_1200x675.jpg\",\"keywords\":[\"Coimbra\",\"doen\u00e7as\",\"educa\u00e7\u00e3o\",\"escolas\",\"infe\u00e7\u00e3o\",\"sa\u00fade p\u00fablica\"],\"articleSection\":[\"Not\u00edcias\"],\"inLanguage\":\"pt-PT\"},{\"@type\":\"WebPage\",\"@id\":\"https:\/\/portaltela.pt\/noticias\/2026\/02\/07\/dezanove-criancas-de-escola-em-coimbra-recebem-tratamento-por-infecao\/\",\"url\":\"https:\/\/portaltela.pt\/noticias\/2026\/02\/07\/dezanove-criancas-de-escola-em-coimbra-recebem-tratamento-por-infecao\/\",\"name\":\"Dezanove crian\u00e7as de escola em Coimbra recebem tratamento por infe\u00e7\u00e3o - Portal Tela Portugal\",\"isPartOf\":{\"@id\":\"https:\/\/portaltela.pt\/#website\"},\"primaryImageOfPage\":{\"@id\":\"https:\/\/portaltela.pt\/noticias\/2026\/02\/07\/dezanove-criancas-de-escola-em-coimbra-recebem-tratamento-por-infecao\/#primaryimage\"},\"image\":{\"@id\":\"https:\/\/portaltela.pt\/noticias\/2026\/02\/07\/dezanove-criancas-de-escola-em-coimbra-recebem-tratamento-por-infecao\/#primaryimage\"},\"thumbnailUrl\":\"https:\/\/portaltela.pt\/s.01k8rhncp4jt1\/2026\/02\/ca5166d1-839c-4152-a562-32f88d299ca7_1200x675.jpg\",\"datePublished\":\"2026-02-07T17:17:00+00:00\",\"author\":{\"@id\":\"https:\/\/portaltela.pt\/#\/schema\/person\/c4278d4a6028830caff9ee44b42d32ed\"},\"breadcrumb\":{\"@id\":\"https:\/\/portaltela.pt\/noticias\/2026\/02\/07\/dezanove-criancas-de-escola-em-coimbra-recebem-tratamento-por-infecao\/#breadcrumb\"},\"inLanguage\":\"pt-PT\",\"potentialAction\":[{\"@type\":\"ReadAction\",\"target\":[\"https:\/\/portaltela.pt\/noticias\/2026\/02\/07\/dezanove-criancas-de-escola-em-coimbra-recebem-tratamento-por-infecao\/\"]}]},{\"@type\":\"ImageObject\",\"inLanguage\":\"pt-PT\",\"@id\":\"https:\/\/portaltela.pt\/noticias\/2026\/02\/07\/dezanove-criancas-de-escola-em-coimbra-recebem-tratamento-por-infecao\/#primaryimage\",\"url\":\"https:\/\/portaltela.pt\/s.01k8rhncp4jt1\/2026\/02\/ca5166d1-839c-4152-a562-32f88d299ca7_1200x675.jpg\",\"contentUrl\":\"https:\/\/portaltela.pt\/s.01k8rhncp4jt1\/2026\/02\/ca5166d1-839c-4152-a562-32f88d299ca7_1200x675.jpg\",\"width\":796,\"height\":448,\"caption\":\"Crian\u00e7as foram diagnosticadas com uma \\\"infe\u00e7\u00e3o com um norov\u00edrus\\\"\"},{\"@type\":\"BreadcrumbList\",\"@id\":\"https:\/\/portaltela.pt\/noticias\/2026\/02\/07\/dezanove-criancas-de-escola-em-coimbra-recebem-tratamento-por-infecao\/#breadcrumb\",\"itemListElement\":[{\"@type\":\"ListItem\",\"position\":1,\"name\":\"In\u00edcio\",\"item\":\"https:\/\/portaltela.pt\/\"},{\"@type\":\"ListItem\",\"position\":2,\"name\":\"Dezanove crian\u00e7as de escola em Coimbra recebem tratamento por infe\u00e7\u00e3o\"}]},{\"@type\":\"WebSite\",\"@id\":\"https:\/\/portaltela.pt\/#website\",\"url\":\"https:\/\/portaltela.pt\/\",\"name\":\"Portal Tela Portugal\",\"description\":\"\",\"potentialAction\":[{\"@type\":\"SearchAction\",\"target\":{\"@type\":\"EntryPoint\",\"urlTemplate\":\"https:\/\/portaltela.pt\/?s={search_term_string}\"},\"query-input\":{\"@type\":\"PropertyValueSpecification\",\"valueRequired\":true,\"valueName\":\"search_term_string\"}}],\"inLanguage\":\"pt-PT\"},{\"@type\":\"Person\",\"@id\":\"https:\/\/portaltela.pt\/#\/schema\/person\/c4278d4a6028830caff9ee44b42d32ed\",\"name\":\"Telinha\",\"image\":{\"@type\":\"ImageObject\",\"inLanguage\":\"pt-PT\",\"@id\":\"https:\/\/portaltela.pt\/s.01k8rhncp4jt1\/2025\/11\/talking-bot-125x125.png\",\"url\":\"https:\/\/portaltela.pt\/s.01k8rhncp4jt1\/2025\/11\/talking-bot-125x125.png\",\"contentUrl\":\"https:\/\/portaltela.pt\/s.01k8rhncp4jt1\/2025\/11\/talking-bot-125x125.png\",\"caption\":\"Telinha\"},\"sameAs\":[\"https:\/\/portaltela.pt\/\"],\"url\":\"https:\/\/portaltela.pt\/por\/367410592786\/\"}]}<\/script>\n<!-- \/ Yoast SEO plugin. -->","yoast_head_json":{"title":"Dezanove crian\u00e7as de escola em Coimbra recebem tratamento por infe\u00e7\u00e3o - Portal Tela Portugal","robots":{"index":"index","follow":"follow","max-snippet":"max-snippet:-1","max-image-preview":"max-image-preview:large","max-video-preview":"max-video-preview:-1"},"og_locale":"pt_PT","og_type":"article","og_title":"Dezanove crian\u00e7as de escola em Coimbra recebem tratamento por infe\u00e7\u00e3o - Portal Tela Portugal","og_description":"Dezanove crian\u00e7as da Escola B\u00e1sica In\u00eas de Castro, em Coimbra, com idades entre 10 e 15 anos, receberam cuidados m\u00e9dicos na noite de sexta-feira por v\u00f3mitos e diarreia, e j\u00e1 tiveram alta. No Hospital Pedi\u00e1trico de Coimbra foi diagnosticada infe\u00e7\u00e3o por norov\u00edrus; as crian\u00e7as j\u00e1 est\u00e3o a recuperar em casa, segundo o vice-presidente da C\u00e2mara, Miguel Antunes. Para al\u00e9m dessas 19 situa\u00e7\u00f5es, registaram-se mais casos na EB 2,3 In\u00eas de Castro com a mesma condi\u00e7\u00e3o, mas sem necessidade de apoio hospitalar; o n\u00famero total exato n\u00e3o est\u00e1 dispon\u00edvel. As autoridades monitorizaram a hidrata\u00e7\u00e3o durante o tratamento; a origem da infe\u00e7\u00e3o foi inicialmente associada \u00e0 confe\u00e7\u00e3o de alimentos, mas a possibilidade de \u00e1gua da escola tamb\u00e9m est\u00e1 a ser analisada. Os resultados das an\u00e1lises sobre alimento e \u00e1gua ainda n\u00e3o est\u00e3o dispon\u00edveis; o munic\u00edpio mant\u00e9m vigil\u00e2ncia e garante que a escola dever\u00e1 funcionar normalmente na segunda-feira.","og_url":"https:\/\/portaltela.pt\/noticias\/2026\/02\/07\/dezanove-criancas-de-escola-em-coimbra-recebem-tratamento-por-infecao\/","og_site_name":"Portal Tela Portugal","article_published_time":"2026-02-07T17:17:00+00:00","author":"Telinha","twitter_card":"summary_large_image","twitter_misc":{"Escrito por":"Telinha","Tempo estimado de leitura":"1 minuto"},"schema":{"@context":"https:\/\/schema.org","@graph":[{"@type":"Article","@id":"https:\/\/portaltela.pt\/noticias\/2026\/02\/07\/dezanove-criancas-de-escola-em-coimbra-recebem-tratamento-por-infecao\/#article","isPartOf":{"@id":"https:\/\/portaltela.pt\/noticias\/2026\/02\/07\/dezanove-criancas-de-escola-em-coimbra-recebem-tratamento-por-infecao\/"},"author":{"name":"Telinha","@id":"https:\/\/portaltela.pt\/#\/schema\/person\/c4278d4a6028830caff9ee44b42d32ed"},"headline":"Dezanove crian\u00e7as de escola em Coimbra recebem tratamento por infe\u00e7\u00e3o","datePublished":"2026-02-07T17:17:00+00:00","mainEntityOfPage":{"@id":"https:\/\/portaltela.pt\/noticias\/2026\/02\/07\/dezanove-criancas-de-escola-em-coimbra-recebem-tratamento-por-infecao\/"},"wordCount":251,"image":{"@id":"https:\/\/portaltela.pt\/noticias\/2026\/02\/07\/dezanove-criancas-de-escola-em-coimbra-recebem-tratamento-por-infecao\/#primaryimage"},"thumbnailUrl":"https:\/\/portaltela.pt\/s.01k8rhncp4jt1\/2026\/02\/ca5166d1-839c-4152-a562-32f88d299ca7_1200x675.jpg","keywords":["Coimbra","doen\u00e7as","educa\u00e7\u00e3o","escolas","infe\u00e7\u00e3o","sa\u00fade p\u00fablica"],"articleSection":["Not\u00edcias"],"inLanguage":"pt-PT"},{"@type":"WebPage","@id":"https:\/\/portaltela.pt\/noticias\/2026\/02\/07\/dezanove-criancas-de-escola-em-coimbra-recebem-tratamento-por-infecao\/","url":"https:\/\/portaltela.pt\/noticias\/2026\/02\/07\/dezanove-criancas-de-escola-em-coimbra-recebem-tratamento-por-infecao\/","name":"Dezanove crian\u00e7as de escola em Coimbra recebem tratamento por infe\u00e7\u00e3o - Portal Tela Portugal","isPartOf":{"@id":"https:\/\/portaltela.pt\/#website"},"primaryImageOfPage":{"@id":"https:\/\/portaltela.pt\/noticias\/2026\/02\/07\/dezanove-criancas-de-escola-em-coimbra-recebem-tratamento-por-infecao\/#primaryimage"},"image":{"@id":"https:\/\/portaltela.pt\/noticias\/2026\/02\/07\/dezanove-criancas-de-escola-em-coimbra-recebem-tratamento-por-infecao\/#primaryimage"},"thumbnailUrl":"https:\/\/portaltela.pt\/s.01k8rhncp4jt1\/2026\/02\/ca5166d1-839c-4152-a562-32f88d299ca7_1200x675.jpg","datePublished":"2026-02-07T17:17:00+00:00","author":{"@id":"https:\/\/portaltela.pt\/#\/schema\/person\/c4278d4a6028830caff9ee44b42d32ed"},"breadcrumb":{"@id":"https:\/\/portaltela.pt\/noticias\/2026\/02\/07\/dezanove-criancas-de-escola-em-coimbra-recebem-tratamento-por-infecao\/#breadcrumb"},"inLanguage":"pt-PT","potentialAction":[{"@type":"ReadAction","target":["https:\/\/portaltela.pt\/noticias\/2026\/02\/07\/dezanove-criancas-de-escola-em-coimbra-recebem-tratamento-por-infecao\/"]}]},{"@type":"ImageObject","inLanguage":"pt-PT","@id":"https:\/\/portaltela.pt\/noticias\/2026\/02\/07\/dezanove-criancas-de-escola-em-coimbra-recebem-tratamento-por-infecao\/#primaryimage","url":"https:\/\/portaltela.pt\/s.01k8rhncp4jt1\/2026\/02\/ca5166d1-839c-4152-a562-32f88d299ca7_1200x675.jpg","contentUrl":"https:\/\/portaltela.pt\/s.01k8rhncp4jt1\/2026\/02\/ca5166d1-839c-4152-a562-32f88d299ca7_1200x675.jpg","width":796,"height":448,"caption":"Crian\u00e7as foram diagnosticadas com uma \"infe\u00e7\u00e3o com um norov\u00edrus\""},{"@type":"BreadcrumbList","@id":"https:\/\/portaltela.pt\/noticias\/2026\/02\/07\/dezanove-criancas-de-escola-em-coimbra-recebem-tratamento-por-infecao\/#breadcrumb","itemListElement":[{"@type":"ListItem","position":1,"name":"In\u00edcio","item":"https:\/\/portaltela.pt\/"},{"@type":"ListItem","position":2,"name":"Dezanove crian\u00e7as de escola em Coimbra recebem tratamento por infe\u00e7\u00e3o"}]},{"@type":"WebSite","@id":"https:\/\/portaltela.pt\/#website","url":"https:\/\/portaltela.pt\/","name":"Portal Tela Portugal","description":"","potentialAction":[{"@type":"SearchAction","target":{"@type":"EntryPoint","urlTemplate":"https:\/\/portaltela.pt\/?s={search_term_string}"},"query-input":{"@type":"PropertyValueSpecification","valueRequired":true,"valueName":"search_term_string"}}],"inLanguage":"pt-PT"},{"@type":"Person","@id":"https:\/\/portaltela.pt\/#\/schema\/person\/c4278d4a6028830caff9ee44b42d32ed","name":"Telinha","image":{"@type":"ImageObject","inLanguage":"pt-PT","@id":"https:\/\/portaltela.pt\/s.01k8rhncp4jt1\/2025\/11\/talking-bot-125x125.png","url":"https:\/\/portaltela.pt\/s.01k8rhncp4jt1\/2025\/11\/talking-bot-125x125.png","contentUrl":"https:\/\/portaltela.pt\/s.01k8rhncp4jt1\/2025\/11\/talking-bot-125x125.png","caption":"Telinha"},"sameAs":["https:\/\/portaltela.pt\/"],"url":"https:\/\/portaltela.pt\/por\/367410592786\/"}]}},"_links":{"self":[{"href":"https:\/\/portaltela.pt\/api\/wp\/v2\/posts\/203152","targetHints":{"allow":["GET"]}}],"collection":[{"href":"https:\/\/portaltela.pt\/api\/wp\/v2\/posts"}],"about":[{"href":"https:\/\/portaltela.pt\/api\/wp\/v2\/types\/post"}],"author":[{"embeddable":true,"href":"https:\/\/portaltela.pt\/api\/wp\/v2\/users\/2"}],"replies":[{"embeddable":true,"href":"https:\/\/portaltela.pt\/api\/wp\/v2\/comments?post=203152"}],"version-history":[{"count":0,"href":"https:\/\/portaltela.pt\/api\/wp\/v2\/posts\/203152\/revisions"}],"wp:featuredmedia":[{"embeddable":true,"href":"https:\/\/portaltela.pt\/api\/wp\/v2\/media\/203153"}],"wp:attachment":[{"href":"https:\/\/portaltela.pt\/api\/wp\/v2\/media?parent=203152"}],"wp:term":[{"taxonomy":"category","embeddable":true,"href":"https:\/\/portaltela.pt\/api\/wp\/v2\/categories?post=203152"},{"taxonomy":"post_tag","embeddable":true,"href":"https:\/\/portaltela.pt\/api\/wp\/v2\/tags?post=203152"}],"curies":[{"name":"wp","href":"https:\/\/api.w.org\/{rel}","templated":true}]}}