{"id":203128,"date":"2026-02-07T13:47:11","date_gmt":"2026-02-07T16:47:11","guid":{"rendered":"https:\/\/portaltela.pt\/noticias\/2026\/02\/07\/revalidacao-rejeitada-riscos-para-os-clubes-da-2-a-liga\/"},"modified":"2026-02-07T13:47:11","modified_gmt":"2026-02-07T16:47:11","slug":"revalidacao-rejeitada-riscos-para-os-clubes-da-2-a-liga","status":"publish","type":"post","link":"https:\/\/portaltela.pt\/desporto\/futebol\/2026\/02\/07\/revalidacao-rejeitada-riscos-para-os-clubes-da-2-a-liga\/","title":{"rendered":"Revalida\u00e7\u00e3o rejeitada: riscos para os clubes da 2.\u00aa Liga"},"content":{"rendered":"<p>A proposta de revalida\u00e7\u00e3o da distribui\u00e7\u00e3o do mecanismo de solidariedade da UEFA foi chumbada na Assembleia Geral, na sexta-feira. Os clubes da 1.\u00aa Liga votaram contra a distribui\u00e7\u00e3o das verbas aos emblemas da 2.\u00aa Liga.<\/p>\n<p>Segundo o debate ocorrido, os clubes da 1.\u00aa Liga contestaram a forma de reparti\u00e7\u00e3o prevista para a segunda liga, mantendo a rejei\u00e7\u00e3o \u00e0 transfer\u00eancia de fundos atrav\u00e9s do mecanismo de solidariedade da UEFA. O resultado da vota\u00e7\u00e3o consolidou a posi\u00e7\u00e3o de oposi\u00e7\u00e3o.<\/p>\n<p>A distribui\u00e7\u00e3o, caso tivesse avan\u00e7ado, poderia ter beneficiado os clubes da 2.\u00aa Liga ligados \u00e0 rede Liga Meu Super, com cada emblema a poder receber perto de 500 mil euros. A rejei\u00e7\u00e3o deixa, assim, sem altera\u00e7\u00e3o o atual quadro financeiro entre as ligas.<\/p>\n<p>A decis\u00e3o impede altera\u00e7\u00f5es imediatas ao regime de financiamento previsto pelo mecanismo de solidariedade, mantendo o modelo existente. Aguardam-se novos desenvolvimentos oficiais sobre eventuais revis\u00f5es futuras dessa proposta.<\/p>\n","protected":false},"excerpt":{"rendered":"<ul>\n<li>A proposta de revalida\u00e7\u00e3o da distribui\u00e7\u00e3o do mecanismo de solidariedade da UEFA foi chumbada.<\/li>\n<li>A vota\u00e7\u00e3o ocorreu em Assembleia Geral nesta sexta-feira.<\/li>\n<li>Os clubes da primeira Liga votaram contra a distribui\u00e7\u00e3o de verbas aos emblemas da segunda Liga.<\/li>\n<li>A distribui\u00e7\u00e3o prevista permitiria que cada emblema da Liga Meu Super recebesse quase meio milh\u00e3o de euros.<\/li>\n<li>O rejeitado mant\u00e9m, por agora, d\u00favidas sobre o destino das verbas de solidariedade da UEFA para a segunda Liga.<\/li>\n<\/ul>\n","protected":false},"author":2,"featured_media":203132,"comment_status":"closed","ping_status":"closed","sticky":false,"template":"","format":"standard","meta":{"footnotes":""},"categories":[21,24],"tags":[4059,4175,555,660,32],"class_list":["post-203128","post","type-post","status-publish","format-standard","has-post-thumbnail","hentry","category-desporto","category-futebol","tag-1-a-liga","tag-2-a-liga","tag-assuntos-de-futebol","tag-assuntos-desportivos","tag-futebol"],"yoast_head":"<!-- This site is optimized with the Yoast SEO plugin v27.2 - https:\/\/yoast.com\/product\/yoast-seo-wordpress\/ -->\n<title>Revalida\u00e7\u00e3o rejeitada: riscos para os clubes da 2.\u00aa Liga - Portal Tela Portugal<\/title>\n<meta name=\"robots\" content=\"index, follow, max-snippet:-1, max-image-preview:large, max-video-preview:-1\" \/>\n<meta property=\"og:locale\" content=\"pt_PT\" \/>\n<meta property=\"og:type\" content=\"article\" \/>\n<meta property=\"og:title\" content=\"Revalida\u00e7\u00e3o rejeitada: riscos para os clubes da 2.\u00aa Liga - Portal Tela Portugal\" \/>\n<meta property=\"og:description\" content=\"A proposta de revalida\u00e7\u00e3o da distribui\u00e7\u00e3o do mecanismo de solidariedade da UEFA foi chumbada. A vota\u00e7\u00e3o ocorreu em Assembleia Geral nesta sexta-feira. Os clubes da primeira Liga votaram contra a distribui\u00e7\u00e3o de verbas aos emblemas da segunda Liga. A distribui\u00e7\u00e3o prevista permitiria que cada emblema da Liga Meu Super recebesse quase meio milh\u00e3o de euros. O rejeitado mant\u00e9m, por agora, d\u00favidas sobre o destino das verbas de solidariedade da UEFA para a segunda Liga.\" \/>\n<meta property=\"og:url\" content=\"https:\/\/portaltela.pt\/noticias\/2026\/02\/07\/revalidacao-rejeitada-riscos-para-os-clubes-da-2-a-liga\/\" \/>\n<meta property=\"og:site_name\" content=\"Portal Tela Portugal\" \/>\n<meta property=\"article:published_time\" content=\"2026-02-07T16:47:11+00:00\" \/>\n<meta name=\"author\" content=\"Telinha\" \/>\n<meta name=\"twitter:card\" content=\"summary_large_image\" \/>\n<meta name=\"twitter:label1\" content=\"Escrito por\" \/>\n\t<meta name=\"twitter:data1\" content=\"Telinha\" \/>\n\t<meta name=\"twitter:label2\" content=\"Tempo estimado de leitura\" \/>\n\t<meta name=\"twitter:data2\" content=\"1 minuto\" \/>\n<script type=\"application\/ld+json\" class=\"yoast-schema-graph\">{\"@context\":\"https:\/\/schema.org\",\"@graph\":[{\"@type\":\"Article\",\"@id\":\"https:\/\/portaltela.pt\/noticias\/2026\/02\/07\/revalidacao-rejeitada-riscos-para-os-clubes-da-2-a-liga\/#article\",\"isPartOf\":{\"@id\":\"https:\/\/portaltela.pt\/noticias\/2026\/02\/07\/revalidacao-rejeitada-riscos-para-os-clubes-da-2-a-liga\/\"},\"author\":{\"name\":\"Telinha\",\"@id\":\"https:\/\/portaltela.pt\/#\/schema\/person\/c4278d4a6028830caff9ee44b42d32ed\"},\"headline\":\"Revalida\u00e7\u00e3o rejeitada: riscos para os clubes da 2.\u00aa Liga\",\"datePublished\":\"2026-02-07T16:47:11+00:00\",\"mainEntityOfPage\":{\"@id\":\"https:\/\/portaltela.pt\/noticias\/2026\/02\/07\/revalidacao-rejeitada-riscos-para-os-clubes-da-2-a-liga\/\"},\"wordCount\":167,\"image\":{\"@id\":\"https:\/\/portaltela.pt\/noticias\/2026\/02\/07\/revalidacao-rejeitada-riscos-para-os-clubes-da-2-a-liga\/#primaryimage\"},\"thumbnailUrl\":\"https:\/\/portaltela.pt\/s.01k8rhncp4jt1\/2026\/02\/img_920x518uu2026-02-07-16-41-52-2420149.jpg\",\"keywords\":[\"1.\u00aa Liga\",\"2.\u00aa Liga\",\"assuntos de futebol\",\"assuntos desportivos\",\"futebol\"],\"articleSection\":[\"Desporto\",\"Futebol\"],\"inLanguage\":\"pt-PT\"},{\"@type\":\"WebPage\",\"@id\":\"https:\/\/portaltela.pt\/noticias\/2026\/02\/07\/revalidacao-rejeitada-riscos-para-os-clubes-da-2-a-liga\/\",\"url\":\"https:\/\/portaltela.pt\/noticias\/2026\/02\/07\/revalidacao-rejeitada-riscos-para-os-clubes-da-2-a-liga\/\",\"name\":\"Revalida\u00e7\u00e3o rejeitada: riscos para os clubes da 2.\u00aa Liga - Portal Tela Portugal\",\"isPartOf\":{\"@id\":\"https:\/\/portaltela.pt\/#website\"},\"primaryImageOfPage\":{\"@id\":\"https:\/\/portaltela.pt\/noticias\/2026\/02\/07\/revalidacao-rejeitada-riscos-para-os-clubes-da-2-a-liga\/#primaryimage\"},\"image\":{\"@id\":\"https:\/\/portaltela.pt\/noticias\/2026\/02\/07\/revalidacao-rejeitada-riscos-para-os-clubes-da-2-a-liga\/#primaryimage\"},\"thumbnailUrl\":\"https:\/\/portaltela.pt\/s.01k8rhncp4jt1\/2026\/02\/img_920x518uu2026-02-07-16-41-52-2420149.jpg\",\"datePublished\":\"2026-02-07T16:47:11+00:00\",\"author\":{\"@id\":\"https:\/\/portaltela.pt\/#\/schema\/person\/c4278d4a6028830caff9ee44b42d32ed\"},\"breadcrumb\":{\"@id\":\"https:\/\/portaltela.pt\/noticias\/2026\/02\/07\/revalidacao-rejeitada-riscos-para-os-clubes-da-2-a-liga\/#breadcrumb\"},\"inLanguage\":\"pt-PT\",\"potentialAction\":[{\"@type\":\"ReadAction\",\"target\":[\"https:\/\/portaltela.pt\/noticias\/2026\/02\/07\/revalidacao-rejeitada-riscos-para-os-clubes-da-2-a-liga\/\"]}]},{\"@type\":\"ImageObject\",\"inLanguage\":\"pt-PT\",\"@id\":\"https:\/\/portaltela.pt\/noticias\/2026\/02\/07\/revalidacao-rejeitada-riscos-para-os-clubes-da-2-a-liga\/#primaryimage\",\"url\":\"https:\/\/portaltela.pt\/s.01k8rhncp4jt1\/2026\/02\/img_920x518uu2026-02-07-16-41-52-2420149.jpg\",\"contentUrl\":\"https:\/\/portaltela.pt\/s.01k8rhncp4jt1\/2026\/02\/img_920x518uu2026-02-07-16-41-52-2420149.jpg\",\"width\":796,\"height\":448,\"caption\":\"Assembleia Geral da Liga\"},{\"@type\":\"BreadcrumbList\",\"@id\":\"https:\/\/portaltela.pt\/noticias\/2026\/02\/07\/revalidacao-rejeitada-riscos-para-os-clubes-da-2-a-liga\/#breadcrumb\",\"itemListElement\":[{\"@type\":\"ListItem\",\"position\":1,\"name\":\"In\u00edcio\",\"item\":\"https:\/\/portaltela.pt\/\"},{\"@type\":\"ListItem\",\"position\":2,\"name\":\"Revalida\u00e7\u00e3o rejeitada: riscos para os clubes da 2.\u00aa Liga\"}]},{\"@type\":\"WebSite\",\"@id\":\"https:\/\/portaltela.pt\/#website\",\"url\":\"https:\/\/portaltela.pt\/\",\"name\":\"Portal Tela Portugal\",\"description\":\"\",\"potentialAction\":[{\"@type\":\"SearchAction\",\"target\":{\"@type\":\"EntryPoint\",\"urlTemplate\":\"https:\/\/portaltela.pt\/?s={search_term_string}\"},\"query-input\":{\"@type\":\"PropertyValueSpecification\",\"valueRequired\":true,\"valueName\":\"search_term_string\"}}],\"inLanguage\":\"pt-PT\"},{\"@type\":\"Person\",\"@id\":\"https:\/\/portaltela.pt\/#\/schema\/person\/c4278d4a6028830caff9ee44b42d32ed\",\"name\":\"Telinha\",\"image\":{\"@type\":\"ImageObject\",\"inLanguage\":\"pt-PT\",\"@id\":\"https:\/\/portaltela.pt\/s.01k8rhncp4jt1\/2025\/11\/talking-bot-125x125.png\",\"url\":\"https:\/\/portaltela.pt\/s.01k8rhncp4jt1\/2025\/11\/talking-bot-125x125.png\",\"contentUrl\":\"https:\/\/portaltela.pt\/s.01k8rhncp4jt1\/2025\/11\/talking-bot-125x125.png\",\"caption\":\"Telinha\"},\"sameAs\":[\"https:\/\/portaltela.pt\/\"],\"url\":\"https:\/\/portaltela.pt\/por\/367410592786\/\"}]}<\/script>\n<!-- \/ Yoast SEO plugin. -->","yoast_head_json":{"title":"Revalida\u00e7\u00e3o rejeitada: riscos para os clubes da 2.\u00aa Liga - Portal Tela Portugal","robots":{"index":"index","follow":"follow","max-snippet":"max-snippet:-1","max-image-preview":"max-image-preview:large","max-video-preview":"max-video-preview:-1"},"og_locale":"pt_PT","og_type":"article","og_title":"Revalida\u00e7\u00e3o rejeitada: riscos para os clubes da 2.\u00aa Liga - Portal Tela Portugal","og_description":"A proposta de revalida\u00e7\u00e3o da distribui\u00e7\u00e3o do mecanismo de solidariedade da UEFA foi chumbada. A vota\u00e7\u00e3o ocorreu em Assembleia Geral nesta sexta-feira. Os clubes da primeira Liga votaram contra a distribui\u00e7\u00e3o de verbas aos emblemas da segunda Liga. A distribui\u00e7\u00e3o prevista permitiria que cada emblema da Liga Meu Super recebesse quase meio milh\u00e3o de euros. O rejeitado mant\u00e9m, por agora, d\u00favidas sobre o destino das verbas de solidariedade da UEFA para a segunda Liga.","og_url":"https:\/\/portaltela.pt\/noticias\/2026\/02\/07\/revalidacao-rejeitada-riscos-para-os-clubes-da-2-a-liga\/","og_site_name":"Portal Tela Portugal","article_published_time":"2026-02-07T16:47:11+00:00","author":"Telinha","twitter_card":"summary_large_image","twitter_misc":{"Escrito por":"Telinha","Tempo estimado de leitura":"1 minuto"},"schema":{"@context":"https:\/\/schema.org","@graph":[{"@type":"Article","@id":"https:\/\/portaltela.pt\/noticias\/2026\/02\/07\/revalidacao-rejeitada-riscos-para-os-clubes-da-2-a-liga\/#article","isPartOf":{"@id":"https:\/\/portaltela.pt\/noticias\/2026\/02\/07\/revalidacao-rejeitada-riscos-para-os-clubes-da-2-a-liga\/"},"author":{"name":"Telinha","@id":"https:\/\/portaltela.pt\/#\/schema\/person\/c4278d4a6028830caff9ee44b42d32ed"},"headline":"Revalida\u00e7\u00e3o rejeitada: riscos para os clubes da 2.\u00aa Liga","datePublished":"2026-02-07T16:47:11+00:00","mainEntityOfPage":{"@id":"https:\/\/portaltela.pt\/noticias\/2026\/02\/07\/revalidacao-rejeitada-riscos-para-os-clubes-da-2-a-liga\/"},"wordCount":167,"image":{"@id":"https:\/\/portaltela.pt\/noticias\/2026\/02\/07\/revalidacao-rejeitada-riscos-para-os-clubes-da-2-a-liga\/#primaryimage"},"thumbnailUrl":"https:\/\/portaltela.pt\/s.01k8rhncp4jt1\/2026\/02\/img_920x518uu2026-02-07-16-41-52-2420149.jpg","keywords":["1.\u00aa Liga","2.\u00aa Liga","assuntos de futebol","assuntos desportivos","futebol"],"articleSection":["Desporto","Futebol"],"inLanguage":"pt-PT"},{"@type":"WebPage","@id":"https:\/\/portaltela.pt\/noticias\/2026\/02\/07\/revalidacao-rejeitada-riscos-para-os-clubes-da-2-a-liga\/","url":"https:\/\/portaltela.pt\/noticias\/2026\/02\/07\/revalidacao-rejeitada-riscos-para-os-clubes-da-2-a-liga\/","name":"Revalida\u00e7\u00e3o rejeitada: riscos para os clubes da 2.\u00aa Liga - Portal Tela Portugal","isPartOf":{"@id":"https:\/\/portaltela.pt\/#website"},"primaryImageOfPage":{"@id":"https:\/\/portaltela.pt\/noticias\/2026\/02\/07\/revalidacao-rejeitada-riscos-para-os-clubes-da-2-a-liga\/#primaryimage"},"image":{"@id":"https:\/\/portaltela.pt\/noticias\/2026\/02\/07\/revalidacao-rejeitada-riscos-para-os-clubes-da-2-a-liga\/#primaryimage"},"thumbnailUrl":"https:\/\/portaltela.pt\/s.01k8rhncp4jt1\/2026\/02\/img_920x518uu2026-02-07-16-41-52-2420149.jpg","datePublished":"2026-02-07T16:47:11+00:00","author":{"@id":"https:\/\/portaltela.pt\/#\/schema\/person\/c4278d4a6028830caff9ee44b42d32ed"},"breadcrumb":{"@id":"https:\/\/portaltela.pt\/noticias\/2026\/02\/07\/revalidacao-rejeitada-riscos-para-os-clubes-da-2-a-liga\/#breadcrumb"},"inLanguage":"pt-PT","potentialAction":[{"@type":"ReadAction","target":["https:\/\/portaltela.pt\/noticias\/2026\/02\/07\/revalidacao-rejeitada-riscos-para-os-clubes-da-2-a-liga\/"]}]},{"@type":"ImageObject","inLanguage":"pt-PT","@id":"https:\/\/portaltela.pt\/noticias\/2026\/02\/07\/revalidacao-rejeitada-riscos-para-os-clubes-da-2-a-liga\/#primaryimage","url":"https:\/\/portaltela.pt\/s.01k8rhncp4jt1\/2026\/02\/img_920x518uu2026-02-07-16-41-52-2420149.jpg","contentUrl":"https:\/\/portaltela.pt\/s.01k8rhncp4jt1\/2026\/02\/img_920x518uu2026-02-07-16-41-52-2420149.jpg","width":796,"height":448,"caption":"Assembleia Geral da Liga"},{"@type":"BreadcrumbList","@id":"https:\/\/portaltela.pt\/noticias\/2026\/02\/07\/revalidacao-rejeitada-riscos-para-os-clubes-da-2-a-liga\/#breadcrumb","itemListElement":[{"@type":"ListItem","position":1,"name":"In\u00edcio","item":"https:\/\/portaltela.pt\/"},{"@type":"ListItem","position":2,"name":"Revalida\u00e7\u00e3o rejeitada: riscos para os clubes da 2.\u00aa Liga"}]},{"@type":"WebSite","@id":"https:\/\/portaltela.pt\/#website","url":"https:\/\/portaltela.pt\/","name":"Portal Tela Portugal","description":"","potentialAction":[{"@type":"SearchAction","target":{"@type":"EntryPoint","urlTemplate":"https:\/\/portaltela.pt\/?s={search_term_string}"},"query-input":{"@type":"PropertyValueSpecification","valueRequired":true,"valueName":"search_term_string"}}],"inLanguage":"pt-PT"},{"@type":"Person","@id":"https:\/\/portaltela.pt\/#\/schema\/person\/c4278d4a6028830caff9ee44b42d32ed","name":"Telinha","image":{"@type":"ImageObject","inLanguage":"pt-PT","@id":"https:\/\/portaltela.pt\/s.01k8rhncp4jt1\/2025\/11\/talking-bot-125x125.png","url":"https:\/\/portaltela.pt\/s.01k8rhncp4jt1\/2025\/11\/talking-bot-125x125.png","contentUrl":"https:\/\/portaltela.pt\/s.01k8rhncp4jt1\/2025\/11\/talking-bot-125x125.png","caption":"Telinha"},"sameAs":["https:\/\/portaltela.pt\/"],"url":"https:\/\/portaltela.pt\/por\/367410592786\/"}]}},"_links":{"self":[{"href":"https:\/\/portaltela.pt\/api\/wp\/v2\/posts\/203128","targetHints":{"allow":["GET"]}}],"collection":[{"href":"https:\/\/portaltela.pt\/api\/wp\/v2\/posts"}],"about":[{"href":"https:\/\/portaltela.pt\/api\/wp\/v2\/types\/post"}],"author":[{"embeddable":true,"href":"https:\/\/portaltela.pt\/api\/wp\/v2\/users\/2"}],"replies":[{"embeddable":true,"href":"https:\/\/portaltela.pt\/api\/wp\/v2\/comments?post=203128"}],"version-history":[{"count":0,"href":"https:\/\/portaltela.pt\/api\/wp\/v2\/posts\/203128\/revisions"}],"wp:featuredmedia":[{"embeddable":true,"href":"https:\/\/portaltela.pt\/api\/wp\/v2\/media\/203132"}],"wp:attachment":[{"href":"https:\/\/portaltela.pt\/api\/wp\/v2\/media?parent=203128"}],"wp:term":[{"taxonomy":"category","embeddable":true,"href":"https:\/\/portaltela.pt\/api\/wp\/v2\/categories?post=203128"},{"taxonomy":"post_tag","embeddable":true,"href":"https:\/\/portaltela.pt\/api\/wp\/v2\/tags?post=203128"}],"curies":[{"name":"wp","href":"https:\/\/api.w.org\/{rel}","templated":true}]}}