{"id":203076,"date":"2026-02-07T13:11:05","date_gmt":"2026-02-07T16:11:05","guid":{"rendered":"https:\/\/portaltela.pt\/noticias\/2026\/02\/07\/portugal-despromovido-ao-grupo-ii-da-taca-davis-apos-derrota-frente-a-china\/"},"modified":"2026-02-07T13:11:05","modified_gmt":"2026-02-07T16:11:05","slug":"portugal-despromovido-ao-grupo-ii-da-taca-davis-apos-derrota-frente-a-china","status":"publish","type":"post","link":"https:\/\/portaltela.pt\/desporto\/2026\/02\/07\/portugal-despromovido-ao-grupo-ii-da-taca-davis-apos-derrota-frente-a-china\/","title":{"rendered":"Portugal despromovido ao Grupo II da Ta\u00e7a Davis ap\u00f3s derrota frente \u00e0 China"},"content":{"rendered":"<p>Portugal desceu ao Grupo II da Ta\u00e7a Davis ap\u00f3s perder por 3-1 com a China, no segundo dia de play-off no Guangzhou, China. Os duelos de singulares e de pares ditaram o desfecho, com Nuno Borges e Francisco Cabral a sofrer as derrotas-chave.<\/p>\n<p>Na estreia do dia, Portugal ficou atr\u00e1s no marcador ap\u00f3s a derrota do par portugu\u00eas, composto por Borges e Cabral, frente a Zhizhen Zhang e Zhou Yi. A time china consolidou a vantagem, sem necessidade de disputar o quinto encontro.<\/p>\n<p>No singelo de singulares, Borges perdeu diante de Zhang, o que confirmou a vit\u00f3ria da China no play-off do Grupo I. Zhang, com estilo agressivo, venceu em sets de 5-7 e 4-6, em 1 hora e 22 minutos, no piso duro do Nansha International Tennis Center.<\/p>\n<p>O capit\u00e3o Rui Machado reconheceu que o resultado n\u00e3o correspondia \u00e0s expectativas, destacando que a dupla lusa enfrentou advers\u00e1rios fortes em pares. Ferreira Zhang foi citado como tendo contribu\u00eddo para a vantagem chinesa, mantendo o dom\u00ednio na eliminat\u00f3ria.<\/p>\n","protected":false},"excerpt":{"rendered":"<ul>\n<li>Portugal foi despromovido ao Grupo II da Ta\u00e7a Davis de t\u00e9nis, ap\u00f3s perder 3-1 com a China em Guangzhou.<\/li>\n<li>No segundo dia, a dupla portuguesa Nuno Borges\/Francisco Cabral perdeu diante de Zhizhen Zhang e Zhou Yi em tr\u00eas sets.<\/li>\n<li>A China definiu a eliminat\u00f3ria com a vit\u00f3ria de Zhang sobre Borges no singulares, repetindo o triunfo no confronto direto.<\/li>\n<li>No primeiro dia, Portugal ficou empatado em 1-1, com Henrique Rocha a vencer Bu Yunchaokete e Borges a perder diante de Wu Yibing.<\/li>\n<li>O Nansha International Tennis Center, em Guangzhou, recebeu o encontro, que assegurou a passagem da China no play-off do Grupo I.<\/li>\n<\/ul>\n","protected":false},"author":2,"featured_media":203078,"comment_status":"closed","ping_status":"closed","sticky":false,"template":"","format":"standard","meta":{"footnotes":""},"categories":[21],"tags":[81,1014,3945,94],"class_list":["post-203076","post","type-post","status-publish","format-standard","has-post-thumbnail","hentry","category-desporto","tag-internacionais","tag-portugal","tag-taca-davis","tag-tenis"],"yoast_head":"<!-- This site is optimized with the Yoast SEO plugin v27.2 - https:\/\/yoast.com\/product\/yoast-seo-wordpress\/ -->\n<title>Portugal despromovido ao Grupo II da Ta\u00e7a Davis ap\u00f3s derrota frente \u00e0 China - Portal Tela Portugal<\/title>\n<meta name=\"robots\" content=\"index, follow, max-snippet:-1, max-image-preview:large, max-video-preview:-1\" \/>\n<meta property=\"og:locale\" content=\"pt_PT\" \/>\n<meta property=\"og:type\" content=\"article\" \/>\n<meta property=\"og:title\" content=\"Portugal despromovido ao Grupo II da Ta\u00e7a Davis ap\u00f3s derrota frente \u00e0 China - Portal Tela Portugal\" \/>\n<meta property=\"og:description\" content=\"Portugal foi despromovido ao Grupo II da Ta\u00e7a Davis de t\u00e9nis, ap\u00f3s perder 3-1 com a China em Guangzhou. No segundo dia, a dupla portuguesa Nuno Borges\/Francisco Cabral perdeu diante de Zhizhen Zhang e Zhou Yi em tr\u00eas sets. A China definiu a eliminat\u00f3ria com a vit\u00f3ria de Zhang sobre Borges no singulares, repetindo o triunfo no confronto direto. No primeiro dia, Portugal ficou empatado em 1-1, com Henrique Rocha a vencer Bu Yunchaokete e Borges a perder diante de Wu Yibing. O Nansha International Tennis Center, em Guangzhou, recebeu o encontro, que assegurou a passagem da China no play-off do Grupo I.\" \/>\n<meta property=\"og:url\" content=\"https:\/\/portaltela.pt\/noticias\/2026\/02\/07\/portugal-despromovido-ao-grupo-ii-da-taca-davis-apos-derrota-frente-a-china\/\" \/>\n<meta property=\"og:site_name\" content=\"Portal Tela Portugal\" \/>\n<meta property=\"article:published_time\" content=\"2026-02-07T16:11:05+00:00\" \/>\n<meta name=\"author\" content=\"Telinha\" \/>\n<meta name=\"twitter:card\" content=\"summary_large_image\" \/>\n<meta name=\"twitter:label1\" content=\"Escrito por\" \/>\n\t<meta name=\"twitter:data1\" content=\"Telinha\" \/>\n\t<meta name=\"twitter:label2\" content=\"Tempo estimado de leitura\" \/>\n\t<meta name=\"twitter:data2\" content=\"1 minuto\" \/>\n<script type=\"application\/ld+json\" class=\"yoast-schema-graph\">{\"@context\":\"https:\/\/schema.org\",\"@graph\":[{\"@type\":\"Article\",\"@id\":\"https:\/\/portaltela.pt\/noticias\/2026\/02\/07\/portugal-despromovido-ao-grupo-ii-da-taca-davis-apos-derrota-frente-a-china\/#article\",\"isPartOf\":{\"@id\":\"https:\/\/portaltela.pt\/noticias\/2026\/02\/07\/portugal-despromovido-ao-grupo-ii-da-taca-davis-apos-derrota-frente-a-china\/\"},\"author\":{\"name\":\"Telinha\",\"@id\":\"https:\/\/portaltela.pt\/#\/schema\/person\/c4278d4a6028830caff9ee44b42d32ed\"},\"headline\":\"Portugal despromovido ao Grupo II da Ta\u00e7a Davis ap\u00f3s derrota frente \u00e0 China\",\"datePublished\":\"2026-02-07T16:11:05+00:00\",\"mainEntityOfPage\":{\"@id\":\"https:\/\/portaltela.pt\/noticias\/2026\/02\/07\/portugal-despromovido-ao-grupo-ii-da-taca-davis-apos-derrota-frente-a-china\/\"},\"wordCount\":191,\"image\":{\"@id\":\"https:\/\/portaltela.pt\/noticias\/2026\/02\/07\/portugal-despromovido-ao-grupo-ii-da-taca-davis-apos-derrota-frente-a-china\/#primaryimage\"},\"thumbnailUrl\":\"https:\/\/portaltela.pt\/s.01k8rhncp4jt1\/2026\/02\/img_920x518uu2026-02-07-16-09-11-2420137.jpg\",\"keywords\":[\"internacionais\",\"Portugal\",\"Ta\u00e7a Davis\",\"t\u00eanis\"],\"articleSection\":[\"Desporto\"],\"inLanguage\":\"pt-PT\"},{\"@type\":\"WebPage\",\"@id\":\"https:\/\/portaltela.pt\/noticias\/2026\/02\/07\/portugal-despromovido-ao-grupo-ii-da-taca-davis-apos-derrota-frente-a-china\/\",\"url\":\"https:\/\/portaltela.pt\/noticias\/2026\/02\/07\/portugal-despromovido-ao-grupo-ii-da-taca-davis-apos-derrota-frente-a-china\/\",\"name\":\"Portugal despromovido ao Grupo II da Ta\u00e7a Davis ap\u00f3s derrota frente \u00e0 China - Portal Tela Portugal\",\"isPartOf\":{\"@id\":\"https:\/\/portaltela.pt\/#website\"},\"primaryImageOfPage\":{\"@id\":\"https:\/\/portaltela.pt\/noticias\/2026\/02\/07\/portugal-despromovido-ao-grupo-ii-da-taca-davis-apos-derrota-frente-a-china\/#primaryimage\"},\"image\":{\"@id\":\"https:\/\/portaltela.pt\/noticias\/2026\/02\/07\/portugal-despromovido-ao-grupo-ii-da-taca-davis-apos-derrota-frente-a-china\/#primaryimage\"},\"thumbnailUrl\":\"https:\/\/portaltela.pt\/s.01k8rhncp4jt1\/2026\/02\/img_920x518uu2026-02-07-16-09-11-2420137.jpg\",\"datePublished\":\"2026-02-07T16:11:05+00:00\",\"author\":{\"@id\":\"https:\/\/portaltela.pt\/#\/schema\/person\/c4278d4a6028830caff9ee44b42d32ed\"},\"breadcrumb\":{\"@id\":\"https:\/\/portaltela.pt\/noticias\/2026\/02\/07\/portugal-despromovido-ao-grupo-ii-da-taca-davis-apos-derrota-frente-a-china\/#breadcrumb\"},\"inLanguage\":\"pt-PT\",\"potentialAction\":[{\"@type\":\"ReadAction\",\"target\":[\"https:\/\/portaltela.pt\/noticias\/2026\/02\/07\/portugal-despromovido-ao-grupo-ii-da-taca-davis-apos-derrota-frente-a-china\/\"]}]},{\"@type\":\"ImageObject\",\"inLanguage\":\"pt-PT\",\"@id\":\"https:\/\/portaltela.pt\/noticias\/2026\/02\/07\/portugal-despromovido-ao-grupo-ii-da-taca-davis-apos-derrota-frente-a-china\/#primaryimage\",\"url\":\"https:\/\/portaltela.pt\/s.01k8rhncp4jt1\/2026\/02\/img_920x518uu2026-02-07-16-09-11-2420137.jpg\",\"contentUrl\":\"https:\/\/portaltela.pt\/s.01k8rhncp4jt1\/2026\/02\/img_920x518uu2026-02-07-16-09-11-2420137.jpg\",\"width\":796,\"height\":448,\"caption\":\"Tenista em a\u00e7\u00e3o durante o confronto Portugal-China na Ta\u00e7a Davis\"},{\"@type\":\"BreadcrumbList\",\"@id\":\"https:\/\/portaltela.pt\/noticias\/2026\/02\/07\/portugal-despromovido-ao-grupo-ii-da-taca-davis-apos-derrota-frente-a-china\/#breadcrumb\",\"itemListElement\":[{\"@type\":\"ListItem\",\"position\":1,\"name\":\"In\u00edcio\",\"item\":\"https:\/\/portaltela.pt\/\"},{\"@type\":\"ListItem\",\"position\":2,\"name\":\"Portugal despromovido ao Grupo II da Ta\u00e7a Davis ap\u00f3s derrota frente \u00e0 China\"}]},{\"@type\":\"WebSite\",\"@id\":\"https:\/\/portaltela.pt\/#website\",\"url\":\"https:\/\/portaltela.pt\/\",\"name\":\"Portal Tela Portugal\",\"description\":\"\",\"potentialAction\":[{\"@type\":\"SearchAction\",\"target\":{\"@type\":\"EntryPoint\",\"urlTemplate\":\"https:\/\/portaltela.pt\/?s={search_term_string}\"},\"query-input\":{\"@type\":\"PropertyValueSpecification\",\"valueRequired\":true,\"valueName\":\"search_term_string\"}}],\"inLanguage\":\"pt-PT\"},{\"@type\":\"Person\",\"@id\":\"https:\/\/portaltela.pt\/#\/schema\/person\/c4278d4a6028830caff9ee44b42d32ed\",\"name\":\"Telinha\",\"image\":{\"@type\":\"ImageObject\",\"inLanguage\":\"pt-PT\",\"@id\":\"https:\/\/portaltela.pt\/s.01k8rhncp4jt1\/2025\/11\/talking-bot-125x125.png\",\"url\":\"https:\/\/portaltela.pt\/s.01k8rhncp4jt1\/2025\/11\/talking-bot-125x125.png\",\"contentUrl\":\"https:\/\/portaltela.pt\/s.01k8rhncp4jt1\/2025\/11\/talking-bot-125x125.png\",\"caption\":\"Telinha\"},\"sameAs\":[\"https:\/\/portaltela.pt\/\"],\"url\":\"https:\/\/portaltela.pt\/por\/367410592786\/\"}]}<\/script>\n<!-- \/ Yoast SEO plugin. -->","yoast_head_json":{"title":"Portugal despromovido ao Grupo II da Ta\u00e7a Davis ap\u00f3s derrota frente \u00e0 China - Portal Tela Portugal","robots":{"index":"index","follow":"follow","max-snippet":"max-snippet:-1","max-image-preview":"max-image-preview:large","max-video-preview":"max-video-preview:-1"},"og_locale":"pt_PT","og_type":"article","og_title":"Portugal despromovido ao Grupo II da Ta\u00e7a Davis ap\u00f3s derrota frente \u00e0 China - Portal Tela Portugal","og_description":"Portugal foi despromovido ao Grupo II da Ta\u00e7a Davis de t\u00e9nis, ap\u00f3s perder 3-1 com a China em Guangzhou. No segundo dia, a dupla portuguesa Nuno Borges\/Francisco Cabral perdeu diante de Zhizhen Zhang e Zhou Yi em tr\u00eas sets. A China definiu a eliminat\u00f3ria com a vit\u00f3ria de Zhang sobre Borges no singulares, repetindo o triunfo no confronto direto. No primeiro dia, Portugal ficou empatado em 1-1, com Henrique Rocha a vencer Bu Yunchaokete e Borges a perder diante de Wu Yibing. O Nansha International Tennis Center, em Guangzhou, recebeu o encontro, que assegurou a passagem da China no play-off do Grupo I.","og_url":"https:\/\/portaltela.pt\/noticias\/2026\/02\/07\/portugal-despromovido-ao-grupo-ii-da-taca-davis-apos-derrota-frente-a-china\/","og_site_name":"Portal Tela Portugal","article_published_time":"2026-02-07T16:11:05+00:00","author":"Telinha","twitter_card":"summary_large_image","twitter_misc":{"Escrito por":"Telinha","Tempo estimado de leitura":"1 minuto"},"schema":{"@context":"https:\/\/schema.org","@graph":[{"@type":"Article","@id":"https:\/\/portaltela.pt\/noticias\/2026\/02\/07\/portugal-despromovido-ao-grupo-ii-da-taca-davis-apos-derrota-frente-a-china\/#article","isPartOf":{"@id":"https:\/\/portaltela.pt\/noticias\/2026\/02\/07\/portugal-despromovido-ao-grupo-ii-da-taca-davis-apos-derrota-frente-a-china\/"},"author":{"name":"Telinha","@id":"https:\/\/portaltela.pt\/#\/schema\/person\/c4278d4a6028830caff9ee44b42d32ed"},"headline":"Portugal despromovido ao Grupo II da Ta\u00e7a Davis ap\u00f3s derrota frente \u00e0 China","datePublished":"2026-02-07T16:11:05+00:00","mainEntityOfPage":{"@id":"https:\/\/portaltela.pt\/noticias\/2026\/02\/07\/portugal-despromovido-ao-grupo-ii-da-taca-davis-apos-derrota-frente-a-china\/"},"wordCount":191,"image":{"@id":"https:\/\/portaltela.pt\/noticias\/2026\/02\/07\/portugal-despromovido-ao-grupo-ii-da-taca-davis-apos-derrota-frente-a-china\/#primaryimage"},"thumbnailUrl":"https:\/\/portaltela.pt\/s.01k8rhncp4jt1\/2026\/02\/img_920x518uu2026-02-07-16-09-11-2420137.jpg","keywords":["internacionais","Portugal","Ta\u00e7a Davis","t\u00eanis"],"articleSection":["Desporto"],"inLanguage":"pt-PT"},{"@type":"WebPage","@id":"https:\/\/portaltela.pt\/noticias\/2026\/02\/07\/portugal-despromovido-ao-grupo-ii-da-taca-davis-apos-derrota-frente-a-china\/","url":"https:\/\/portaltela.pt\/noticias\/2026\/02\/07\/portugal-despromovido-ao-grupo-ii-da-taca-davis-apos-derrota-frente-a-china\/","name":"Portugal despromovido ao Grupo II da Ta\u00e7a Davis ap\u00f3s derrota frente \u00e0 China - Portal Tela Portugal","isPartOf":{"@id":"https:\/\/portaltela.pt\/#website"},"primaryImageOfPage":{"@id":"https:\/\/portaltela.pt\/noticias\/2026\/02\/07\/portugal-despromovido-ao-grupo-ii-da-taca-davis-apos-derrota-frente-a-china\/#primaryimage"},"image":{"@id":"https:\/\/portaltela.pt\/noticias\/2026\/02\/07\/portugal-despromovido-ao-grupo-ii-da-taca-davis-apos-derrota-frente-a-china\/#primaryimage"},"thumbnailUrl":"https:\/\/portaltela.pt\/s.01k8rhncp4jt1\/2026\/02\/img_920x518uu2026-02-07-16-09-11-2420137.jpg","datePublished":"2026-02-07T16:11:05+00:00","author":{"@id":"https:\/\/portaltela.pt\/#\/schema\/person\/c4278d4a6028830caff9ee44b42d32ed"},"breadcrumb":{"@id":"https:\/\/portaltela.pt\/noticias\/2026\/02\/07\/portugal-despromovido-ao-grupo-ii-da-taca-davis-apos-derrota-frente-a-china\/#breadcrumb"},"inLanguage":"pt-PT","potentialAction":[{"@type":"ReadAction","target":["https:\/\/portaltela.pt\/noticias\/2026\/02\/07\/portugal-despromovido-ao-grupo-ii-da-taca-davis-apos-derrota-frente-a-china\/"]}]},{"@type":"ImageObject","inLanguage":"pt-PT","@id":"https:\/\/portaltela.pt\/noticias\/2026\/02\/07\/portugal-despromovido-ao-grupo-ii-da-taca-davis-apos-derrota-frente-a-china\/#primaryimage","url":"https:\/\/portaltela.pt\/s.01k8rhncp4jt1\/2026\/02\/img_920x518uu2026-02-07-16-09-11-2420137.jpg","contentUrl":"https:\/\/portaltela.pt\/s.01k8rhncp4jt1\/2026\/02\/img_920x518uu2026-02-07-16-09-11-2420137.jpg","width":796,"height":448,"caption":"Tenista em a\u00e7\u00e3o durante o confronto Portugal-China na Ta\u00e7a Davis"},{"@type":"BreadcrumbList","@id":"https:\/\/portaltela.pt\/noticias\/2026\/02\/07\/portugal-despromovido-ao-grupo-ii-da-taca-davis-apos-derrota-frente-a-china\/#breadcrumb","itemListElement":[{"@type":"ListItem","position":1,"name":"In\u00edcio","item":"https:\/\/portaltela.pt\/"},{"@type":"ListItem","position":2,"name":"Portugal despromovido ao Grupo II da Ta\u00e7a Davis ap\u00f3s derrota frente \u00e0 China"}]},{"@type":"WebSite","@id":"https:\/\/portaltela.pt\/#website","url":"https:\/\/portaltela.pt\/","name":"Portal Tela Portugal","description":"","potentialAction":[{"@type":"SearchAction","target":{"@type":"EntryPoint","urlTemplate":"https:\/\/portaltela.pt\/?s={search_term_string}"},"query-input":{"@type":"PropertyValueSpecification","valueRequired":true,"valueName":"search_term_string"}}],"inLanguage":"pt-PT"},{"@type":"Person","@id":"https:\/\/portaltela.pt\/#\/schema\/person\/c4278d4a6028830caff9ee44b42d32ed","name":"Telinha","image":{"@type":"ImageObject","inLanguage":"pt-PT","@id":"https:\/\/portaltela.pt\/s.01k8rhncp4jt1\/2025\/11\/talking-bot-125x125.png","url":"https:\/\/portaltela.pt\/s.01k8rhncp4jt1\/2025\/11\/talking-bot-125x125.png","contentUrl":"https:\/\/portaltela.pt\/s.01k8rhncp4jt1\/2025\/11\/talking-bot-125x125.png","caption":"Telinha"},"sameAs":["https:\/\/portaltela.pt\/"],"url":"https:\/\/portaltela.pt\/por\/367410592786\/"}]}},"_links":{"self":[{"href":"https:\/\/portaltela.pt\/api\/wp\/v2\/posts\/203076","targetHints":{"allow":["GET"]}}],"collection":[{"href":"https:\/\/portaltela.pt\/api\/wp\/v2\/posts"}],"about":[{"href":"https:\/\/portaltela.pt\/api\/wp\/v2\/types\/post"}],"author":[{"embeddable":true,"href":"https:\/\/portaltela.pt\/api\/wp\/v2\/users\/2"}],"replies":[{"embeddable":true,"href":"https:\/\/portaltela.pt\/api\/wp\/v2\/comments?post=203076"}],"version-history":[{"count":0,"href":"https:\/\/portaltela.pt\/api\/wp\/v2\/posts\/203076\/revisions"}],"wp:featuredmedia":[{"embeddable":true,"href":"https:\/\/portaltela.pt\/api\/wp\/v2\/media\/203078"}],"wp:attachment":[{"href":"https:\/\/portaltela.pt\/api\/wp\/v2\/media?parent=203076"}],"wp:term":[{"taxonomy":"category","embeddable":true,"href":"https:\/\/portaltela.pt\/api\/wp\/v2\/categories?post=203076"},{"taxonomy":"post_tag","embeddable":true,"href":"https:\/\/portaltela.pt\/api\/wp\/v2\/tags?post=203076"}],"curies":[{"name":"wp","href":"https:\/\/api.w.org\/{rel}","templated":true}]}}