{"id":203058,"date":"2026-02-07T12:30:00","date_gmt":"2026-02-07T15:30:00","guid":{"rendered":"https:\/\/portaltela.pt\/noticias\/2026\/02\/07\/pedro-flavio-aponta-perspetivas-positivas-mas-realistas\/"},"modified":"2026-02-07T12:30:00","modified_gmt":"2026-02-07T15:30:00","slug":"pedro-flavio-aponta-perspetivas-positivas-mas-realistas","status":"publish","type":"post","link":"https:\/\/portaltela.pt\/desporto\/2026\/02\/07\/pedro-flavio-aponta-perspetivas-positivas-mas-realistas\/","title":{"rendered":"Pedro Fl\u00e1vio aponta perspetivas positivas, mas realistas"},"content":{"rendered":"<p>Poucos dias antes da abertura dos Jogos de Mil\u00e3o-Cortina, a Federa\u00e7\u00e3o de Desportos de Inverno revela a participa\u00e7\u00e3o de tr\u00eas atletas portugueses. O objetivo \u00e9 melhorar resultados em rela\u00e7\u00e3o a edi\u00e7\u00f5es anteriores e competir em alto n\u00edvel. A delega\u00e7\u00e3o inclui dois esquiadores de alpino e um atleta de cross-country, j\u00e1 qualificado. O presidente Pedro Fl\u00e1vio destaca uma perspetiva realista sobre o desempenho.<\/p>\n<p>O atleta Jos\u00e9 Cabe\u00e7a, no esqui de fundo, tem mostrado evolu\u00e7\u00e3o, especialmente pela qualifica\u00e7\u00e3o para o Campeonato do Mundo, o que aumenta a confian\u00e7a numa melhoria face a Pequim. A atleta Vanina Guerillot chega mais experiente, usando uma leitura de competi\u00e7\u00e3o que pode favorecer resultados. Emeric Guerillot, estreante, obteve a qualifica\u00e7\u00e3o hist\u00f3rica do S Port para o Super G.<\/p>\n<p>Houve ainda a hip\u00f3tese de mais atletas em Mil\u00e3o-Cortina, incluindo modalidades como bobsleigh, patinagem de velocidade, patinagem art\u00edstica e outros no esqui alpino. A J\u00e9ssica Rodrigues ficou perto de cumprir os crit\u00e9rios de tempo, ap\u00f3s terminar entre os 24 primeiros.<\/p>\n<p>Daqui a quatro anos, espera-se um aumento gradual e sustentado do contingente luso. Existem perspetivas concretas para o bobsleigh, o snowboard e a patinagem de velocidade, com atletas j\u00e1 integrados em programas de desenvolvimento e com apoio do Comit\u00e9 Ol\u00edmpico de Portugal. Alguns seguir\u00e3o para Festivais Ol\u00edmpicos da Juventude, preparando-se para apuramento ol\u00edmpico.<\/p>\n<p>O Pavilh\u00e3o de Desportos de Inverno do Seixal \u00e9 visto como projeto-chave para o futuro. O contrato de ced\u00eancia de terreno j\u00e1 est\u00e1 assinado; o projeto aguarda licenciamento. A infraestrutura ter\u00e1 dimens\u00f5es ol\u00edmpicas e permitir\u00e1 treinos, forma\u00e7\u00e3o e competi\u00e7\u00f5es internacionais, reduzindo custos com forma\u00e7\u00e3o no estrangeiro.<\/p>\n<p>A constru\u00e7\u00e3o visa consolidar modalidades como h\u00f3quei no gelo, patinagem art\u00edstica, patinagem de velocidade (short track) e curling, promovendo a continuidade do desenvolvimento desportivo em Portugal. O objetivo \u00e9 atender ao crescimento das modalidades de gelo no pa\u00eds e criar uma base est\u00e1vel para o futuro ol\u00edmpico.<\/p>\n","protected":false},"excerpt":{"rendered":"<ul>\n<li>Portugal tem tr\u00eas atletas em Mil\u00e3o-Cortina: dois no esqui alpino e um no esqui de fundo; objetivo \u00e9 melhorar os resultados em rela\u00e7\u00e3o \u00e0s edi\u00e7\u00f5es anteriores e competir ao melhor n\u00edvel.<\/li>\n<li>O esquiador Jos\u00e9 Cabe\u00e7a tem mostrado evolu\u00e7\u00e3o, especialmente pela qualifica\u00e7\u00e3o no Campeonato do Mundo; a campe\u00e3 Vanina Guerillot chega mais experiente e pode obter um resultado melhor; o emergente Emeric Guerillot qualificou Portugal para o Super G, feito in\u00e9dito desde 1994.<\/li>\n<li>Havia a hip\u00f3tese de mais atletas portugueses para estes Jogos, tendo havido tentativa em modalidades como bobsleigh, patinagem de velocidade no gelo, patinagem art\u00edstica e esqui alpino; a J\u00e9ssica Rodrigues ficou perto da qualifica\u00e7\u00e3o, falhando apenas um crit\u00e9rio de tempo.<\/li>\n<li>At\u00e9 2030 espera-se um aumento gradual de atletas em v\u00e1rias disciplinas, com perspetivas concretas em bobsleigh, snowboard e patinagem de velocidade no gelo; os atletas j\u00e1 integram programas de desenvolvimento com apoios do Comit\u00e9 Ol\u00edmpico de Portugal.<\/li>\n<li>O Pavilh\u00e3o de Desportos de Inverno no Seixal \u00e9 visto como projeto-chave; j\u00e1 foi assinado o contrato de ced\u00eancia de uso do terreno e o licenciamento est\u00e1 em curso; a infraestrutura ol\u00edmpica permitir\u00e1 treinos, forma\u00e7\u00e3o, academias e receber competi\u00e7\u00f5es internacionais, reduzindo custos e promovendo modalidades como h\u00f3quei no gelo, patinagem art\u00edstica, patinagem de velocidade e curling.<\/li>\n<\/ul>\n","protected":false},"author":2,"featured_media":203060,"comment_status":"closed","ping_status":"closed","sticky":false,"template":"","format":"standard","meta":{"footnotes":""},"categories":[21],"tags":[4688,152,162,5309,4603,1014],"class_list":["post-203058","post","type-post","status-publish","format-standard","has-post-thumbnail","hentry","category-desporto","tag-comite-olimpico-internacional","tag-desporto","tag-hoquei-no-gelo","tag-patinagem-artistica","tag-patinagem-de-velocidade","tag-portugal"],"yoast_head":"<!-- This site is optimized with the Yoast SEO plugin v27.2 - https:\/\/yoast.com\/product\/yoast-seo-wordpress\/ -->\n<title>Pedro Fl\u00e1vio aponta perspetivas positivas, mas realistas - Portal Tela Portugal<\/title>\n<meta name=\"robots\" content=\"index, follow, max-snippet:-1, max-image-preview:large, max-video-preview:-1\" \/>\n<meta property=\"og:locale\" content=\"pt_PT\" \/>\n<meta property=\"og:type\" content=\"article\" \/>\n<meta property=\"og:title\" content=\"Pedro Fl\u00e1vio aponta perspetivas positivas, mas realistas - Portal Tela Portugal\" \/>\n<meta property=\"og:description\" content=\"Portugal tem tr\u00eas atletas em Mil\u00e3o-Cortina: dois no esqui alpino e um no esqui de fundo; objetivo \u00e9 melhorar os resultados em rela\u00e7\u00e3o \u00e0s edi\u00e7\u00f5es anteriores e competir ao melhor n\u00edvel. O esquiador Jos\u00e9 Cabe\u00e7a tem mostrado evolu\u00e7\u00e3o, especialmente pela qualifica\u00e7\u00e3o no Campeonato do Mundo; a campe\u00e3 Vanina Guerillot chega mais experiente e pode obter um resultado melhor; o emergente Emeric Guerillot qualificou Portugal para o Super G, feito in\u00e9dito desde 1994. Havia a hip\u00f3tese de mais atletas portugueses para estes Jogos, tendo havido tentativa em modalidades como bobsleigh, patinagem de velocidade no gelo, patinagem art\u00edstica e esqui alpino; a J\u00e9ssica Rodrigues ficou perto da qualifica\u00e7\u00e3o, falhando apenas um crit\u00e9rio de tempo. At\u00e9 2030 espera-se um aumento gradual de atletas em v\u00e1rias disciplinas, com perspetivas concretas em bobsleigh, snowboard e patinagem de velocidade no gelo; os atletas j\u00e1 integram programas de desenvolvimento com apoios do Comit\u00e9 Ol\u00edmpico de Portugal. O Pavilh\u00e3o de Desportos de Inverno no Seixal \u00e9 visto como projeto-chave; j\u00e1 foi assinado o contrato de ced\u00eancia de uso do terreno e o licenciamento est\u00e1 em curso; a infraestrutura ol\u00edmpica permitir\u00e1 treinos, forma\u00e7\u00e3o, academias e receber competi\u00e7\u00f5es internacionais, reduzindo custos e promovendo modalidades como h\u00f3quei no gelo, patinagem art\u00edstica, patinagem de velocidade e curling.\" \/>\n<meta property=\"og:url\" content=\"https:\/\/portaltela.pt\/noticias\/2026\/02\/07\/pedro-flavio-aponta-perspetivas-positivas-mas-realistas\/\" \/>\n<meta property=\"og:site_name\" content=\"Portal Tela Portugal\" \/>\n<meta property=\"article:published_time\" content=\"2026-02-07T15:30:00+00:00\" \/>\n<meta name=\"author\" content=\"Telinha\" \/>\n<meta name=\"twitter:card\" content=\"summary_large_image\" \/>\n<meta name=\"twitter:label1\" content=\"Escrito por\" \/>\n\t<meta name=\"twitter:data1\" content=\"Telinha\" \/>\n\t<meta name=\"twitter:label2\" content=\"Tempo estimado de leitura\" \/>\n\t<meta name=\"twitter:data2\" content=\"2 minutos\" \/>\n<script type=\"application\/ld+json\" class=\"yoast-schema-graph\">{\"@context\":\"https:\/\/schema.org\",\"@graph\":[{\"@type\":\"Article\",\"@id\":\"https:\/\/portaltela.pt\/noticias\/2026\/02\/07\/pedro-flavio-aponta-perspetivas-positivas-mas-realistas\/#article\",\"isPartOf\":{\"@id\":\"https:\/\/portaltela.pt\/noticias\/2026\/02\/07\/pedro-flavio-aponta-perspetivas-positivas-mas-realistas\/\"},\"author\":{\"name\":\"Telinha\",\"@id\":\"https:\/\/portaltela.pt\/#\/schema\/person\/c4278d4a6028830caff9ee44b42d32ed\"},\"headline\":\"Pedro Fl\u00e1vio aponta perspetivas positivas, mas realistas\",\"datePublished\":\"2026-02-07T15:30:00+00:00\",\"mainEntityOfPage\":{\"@id\":\"https:\/\/portaltela.pt\/noticias\/2026\/02\/07\/pedro-flavio-aponta-perspetivas-positivas-mas-realistas\/\"},\"wordCount\":350,\"image\":{\"@id\":\"https:\/\/portaltela.pt\/noticias\/2026\/02\/07\/pedro-flavio-aponta-perspetivas-positivas-mas-realistas\/#primaryimage\"},\"thumbnailUrl\":\"https:\/\/portaltela.pt\/s.01k8rhncp4jt1\/2026\/02\/2064831.jpg\",\"keywords\":[\"Comit\u00e9 Ol\u00edmpico Internacional\",\"desporto\",\"H\u00f3quei no gelo\",\"patinagem art\u00edstica\",\"patinagem de velocidade\",\"Portugal\"],\"articleSection\":[\"Desporto\"],\"inLanguage\":\"pt-PT\"},{\"@type\":\"WebPage\",\"@id\":\"https:\/\/portaltela.pt\/noticias\/2026\/02\/07\/pedro-flavio-aponta-perspetivas-positivas-mas-realistas\/\",\"url\":\"https:\/\/portaltela.pt\/noticias\/2026\/02\/07\/pedro-flavio-aponta-perspetivas-positivas-mas-realistas\/\",\"name\":\"Pedro Fl\u00e1vio aponta perspetivas positivas, mas realistas - Portal Tela Portugal\",\"isPartOf\":{\"@id\":\"https:\/\/portaltela.pt\/#website\"},\"primaryImageOfPage\":{\"@id\":\"https:\/\/portaltela.pt\/noticias\/2026\/02\/07\/pedro-flavio-aponta-perspetivas-positivas-mas-realistas\/#primaryimage\"},\"image\":{\"@id\":\"https:\/\/portaltela.pt\/noticias\/2026\/02\/07\/pedro-flavio-aponta-perspetivas-positivas-mas-realistas\/#primaryimage\"},\"thumbnailUrl\":\"https:\/\/portaltela.pt\/s.01k8rhncp4jt1\/2026\/02\/2064831.jpg\",\"datePublished\":\"2026-02-07T15:30:00+00:00\",\"author\":{\"@id\":\"https:\/\/portaltela.pt\/#\/schema\/person\/c4278d4a6028830caff9ee44b42d32ed\"},\"breadcrumb\":{\"@id\":\"https:\/\/portaltela.pt\/noticias\/2026\/02\/07\/pedro-flavio-aponta-perspetivas-positivas-mas-realistas\/#breadcrumb\"},\"inLanguage\":\"pt-PT\",\"potentialAction\":[{\"@type\":\"ReadAction\",\"target\":[\"https:\/\/portaltela.pt\/noticias\/2026\/02\/07\/pedro-flavio-aponta-perspetivas-positivas-mas-realistas\/\"]}]},{\"@type\":\"ImageObject\",\"inLanguage\":\"pt-PT\",\"@id\":\"https:\/\/portaltela.pt\/noticias\/2026\/02\/07\/pedro-flavio-aponta-perspetivas-positivas-mas-realistas\/#primaryimage\",\"url\":\"https:\/\/portaltela.pt\/s.01k8rhncp4jt1\/2026\/02\/2064831.jpg\",\"contentUrl\":\"https:\/\/portaltela.pt\/s.01k8rhncp4jt1\/2026\/02\/2064831.jpg\",\"width\":796,\"height\":448,\"caption\":\"Pedro Fl\u00e1vio, presidente da Federa\u00e7\u00e3o de Desportos de Inverno\"},{\"@type\":\"BreadcrumbList\",\"@id\":\"https:\/\/portaltela.pt\/noticias\/2026\/02\/07\/pedro-flavio-aponta-perspetivas-positivas-mas-realistas\/#breadcrumb\",\"itemListElement\":[{\"@type\":\"ListItem\",\"position\":1,\"name\":\"In\u00edcio\",\"item\":\"https:\/\/portaltela.pt\/\"},{\"@type\":\"ListItem\",\"position\":2,\"name\":\"Pedro Fl\u00e1vio aponta perspetivas positivas, mas realistas\"}]},{\"@type\":\"WebSite\",\"@id\":\"https:\/\/portaltela.pt\/#website\",\"url\":\"https:\/\/portaltela.pt\/\",\"name\":\"Portal Tela Portugal\",\"description\":\"\",\"potentialAction\":[{\"@type\":\"SearchAction\",\"target\":{\"@type\":\"EntryPoint\",\"urlTemplate\":\"https:\/\/portaltela.pt\/?s={search_term_string}\"},\"query-input\":{\"@type\":\"PropertyValueSpecification\",\"valueRequired\":true,\"valueName\":\"search_term_string\"}}],\"inLanguage\":\"pt-PT\"},{\"@type\":\"Person\",\"@id\":\"https:\/\/portaltela.pt\/#\/schema\/person\/c4278d4a6028830caff9ee44b42d32ed\",\"name\":\"Telinha\",\"image\":{\"@type\":\"ImageObject\",\"inLanguage\":\"pt-PT\",\"@id\":\"https:\/\/portaltela.pt\/s.01k8rhncp4jt1\/2025\/11\/talking-bot-125x125.png\",\"url\":\"https:\/\/portaltela.pt\/s.01k8rhncp4jt1\/2025\/11\/talking-bot-125x125.png\",\"contentUrl\":\"https:\/\/portaltela.pt\/s.01k8rhncp4jt1\/2025\/11\/talking-bot-125x125.png\",\"caption\":\"Telinha\"},\"sameAs\":[\"https:\/\/portaltela.pt\/\"],\"url\":\"https:\/\/portaltela.pt\/por\/367410592786\/\"}]}<\/script>\n<!-- \/ Yoast SEO plugin. -->","yoast_head_json":{"title":"Pedro Fl\u00e1vio aponta perspetivas positivas, mas realistas - Portal Tela Portugal","robots":{"index":"index","follow":"follow","max-snippet":"max-snippet:-1","max-image-preview":"max-image-preview:large","max-video-preview":"max-video-preview:-1"},"og_locale":"pt_PT","og_type":"article","og_title":"Pedro Fl\u00e1vio aponta perspetivas positivas, mas realistas - Portal Tela Portugal","og_description":"Portugal tem tr\u00eas atletas em Mil\u00e3o-Cortina: dois no esqui alpino e um no esqui de fundo; objetivo \u00e9 melhorar os resultados em rela\u00e7\u00e3o \u00e0s edi\u00e7\u00f5es anteriores e competir ao melhor n\u00edvel. O esquiador Jos\u00e9 Cabe\u00e7a tem mostrado evolu\u00e7\u00e3o, especialmente pela qualifica\u00e7\u00e3o no Campeonato do Mundo; a campe\u00e3 Vanina Guerillot chega mais experiente e pode obter um resultado melhor; o emergente Emeric Guerillot qualificou Portugal para o Super G, feito in\u00e9dito desde 1994. Havia a hip\u00f3tese de mais atletas portugueses para estes Jogos, tendo havido tentativa em modalidades como bobsleigh, patinagem de velocidade no gelo, patinagem art\u00edstica e esqui alpino; a J\u00e9ssica Rodrigues ficou perto da qualifica\u00e7\u00e3o, falhando apenas um crit\u00e9rio de tempo. At\u00e9 2030 espera-se um aumento gradual de atletas em v\u00e1rias disciplinas, com perspetivas concretas em bobsleigh, snowboard e patinagem de velocidade no gelo; os atletas j\u00e1 integram programas de desenvolvimento com apoios do Comit\u00e9 Ol\u00edmpico de Portugal. O Pavilh\u00e3o de Desportos de Inverno no Seixal \u00e9 visto como projeto-chave; j\u00e1 foi assinado o contrato de ced\u00eancia de uso do terreno e o licenciamento est\u00e1 em curso; a infraestrutura ol\u00edmpica permitir\u00e1 treinos, forma\u00e7\u00e3o, academias e receber competi\u00e7\u00f5es internacionais, reduzindo custos e promovendo modalidades como h\u00f3quei no gelo, patinagem art\u00edstica, patinagem de velocidade e curling.","og_url":"https:\/\/portaltela.pt\/noticias\/2026\/02\/07\/pedro-flavio-aponta-perspetivas-positivas-mas-realistas\/","og_site_name":"Portal Tela Portugal","article_published_time":"2026-02-07T15:30:00+00:00","author":"Telinha","twitter_card":"summary_large_image","twitter_misc":{"Escrito por":"Telinha","Tempo estimado de leitura":"2 minutos"},"schema":{"@context":"https:\/\/schema.org","@graph":[{"@type":"Article","@id":"https:\/\/portaltela.pt\/noticias\/2026\/02\/07\/pedro-flavio-aponta-perspetivas-positivas-mas-realistas\/#article","isPartOf":{"@id":"https:\/\/portaltela.pt\/noticias\/2026\/02\/07\/pedro-flavio-aponta-perspetivas-positivas-mas-realistas\/"},"author":{"name":"Telinha","@id":"https:\/\/portaltela.pt\/#\/schema\/person\/c4278d4a6028830caff9ee44b42d32ed"},"headline":"Pedro Fl\u00e1vio aponta perspetivas positivas, mas realistas","datePublished":"2026-02-07T15:30:00+00:00","mainEntityOfPage":{"@id":"https:\/\/portaltela.pt\/noticias\/2026\/02\/07\/pedro-flavio-aponta-perspetivas-positivas-mas-realistas\/"},"wordCount":350,"image":{"@id":"https:\/\/portaltela.pt\/noticias\/2026\/02\/07\/pedro-flavio-aponta-perspetivas-positivas-mas-realistas\/#primaryimage"},"thumbnailUrl":"https:\/\/portaltela.pt\/s.01k8rhncp4jt1\/2026\/02\/2064831.jpg","keywords":["Comit\u00e9 Ol\u00edmpico Internacional","desporto","H\u00f3quei no gelo","patinagem art\u00edstica","patinagem de velocidade","Portugal"],"articleSection":["Desporto"],"inLanguage":"pt-PT"},{"@type":"WebPage","@id":"https:\/\/portaltela.pt\/noticias\/2026\/02\/07\/pedro-flavio-aponta-perspetivas-positivas-mas-realistas\/","url":"https:\/\/portaltela.pt\/noticias\/2026\/02\/07\/pedro-flavio-aponta-perspetivas-positivas-mas-realistas\/","name":"Pedro Fl\u00e1vio aponta perspetivas positivas, mas realistas - Portal Tela Portugal","isPartOf":{"@id":"https:\/\/portaltela.pt\/#website"},"primaryImageOfPage":{"@id":"https:\/\/portaltela.pt\/noticias\/2026\/02\/07\/pedro-flavio-aponta-perspetivas-positivas-mas-realistas\/#primaryimage"},"image":{"@id":"https:\/\/portaltela.pt\/noticias\/2026\/02\/07\/pedro-flavio-aponta-perspetivas-positivas-mas-realistas\/#primaryimage"},"thumbnailUrl":"https:\/\/portaltela.pt\/s.01k8rhncp4jt1\/2026\/02\/2064831.jpg","datePublished":"2026-02-07T15:30:00+00:00","author":{"@id":"https:\/\/portaltela.pt\/#\/schema\/person\/c4278d4a6028830caff9ee44b42d32ed"},"breadcrumb":{"@id":"https:\/\/portaltela.pt\/noticias\/2026\/02\/07\/pedro-flavio-aponta-perspetivas-positivas-mas-realistas\/#breadcrumb"},"inLanguage":"pt-PT","potentialAction":[{"@type":"ReadAction","target":["https:\/\/portaltela.pt\/noticias\/2026\/02\/07\/pedro-flavio-aponta-perspetivas-positivas-mas-realistas\/"]}]},{"@type":"ImageObject","inLanguage":"pt-PT","@id":"https:\/\/portaltela.pt\/noticias\/2026\/02\/07\/pedro-flavio-aponta-perspetivas-positivas-mas-realistas\/#primaryimage","url":"https:\/\/portaltela.pt\/s.01k8rhncp4jt1\/2026\/02\/2064831.jpg","contentUrl":"https:\/\/portaltela.pt\/s.01k8rhncp4jt1\/2026\/02\/2064831.jpg","width":796,"height":448,"caption":"Pedro Fl\u00e1vio, presidente da Federa\u00e7\u00e3o de Desportos de Inverno"},{"@type":"BreadcrumbList","@id":"https:\/\/portaltela.pt\/noticias\/2026\/02\/07\/pedro-flavio-aponta-perspetivas-positivas-mas-realistas\/#breadcrumb","itemListElement":[{"@type":"ListItem","position":1,"name":"In\u00edcio","item":"https:\/\/portaltela.pt\/"},{"@type":"ListItem","position":2,"name":"Pedro Fl\u00e1vio aponta perspetivas positivas, mas realistas"}]},{"@type":"WebSite","@id":"https:\/\/portaltela.pt\/#website","url":"https:\/\/portaltela.pt\/","name":"Portal Tela Portugal","description":"","potentialAction":[{"@type":"SearchAction","target":{"@type":"EntryPoint","urlTemplate":"https:\/\/portaltela.pt\/?s={search_term_string}"},"query-input":{"@type":"PropertyValueSpecification","valueRequired":true,"valueName":"search_term_string"}}],"inLanguage":"pt-PT"},{"@type":"Person","@id":"https:\/\/portaltela.pt\/#\/schema\/person\/c4278d4a6028830caff9ee44b42d32ed","name":"Telinha","image":{"@type":"ImageObject","inLanguage":"pt-PT","@id":"https:\/\/portaltela.pt\/s.01k8rhncp4jt1\/2025\/11\/talking-bot-125x125.png","url":"https:\/\/portaltela.pt\/s.01k8rhncp4jt1\/2025\/11\/talking-bot-125x125.png","contentUrl":"https:\/\/portaltela.pt\/s.01k8rhncp4jt1\/2025\/11\/talking-bot-125x125.png","caption":"Telinha"},"sameAs":["https:\/\/portaltela.pt\/"],"url":"https:\/\/portaltela.pt\/por\/367410592786\/"}]}},"_links":{"self":[{"href":"https:\/\/portaltela.pt\/api\/wp\/v2\/posts\/203058","targetHints":{"allow":["GET"]}}],"collection":[{"href":"https:\/\/portaltela.pt\/api\/wp\/v2\/posts"}],"about":[{"href":"https:\/\/portaltela.pt\/api\/wp\/v2\/types\/post"}],"author":[{"embeddable":true,"href":"https:\/\/portaltela.pt\/api\/wp\/v2\/users\/2"}],"replies":[{"embeddable":true,"href":"https:\/\/portaltela.pt\/api\/wp\/v2\/comments?post=203058"}],"version-history":[{"count":0,"href":"https:\/\/portaltela.pt\/api\/wp\/v2\/posts\/203058\/revisions"}],"wp:featuredmedia":[{"embeddable":true,"href":"https:\/\/portaltela.pt\/api\/wp\/v2\/media\/203060"}],"wp:attachment":[{"href":"https:\/\/portaltela.pt\/api\/wp\/v2\/media?parent=203058"}],"wp:term":[{"taxonomy":"category","embeddable":true,"href":"https:\/\/portaltela.pt\/api\/wp\/v2\/categories?post=203058"},{"taxonomy":"post_tag","embeddable":true,"href":"https:\/\/portaltela.pt\/api\/wp\/v2\/tags?post=203058"}],"curies":[{"name":"wp","href":"https:\/\/api.w.org\/{rel}","templated":true}]}}