{"id":203038,"date":"2026-02-07T12:27:00","date_gmt":"2026-02-07T15:27:00","guid":{"rendered":"https:\/\/portaltela.pt\/noticias\/2026\/02\/07\/mau-tempo-deixa-danos-em-quase-todas-as-habitacoes-de-alvaiazere-afirma-autarca\/"},"modified":"2026-02-07T12:27:00","modified_gmt":"2026-02-07T15:27:00","slug":"mau-tempo-deixa-danos-em-quase-todas-as-habitacoes-de-alvaiazere-afirma-autarca","status":"publish","type":"post","link":"https:\/\/portaltela.pt\/noticias\/2026\/02\/07\/mau-tempo-deixa-danos-em-quase-todas-as-habitacoes-de-alvaiazere-afirma-autarca\/","title":{"rendered":"Mau tempo deixa danos em quase todas as habita\u00e7\u00f5es de Alvai\u00e1zere, afirma autarca"},"content":{"rendered":"<p>O mau tempo provocou danos em quase todas as habita\u00e7\u00f5es do concelho de Alvai\u00e1zere, segundo o autarca local. A informa\u00e7\u00e3o aponta para um impacto generalizado nas casas do munic\u00edpio, causado pelas condi\u00e7\u00f5es meteorol\u00f3gicas adversas.<\/p>\n<p>As novecimentos ainda n\u00e3o est\u00e3o completamente quantificados, mas a autarquia j\u00e1 falou em danos significativos que afectam a habita\u00e7\u00e3o de v\u00e1rias fam\u00edlias. A colabora\u00e7\u00e3o entre entidades p\u00fablicas est\u00e1 a ser organizada para avaliar os estragos.<\/p>\n<p>A gest\u00e3o municipal est\u00e1 a coordenar recursos e apoio \u00e0s fam\u00edlias afetadas, incluindo a mobiliza\u00e7\u00e3o de servi\u00e7os de emerg\u00eancia e de apoio social. A situa\u00e7\u00e3o permanece sob monitoriza\u00e7\u00e3o, com atualiza\u00e7\u00f5es previstas assim que houver dados oficiais dispon\u00edveis.<\/p>\n","protected":false},"excerpt":{"rendered":"<ul>\n<li>O mau tempo provocou danos em quase todas as habita\u00e7\u00f5es do concelho de Alvai\u00e1zere, segundo o autarca.<\/li>\n<li>A situa\u00e7\u00e3o \u00e9 descrita como de origem atmosf\u00e9rica, com impacto generalizado nas casas da regi\u00e3o.<\/li>\n<li>N\u00e3o foram detalhados n\u00fameros oficiais ou o levantamento exato de preju\u00edzos at\u00e9 ao momento.<\/li>\n<li>As comunica\u00e7\u00f5es oficiais apontam para necessidade de avalia\u00e7\u00e3o e apoio \u00e0s fam\u00edlias afetadas.<\/li>\n<li>O tema tem sido acompanhado pelas autoridades locais, em busca de medidas de resposta e de recupera\u00e7\u00e3o.<\/li>\n<\/ul>\n","protected":false},"author":2,"featured_media":203039,"comment_status":"closed","ping_status":"closed","sticky":false,"template":"","format":"standard","meta":{"footnotes":""},"categories":[1],"tags":[4941,1211,4687,5215,5329,150],"class_list":["post-203038","post","type-post","status-publish","format-standard","has-post-thumbnail","hentry","category-noticias","tag-alvaiazere","tag-apoio-social","tag-calamidade-publica","tag-catastrofes-naturais","tag-chuva","tag-habitacao"],"yoast_head":"<!-- This site is optimized with the Yoast SEO plugin v27.2 - https:\/\/yoast.com\/product\/yoast-seo-wordpress\/ -->\n<title>Mau tempo deixa danos em quase todas as habita\u00e7\u00f5es de Alvai\u00e1zere, afirma autarca - Portal Tela Portugal<\/title>\n<meta name=\"robots\" content=\"index, follow, max-snippet:-1, max-image-preview:large, max-video-preview:-1\" \/>\n<meta property=\"og:locale\" content=\"pt_PT\" \/>\n<meta property=\"og:type\" content=\"article\" \/>\n<meta property=\"og:title\" content=\"Mau tempo deixa danos em quase todas as habita\u00e7\u00f5es de Alvai\u00e1zere, afirma autarca - Portal Tela Portugal\" \/>\n<meta property=\"og:description\" content=\"O mau tempo provocou danos em quase todas as habita\u00e7\u00f5es do concelho de Alvai\u00e1zere, segundo o autarca. A situa\u00e7\u00e3o \u00e9 descrita como de origem atmosf\u00e9rica, com impacto generalizado nas casas da regi\u00e3o. N\u00e3o foram detalhados n\u00fameros oficiais ou o levantamento exato de preju\u00edzos at\u00e9 ao momento. As comunica\u00e7\u00f5es oficiais apontam para necessidade de avalia\u00e7\u00e3o e apoio \u00e0s fam\u00edlias afetadas. O tema tem sido acompanhado pelas autoridades locais, em busca de medidas de resposta e de recupera\u00e7\u00e3o.\" \/>\n<meta property=\"og:url\" content=\"https:\/\/portaltela.pt\/noticias\/2026\/02\/07\/mau-tempo-deixa-danos-em-quase-todas-as-habitacoes-de-alvaiazere-afirma-autarca\/\" \/>\n<meta property=\"og:site_name\" content=\"Portal Tela Portugal\" \/>\n<meta property=\"article:published_time\" content=\"2026-02-07T15:27:00+00:00\" \/>\n<meta name=\"author\" content=\"Telinha\" \/>\n<meta name=\"twitter:card\" content=\"summary_large_image\" \/>\n<meta name=\"twitter:label1\" content=\"Escrito por\" \/>\n\t<meta name=\"twitter:data1\" content=\"Telinha\" \/>\n\t<meta name=\"twitter:label2\" content=\"Tempo estimado de leitura\" \/>\n\t<meta name=\"twitter:data2\" content=\"1 minuto\" \/>\n<script type=\"application\/ld+json\" class=\"yoast-schema-graph\">{\"@context\":\"https:\/\/schema.org\",\"@graph\":[{\"@type\":\"Article\",\"@id\":\"https:\/\/portaltela.pt\/noticias\/2026\/02\/07\/mau-tempo-deixa-danos-em-quase-todas-as-habitacoes-de-alvaiazere-afirma-autarca\/#article\",\"isPartOf\":{\"@id\":\"https:\/\/portaltela.pt\/noticias\/2026\/02\/07\/mau-tempo-deixa-danos-em-quase-todas-as-habitacoes-de-alvaiazere-afirma-autarca\/\"},\"author\":{\"name\":\"Telinha\",\"@id\":\"https:\/\/portaltela.pt\/#\/schema\/person\/c4278d4a6028830caff9ee44b42d32ed\"},\"headline\":\"Mau tempo deixa danos em quase todas as habita\u00e7\u00f5es de Alvai\u00e1zere, afirma autarca\",\"datePublished\":\"2026-02-07T15:27:00+00:00\",\"mainEntityOfPage\":{\"@id\":\"https:\/\/portaltela.pt\/noticias\/2026\/02\/07\/mau-tempo-deixa-danos-em-quase-todas-as-habitacoes-de-alvaiazere-afirma-autarca\/\"},\"wordCount\":143,\"image\":{\"@id\":\"https:\/\/portaltela.pt\/noticias\/2026\/02\/07\/mau-tempo-deixa-danos-em-quase-todas-as-habitacoes-de-alvaiazere-afirma-autarca\/#primaryimage\"},\"thumbnailUrl\":\"https:\/\/portaltela.pt\/s.01k8rhncp4jt1\/2026\/02\/CACHE_780X1200_ANALOG_WATERMARKED_46481929_4188033_03022026030200.jpg\",\"keywords\":[\"Alvai\u00e1zere\",\"Apoio Social\",\"calamidade p\u00fablica\",\"cat\u00e1strofes naturais\",\"chuva\",\"habita\u00e7\u00e3o\"],\"articleSection\":[\"Not\u00edcias\"],\"inLanguage\":\"pt-PT\"},{\"@type\":\"WebPage\",\"@id\":\"https:\/\/portaltela.pt\/noticias\/2026\/02\/07\/mau-tempo-deixa-danos-em-quase-todas-as-habitacoes-de-alvaiazere-afirma-autarca\/\",\"url\":\"https:\/\/portaltela.pt\/noticias\/2026\/02\/07\/mau-tempo-deixa-danos-em-quase-todas-as-habitacoes-de-alvaiazere-afirma-autarca\/\",\"name\":\"Mau tempo deixa danos em quase todas as habita\u00e7\u00f5es de Alvai\u00e1zere, afirma autarca - Portal Tela Portugal\",\"isPartOf\":{\"@id\":\"https:\/\/portaltela.pt\/#website\"},\"primaryImageOfPage\":{\"@id\":\"https:\/\/portaltela.pt\/noticias\/2026\/02\/07\/mau-tempo-deixa-danos-em-quase-todas-as-habitacoes-de-alvaiazere-afirma-autarca\/#primaryimage\"},\"image\":{\"@id\":\"https:\/\/portaltela.pt\/noticias\/2026\/02\/07\/mau-tempo-deixa-danos-em-quase-todas-as-habitacoes-de-alvaiazere-afirma-autarca\/#primaryimage\"},\"thumbnailUrl\":\"https:\/\/portaltela.pt\/s.01k8rhncp4jt1\/2026\/02\/CACHE_780X1200_ANALOG_WATERMARKED_46481929_4188033_03022026030200.jpg\",\"datePublished\":\"2026-02-07T15:27:00+00:00\",\"author\":{\"@id\":\"https:\/\/portaltela.pt\/#\/schema\/person\/c4278d4a6028830caff9ee44b42d32ed\"},\"breadcrumb\":{\"@id\":\"https:\/\/portaltela.pt\/noticias\/2026\/02\/07\/mau-tempo-deixa-danos-em-quase-todas-as-habitacoes-de-alvaiazere-afirma-autarca\/#breadcrumb\"},\"inLanguage\":\"pt-PT\",\"potentialAction\":[{\"@type\":\"ReadAction\",\"target\":[\"https:\/\/portaltela.pt\/noticias\/2026\/02\/07\/mau-tempo-deixa-danos-em-quase-todas-as-habitacoes-de-alvaiazere-afirma-autarca\/\"]}]},{\"@type\":\"ImageObject\",\"inLanguage\":\"pt-PT\",\"@id\":\"https:\/\/portaltela.pt\/noticias\/2026\/02\/07\/mau-tempo-deixa-danos-em-quase-todas-as-habitacoes-de-alvaiazere-afirma-autarca\/#primaryimage\",\"url\":\"https:\/\/portaltela.pt\/s.01k8rhncp4jt1\/2026\/02\/CACHE_780X1200_ANALOG_WATERMARKED_46481929_4188033_03022026030200.jpg\",\"contentUrl\":\"https:\/\/portaltela.pt\/s.01k8rhncp4jt1\/2026\/02\/CACHE_780X1200_ANALOG_WATERMARKED_46481929_4188033_03022026030200.jpg\",\"width\":768,\"height\":512,\"caption\":\"Mau tempo: Quase todas as habita\u00e7\u00f5es do concelho de Alvai\u00e1zere com danos - autarca\"},{\"@type\":\"BreadcrumbList\",\"@id\":\"https:\/\/portaltela.pt\/noticias\/2026\/02\/07\/mau-tempo-deixa-danos-em-quase-todas-as-habitacoes-de-alvaiazere-afirma-autarca\/#breadcrumb\",\"itemListElement\":[{\"@type\":\"ListItem\",\"position\":1,\"name\":\"In\u00edcio\",\"item\":\"https:\/\/portaltela.pt\/\"},{\"@type\":\"ListItem\",\"position\":2,\"name\":\"Mau tempo deixa danos em quase todas as habita\u00e7\u00f5es de Alvai\u00e1zere, afirma autarca\"}]},{\"@type\":\"WebSite\",\"@id\":\"https:\/\/portaltela.pt\/#website\",\"url\":\"https:\/\/portaltela.pt\/\",\"name\":\"Portal Tela Portugal\",\"description\":\"\",\"potentialAction\":[{\"@type\":\"SearchAction\",\"target\":{\"@type\":\"EntryPoint\",\"urlTemplate\":\"https:\/\/portaltela.pt\/?s={search_term_string}\"},\"query-input\":{\"@type\":\"PropertyValueSpecification\",\"valueRequired\":true,\"valueName\":\"search_term_string\"}}],\"inLanguage\":\"pt-PT\"},{\"@type\":\"Person\",\"@id\":\"https:\/\/portaltela.pt\/#\/schema\/person\/c4278d4a6028830caff9ee44b42d32ed\",\"name\":\"Telinha\",\"image\":{\"@type\":\"ImageObject\",\"inLanguage\":\"pt-PT\",\"@id\":\"https:\/\/portaltela.pt\/s.01k8rhncp4jt1\/2025\/11\/talking-bot-125x125.png\",\"url\":\"https:\/\/portaltela.pt\/s.01k8rhncp4jt1\/2025\/11\/talking-bot-125x125.png\",\"contentUrl\":\"https:\/\/portaltela.pt\/s.01k8rhncp4jt1\/2025\/11\/talking-bot-125x125.png\",\"caption\":\"Telinha\"},\"sameAs\":[\"https:\/\/portaltela.pt\/\"],\"url\":\"https:\/\/portaltela.pt\/por\/367410592786\/\"}]}<\/script>\n<!-- \/ Yoast SEO plugin. -->","yoast_head_json":{"title":"Mau tempo deixa danos em quase todas as habita\u00e7\u00f5es de Alvai\u00e1zere, afirma autarca - Portal Tela Portugal","robots":{"index":"index","follow":"follow","max-snippet":"max-snippet:-1","max-image-preview":"max-image-preview:large","max-video-preview":"max-video-preview:-1"},"og_locale":"pt_PT","og_type":"article","og_title":"Mau tempo deixa danos em quase todas as habita\u00e7\u00f5es de Alvai\u00e1zere, afirma autarca - Portal Tela Portugal","og_description":"O mau tempo provocou danos em quase todas as habita\u00e7\u00f5es do concelho de Alvai\u00e1zere, segundo o autarca. A situa\u00e7\u00e3o \u00e9 descrita como de origem atmosf\u00e9rica, com impacto generalizado nas casas da regi\u00e3o. N\u00e3o foram detalhados n\u00fameros oficiais ou o levantamento exato de preju\u00edzos at\u00e9 ao momento. As comunica\u00e7\u00f5es oficiais apontam para necessidade de avalia\u00e7\u00e3o e apoio \u00e0s fam\u00edlias afetadas. O tema tem sido acompanhado pelas autoridades locais, em busca de medidas de resposta e de recupera\u00e7\u00e3o.","og_url":"https:\/\/portaltela.pt\/noticias\/2026\/02\/07\/mau-tempo-deixa-danos-em-quase-todas-as-habitacoes-de-alvaiazere-afirma-autarca\/","og_site_name":"Portal Tela Portugal","article_published_time":"2026-02-07T15:27:00+00:00","author":"Telinha","twitter_card":"summary_large_image","twitter_misc":{"Escrito por":"Telinha","Tempo estimado de leitura":"1 minuto"},"schema":{"@context":"https:\/\/schema.org","@graph":[{"@type":"Article","@id":"https:\/\/portaltela.pt\/noticias\/2026\/02\/07\/mau-tempo-deixa-danos-em-quase-todas-as-habitacoes-de-alvaiazere-afirma-autarca\/#article","isPartOf":{"@id":"https:\/\/portaltela.pt\/noticias\/2026\/02\/07\/mau-tempo-deixa-danos-em-quase-todas-as-habitacoes-de-alvaiazere-afirma-autarca\/"},"author":{"name":"Telinha","@id":"https:\/\/portaltela.pt\/#\/schema\/person\/c4278d4a6028830caff9ee44b42d32ed"},"headline":"Mau tempo deixa danos em quase todas as habita\u00e7\u00f5es de Alvai\u00e1zere, afirma autarca","datePublished":"2026-02-07T15:27:00+00:00","mainEntityOfPage":{"@id":"https:\/\/portaltela.pt\/noticias\/2026\/02\/07\/mau-tempo-deixa-danos-em-quase-todas-as-habitacoes-de-alvaiazere-afirma-autarca\/"},"wordCount":143,"image":{"@id":"https:\/\/portaltela.pt\/noticias\/2026\/02\/07\/mau-tempo-deixa-danos-em-quase-todas-as-habitacoes-de-alvaiazere-afirma-autarca\/#primaryimage"},"thumbnailUrl":"https:\/\/portaltela.pt\/s.01k8rhncp4jt1\/2026\/02\/CACHE_780X1200_ANALOG_WATERMARKED_46481929_4188033_03022026030200.jpg","keywords":["Alvai\u00e1zere","Apoio Social","calamidade p\u00fablica","cat\u00e1strofes naturais","chuva","habita\u00e7\u00e3o"],"articleSection":["Not\u00edcias"],"inLanguage":"pt-PT"},{"@type":"WebPage","@id":"https:\/\/portaltela.pt\/noticias\/2026\/02\/07\/mau-tempo-deixa-danos-em-quase-todas-as-habitacoes-de-alvaiazere-afirma-autarca\/","url":"https:\/\/portaltela.pt\/noticias\/2026\/02\/07\/mau-tempo-deixa-danos-em-quase-todas-as-habitacoes-de-alvaiazere-afirma-autarca\/","name":"Mau tempo deixa danos em quase todas as habita\u00e7\u00f5es de Alvai\u00e1zere, afirma autarca - Portal Tela Portugal","isPartOf":{"@id":"https:\/\/portaltela.pt\/#website"},"primaryImageOfPage":{"@id":"https:\/\/portaltela.pt\/noticias\/2026\/02\/07\/mau-tempo-deixa-danos-em-quase-todas-as-habitacoes-de-alvaiazere-afirma-autarca\/#primaryimage"},"image":{"@id":"https:\/\/portaltela.pt\/noticias\/2026\/02\/07\/mau-tempo-deixa-danos-em-quase-todas-as-habitacoes-de-alvaiazere-afirma-autarca\/#primaryimage"},"thumbnailUrl":"https:\/\/portaltela.pt\/s.01k8rhncp4jt1\/2026\/02\/CACHE_780X1200_ANALOG_WATERMARKED_46481929_4188033_03022026030200.jpg","datePublished":"2026-02-07T15:27:00+00:00","author":{"@id":"https:\/\/portaltela.pt\/#\/schema\/person\/c4278d4a6028830caff9ee44b42d32ed"},"breadcrumb":{"@id":"https:\/\/portaltela.pt\/noticias\/2026\/02\/07\/mau-tempo-deixa-danos-em-quase-todas-as-habitacoes-de-alvaiazere-afirma-autarca\/#breadcrumb"},"inLanguage":"pt-PT","potentialAction":[{"@type":"ReadAction","target":["https:\/\/portaltela.pt\/noticias\/2026\/02\/07\/mau-tempo-deixa-danos-em-quase-todas-as-habitacoes-de-alvaiazere-afirma-autarca\/"]}]},{"@type":"ImageObject","inLanguage":"pt-PT","@id":"https:\/\/portaltela.pt\/noticias\/2026\/02\/07\/mau-tempo-deixa-danos-em-quase-todas-as-habitacoes-de-alvaiazere-afirma-autarca\/#primaryimage","url":"https:\/\/portaltela.pt\/s.01k8rhncp4jt1\/2026\/02\/CACHE_780X1200_ANALOG_WATERMARKED_46481929_4188033_03022026030200.jpg","contentUrl":"https:\/\/portaltela.pt\/s.01k8rhncp4jt1\/2026\/02\/CACHE_780X1200_ANALOG_WATERMARKED_46481929_4188033_03022026030200.jpg","width":768,"height":512,"caption":"Mau tempo: Quase todas as habita\u00e7\u00f5es do concelho de Alvai\u00e1zere com danos - autarca"},{"@type":"BreadcrumbList","@id":"https:\/\/portaltela.pt\/noticias\/2026\/02\/07\/mau-tempo-deixa-danos-em-quase-todas-as-habitacoes-de-alvaiazere-afirma-autarca\/#breadcrumb","itemListElement":[{"@type":"ListItem","position":1,"name":"In\u00edcio","item":"https:\/\/portaltela.pt\/"},{"@type":"ListItem","position":2,"name":"Mau tempo deixa danos em quase todas as habita\u00e7\u00f5es de Alvai\u00e1zere, afirma autarca"}]},{"@type":"WebSite","@id":"https:\/\/portaltela.pt\/#website","url":"https:\/\/portaltela.pt\/","name":"Portal Tela Portugal","description":"","potentialAction":[{"@type":"SearchAction","target":{"@type":"EntryPoint","urlTemplate":"https:\/\/portaltela.pt\/?s={search_term_string}"},"query-input":{"@type":"PropertyValueSpecification","valueRequired":true,"valueName":"search_term_string"}}],"inLanguage":"pt-PT"},{"@type":"Person","@id":"https:\/\/portaltela.pt\/#\/schema\/person\/c4278d4a6028830caff9ee44b42d32ed","name":"Telinha","image":{"@type":"ImageObject","inLanguage":"pt-PT","@id":"https:\/\/portaltela.pt\/s.01k8rhncp4jt1\/2025\/11\/talking-bot-125x125.png","url":"https:\/\/portaltela.pt\/s.01k8rhncp4jt1\/2025\/11\/talking-bot-125x125.png","contentUrl":"https:\/\/portaltela.pt\/s.01k8rhncp4jt1\/2025\/11\/talking-bot-125x125.png","caption":"Telinha"},"sameAs":["https:\/\/portaltela.pt\/"],"url":"https:\/\/portaltela.pt\/por\/367410592786\/"}]}},"_links":{"self":[{"href":"https:\/\/portaltela.pt\/api\/wp\/v2\/posts\/203038","targetHints":{"allow":["GET"]}}],"collection":[{"href":"https:\/\/portaltela.pt\/api\/wp\/v2\/posts"}],"about":[{"href":"https:\/\/portaltela.pt\/api\/wp\/v2\/types\/post"}],"author":[{"embeddable":true,"href":"https:\/\/portaltela.pt\/api\/wp\/v2\/users\/2"}],"replies":[{"embeddable":true,"href":"https:\/\/portaltela.pt\/api\/wp\/v2\/comments?post=203038"}],"version-history":[{"count":0,"href":"https:\/\/portaltela.pt\/api\/wp\/v2\/posts\/203038\/revisions"}],"wp:featuredmedia":[{"embeddable":true,"href":"https:\/\/portaltela.pt\/api\/wp\/v2\/media\/203039"}],"wp:attachment":[{"href":"https:\/\/portaltela.pt\/api\/wp\/v2\/media?parent=203038"}],"wp:term":[{"taxonomy":"category","embeddable":true,"href":"https:\/\/portaltela.pt\/api\/wp\/v2\/categories?post=203038"},{"taxonomy":"post_tag","embeddable":true,"href":"https:\/\/portaltela.pt\/api\/wp\/v2\/tags?post=203038"}],"curies":[{"name":"wp","href":"https:\/\/api.w.org\/{rel}","templated":true}]}}