{"id":203027,"date":"2026-02-07T12:40:34","date_gmt":"2026-02-07T15:40:34","guid":{"rendered":"https:\/\/portaltela.pt\/noticias\/2026\/02\/07\/bombeiro-morre-em-servico-junto-ao-rio-caia-devido-ao-mau-tempo-2\/"},"modified":"2026-02-07T12:40:34","modified_gmt":"2026-02-07T15:40:34","slug":"bombeiro-morre-em-servico-junto-ao-rio-caia-devido-ao-mau-tempo-2","status":"publish","type":"post","link":"https:\/\/portaltela.pt\/noticias\/2026\/02\/07\/bombeiro-morre-em-servico-junto-ao-rio-caia-devido-ao-mau-tempo-2\/","title":{"rendered":"Bombeiro morre em servi\u00e7o junto ao rio Caia devido ao mau tempo"},"content":{"rendered":"<p>Um bombeiro de 46 anos morreu hoje junto ao rio Caia, entre os concelhos de Elvas e Campo Maior, durante uma opera\u00e7\u00e3o de apoio a fam\u00edlias afetadas pelo mau tempo. A v\u00edtima ter\u00e1 tentado atravessar uma \u00e1rea alagada e acabou por cair numa zona mais profunda, submergindo.<\/p>\n<p>O bombeiro era tamb\u00e9m militar da Guarda Nacional Republicana (GNR). Envolvia-se numa miss\u00e3o de socorro a residentes afetados pelas cheias e precipita\u00e7\u00f5es intensas que afetam a regi\u00e3o h\u00e1 dias.<\/p>\n<p>Este \u00e9 o 14\u00ba \u00f3bito registado devido ao mau tempo nas duas \u00faltimas semanas, de acordo com informa\u00e7\u00f5es de fontes oficiais. O balan\u00e7o inclui v\u00edtimas em v\u00e1rias regi\u00f5es do pa\u00eds, associadas a inunda\u00e7\u00f5es, quedas de \u00e1rvores e interrup\u00e7\u00f5es de servi\u00e7os.<\/p>\n<p>Em atualiza\u00e7\u00e3o.<\/p>\n","protected":false},"excerpt":{"rendered":"<ul>\n<li>Um bombeiro de 46 anos morreu este s\u00e1bado junto ao rio Caia, entre os concelhos de Elvas e Campo Maior, durante uma miss\u00e3o de aux\u00edlio a fam\u00edlias afetadas pelo mau tempo.<\/li>\n<li>O acidente ocorreu quando o homem tentou atravessar uma \u00e1rea alagada e acabou por cair numa zona mais profunda, ficando submerso.<\/li>\n<li>O bombeiro era tamb\u00e9m militar da Guarda Nacional Republicana (GNR).<\/li>\n<li>\u00c9 a 14\u00aa v\u00edtima do mau tempo nas duas \u00faltimas semanas.<\/li>\n<li>Em atualiza\u00e7\u00e3o.<\/li>\n<\/ul>\n","protected":false},"author":2,"featured_media":203033,"comment_status":"closed","ping_status":"closed","sticky":false,"template":"","format":"standard","meta":{"footnotes":""},"categories":[1],"tags":[3812,971,3346,1089,1380,2293],"class_list":["post-203027","post","type-post","status-publish","format-standard","has-post-thumbnail","hentry","category-noticias","tag-alagamentos","tag-bombeiros","tag-campo-maior","tag-elvas","tag-gnr","tag-inundacoes"],"yoast_head":"<!-- This site is optimized with the Yoast SEO plugin v27.2 - https:\/\/yoast.com\/product\/yoast-seo-wordpress\/ -->\n<title>Bombeiro morre em servi\u00e7o junto ao rio Caia devido ao mau tempo - Portal Tela Portugal<\/title>\n<meta name=\"robots\" content=\"index, follow, max-snippet:-1, max-image-preview:large, max-video-preview:-1\" \/>\n<meta property=\"og:locale\" content=\"pt_PT\" \/>\n<meta property=\"og:type\" content=\"article\" \/>\n<meta property=\"og:title\" content=\"Bombeiro morre em servi\u00e7o junto ao rio Caia devido ao mau tempo - Portal Tela Portugal\" \/>\n<meta property=\"og:description\" content=\"Um bombeiro de 46 anos morreu este s\u00e1bado junto ao rio Caia, entre os concelhos de Elvas e Campo Maior, durante uma miss\u00e3o de aux\u00edlio a fam\u00edlias afetadas pelo mau tempo. O acidente ocorreu quando o homem tentou atravessar uma \u00e1rea alagada e acabou por cair numa zona mais profunda, ficando submerso. O bombeiro era tamb\u00e9m militar da Guarda Nacional Republicana (GNR). \u00c9 a 14\u00aa v\u00edtima do mau tempo nas duas \u00faltimas semanas. Em atualiza\u00e7\u00e3o.\" \/>\n<meta property=\"og:url\" content=\"https:\/\/portaltela.pt\/noticias\/2026\/02\/07\/bombeiro-morre-em-servico-junto-ao-rio-caia-devido-ao-mau-tempo-2\/\" \/>\n<meta property=\"og:site_name\" content=\"Portal Tela Portugal\" \/>\n<meta property=\"article:published_time\" content=\"2026-02-07T15:40:34+00:00\" \/>\n<meta name=\"author\" content=\"Telinha\" \/>\n<meta name=\"twitter:card\" content=\"summary_large_image\" \/>\n<meta name=\"twitter:label1\" content=\"Escrito por\" \/>\n\t<meta name=\"twitter:data1\" content=\"Telinha\" \/>\n\t<meta name=\"twitter:label2\" content=\"Tempo estimado de leitura\" \/>\n\t<meta name=\"twitter:data2\" content=\"1 minuto\" \/>\n<script type=\"application\/ld+json\" class=\"yoast-schema-graph\">{\"@context\":\"https:\/\/schema.org\",\"@graph\":[{\"@type\":\"Article\",\"@id\":\"https:\/\/portaltela.pt\/noticias\/2026\/02\/07\/bombeiro-morre-em-servico-junto-ao-rio-caia-devido-ao-mau-tempo-2\/#article\",\"isPartOf\":{\"@id\":\"https:\/\/portaltela.pt\/noticias\/2026\/02\/07\/bombeiro-morre-em-servico-junto-ao-rio-caia-devido-ao-mau-tempo-2\/\"},\"author\":{\"name\":\"Telinha\",\"@id\":\"https:\/\/portaltela.pt\/#\/schema\/person\/c4278d4a6028830caff9ee44b42d32ed\"},\"headline\":\"Bombeiro morre em servi\u00e7o junto ao rio Caia devido ao mau tempo\",\"datePublished\":\"2026-02-07T15:40:34+00:00\",\"mainEntityOfPage\":{\"@id\":\"https:\/\/portaltela.pt\/noticias\/2026\/02\/07\/bombeiro-morre-em-servico-junto-ao-rio-caia-devido-ao-mau-tempo-2\/\"},\"wordCount\":145,\"image\":{\"@id\":\"https:\/\/portaltela.pt\/noticias\/2026\/02\/07\/bombeiro-morre-em-servico-junto-ao-rio-caia-devido-ao-mau-tempo-2\/#primaryimage\"},\"thumbnailUrl\":\"https:\/\/portaltela.pt\/s.01k8rhncp4jt1\/2026\/02\/img_920x518uu2026-02-07-15-40-10-2420126.jpg\",\"keywords\":[\"alagamentos\",\"bombeiros\",\"Campo Maior\",\"Elvas\",\"GNR\",\"inunda\u00e7\u00f5es\"],\"articleSection\":[\"Not\u00edcias\"],\"inLanguage\":\"pt-PT\"},{\"@type\":\"WebPage\",\"@id\":\"https:\/\/portaltela.pt\/noticias\/2026\/02\/07\/bombeiro-morre-em-servico-junto-ao-rio-caia-devido-ao-mau-tempo-2\/\",\"url\":\"https:\/\/portaltela.pt\/noticias\/2026\/02\/07\/bombeiro-morre-em-servico-junto-ao-rio-caia-devido-ao-mau-tempo-2\/\",\"name\":\"Bombeiro morre em servi\u00e7o junto ao rio Caia devido ao mau tempo - Portal Tela Portugal\",\"isPartOf\":{\"@id\":\"https:\/\/portaltela.pt\/#website\"},\"primaryImageOfPage\":{\"@id\":\"https:\/\/portaltela.pt\/noticias\/2026\/02\/07\/bombeiro-morre-em-servico-junto-ao-rio-caia-devido-ao-mau-tempo-2\/#primaryimage\"},\"image\":{\"@id\":\"https:\/\/portaltela.pt\/noticias\/2026\/02\/07\/bombeiro-morre-em-servico-junto-ao-rio-caia-devido-ao-mau-tempo-2\/#primaryimage\"},\"thumbnailUrl\":\"https:\/\/portaltela.pt\/s.01k8rhncp4jt1\/2026\/02\/img_920x518uu2026-02-07-15-40-10-2420126.jpg\",\"datePublished\":\"2026-02-07T15:40:34+00:00\",\"author\":{\"@id\":\"https:\/\/portaltela.pt\/#\/schema\/person\/c4278d4a6028830caff9ee44b42d32ed\"},\"breadcrumb\":{\"@id\":\"https:\/\/portaltela.pt\/noticias\/2026\/02\/07\/bombeiro-morre-em-servico-junto-ao-rio-caia-devido-ao-mau-tempo-2\/#breadcrumb\"},\"inLanguage\":\"pt-PT\",\"potentialAction\":[{\"@type\":\"ReadAction\",\"target\":[\"https:\/\/portaltela.pt\/noticias\/2026\/02\/07\/bombeiro-morre-em-servico-junto-ao-rio-caia-devido-ao-mau-tempo-2\/\"]}]},{\"@type\":\"ImageObject\",\"inLanguage\":\"pt-PT\",\"@id\":\"https:\/\/portaltela.pt\/noticias\/2026\/02\/07\/bombeiro-morre-em-servico-junto-ao-rio-caia-devido-ao-mau-tempo-2\/#primaryimage\",\"url\":\"https:\/\/portaltela.pt\/s.01k8rhncp4jt1\/2026\/02\/img_920x518uu2026-02-07-15-40-10-2420126.jpg\",\"contentUrl\":\"https:\/\/portaltela.pt\/s.01k8rhncp4jt1\/2026\/02\/img_920x518uu2026-02-07-15-40-10-2420126.jpg\",\"width\":796,\"height\":448,\"caption\":\"Bombeiros, xxxx\"},{\"@type\":\"BreadcrumbList\",\"@id\":\"https:\/\/portaltela.pt\/noticias\/2026\/02\/07\/bombeiro-morre-em-servico-junto-ao-rio-caia-devido-ao-mau-tempo-2\/#breadcrumb\",\"itemListElement\":[{\"@type\":\"ListItem\",\"position\":1,\"name\":\"In\u00edcio\",\"item\":\"https:\/\/portaltela.pt\/\"},{\"@type\":\"ListItem\",\"position\":2,\"name\":\"Bombeiro morre em servi\u00e7o junto ao rio Caia devido ao mau tempo\"}]},{\"@type\":\"WebSite\",\"@id\":\"https:\/\/portaltela.pt\/#website\",\"url\":\"https:\/\/portaltela.pt\/\",\"name\":\"Portal Tela Portugal\",\"description\":\"\",\"potentialAction\":[{\"@type\":\"SearchAction\",\"target\":{\"@type\":\"EntryPoint\",\"urlTemplate\":\"https:\/\/portaltela.pt\/?s={search_term_string}\"},\"query-input\":{\"@type\":\"PropertyValueSpecification\",\"valueRequired\":true,\"valueName\":\"search_term_string\"}}],\"inLanguage\":\"pt-PT\"},{\"@type\":\"Person\",\"@id\":\"https:\/\/portaltela.pt\/#\/schema\/person\/c4278d4a6028830caff9ee44b42d32ed\",\"name\":\"Telinha\",\"image\":{\"@type\":\"ImageObject\",\"inLanguage\":\"pt-PT\",\"@id\":\"https:\/\/portaltela.pt\/s.01k8rhncp4jt1\/2025\/11\/talking-bot-125x125.png\",\"url\":\"https:\/\/portaltela.pt\/s.01k8rhncp4jt1\/2025\/11\/talking-bot-125x125.png\",\"contentUrl\":\"https:\/\/portaltela.pt\/s.01k8rhncp4jt1\/2025\/11\/talking-bot-125x125.png\",\"caption\":\"Telinha\"},\"sameAs\":[\"https:\/\/portaltela.pt\/\"],\"url\":\"https:\/\/portaltela.pt\/por\/367410592786\/\"}]}<\/script>\n<!-- \/ Yoast SEO plugin. -->","yoast_head_json":{"title":"Bombeiro morre em servi\u00e7o junto ao rio Caia devido ao mau tempo - Portal Tela Portugal","robots":{"index":"index","follow":"follow","max-snippet":"max-snippet:-1","max-image-preview":"max-image-preview:large","max-video-preview":"max-video-preview:-1"},"og_locale":"pt_PT","og_type":"article","og_title":"Bombeiro morre em servi\u00e7o junto ao rio Caia devido ao mau tempo - Portal Tela Portugal","og_description":"Um bombeiro de 46 anos morreu este s\u00e1bado junto ao rio Caia, entre os concelhos de Elvas e Campo Maior, durante uma miss\u00e3o de aux\u00edlio a fam\u00edlias afetadas pelo mau tempo. O acidente ocorreu quando o homem tentou atravessar uma \u00e1rea alagada e acabou por cair numa zona mais profunda, ficando submerso. O bombeiro era tamb\u00e9m militar da Guarda Nacional Republicana (GNR). \u00c9 a 14\u00aa v\u00edtima do mau tempo nas duas \u00faltimas semanas. Em atualiza\u00e7\u00e3o.","og_url":"https:\/\/portaltela.pt\/noticias\/2026\/02\/07\/bombeiro-morre-em-servico-junto-ao-rio-caia-devido-ao-mau-tempo-2\/","og_site_name":"Portal Tela Portugal","article_published_time":"2026-02-07T15:40:34+00:00","author":"Telinha","twitter_card":"summary_large_image","twitter_misc":{"Escrito por":"Telinha","Tempo estimado de leitura":"1 minuto"},"schema":{"@context":"https:\/\/schema.org","@graph":[{"@type":"Article","@id":"https:\/\/portaltela.pt\/noticias\/2026\/02\/07\/bombeiro-morre-em-servico-junto-ao-rio-caia-devido-ao-mau-tempo-2\/#article","isPartOf":{"@id":"https:\/\/portaltela.pt\/noticias\/2026\/02\/07\/bombeiro-morre-em-servico-junto-ao-rio-caia-devido-ao-mau-tempo-2\/"},"author":{"name":"Telinha","@id":"https:\/\/portaltela.pt\/#\/schema\/person\/c4278d4a6028830caff9ee44b42d32ed"},"headline":"Bombeiro morre em servi\u00e7o junto ao rio Caia devido ao mau tempo","datePublished":"2026-02-07T15:40:34+00:00","mainEntityOfPage":{"@id":"https:\/\/portaltela.pt\/noticias\/2026\/02\/07\/bombeiro-morre-em-servico-junto-ao-rio-caia-devido-ao-mau-tempo-2\/"},"wordCount":145,"image":{"@id":"https:\/\/portaltela.pt\/noticias\/2026\/02\/07\/bombeiro-morre-em-servico-junto-ao-rio-caia-devido-ao-mau-tempo-2\/#primaryimage"},"thumbnailUrl":"https:\/\/portaltela.pt\/s.01k8rhncp4jt1\/2026\/02\/img_920x518uu2026-02-07-15-40-10-2420126.jpg","keywords":["alagamentos","bombeiros","Campo Maior","Elvas","GNR","inunda\u00e7\u00f5es"],"articleSection":["Not\u00edcias"],"inLanguage":"pt-PT"},{"@type":"WebPage","@id":"https:\/\/portaltela.pt\/noticias\/2026\/02\/07\/bombeiro-morre-em-servico-junto-ao-rio-caia-devido-ao-mau-tempo-2\/","url":"https:\/\/portaltela.pt\/noticias\/2026\/02\/07\/bombeiro-morre-em-servico-junto-ao-rio-caia-devido-ao-mau-tempo-2\/","name":"Bombeiro morre em servi\u00e7o junto ao rio Caia devido ao mau tempo - Portal Tela Portugal","isPartOf":{"@id":"https:\/\/portaltela.pt\/#website"},"primaryImageOfPage":{"@id":"https:\/\/portaltela.pt\/noticias\/2026\/02\/07\/bombeiro-morre-em-servico-junto-ao-rio-caia-devido-ao-mau-tempo-2\/#primaryimage"},"image":{"@id":"https:\/\/portaltela.pt\/noticias\/2026\/02\/07\/bombeiro-morre-em-servico-junto-ao-rio-caia-devido-ao-mau-tempo-2\/#primaryimage"},"thumbnailUrl":"https:\/\/portaltela.pt\/s.01k8rhncp4jt1\/2026\/02\/img_920x518uu2026-02-07-15-40-10-2420126.jpg","datePublished":"2026-02-07T15:40:34+00:00","author":{"@id":"https:\/\/portaltela.pt\/#\/schema\/person\/c4278d4a6028830caff9ee44b42d32ed"},"breadcrumb":{"@id":"https:\/\/portaltela.pt\/noticias\/2026\/02\/07\/bombeiro-morre-em-servico-junto-ao-rio-caia-devido-ao-mau-tempo-2\/#breadcrumb"},"inLanguage":"pt-PT","potentialAction":[{"@type":"ReadAction","target":["https:\/\/portaltela.pt\/noticias\/2026\/02\/07\/bombeiro-morre-em-servico-junto-ao-rio-caia-devido-ao-mau-tempo-2\/"]}]},{"@type":"ImageObject","inLanguage":"pt-PT","@id":"https:\/\/portaltela.pt\/noticias\/2026\/02\/07\/bombeiro-morre-em-servico-junto-ao-rio-caia-devido-ao-mau-tempo-2\/#primaryimage","url":"https:\/\/portaltela.pt\/s.01k8rhncp4jt1\/2026\/02\/img_920x518uu2026-02-07-15-40-10-2420126.jpg","contentUrl":"https:\/\/portaltela.pt\/s.01k8rhncp4jt1\/2026\/02\/img_920x518uu2026-02-07-15-40-10-2420126.jpg","width":796,"height":448,"caption":"Bombeiros, xxxx"},{"@type":"BreadcrumbList","@id":"https:\/\/portaltela.pt\/noticias\/2026\/02\/07\/bombeiro-morre-em-servico-junto-ao-rio-caia-devido-ao-mau-tempo-2\/#breadcrumb","itemListElement":[{"@type":"ListItem","position":1,"name":"In\u00edcio","item":"https:\/\/portaltela.pt\/"},{"@type":"ListItem","position":2,"name":"Bombeiro morre em servi\u00e7o junto ao rio Caia devido ao mau tempo"}]},{"@type":"WebSite","@id":"https:\/\/portaltela.pt\/#website","url":"https:\/\/portaltela.pt\/","name":"Portal Tela Portugal","description":"","potentialAction":[{"@type":"SearchAction","target":{"@type":"EntryPoint","urlTemplate":"https:\/\/portaltela.pt\/?s={search_term_string}"},"query-input":{"@type":"PropertyValueSpecification","valueRequired":true,"valueName":"search_term_string"}}],"inLanguage":"pt-PT"},{"@type":"Person","@id":"https:\/\/portaltela.pt\/#\/schema\/person\/c4278d4a6028830caff9ee44b42d32ed","name":"Telinha","image":{"@type":"ImageObject","inLanguage":"pt-PT","@id":"https:\/\/portaltela.pt\/s.01k8rhncp4jt1\/2025\/11\/talking-bot-125x125.png","url":"https:\/\/portaltela.pt\/s.01k8rhncp4jt1\/2025\/11\/talking-bot-125x125.png","contentUrl":"https:\/\/portaltela.pt\/s.01k8rhncp4jt1\/2025\/11\/talking-bot-125x125.png","caption":"Telinha"},"sameAs":["https:\/\/portaltela.pt\/"],"url":"https:\/\/portaltela.pt\/por\/367410592786\/"}]}},"_links":{"self":[{"href":"https:\/\/portaltela.pt\/api\/wp\/v2\/posts\/203027","targetHints":{"allow":["GET"]}}],"collection":[{"href":"https:\/\/portaltela.pt\/api\/wp\/v2\/posts"}],"about":[{"href":"https:\/\/portaltela.pt\/api\/wp\/v2\/types\/post"}],"author":[{"embeddable":true,"href":"https:\/\/portaltela.pt\/api\/wp\/v2\/users\/2"}],"replies":[{"embeddable":true,"href":"https:\/\/portaltela.pt\/api\/wp\/v2\/comments?post=203027"}],"version-history":[{"count":0,"href":"https:\/\/portaltela.pt\/api\/wp\/v2\/posts\/203027\/revisions"}],"wp:featuredmedia":[{"embeddable":true,"href":"https:\/\/portaltela.pt\/api\/wp\/v2\/media\/203033"}],"wp:attachment":[{"href":"https:\/\/portaltela.pt\/api\/wp\/v2\/media?parent=203027"}],"wp:term":[{"taxonomy":"category","embeddable":true,"href":"https:\/\/portaltela.pt\/api\/wp\/v2\/categories?post=203027"},{"taxonomy":"post_tag","embeddable":true,"href":"https:\/\/portaltela.pt\/api\/wp\/v2\/tags?post=203027"}],"curies":[{"name":"wp","href":"https:\/\/api.w.org\/{rel}","templated":true}]}}