{"id":202990,"date":"2026-02-07T12:00:23","date_gmt":"2026-02-07T15:00:23","guid":{"rendered":"https:\/\/portaltela.pt\/noticias\/2026\/02\/07\/chuva-provoca-danos-mas-bacia-de-retencao-evita-inundacoes-em-setubal\/"},"modified":"2026-02-07T12:00:23","modified_gmt":"2026-02-07T15:00:23","slug":"chuva-provoca-danos-mas-bacia-de-retencao-evita-inundacoes-em-setubal","status":"publish","type":"post","link":"https:\/\/portaltela.pt\/noticias\/2026\/02\/07\/chuva-provoca-danos-mas-bacia-de-retencao-evita-inundacoes-em-setubal\/","title":{"rendered":"Chuva provoca danos, mas bacia de reten\u00e7\u00e3o evita inunda\u00e7\u00f5es em Set\u00fabal"},"content":{"rendered":"<p>A chuva intensa ocorrida nos \u00faltimos dias provocou quedas de \u00e1rvores, deslizamentos e danos em vias de Set\u00fabal. A Prote\u00e7\u00e3o Civil municipal confirmou que a zona da Baixa esteve protegida gra\u00e7as \u00e0 bacia de reten\u00e7\u00e3o da V\u00e1rzea, apesar da precipita\u00e7\u00e3o.<\/p>\n<p>Segundo o coordenador do Servi\u00e7o Municipal de Prote\u00e7\u00e3o Civil, Jos\u00e9 Lu\u00eds Bucho, a satura\u00e7\u00e3o dos solos gerou \u00e1gua superficial e inunda\u00e7\u00f5es pontuais em campos e arruamentos, com degrada\u00e7\u00e3o de pavimentos e buracos ocultos pela \u00e1gua.<\/p>\n<p>A maior zona de impacto manteve-se em Azeit\u00e3o, onde os problemas foram mais expressivos, aponta Bucho. Ele pediu prud\u00eancia aos condutores e respeito pelos limites de velocidade nas \u00e1reas condicionadas.<\/p>\n<h3>Bacia de reten\u00e7\u00e3o da V\u00e1rzea<\/h3>\n<p>A bacia encontra-se com cerca de 30% da sua capacidade, conforme o respons\u00e1vel. O funcionamento da infraestrutura tem permitido reter \u00e1guas das ribeiras do concelho, evitando cheias na Baixa.<\/p>\n<p>Sem a bacia, o coordenador afirma que as ribeiras j\u00e1 teriam transbordado e a Baixa poderia estar inundada, destacando o papel da infraestrutura para a continuidade da circula\u00e7\u00e3o rodovi\u00e1ria.<\/p>\n<p>O mau tempo desde o dia 28 de janeiro deixou apenas um desalojado no concelho, em Azeit\u00e3o, que teve o telhado levado pela intemp\u00e9rie. Foram-lhe oferecida acolhimento tempor\u00e1rio e encaminhamento social.<\/p>\n<p>Diversas zonas sofreram interrup\u00e7\u00f5es no fornecimento de energia devido a avarias nas redes externas. O munic\u00edpio mant\u00e9m mais de 100 operacionais no terreno para responder a ocorr\u00eancias.<\/p>\n<p>As zonas mais cr\u00edticas continuam a ser \u00e1reas florestais e estradas, incluindo o tro\u00e7o entre Restinguinha e a praia da Figueirinha, onde ca\u00edram mais de 200 \u00e1rvores. Limpeza e estabiliza\u00e7\u00e3o devem prolongar-se por semanas.<\/p>\n<p>Como medida preventiva, os cemit\u00e9rios municipais ficaram encerrados temporariamente, devido \u00e0 necessidade de avalia\u00e7\u00e3o de ciprestes de grande porte com risco de queda.<\/p>\n","protected":false},"excerpt":{"rendered":"<ul>\n<li>Chuvas intensas provocaram quedas de \u00e1rvores, deslizamentos e danos em vias, mas a bacia de reten\u00e7\u00e3o da V\u00e1rzea mant\u00e9m-se a cerca de 30% da capacidade e evitou inunda\u00e7\u00f5es na Baixa de Set\u00fabal.<\/li>\n<li>Um desalojado em Azeit\u00e3o foi acolhido temporariamente na Pousada da Juventude de Set\u00fabal, depois encaminhado para um lar, e persistem problemas de fornecimento de energia em algumas zonas.<\/li>\n<li>A zona entre Restinguinha e a praia da Figueirinha registou mais de duzentas \u00e1rvores derrubadas, com trabalhos de limpeza e estabiliza\u00e7\u00e3o a prolongarem-se por v\u00e1rias semanas.<\/li>\n<li>Como medida preventiva, os cemit\u00e9rios do concelho foram encerrados temporariamente devido ao risco de queda de ciprestes; mais de cem operacionais permanecem no terreno.<\/li>\n<li>Em termos nacionais, treze pessoas morreram na sequ\u00eancia das depress\u00f5es Kristin, Leonardo e Marta, com o Governo a prolongar a situa\u00e7\u00e3o de calamidade at\u00e9 ao dia quinze para sessenta e oito concelhos, e a anunciar apoios at\u00e9 dois mil e quinhentos milh\u00f5es de euros.<\/li>\n<\/ul>\n","protected":false},"author":2,"featured_media":202991,"comment_status":"closed","ping_status":"closed","sticky":false,"template":"","format":"standard","meta":{"footnotes":""},"categories":[1],"tags":[974,3735,2293,320,994],"class_list":["post-202990","post","type-post","status-publish","format-standard","has-post-thumbnail","hentry","category-noticias","tag-azeitao","tag-deslizamentos","tag-inundacoes","tag-protecao-civil","tag-setubal"],"yoast_head":"<!-- This site is optimized with the Yoast SEO plugin v27.2 - https:\/\/yoast.com\/product\/yoast-seo-wordpress\/ -->\n<title>Chuva provoca danos, mas bacia de reten\u00e7\u00e3o evita inunda\u00e7\u00f5es em Set\u00fabal - Portal Tela Portugal<\/title>\n<meta name=\"robots\" content=\"index, follow, max-snippet:-1, max-image-preview:large, max-video-preview:-1\" \/>\n<meta property=\"og:locale\" content=\"pt_PT\" \/>\n<meta property=\"og:type\" content=\"article\" \/>\n<meta property=\"og:title\" content=\"Chuva provoca danos, mas bacia de reten\u00e7\u00e3o evita inunda\u00e7\u00f5es em Set\u00fabal - Portal Tela Portugal\" \/>\n<meta property=\"og:description\" content=\"Chuvas intensas provocaram quedas de \u00e1rvores, deslizamentos e danos em vias, mas a bacia de reten\u00e7\u00e3o da V\u00e1rzea mant\u00e9m-se a cerca de 30% da capacidade e evitou inunda\u00e7\u00f5es na Baixa de Set\u00fabal. Um desalojado em Azeit\u00e3o foi acolhido temporariamente na Pousada da Juventude de Set\u00fabal, depois encaminhado para um lar, e persistem problemas de fornecimento de energia em algumas zonas. A zona entre Restinguinha e a praia da Figueirinha registou mais de duzentas \u00e1rvores derrubadas, com trabalhos de limpeza e estabiliza\u00e7\u00e3o a prolongarem-se por v\u00e1rias semanas. Como medida preventiva, os cemit\u00e9rios do concelho foram encerrados temporariamente devido ao risco de queda de ciprestes; mais de cem operacionais permanecem no terreno. Em termos nacionais, treze pessoas morreram na sequ\u00eancia das depress\u00f5es Kristin, Leonardo e Marta, com o Governo a prolongar a situa\u00e7\u00e3o de calamidade at\u00e9 ao dia quinze para sessenta e oito concelhos, e a anunciar apoios at\u00e9 dois mil e quinhentos milh\u00f5es de euros.\" \/>\n<meta property=\"og:url\" content=\"https:\/\/portaltela.pt\/noticias\/2026\/02\/07\/chuva-provoca-danos-mas-bacia-de-retencao-evita-inundacoes-em-setubal\/\" \/>\n<meta property=\"og:site_name\" content=\"Portal Tela Portugal\" \/>\n<meta property=\"article:published_time\" content=\"2026-02-07T15:00:23+00:00\" \/>\n<meta name=\"author\" content=\"Telinha\" \/>\n<meta name=\"twitter:card\" content=\"summary_large_image\" \/>\n<meta name=\"twitter:label1\" content=\"Escrito por\" \/>\n\t<meta name=\"twitter:data1\" content=\"Telinha\" \/>\n\t<meta name=\"twitter:label2\" content=\"Tempo estimado de leitura\" \/>\n\t<meta name=\"twitter:data2\" content=\"2 minutos\" \/>\n<script type=\"application\/ld+json\" class=\"yoast-schema-graph\">{\"@context\":\"https:\/\/schema.org\",\"@graph\":[{\"@type\":\"Article\",\"@id\":\"https:\/\/portaltela.pt\/noticias\/2026\/02\/07\/chuva-provoca-danos-mas-bacia-de-retencao-evita-inundacoes-em-setubal\/#article\",\"isPartOf\":{\"@id\":\"https:\/\/portaltela.pt\/noticias\/2026\/02\/07\/chuva-provoca-danos-mas-bacia-de-retencao-evita-inundacoes-em-setubal\/\"},\"author\":{\"name\":\"Telinha\",\"@id\":\"https:\/\/portaltela.pt\/#\/schema\/person\/c4278d4a6028830caff9ee44b42d32ed\"},\"headline\":\"Chuva provoca danos, mas bacia de reten\u00e7\u00e3o evita inunda\u00e7\u00f5es em Set\u00fabal\",\"datePublished\":\"2026-02-07T15:00:23+00:00\",\"mainEntityOfPage\":{\"@id\":\"https:\/\/portaltela.pt\/noticias\/2026\/02\/07\/chuva-provoca-danos-mas-bacia-de-retencao-evita-inundacoes-em-setubal\/\"},\"wordCount\":323,\"image\":{\"@id\":\"https:\/\/portaltela.pt\/noticias\/2026\/02\/07\/chuva-provoca-danos-mas-bacia-de-retencao-evita-inundacoes-em-setubal\/#primaryimage\"},\"thumbnailUrl\":\"https:\/\/portaltela.pt\/s.01k8rhncp4jt1\/2026\/02\/img_1280x721uu2026-02-06-18-49-10-2265297.jpg\",\"keywords\":[\"Azeit\u00e3o\",\"deslizamentos\",\"inunda\u00e7\u00f5es\",\"prote\u00e7\u00e3o civil\",\"Set\u00fabal\"],\"articleSection\":[\"Not\u00edcias\"],\"inLanguage\":\"pt-PT\"},{\"@type\":\"WebPage\",\"@id\":\"https:\/\/portaltela.pt\/noticias\/2026\/02\/07\/chuva-provoca-danos-mas-bacia-de-retencao-evita-inundacoes-em-setubal\/\",\"url\":\"https:\/\/portaltela.pt\/noticias\/2026\/02\/07\/chuva-provoca-danos-mas-bacia-de-retencao-evita-inundacoes-em-setubal\/\",\"name\":\"Chuva provoca danos, mas bacia de reten\u00e7\u00e3o evita inunda\u00e7\u00f5es em Set\u00fabal - Portal Tela Portugal\",\"isPartOf\":{\"@id\":\"https:\/\/portaltela.pt\/#website\"},\"primaryImageOfPage\":{\"@id\":\"https:\/\/portaltela.pt\/noticias\/2026\/02\/07\/chuva-provoca-danos-mas-bacia-de-retencao-evita-inundacoes-em-setubal\/#primaryimage\"},\"image\":{\"@id\":\"https:\/\/portaltela.pt\/noticias\/2026\/02\/07\/chuva-provoca-danos-mas-bacia-de-retencao-evita-inundacoes-em-setubal\/#primaryimage\"},\"thumbnailUrl\":\"https:\/\/portaltela.pt\/s.01k8rhncp4jt1\/2026\/02\/img_1280x721uu2026-02-06-18-49-10-2265297.jpg\",\"datePublished\":\"2026-02-07T15:00:23+00:00\",\"author\":{\"@id\":\"https:\/\/portaltela.pt\/#\/schema\/person\/c4278d4a6028830caff9ee44b42d32ed\"},\"breadcrumb\":{\"@id\":\"https:\/\/portaltela.pt\/noticias\/2026\/02\/07\/chuva-provoca-danos-mas-bacia-de-retencao-evita-inundacoes-em-setubal\/#breadcrumb\"},\"inLanguage\":\"pt-PT\",\"potentialAction\":[{\"@type\":\"ReadAction\",\"target\":[\"https:\/\/portaltela.pt\/noticias\/2026\/02\/07\/chuva-provoca-danos-mas-bacia-de-retencao-evita-inundacoes-em-setubal\/\"]}]},{\"@type\":\"ImageObject\",\"inLanguage\":\"pt-PT\",\"@id\":\"https:\/\/portaltela.pt\/noticias\/2026\/02\/07\/chuva-provoca-danos-mas-bacia-de-retencao-evita-inundacoes-em-setubal\/#primaryimage\",\"url\":\"https:\/\/portaltela.pt\/s.01k8rhncp4jt1\/2026\/02\/img_1280x721uu2026-02-06-18-49-10-2265297.jpg\",\"contentUrl\":\"https:\/\/portaltela.pt\/s.01k8rhncp4jt1\/2026\/02\/img_1280x721uu2026-02-06-18-49-10-2265297.jpg\",\"width\":796,\"height\":448,\"caption\":\"Uma mulher observa a rua inundada na zona ribeirinha de Alc\u00e1cer do Sal, Set\u00fabal.\"},{\"@type\":\"BreadcrumbList\",\"@id\":\"https:\/\/portaltela.pt\/noticias\/2026\/02\/07\/chuva-provoca-danos-mas-bacia-de-retencao-evita-inundacoes-em-setubal\/#breadcrumb\",\"itemListElement\":[{\"@type\":\"ListItem\",\"position\":1,\"name\":\"In\u00edcio\",\"item\":\"https:\/\/portaltela.pt\/\"},{\"@type\":\"ListItem\",\"position\":2,\"name\":\"Chuva provoca danos, mas bacia de reten\u00e7\u00e3o evita inunda\u00e7\u00f5es em Set\u00fabal\"}]},{\"@type\":\"WebSite\",\"@id\":\"https:\/\/portaltela.pt\/#website\",\"url\":\"https:\/\/portaltela.pt\/\",\"name\":\"Portal Tela Portugal\",\"description\":\"\",\"potentialAction\":[{\"@type\":\"SearchAction\",\"target\":{\"@type\":\"EntryPoint\",\"urlTemplate\":\"https:\/\/portaltela.pt\/?s={search_term_string}\"},\"query-input\":{\"@type\":\"PropertyValueSpecification\",\"valueRequired\":true,\"valueName\":\"search_term_string\"}}],\"inLanguage\":\"pt-PT\"},{\"@type\":\"Person\",\"@id\":\"https:\/\/portaltela.pt\/#\/schema\/person\/c4278d4a6028830caff9ee44b42d32ed\",\"name\":\"Telinha\",\"image\":{\"@type\":\"ImageObject\",\"inLanguage\":\"pt-PT\",\"@id\":\"https:\/\/portaltela.pt\/s.01k8rhncp4jt1\/2025\/11\/talking-bot-125x125.png\",\"url\":\"https:\/\/portaltela.pt\/s.01k8rhncp4jt1\/2025\/11\/talking-bot-125x125.png\",\"contentUrl\":\"https:\/\/portaltela.pt\/s.01k8rhncp4jt1\/2025\/11\/talking-bot-125x125.png\",\"caption\":\"Telinha\"},\"sameAs\":[\"https:\/\/portaltela.pt\/\"],\"url\":\"https:\/\/portaltela.pt\/por\/367410592786\/\"}]}<\/script>\n<!-- \/ Yoast SEO plugin. -->","yoast_head_json":{"title":"Chuva provoca danos, mas bacia de reten\u00e7\u00e3o evita inunda\u00e7\u00f5es em Set\u00fabal - Portal Tela Portugal","robots":{"index":"index","follow":"follow","max-snippet":"max-snippet:-1","max-image-preview":"max-image-preview:large","max-video-preview":"max-video-preview:-1"},"og_locale":"pt_PT","og_type":"article","og_title":"Chuva provoca danos, mas bacia de reten\u00e7\u00e3o evita inunda\u00e7\u00f5es em Set\u00fabal - Portal Tela Portugal","og_description":"Chuvas intensas provocaram quedas de \u00e1rvores, deslizamentos e danos em vias, mas a bacia de reten\u00e7\u00e3o da V\u00e1rzea mant\u00e9m-se a cerca de 30% da capacidade e evitou inunda\u00e7\u00f5es na Baixa de Set\u00fabal. Um desalojado em Azeit\u00e3o foi acolhido temporariamente na Pousada da Juventude de Set\u00fabal, depois encaminhado para um lar, e persistem problemas de fornecimento de energia em algumas zonas. A zona entre Restinguinha e a praia da Figueirinha registou mais de duzentas \u00e1rvores derrubadas, com trabalhos de limpeza e estabiliza\u00e7\u00e3o a prolongarem-se por v\u00e1rias semanas. Como medida preventiva, os cemit\u00e9rios do concelho foram encerrados temporariamente devido ao risco de queda de ciprestes; mais de cem operacionais permanecem no terreno. Em termos nacionais, treze pessoas morreram na sequ\u00eancia das depress\u00f5es Kristin, Leonardo e Marta, com o Governo a prolongar a situa\u00e7\u00e3o de calamidade at\u00e9 ao dia quinze para sessenta e oito concelhos, e a anunciar apoios at\u00e9 dois mil e quinhentos milh\u00f5es de euros.","og_url":"https:\/\/portaltela.pt\/noticias\/2026\/02\/07\/chuva-provoca-danos-mas-bacia-de-retencao-evita-inundacoes-em-setubal\/","og_site_name":"Portal Tela Portugal","article_published_time":"2026-02-07T15:00:23+00:00","author":"Telinha","twitter_card":"summary_large_image","twitter_misc":{"Escrito por":"Telinha","Tempo estimado de leitura":"2 minutos"},"schema":{"@context":"https:\/\/schema.org","@graph":[{"@type":"Article","@id":"https:\/\/portaltela.pt\/noticias\/2026\/02\/07\/chuva-provoca-danos-mas-bacia-de-retencao-evita-inundacoes-em-setubal\/#article","isPartOf":{"@id":"https:\/\/portaltela.pt\/noticias\/2026\/02\/07\/chuva-provoca-danos-mas-bacia-de-retencao-evita-inundacoes-em-setubal\/"},"author":{"name":"Telinha","@id":"https:\/\/portaltela.pt\/#\/schema\/person\/c4278d4a6028830caff9ee44b42d32ed"},"headline":"Chuva provoca danos, mas bacia de reten\u00e7\u00e3o evita inunda\u00e7\u00f5es em Set\u00fabal","datePublished":"2026-02-07T15:00:23+00:00","mainEntityOfPage":{"@id":"https:\/\/portaltela.pt\/noticias\/2026\/02\/07\/chuva-provoca-danos-mas-bacia-de-retencao-evita-inundacoes-em-setubal\/"},"wordCount":323,"image":{"@id":"https:\/\/portaltela.pt\/noticias\/2026\/02\/07\/chuva-provoca-danos-mas-bacia-de-retencao-evita-inundacoes-em-setubal\/#primaryimage"},"thumbnailUrl":"https:\/\/portaltela.pt\/s.01k8rhncp4jt1\/2026\/02\/img_1280x721uu2026-02-06-18-49-10-2265297.jpg","keywords":["Azeit\u00e3o","deslizamentos","inunda\u00e7\u00f5es","prote\u00e7\u00e3o civil","Set\u00fabal"],"articleSection":["Not\u00edcias"],"inLanguage":"pt-PT"},{"@type":"WebPage","@id":"https:\/\/portaltela.pt\/noticias\/2026\/02\/07\/chuva-provoca-danos-mas-bacia-de-retencao-evita-inundacoes-em-setubal\/","url":"https:\/\/portaltela.pt\/noticias\/2026\/02\/07\/chuva-provoca-danos-mas-bacia-de-retencao-evita-inundacoes-em-setubal\/","name":"Chuva provoca danos, mas bacia de reten\u00e7\u00e3o evita inunda\u00e7\u00f5es em Set\u00fabal - Portal Tela Portugal","isPartOf":{"@id":"https:\/\/portaltela.pt\/#website"},"primaryImageOfPage":{"@id":"https:\/\/portaltela.pt\/noticias\/2026\/02\/07\/chuva-provoca-danos-mas-bacia-de-retencao-evita-inundacoes-em-setubal\/#primaryimage"},"image":{"@id":"https:\/\/portaltela.pt\/noticias\/2026\/02\/07\/chuva-provoca-danos-mas-bacia-de-retencao-evita-inundacoes-em-setubal\/#primaryimage"},"thumbnailUrl":"https:\/\/portaltela.pt\/s.01k8rhncp4jt1\/2026\/02\/img_1280x721uu2026-02-06-18-49-10-2265297.jpg","datePublished":"2026-02-07T15:00:23+00:00","author":{"@id":"https:\/\/portaltela.pt\/#\/schema\/person\/c4278d4a6028830caff9ee44b42d32ed"},"breadcrumb":{"@id":"https:\/\/portaltela.pt\/noticias\/2026\/02\/07\/chuva-provoca-danos-mas-bacia-de-retencao-evita-inundacoes-em-setubal\/#breadcrumb"},"inLanguage":"pt-PT","potentialAction":[{"@type":"ReadAction","target":["https:\/\/portaltela.pt\/noticias\/2026\/02\/07\/chuva-provoca-danos-mas-bacia-de-retencao-evita-inundacoes-em-setubal\/"]}]},{"@type":"ImageObject","inLanguage":"pt-PT","@id":"https:\/\/portaltela.pt\/noticias\/2026\/02\/07\/chuva-provoca-danos-mas-bacia-de-retencao-evita-inundacoes-em-setubal\/#primaryimage","url":"https:\/\/portaltela.pt\/s.01k8rhncp4jt1\/2026\/02\/img_1280x721uu2026-02-06-18-49-10-2265297.jpg","contentUrl":"https:\/\/portaltela.pt\/s.01k8rhncp4jt1\/2026\/02\/img_1280x721uu2026-02-06-18-49-10-2265297.jpg","width":796,"height":448,"caption":"Uma mulher observa a rua inundada na zona ribeirinha de Alc\u00e1cer do Sal, Set\u00fabal."},{"@type":"BreadcrumbList","@id":"https:\/\/portaltela.pt\/noticias\/2026\/02\/07\/chuva-provoca-danos-mas-bacia-de-retencao-evita-inundacoes-em-setubal\/#breadcrumb","itemListElement":[{"@type":"ListItem","position":1,"name":"In\u00edcio","item":"https:\/\/portaltela.pt\/"},{"@type":"ListItem","position":2,"name":"Chuva provoca danos, mas bacia de reten\u00e7\u00e3o evita inunda\u00e7\u00f5es em Set\u00fabal"}]},{"@type":"WebSite","@id":"https:\/\/portaltela.pt\/#website","url":"https:\/\/portaltela.pt\/","name":"Portal Tela Portugal","description":"","potentialAction":[{"@type":"SearchAction","target":{"@type":"EntryPoint","urlTemplate":"https:\/\/portaltela.pt\/?s={search_term_string}"},"query-input":{"@type":"PropertyValueSpecification","valueRequired":true,"valueName":"search_term_string"}}],"inLanguage":"pt-PT"},{"@type":"Person","@id":"https:\/\/portaltela.pt\/#\/schema\/person\/c4278d4a6028830caff9ee44b42d32ed","name":"Telinha","image":{"@type":"ImageObject","inLanguage":"pt-PT","@id":"https:\/\/portaltela.pt\/s.01k8rhncp4jt1\/2025\/11\/talking-bot-125x125.png","url":"https:\/\/portaltela.pt\/s.01k8rhncp4jt1\/2025\/11\/talking-bot-125x125.png","contentUrl":"https:\/\/portaltela.pt\/s.01k8rhncp4jt1\/2025\/11\/talking-bot-125x125.png","caption":"Telinha"},"sameAs":["https:\/\/portaltela.pt\/"],"url":"https:\/\/portaltela.pt\/por\/367410592786\/"}]}},"_links":{"self":[{"href":"https:\/\/portaltela.pt\/api\/wp\/v2\/posts\/202990","targetHints":{"allow":["GET"]}}],"collection":[{"href":"https:\/\/portaltela.pt\/api\/wp\/v2\/posts"}],"about":[{"href":"https:\/\/portaltela.pt\/api\/wp\/v2\/types\/post"}],"author":[{"embeddable":true,"href":"https:\/\/portaltela.pt\/api\/wp\/v2\/users\/2"}],"replies":[{"embeddable":true,"href":"https:\/\/portaltela.pt\/api\/wp\/v2\/comments?post=202990"}],"version-history":[{"count":0,"href":"https:\/\/portaltela.pt\/api\/wp\/v2\/posts\/202990\/revisions"}],"wp:featuredmedia":[{"embeddable":true,"href":"https:\/\/portaltela.pt\/api\/wp\/v2\/media\/202991"}],"wp:attachment":[{"href":"https:\/\/portaltela.pt\/api\/wp\/v2\/media?parent=202990"}],"wp:term":[{"taxonomy":"category","embeddable":true,"href":"https:\/\/portaltela.pt\/api\/wp\/v2\/categories?post=202990"},{"taxonomy":"post_tag","embeddable":true,"href":"https:\/\/portaltela.pt\/api\/wp\/v2\/tags?post=202990"}],"curies":[{"name":"wp","href":"https:\/\/api.w.org\/{rel}","templated":true}]}}