{"id":202981,"date":"2026-02-07T11:30:00","date_gmt":"2026-02-07T14:30:00","guid":{"rendered":"https:\/\/portaltela.pt\/noticias\/2026\/02\/07\/universidade-do-minho-abre-portas-a-futuros-alunos-e-familias\/"},"modified":"2026-02-07T11:30:00","modified_gmt":"2026-02-07T14:30:00","slug":"universidade-do-minho-abre-portas-a-futuros-alunos-e-familias","status":"publish","type":"post","link":"https:\/\/portaltela.pt\/noticias\/2026\/02\/07\/universidade-do-minho-abre-portas-a-futuros-alunos-e-familias\/","title":{"rendered":"Universidade do Minho abre portas a futuros alunos e fam\u00edlias"},"content":{"rendered":"<p>A Universidade do Minho vai abrir as suas portas a futuros alunos e fam\u00edlias com a iniciativa UPA &#8211; UMinho de Portas Abertas. O evento decorre nos dias 5, 6 e 7 de mar\u00e7o, no pavilh\u00e3o desportivo do campus de Azur\u00e9m, em Guimar\u00e3es, com entrada livre.<\/p>\n<p>A UPA pretende responder a d\u00favidas sobre a vida acad\u00e9mica, desde o funcionamento dos cursos at\u00e9 aos hor\u00e1rios de bibliotecas e espa\u00e7os de restaura\u00e7\u00e3o, al\u00e9m de informa\u00e7\u00f5es sobre bolsas e grupos culturais. O programa inclui stands din\u00e2micos e a\u00e7\u00f5es experimentais.<\/p>\n<p>Ao longo dos tr\u00eas dias, a oferta educativa de todas as Escolas e Institutos da UMinho \u00e9 apresentada, com quase 50 atividades. Descentralizadas pelo campus, incluem visitas, palestras e workshops para despertar curiosidade.<\/p>\n<h3>O que esperar na UPA<\/h3>\n<p>Visitantes v\u00e3o conhecer o quotidiano dos cursos, oportunidades de p\u00f3s-gradua\u00e7\u00e3o e formas de desenvolver compet\u00eancias transversais para o mercado de trabalho. Tamb\u00e9m \u00e9 poss\u00edvel explorar laborat\u00f3rios, servi\u00e7os e infraestruturas.<\/p>\n<h3>Como participar e quem pode ir<\/h3>\n<p>Durante a manh\u00e3 e a tarde, os visitantes interagem com docentes, t\u00e9cnicos, investigadores e estudantes. No \u00faltimo dia, 7 de mar\u00e7o, os jovens podem ser acompanhados pelas suas fam\u00edlias. As inscri\u00e7\u00f5es s\u00e3o online.<\/p>\n","protected":false},"excerpt":{"rendered":"<ul>\n<li>A Universidade do Minho vai abrir as portas com a UPA \u2013 UMinho de Portas Abertas nos dias cinco, seis e sete de mar\u00e7o, no pavilh\u00e3o desportivo do campus de Azur\u00e9m, Guimar\u00e3es, com entrada livre.<\/li>\n<li>O evento mostra a oferta educativa de todas as escolas e institutos da UMinho atrav\u00e9s de stands din\u00e2micos e quase cinquenta atividades, incluindo a\u00e7\u00f5es experimentais.<\/li>\n<li>Jovens, fam\u00edlias, educadores, psic\u00f3logos e p\u00fablico em geral podem conhecer laborat\u00f3rios, servi\u00e7os e infraestruturas, bem como bolsas e grupos culturais.<\/li>\n<li>Os visitantes podem interagir com docentes, t\u00e9cnicos, investigadores e estudantes, ficando a conhecer o quotidiano dos cursos e oportunidades de p\u00f3s-gradua\u00e7\u00e3o.<\/li>\n<li>No \u00faltimo dia, s\u00e1bado, sete de mar\u00e7o, as fam\u00edlias podem acompanhar os jovens; as inscri\u00e7\u00f5es s\u00e3o efetuadas online.<\/li>\n<\/ul>\n","protected":false},"author":2,"featured_media":202986,"comment_status":"closed","ping_status":"closed","sticky":false,"template":"","format":"standard","meta":{"footnotes":""},"categories":[1],"tags":[2035,163,92,69,1145,58],"class_list":["post-202981","post","type-post","status-publish","format-standard","has-post-thumbnail","hentry","category-noticias","tag-bolsas","tag-educacao","tag-ensino","tag-estudos","tag-guimaraes","tag-universidades"],"yoast_head":"<!-- This site is optimized with the Yoast SEO plugin v27.2 - https:\/\/yoast.com\/product\/yoast-seo-wordpress\/ -->\n<title>Universidade do Minho abre portas a futuros alunos e fam\u00edlias - Portal Tela Portugal<\/title>\n<meta name=\"robots\" content=\"index, follow, max-snippet:-1, max-image-preview:large, max-video-preview:-1\" \/>\n<meta property=\"og:locale\" content=\"pt_PT\" \/>\n<meta property=\"og:type\" content=\"article\" \/>\n<meta property=\"og:title\" content=\"Universidade do Minho abre portas a futuros alunos e fam\u00edlias - Portal Tela Portugal\" \/>\n<meta property=\"og:description\" content=\"A Universidade do Minho vai abrir as portas com a UPA \u2013 UMinho de Portas Abertas nos dias cinco, seis e sete de mar\u00e7o, no pavilh\u00e3o desportivo do campus de Azur\u00e9m, Guimar\u00e3es, com entrada livre. O evento mostra a oferta educativa de todas as escolas e institutos da UMinho atrav\u00e9s de stands din\u00e2micos e quase cinquenta atividades, incluindo a\u00e7\u00f5es experimentais. Jovens, fam\u00edlias, educadores, psic\u00f3logos e p\u00fablico em geral podem conhecer laborat\u00f3rios, servi\u00e7os e infraestruturas, bem como bolsas e grupos culturais. Os visitantes podem interagir com docentes, t\u00e9cnicos, investigadores e estudantes, ficando a conhecer o quotidiano dos cursos e oportunidades de p\u00f3s-gradua\u00e7\u00e3o. No \u00faltimo dia, s\u00e1bado, sete de mar\u00e7o, as fam\u00edlias podem acompanhar os jovens; as inscri\u00e7\u00f5es s\u00e3o efetuadas online.\" \/>\n<meta property=\"og:url\" content=\"https:\/\/portaltela.pt\/noticias\/2026\/02\/07\/universidade-do-minho-abre-portas-a-futuros-alunos-e-familias\/\" \/>\n<meta property=\"og:site_name\" content=\"Portal Tela Portugal\" \/>\n<meta property=\"article:published_time\" content=\"2026-02-07T14:30:00+00:00\" \/>\n<meta name=\"author\" content=\"Telinha\" \/>\n<meta name=\"twitter:card\" content=\"summary_large_image\" \/>\n<meta name=\"twitter:label1\" content=\"Escrito por\" \/>\n\t<meta name=\"twitter:data1\" content=\"Telinha\" \/>\n\t<meta name=\"twitter:label2\" content=\"Tempo estimado de leitura\" \/>\n\t<meta name=\"twitter:data2\" content=\"1 minuto\" \/>\n<script type=\"application\/ld+json\" class=\"yoast-schema-graph\">{\"@context\":\"https:\/\/schema.org\",\"@graph\":[{\"@type\":\"Article\",\"@id\":\"https:\/\/portaltela.pt\/noticias\/2026\/02\/07\/universidade-do-minho-abre-portas-a-futuros-alunos-e-familias\/#article\",\"isPartOf\":{\"@id\":\"https:\/\/portaltela.pt\/noticias\/2026\/02\/07\/universidade-do-minho-abre-portas-a-futuros-alunos-e-familias\/\"},\"author\":{\"name\":\"Telinha\",\"@id\":\"https:\/\/portaltela.pt\/#\/schema\/person\/c4278d4a6028830caff9ee44b42d32ed\"},\"headline\":\"Universidade do Minho abre portas a futuros alunos e fam\u00edlias\",\"datePublished\":\"2026-02-07T14:30:00+00:00\",\"mainEntityOfPage\":{\"@id\":\"https:\/\/portaltela.pt\/noticias\/2026\/02\/07\/universidade-do-minho-abre-portas-a-futuros-alunos-e-familias\/\"},\"wordCount\":224,\"image\":{\"@id\":\"https:\/\/portaltela.pt\/noticias\/2026\/02\/07\/universidade-do-minho-abre-portas-a-futuros-alunos-e-familias\/#primaryimage\"},\"thumbnailUrl\":\"https:\/\/portaltela.pt\/s.01k8rhncp4jt1\/2026\/02\/image-555.jpg\",\"keywords\":[\"bolsas\",\"educa\u00e7\u00e3o\",\"ensino\",\"estudos\",\"Guimar\u00e3es\",\"universidades\"],\"articleSection\":[\"Not\u00edcias\"],\"inLanguage\":\"pt-PT\"},{\"@type\":\"WebPage\",\"@id\":\"https:\/\/portaltela.pt\/noticias\/2026\/02\/07\/universidade-do-minho-abre-portas-a-futuros-alunos-e-familias\/\",\"url\":\"https:\/\/portaltela.pt\/noticias\/2026\/02\/07\/universidade-do-minho-abre-portas-a-futuros-alunos-e-familias\/\",\"name\":\"Universidade do Minho abre portas a futuros alunos e fam\u00edlias - Portal Tela Portugal\",\"isPartOf\":{\"@id\":\"https:\/\/portaltela.pt\/#website\"},\"primaryImageOfPage\":{\"@id\":\"https:\/\/portaltela.pt\/noticias\/2026\/02\/07\/universidade-do-minho-abre-portas-a-futuros-alunos-e-familias\/#primaryimage\"},\"image\":{\"@id\":\"https:\/\/portaltela.pt\/noticias\/2026\/02\/07\/universidade-do-minho-abre-portas-a-futuros-alunos-e-familias\/#primaryimage\"},\"thumbnailUrl\":\"https:\/\/portaltela.pt\/s.01k8rhncp4jt1\/2026\/02\/image-555.jpg\",\"datePublished\":\"2026-02-07T14:30:00+00:00\",\"author\":{\"@id\":\"https:\/\/portaltela.pt\/#\/schema\/person\/c4278d4a6028830caff9ee44b42d32ed\"},\"breadcrumb\":{\"@id\":\"https:\/\/portaltela.pt\/noticias\/2026\/02\/07\/universidade-do-minho-abre-portas-a-futuros-alunos-e-familias\/#breadcrumb\"},\"inLanguage\":\"pt-PT\",\"potentialAction\":[{\"@type\":\"ReadAction\",\"target\":[\"https:\/\/portaltela.pt\/noticias\/2026\/02\/07\/universidade-do-minho-abre-portas-a-futuros-alunos-e-familias\/\"]}]},{\"@type\":\"ImageObject\",\"inLanguage\":\"pt-PT\",\"@id\":\"https:\/\/portaltela.pt\/noticias\/2026\/02\/07\/universidade-do-minho-abre-portas-a-futuros-alunos-e-familias\/#primaryimage\",\"url\":\"https:\/\/portaltela.pt\/s.01k8rhncp4jt1\/2026\/02\/image-555.jpg\",\"contentUrl\":\"https:\/\/portaltela.pt\/s.01k8rhncp4jt1\/2026\/02\/image-555.jpg\",\"width\":796,\"height\":448,\"caption\":\"UPA apresenta a oferta educativa de todas as Escolas e Institutos da UMinho\"},{\"@type\":\"BreadcrumbList\",\"@id\":\"https:\/\/portaltela.pt\/noticias\/2026\/02\/07\/universidade-do-minho-abre-portas-a-futuros-alunos-e-familias\/#breadcrumb\",\"itemListElement\":[{\"@type\":\"ListItem\",\"position\":1,\"name\":\"In\u00edcio\",\"item\":\"https:\/\/portaltela.pt\/\"},{\"@type\":\"ListItem\",\"position\":2,\"name\":\"Universidade do Minho abre portas a futuros alunos e fam\u00edlias\"}]},{\"@type\":\"WebSite\",\"@id\":\"https:\/\/portaltela.pt\/#website\",\"url\":\"https:\/\/portaltela.pt\/\",\"name\":\"Portal Tela Portugal\",\"description\":\"\",\"potentialAction\":[{\"@type\":\"SearchAction\",\"target\":{\"@type\":\"EntryPoint\",\"urlTemplate\":\"https:\/\/portaltela.pt\/?s={search_term_string}\"},\"query-input\":{\"@type\":\"PropertyValueSpecification\",\"valueRequired\":true,\"valueName\":\"search_term_string\"}}],\"inLanguage\":\"pt-PT\"},{\"@type\":\"Person\",\"@id\":\"https:\/\/portaltela.pt\/#\/schema\/person\/c4278d4a6028830caff9ee44b42d32ed\",\"name\":\"Telinha\",\"image\":{\"@type\":\"ImageObject\",\"inLanguage\":\"pt-PT\",\"@id\":\"https:\/\/portaltela.pt\/s.01k8rhncp4jt1\/2025\/11\/talking-bot-125x125.png\",\"url\":\"https:\/\/portaltela.pt\/s.01k8rhncp4jt1\/2025\/11\/talking-bot-125x125.png\",\"contentUrl\":\"https:\/\/portaltela.pt\/s.01k8rhncp4jt1\/2025\/11\/talking-bot-125x125.png\",\"caption\":\"Telinha\"},\"sameAs\":[\"https:\/\/portaltela.pt\/\"],\"url\":\"https:\/\/portaltela.pt\/por\/367410592786\/\"}]}<\/script>\n<!-- \/ Yoast SEO plugin. -->","yoast_head_json":{"title":"Universidade do Minho abre portas a futuros alunos e fam\u00edlias - Portal Tela Portugal","robots":{"index":"index","follow":"follow","max-snippet":"max-snippet:-1","max-image-preview":"max-image-preview:large","max-video-preview":"max-video-preview:-1"},"og_locale":"pt_PT","og_type":"article","og_title":"Universidade do Minho abre portas a futuros alunos e fam\u00edlias - Portal Tela Portugal","og_description":"A Universidade do Minho vai abrir as portas com a UPA \u2013 UMinho de Portas Abertas nos dias cinco, seis e sete de mar\u00e7o, no pavilh\u00e3o desportivo do campus de Azur\u00e9m, Guimar\u00e3es, com entrada livre. O evento mostra a oferta educativa de todas as escolas e institutos da UMinho atrav\u00e9s de stands din\u00e2micos e quase cinquenta atividades, incluindo a\u00e7\u00f5es experimentais. Jovens, fam\u00edlias, educadores, psic\u00f3logos e p\u00fablico em geral podem conhecer laborat\u00f3rios, servi\u00e7os e infraestruturas, bem como bolsas e grupos culturais. Os visitantes podem interagir com docentes, t\u00e9cnicos, investigadores e estudantes, ficando a conhecer o quotidiano dos cursos e oportunidades de p\u00f3s-gradua\u00e7\u00e3o. No \u00faltimo dia, s\u00e1bado, sete de mar\u00e7o, as fam\u00edlias podem acompanhar os jovens; as inscri\u00e7\u00f5es s\u00e3o efetuadas online.","og_url":"https:\/\/portaltela.pt\/noticias\/2026\/02\/07\/universidade-do-minho-abre-portas-a-futuros-alunos-e-familias\/","og_site_name":"Portal Tela Portugal","article_published_time":"2026-02-07T14:30:00+00:00","author":"Telinha","twitter_card":"summary_large_image","twitter_misc":{"Escrito por":"Telinha","Tempo estimado de leitura":"1 minuto"},"schema":{"@context":"https:\/\/schema.org","@graph":[{"@type":"Article","@id":"https:\/\/portaltela.pt\/noticias\/2026\/02\/07\/universidade-do-minho-abre-portas-a-futuros-alunos-e-familias\/#article","isPartOf":{"@id":"https:\/\/portaltela.pt\/noticias\/2026\/02\/07\/universidade-do-minho-abre-portas-a-futuros-alunos-e-familias\/"},"author":{"name":"Telinha","@id":"https:\/\/portaltela.pt\/#\/schema\/person\/c4278d4a6028830caff9ee44b42d32ed"},"headline":"Universidade do Minho abre portas a futuros alunos e fam\u00edlias","datePublished":"2026-02-07T14:30:00+00:00","mainEntityOfPage":{"@id":"https:\/\/portaltela.pt\/noticias\/2026\/02\/07\/universidade-do-minho-abre-portas-a-futuros-alunos-e-familias\/"},"wordCount":224,"image":{"@id":"https:\/\/portaltela.pt\/noticias\/2026\/02\/07\/universidade-do-minho-abre-portas-a-futuros-alunos-e-familias\/#primaryimage"},"thumbnailUrl":"https:\/\/portaltela.pt\/s.01k8rhncp4jt1\/2026\/02\/image-555.jpg","keywords":["bolsas","educa\u00e7\u00e3o","ensino","estudos","Guimar\u00e3es","universidades"],"articleSection":["Not\u00edcias"],"inLanguage":"pt-PT"},{"@type":"WebPage","@id":"https:\/\/portaltela.pt\/noticias\/2026\/02\/07\/universidade-do-minho-abre-portas-a-futuros-alunos-e-familias\/","url":"https:\/\/portaltela.pt\/noticias\/2026\/02\/07\/universidade-do-minho-abre-portas-a-futuros-alunos-e-familias\/","name":"Universidade do Minho abre portas a futuros alunos e fam\u00edlias - Portal Tela Portugal","isPartOf":{"@id":"https:\/\/portaltela.pt\/#website"},"primaryImageOfPage":{"@id":"https:\/\/portaltela.pt\/noticias\/2026\/02\/07\/universidade-do-minho-abre-portas-a-futuros-alunos-e-familias\/#primaryimage"},"image":{"@id":"https:\/\/portaltela.pt\/noticias\/2026\/02\/07\/universidade-do-minho-abre-portas-a-futuros-alunos-e-familias\/#primaryimage"},"thumbnailUrl":"https:\/\/portaltela.pt\/s.01k8rhncp4jt1\/2026\/02\/image-555.jpg","datePublished":"2026-02-07T14:30:00+00:00","author":{"@id":"https:\/\/portaltela.pt\/#\/schema\/person\/c4278d4a6028830caff9ee44b42d32ed"},"breadcrumb":{"@id":"https:\/\/portaltela.pt\/noticias\/2026\/02\/07\/universidade-do-minho-abre-portas-a-futuros-alunos-e-familias\/#breadcrumb"},"inLanguage":"pt-PT","potentialAction":[{"@type":"ReadAction","target":["https:\/\/portaltela.pt\/noticias\/2026\/02\/07\/universidade-do-minho-abre-portas-a-futuros-alunos-e-familias\/"]}]},{"@type":"ImageObject","inLanguage":"pt-PT","@id":"https:\/\/portaltela.pt\/noticias\/2026\/02\/07\/universidade-do-minho-abre-portas-a-futuros-alunos-e-familias\/#primaryimage","url":"https:\/\/portaltela.pt\/s.01k8rhncp4jt1\/2026\/02\/image-555.jpg","contentUrl":"https:\/\/portaltela.pt\/s.01k8rhncp4jt1\/2026\/02\/image-555.jpg","width":796,"height":448,"caption":"UPA apresenta a oferta educativa de todas as Escolas e Institutos da UMinho"},{"@type":"BreadcrumbList","@id":"https:\/\/portaltela.pt\/noticias\/2026\/02\/07\/universidade-do-minho-abre-portas-a-futuros-alunos-e-familias\/#breadcrumb","itemListElement":[{"@type":"ListItem","position":1,"name":"In\u00edcio","item":"https:\/\/portaltela.pt\/"},{"@type":"ListItem","position":2,"name":"Universidade do Minho abre portas a futuros alunos e fam\u00edlias"}]},{"@type":"WebSite","@id":"https:\/\/portaltela.pt\/#website","url":"https:\/\/portaltela.pt\/","name":"Portal Tela Portugal","description":"","potentialAction":[{"@type":"SearchAction","target":{"@type":"EntryPoint","urlTemplate":"https:\/\/portaltela.pt\/?s={search_term_string}"},"query-input":{"@type":"PropertyValueSpecification","valueRequired":true,"valueName":"search_term_string"}}],"inLanguage":"pt-PT"},{"@type":"Person","@id":"https:\/\/portaltela.pt\/#\/schema\/person\/c4278d4a6028830caff9ee44b42d32ed","name":"Telinha","image":{"@type":"ImageObject","inLanguage":"pt-PT","@id":"https:\/\/portaltela.pt\/s.01k8rhncp4jt1\/2025\/11\/talking-bot-125x125.png","url":"https:\/\/portaltela.pt\/s.01k8rhncp4jt1\/2025\/11\/talking-bot-125x125.png","contentUrl":"https:\/\/portaltela.pt\/s.01k8rhncp4jt1\/2025\/11\/talking-bot-125x125.png","caption":"Telinha"},"sameAs":["https:\/\/portaltela.pt\/"],"url":"https:\/\/portaltela.pt\/por\/367410592786\/"}]}},"_links":{"self":[{"href":"https:\/\/portaltela.pt\/api\/wp\/v2\/posts\/202981","targetHints":{"allow":["GET"]}}],"collection":[{"href":"https:\/\/portaltela.pt\/api\/wp\/v2\/posts"}],"about":[{"href":"https:\/\/portaltela.pt\/api\/wp\/v2\/types\/post"}],"author":[{"embeddable":true,"href":"https:\/\/portaltela.pt\/api\/wp\/v2\/users\/2"}],"replies":[{"embeddable":true,"href":"https:\/\/portaltela.pt\/api\/wp\/v2\/comments?post=202981"}],"version-history":[{"count":0,"href":"https:\/\/portaltela.pt\/api\/wp\/v2\/posts\/202981\/revisions"}],"wp:featuredmedia":[{"embeddable":true,"href":"https:\/\/portaltela.pt\/api\/wp\/v2\/media\/202986"}],"wp:attachment":[{"href":"https:\/\/portaltela.pt\/api\/wp\/v2\/media?parent=202981"}],"wp:term":[{"taxonomy":"category","embeddable":true,"href":"https:\/\/portaltela.pt\/api\/wp\/v2\/categories?post=202981"},{"taxonomy":"post_tag","embeddable":true,"href":"https:\/\/portaltela.pt\/api\/wp\/v2\/tags?post=202981"}],"curies":[{"name":"wp","href":"https:\/\/api.w.org\/{rel}","templated":true}]}}