{"id":202951,"date":"2026-02-07T10:48:46","date_gmt":"2026-02-07T13:48:46","guid":{"rendered":"https:\/\/portaltela.pt\/noticias\/2026\/02\/07\/protecao-civil-regista-1-163-deslocados-e-antecipa-novas-evacuacoes\/"},"modified":"2026-02-07T10:48:46","modified_gmt":"2026-02-07T13:48:46","slug":"protecao-civil-regista-1-163-deslocados-e-antecipa-novas-evacuacoes","status":"publish","type":"post","link":"https:\/\/portaltela.pt\/noticias\/2026\/02\/07\/protecao-civil-regista-1-163-deslocados-e-antecipa-novas-evacuacoes\/","title":{"rendered":"Prote\u00e7\u00e3o Civil regista 1.163 deslocados e antecipa novas evacua\u00e7\u00f5es"},"content":{"rendered":"<p>O mau tempo em Portugal levou ao deslocamento de 1.163 pessoas, todas realojadas.<\/p>\n<p>A Prote\u00e7\u00e3o Civil avan\u00e7a que a probabilidade de crescer o n\u00famero de desalojados \u00e9 elevada, devido aos caudais nos rios, sobretudo na Lez\u00edria do Tejo e no Sado.<\/p>\n<p>O comandante nacional da ANEPC, M\u00e1rio Silvestre, informou, no briefing de 12:30, na sede de Carnaxide, que ainda n\u00e3o \u00e9 poss\u00edvel prever desagravamento nem regresso a casa dos deslocados, estando a situa\u00e7\u00e3o em avalia\u00e7\u00e3o permanente.<\/p>\n<p>Todos os deslocados j\u00e1 foram realojados ou em servi\u00e7os municipais de apoio \u00e0 popula\u00e7\u00e3o, ou atrav\u00e9s da Seguran\u00e7a Social.<\/p>\n<p>A atua\u00e7\u00e3o decorre do cen\u00e1rio meteorol\u00f3gico adverso que persiste, com desalojamentos a depender das evolu\u00e7\u00f5es dos caudais nas bacias afetadas.<\/p>\n","protected":false},"excerpt":{"rendered":"<ul>\n<li>A Prote\u00e7\u00e3o Civil confirmou 1.163 deslocados devido ao mau tempo, todos realojados em servi\u00e7os municipais de apoio \u00e0 popula\u00e7\u00e3o ou pela Seguran\u00e7a Social.<\/li>\n<li>A possibilidade de desagravamento do cen\u00e1rio de cheias e do regresso a casa n\u00e3o \u00e9 poss\u00edvel de momento, mantendo-se a situa\u00e7\u00e3o em avalia\u00e7\u00e3o permanente.<\/li>\n<li>O comandante nacional da Autoridade Nacional de Emerg\u00eancia e Prote\u00e7\u00e3o Civil (ANEPC), M\u00e1rio Silvestre, afirmou que a probabilidade de mais desalojados \u00e9 bastante elevada, dado os caudais atuais.<\/li>\n<li>A probabilidade de novas evacua\u00e7\u00f5es preventivas \u00e9 maior sobretudo na Lez\u00edria do Tejo e na regi\u00e3o do Sado.<\/li>\n<li>O n\u00famero de deslocados pode aumentar se os caudais persistirem, segundo as autoridades.<\/li>\n<\/ul>\n","protected":false},"author":2,"featured_media":202952,"comment_status":"closed","ping_status":"closed","sticky":false,"template":"","format":"standard","meta":{"footnotes":""},"categories":[1],"tags":[3004,2843,4519,3623,5099,3857],"class_list":["post-202951","post","type-post","status-publish","format-standard","has-post-thumbnail","hentry","category-noticias","tag-desalojados","tag-desalojamentos","tag-evacuacoes","tag-leziria-do-tejo","tag-protecao-civil-municipal","tag-sado"],"yoast_head":"<!-- This site is optimized with the Yoast SEO plugin v27.2 - https:\/\/yoast.com\/product\/yoast-seo-wordpress\/ -->\n<title>Prote\u00e7\u00e3o Civil regista 1.163 deslocados e antecipa novas evacua\u00e7\u00f5es - Portal Tela Portugal<\/title>\n<meta name=\"robots\" content=\"index, follow, max-snippet:-1, max-image-preview:large, max-video-preview:-1\" \/>\n<meta property=\"og:locale\" content=\"pt_PT\" \/>\n<meta property=\"og:type\" content=\"article\" \/>\n<meta property=\"og:title\" content=\"Prote\u00e7\u00e3o Civil regista 1.163 deslocados e antecipa novas evacua\u00e7\u00f5es - Portal Tela Portugal\" \/>\n<meta property=\"og:description\" content=\"A Prote\u00e7\u00e3o Civil confirmou 1.163 deslocados devido ao mau tempo, todos realojados em servi\u00e7os municipais de apoio \u00e0 popula\u00e7\u00e3o ou pela Seguran\u00e7a Social. A possibilidade de desagravamento do cen\u00e1rio de cheias e do regresso a casa n\u00e3o \u00e9 poss\u00edvel de momento, mantendo-se a situa\u00e7\u00e3o em avalia\u00e7\u00e3o permanente. O comandante nacional da Autoridade Nacional de Emerg\u00eancia e Prote\u00e7\u00e3o Civil (ANEPC), M\u00e1rio Silvestre, afirmou que a probabilidade de mais desalojados \u00e9 bastante elevada, dado os caudais atuais. A probabilidade de novas evacua\u00e7\u00f5es preventivas \u00e9 maior sobretudo na Lez\u00edria do Tejo e na regi\u00e3o do Sado. O n\u00famero de deslocados pode aumentar se os caudais persistirem, segundo as autoridades.\" \/>\n<meta property=\"og:url\" content=\"https:\/\/portaltela.pt\/noticias\/2026\/02\/07\/protecao-civil-regista-1-163-deslocados-e-antecipa-novas-evacuacoes\/\" \/>\n<meta property=\"og:site_name\" content=\"Portal Tela Portugal\" \/>\n<meta property=\"article:published_time\" content=\"2026-02-07T13:48:46+00:00\" \/>\n<meta name=\"author\" content=\"Telinha\" \/>\n<meta name=\"twitter:card\" content=\"summary_large_image\" \/>\n<meta name=\"twitter:label1\" content=\"Escrito por\" \/>\n\t<meta name=\"twitter:data1\" content=\"Telinha\" \/>\n\t<meta name=\"twitter:label2\" content=\"Tempo estimado de leitura\" \/>\n\t<meta name=\"twitter:data2\" content=\"1 minuto\" \/>\n<script type=\"application\/ld+json\" class=\"yoast-schema-graph\">{\"@context\":\"https:\/\/schema.org\",\"@graph\":[{\"@type\":\"Article\",\"@id\":\"https:\/\/portaltela.pt\/noticias\/2026\/02\/07\/protecao-civil-regista-1-163-deslocados-e-antecipa-novas-evacuacoes\/#article\",\"isPartOf\":{\"@id\":\"https:\/\/portaltela.pt\/noticias\/2026\/02\/07\/protecao-civil-regista-1-163-deslocados-e-antecipa-novas-evacuacoes\/\"},\"author\":{\"name\":\"Telinha\",\"@id\":\"https:\/\/portaltela.pt\/#\/schema\/person\/c4278d4a6028830caff9ee44b42d32ed\"},\"headline\":\"Prote\u00e7\u00e3o Civil regista 1.163 deslocados e antecipa novas evacua\u00e7\u00f5es\",\"datePublished\":\"2026-02-07T13:48:46+00:00\",\"mainEntityOfPage\":{\"@id\":\"https:\/\/portaltela.pt\/noticias\/2026\/02\/07\/protecao-civil-regista-1-163-deslocados-e-antecipa-novas-evacuacoes\/\"},\"wordCount\":137,\"image\":{\"@id\":\"https:\/\/portaltela.pt\/noticias\/2026\/02\/07\/protecao-civil-regista-1-163-deslocados-e-antecipa-novas-evacuacoes\/#primaryimage\"},\"thumbnailUrl\":\"https:\/\/portaltela.pt\/s.01k8rhncp4jt1\/2026\/02\/img_1500x1000uu2026-02-05-22-24-52-2265143.jpg\",\"keywords\":[\"desalojados\",\"desalojamentos\",\"evacua\u00e7\u00f5es\",\"Lez\u00edria do Tejo\",\"Prote\u00e7\u00e3o Civil Municipal\",\"Sado\"],\"articleSection\":[\"Not\u00edcias\"],\"inLanguage\":\"pt-PT\"},{\"@type\":\"WebPage\",\"@id\":\"https:\/\/portaltela.pt\/noticias\/2026\/02\/07\/protecao-civil-regista-1-163-deslocados-e-antecipa-novas-evacuacoes\/\",\"url\":\"https:\/\/portaltela.pt\/noticias\/2026\/02\/07\/protecao-civil-regista-1-163-deslocados-e-antecipa-novas-evacuacoes\/\",\"name\":\"Prote\u00e7\u00e3o Civil regista 1.163 deslocados e antecipa novas evacua\u00e7\u00f5es - Portal Tela Portugal\",\"isPartOf\":{\"@id\":\"https:\/\/portaltela.pt\/#website\"},\"primaryImageOfPage\":{\"@id\":\"https:\/\/portaltela.pt\/noticias\/2026\/02\/07\/protecao-civil-regista-1-163-deslocados-e-antecipa-novas-evacuacoes\/#primaryimage\"},\"image\":{\"@id\":\"https:\/\/portaltela.pt\/noticias\/2026\/02\/07\/protecao-civil-regista-1-163-deslocados-e-antecipa-novas-evacuacoes\/#primaryimage\"},\"thumbnailUrl\":\"https:\/\/portaltela.pt\/s.01k8rhncp4jt1\/2026\/02\/img_1500x1000uu2026-02-05-22-24-52-2265143.jpg\",\"datePublished\":\"2026-02-07T13:48:46+00:00\",\"author\":{\"@id\":\"https:\/\/portaltela.pt\/#\/schema\/person\/c4278d4a6028830caff9ee44b42d32ed\"},\"breadcrumb\":{\"@id\":\"https:\/\/portaltela.pt\/noticias\/2026\/02\/07\/protecao-civil-regista-1-163-deslocados-e-antecipa-novas-evacuacoes\/#breadcrumb\"},\"inLanguage\":\"pt-PT\",\"potentialAction\":[{\"@type\":\"ReadAction\",\"target\":[\"https:\/\/portaltela.pt\/noticias\/2026\/02\/07\/protecao-civil-regista-1-163-deslocados-e-antecipa-novas-evacuacoes\/\"]}]},{\"@type\":\"ImageObject\",\"inLanguage\":\"pt-PT\",\"@id\":\"https:\/\/portaltela.pt\/noticias\/2026\/02\/07\/protecao-civil-regista-1-163-deslocados-e-antecipa-novas-evacuacoes\/#primaryimage\",\"url\":\"https:\/\/portaltela.pt\/s.01k8rhncp4jt1\/2026\/02\/img_1500x1000uu2026-02-05-22-24-52-2265143.jpg\",\"contentUrl\":\"https:\/\/portaltela.pt\/s.01k8rhncp4jt1\/2026\/02\/img_1500x1000uu2026-02-05-22-24-52-2265143.jpg\",\"width\":796,\"height\":448,\"caption\":\"Cheias na Lez\u00edria do Tejo causam ang\u00fastia em Azambuja\"},{\"@type\":\"BreadcrumbList\",\"@id\":\"https:\/\/portaltela.pt\/noticias\/2026\/02\/07\/protecao-civil-regista-1-163-deslocados-e-antecipa-novas-evacuacoes\/#breadcrumb\",\"itemListElement\":[{\"@type\":\"ListItem\",\"position\":1,\"name\":\"In\u00edcio\",\"item\":\"https:\/\/portaltela.pt\/\"},{\"@type\":\"ListItem\",\"position\":2,\"name\":\"Prote\u00e7\u00e3o Civil regista 1.163 deslocados e antecipa novas evacua\u00e7\u00f5es\"}]},{\"@type\":\"WebSite\",\"@id\":\"https:\/\/portaltela.pt\/#website\",\"url\":\"https:\/\/portaltela.pt\/\",\"name\":\"Portal Tela Portugal\",\"description\":\"\",\"potentialAction\":[{\"@type\":\"SearchAction\",\"target\":{\"@type\":\"EntryPoint\",\"urlTemplate\":\"https:\/\/portaltela.pt\/?s={search_term_string}\"},\"query-input\":{\"@type\":\"PropertyValueSpecification\",\"valueRequired\":true,\"valueName\":\"search_term_string\"}}],\"inLanguage\":\"pt-PT\"},{\"@type\":\"Person\",\"@id\":\"https:\/\/portaltela.pt\/#\/schema\/person\/c4278d4a6028830caff9ee44b42d32ed\",\"name\":\"Telinha\",\"image\":{\"@type\":\"ImageObject\",\"inLanguage\":\"pt-PT\",\"@id\":\"https:\/\/portaltela.pt\/s.01k8rhncp4jt1\/2025\/11\/talking-bot-125x125.png\",\"url\":\"https:\/\/portaltela.pt\/s.01k8rhncp4jt1\/2025\/11\/talking-bot-125x125.png\",\"contentUrl\":\"https:\/\/portaltela.pt\/s.01k8rhncp4jt1\/2025\/11\/talking-bot-125x125.png\",\"caption\":\"Telinha\"},\"sameAs\":[\"https:\/\/portaltela.pt\/\"],\"url\":\"https:\/\/portaltela.pt\/por\/367410592786\/\"}]}<\/script>\n<!-- \/ Yoast SEO plugin. -->","yoast_head_json":{"title":"Prote\u00e7\u00e3o Civil regista 1.163 deslocados e antecipa novas evacua\u00e7\u00f5es - Portal Tela Portugal","robots":{"index":"index","follow":"follow","max-snippet":"max-snippet:-1","max-image-preview":"max-image-preview:large","max-video-preview":"max-video-preview:-1"},"og_locale":"pt_PT","og_type":"article","og_title":"Prote\u00e7\u00e3o Civil regista 1.163 deslocados e antecipa novas evacua\u00e7\u00f5es - Portal Tela Portugal","og_description":"A Prote\u00e7\u00e3o Civil confirmou 1.163 deslocados devido ao mau tempo, todos realojados em servi\u00e7os municipais de apoio \u00e0 popula\u00e7\u00e3o ou pela Seguran\u00e7a Social. A possibilidade de desagravamento do cen\u00e1rio de cheias e do regresso a casa n\u00e3o \u00e9 poss\u00edvel de momento, mantendo-se a situa\u00e7\u00e3o em avalia\u00e7\u00e3o permanente. O comandante nacional da Autoridade Nacional de Emerg\u00eancia e Prote\u00e7\u00e3o Civil (ANEPC), M\u00e1rio Silvestre, afirmou que a probabilidade de mais desalojados \u00e9 bastante elevada, dado os caudais atuais. A probabilidade de novas evacua\u00e7\u00f5es preventivas \u00e9 maior sobretudo na Lez\u00edria do Tejo e na regi\u00e3o do Sado. O n\u00famero de deslocados pode aumentar se os caudais persistirem, segundo as autoridades.","og_url":"https:\/\/portaltela.pt\/noticias\/2026\/02\/07\/protecao-civil-regista-1-163-deslocados-e-antecipa-novas-evacuacoes\/","og_site_name":"Portal Tela Portugal","article_published_time":"2026-02-07T13:48:46+00:00","author":"Telinha","twitter_card":"summary_large_image","twitter_misc":{"Escrito por":"Telinha","Tempo estimado de leitura":"1 minuto"},"schema":{"@context":"https:\/\/schema.org","@graph":[{"@type":"Article","@id":"https:\/\/portaltela.pt\/noticias\/2026\/02\/07\/protecao-civil-regista-1-163-deslocados-e-antecipa-novas-evacuacoes\/#article","isPartOf":{"@id":"https:\/\/portaltela.pt\/noticias\/2026\/02\/07\/protecao-civil-regista-1-163-deslocados-e-antecipa-novas-evacuacoes\/"},"author":{"name":"Telinha","@id":"https:\/\/portaltela.pt\/#\/schema\/person\/c4278d4a6028830caff9ee44b42d32ed"},"headline":"Prote\u00e7\u00e3o Civil regista 1.163 deslocados e antecipa novas evacua\u00e7\u00f5es","datePublished":"2026-02-07T13:48:46+00:00","mainEntityOfPage":{"@id":"https:\/\/portaltela.pt\/noticias\/2026\/02\/07\/protecao-civil-regista-1-163-deslocados-e-antecipa-novas-evacuacoes\/"},"wordCount":137,"image":{"@id":"https:\/\/portaltela.pt\/noticias\/2026\/02\/07\/protecao-civil-regista-1-163-deslocados-e-antecipa-novas-evacuacoes\/#primaryimage"},"thumbnailUrl":"https:\/\/portaltela.pt\/s.01k8rhncp4jt1\/2026\/02\/img_1500x1000uu2026-02-05-22-24-52-2265143.jpg","keywords":["desalojados","desalojamentos","evacua\u00e7\u00f5es","Lez\u00edria do Tejo","Prote\u00e7\u00e3o Civil Municipal","Sado"],"articleSection":["Not\u00edcias"],"inLanguage":"pt-PT"},{"@type":"WebPage","@id":"https:\/\/portaltela.pt\/noticias\/2026\/02\/07\/protecao-civil-regista-1-163-deslocados-e-antecipa-novas-evacuacoes\/","url":"https:\/\/portaltela.pt\/noticias\/2026\/02\/07\/protecao-civil-regista-1-163-deslocados-e-antecipa-novas-evacuacoes\/","name":"Prote\u00e7\u00e3o Civil regista 1.163 deslocados e antecipa novas evacua\u00e7\u00f5es - Portal Tela Portugal","isPartOf":{"@id":"https:\/\/portaltela.pt\/#website"},"primaryImageOfPage":{"@id":"https:\/\/portaltela.pt\/noticias\/2026\/02\/07\/protecao-civil-regista-1-163-deslocados-e-antecipa-novas-evacuacoes\/#primaryimage"},"image":{"@id":"https:\/\/portaltela.pt\/noticias\/2026\/02\/07\/protecao-civil-regista-1-163-deslocados-e-antecipa-novas-evacuacoes\/#primaryimage"},"thumbnailUrl":"https:\/\/portaltela.pt\/s.01k8rhncp4jt1\/2026\/02\/img_1500x1000uu2026-02-05-22-24-52-2265143.jpg","datePublished":"2026-02-07T13:48:46+00:00","author":{"@id":"https:\/\/portaltela.pt\/#\/schema\/person\/c4278d4a6028830caff9ee44b42d32ed"},"breadcrumb":{"@id":"https:\/\/portaltela.pt\/noticias\/2026\/02\/07\/protecao-civil-regista-1-163-deslocados-e-antecipa-novas-evacuacoes\/#breadcrumb"},"inLanguage":"pt-PT","potentialAction":[{"@type":"ReadAction","target":["https:\/\/portaltela.pt\/noticias\/2026\/02\/07\/protecao-civil-regista-1-163-deslocados-e-antecipa-novas-evacuacoes\/"]}]},{"@type":"ImageObject","inLanguage":"pt-PT","@id":"https:\/\/portaltela.pt\/noticias\/2026\/02\/07\/protecao-civil-regista-1-163-deslocados-e-antecipa-novas-evacuacoes\/#primaryimage","url":"https:\/\/portaltela.pt\/s.01k8rhncp4jt1\/2026\/02\/img_1500x1000uu2026-02-05-22-24-52-2265143.jpg","contentUrl":"https:\/\/portaltela.pt\/s.01k8rhncp4jt1\/2026\/02\/img_1500x1000uu2026-02-05-22-24-52-2265143.jpg","width":796,"height":448,"caption":"Cheias na Lez\u00edria do Tejo causam ang\u00fastia em Azambuja"},{"@type":"BreadcrumbList","@id":"https:\/\/portaltela.pt\/noticias\/2026\/02\/07\/protecao-civil-regista-1-163-deslocados-e-antecipa-novas-evacuacoes\/#breadcrumb","itemListElement":[{"@type":"ListItem","position":1,"name":"In\u00edcio","item":"https:\/\/portaltela.pt\/"},{"@type":"ListItem","position":2,"name":"Prote\u00e7\u00e3o Civil regista 1.163 deslocados e antecipa novas evacua\u00e7\u00f5es"}]},{"@type":"WebSite","@id":"https:\/\/portaltela.pt\/#website","url":"https:\/\/portaltela.pt\/","name":"Portal Tela Portugal","description":"","potentialAction":[{"@type":"SearchAction","target":{"@type":"EntryPoint","urlTemplate":"https:\/\/portaltela.pt\/?s={search_term_string}"},"query-input":{"@type":"PropertyValueSpecification","valueRequired":true,"valueName":"search_term_string"}}],"inLanguage":"pt-PT"},{"@type":"Person","@id":"https:\/\/portaltela.pt\/#\/schema\/person\/c4278d4a6028830caff9ee44b42d32ed","name":"Telinha","image":{"@type":"ImageObject","inLanguage":"pt-PT","@id":"https:\/\/portaltela.pt\/s.01k8rhncp4jt1\/2025\/11\/talking-bot-125x125.png","url":"https:\/\/portaltela.pt\/s.01k8rhncp4jt1\/2025\/11\/talking-bot-125x125.png","contentUrl":"https:\/\/portaltela.pt\/s.01k8rhncp4jt1\/2025\/11\/talking-bot-125x125.png","caption":"Telinha"},"sameAs":["https:\/\/portaltela.pt\/"],"url":"https:\/\/portaltela.pt\/por\/367410592786\/"}]}},"_links":{"self":[{"href":"https:\/\/portaltela.pt\/api\/wp\/v2\/posts\/202951","targetHints":{"allow":["GET"]}}],"collection":[{"href":"https:\/\/portaltela.pt\/api\/wp\/v2\/posts"}],"about":[{"href":"https:\/\/portaltela.pt\/api\/wp\/v2\/types\/post"}],"author":[{"embeddable":true,"href":"https:\/\/portaltela.pt\/api\/wp\/v2\/users\/2"}],"replies":[{"embeddable":true,"href":"https:\/\/portaltela.pt\/api\/wp\/v2\/comments?post=202951"}],"version-history":[{"count":0,"href":"https:\/\/portaltela.pt\/api\/wp\/v2\/posts\/202951\/revisions"}],"wp:featuredmedia":[{"embeddable":true,"href":"https:\/\/portaltela.pt\/api\/wp\/v2\/media\/202952"}],"wp:attachment":[{"href":"https:\/\/portaltela.pt\/api\/wp\/v2\/media?parent=202951"}],"wp:term":[{"taxonomy":"category","embeddable":true,"href":"https:\/\/portaltela.pt\/api\/wp\/v2\/categories?post=202951"},{"taxonomy":"post_tag","embeddable":true,"href":"https:\/\/portaltela.pt\/api\/wp\/v2\/tags?post=202951"}],"curies":[{"name":"wp","href":"https:\/\/api.w.org\/{rel}","templated":true}]}}