{"id":202874,"date":"2026-02-07T08:25:00","date_gmt":"2026-02-07T11:25:00","guid":{"rendered":"https:\/\/portaltela.pt\/noticias\/2026\/02\/07\/critical-software-planeia-testar-conducao-autonoma-em-portugal\/"},"modified":"2026-02-07T08:25:00","modified_gmt":"2026-02-07T11:25:00","slug":"critical-software-planeia-testar-conducao-autonoma-em-portugal","status":"publish","type":"post","link":"https:\/\/portaltela.pt\/noticias\/2026\/02\/07\/critical-software-planeia-testar-conducao-autonoma-em-portugal\/","title":{"rendered":"Critical Software planeia testar condu\u00e7\u00e3o aut\u00f3noma em Portugal"},"content":{"rendered":"<p>Critical Software planeia testar condu\u00e7\u00e3o aut\u00f3noma em vias nacionais, com valida\u00e7\u00e3o de software de mobilidade inteligente em Portugal. A iniciativa surge num contexto de investiga\u00e7\u00e3o nacional e parcerias, incluindo a BMW.<\/p>\n<p>A tempestade Kristin serviu de mote para analisar o papel de ve\u00edculos el\u00e9ctricos e baterias em situa\u00e7\u00f5es de emerg\u00eancia, destacando o potencial do V2L, que permite manter habita\u00e7\u00f5es funcionais durante cortes de energia. S\u00e9rgio Magno, Pedro Faria e Telmo Azevedo (UVE) explicam a utilidade desta tecnologia.<\/p>\n<h3>Desenvolvimento de condu\u00e7\u00e3o aut\u00f3noma<\/h3>\n<p>A Critical Software revelou a inten\u00e7\u00e3o de desenvolver e validar software de condu\u00e7\u00e3o aut\u00f3noma. O objetivo \u00e9 avaliar impactos em vias p\u00fablicas e refor\u00e7ar a posi\u00e7\u00e3o de Portugal no setor da mobilidade inteligente, j\u00e1 com uma parceria existente com a BMW.<\/p>\n<h3>Mercado e regula\u00e7\u00e3o<\/h3>\n<p>Analisa-se a entrada da marca espanhola Ebro em Portugal e o surgimento de novos operadores de carregamento com tarifas planas. Em an\u00e1lise est\u00e3o o custo de carregamento e o novo quadro regulat\u00f3rio, com receios de verticaliza\u00e7\u00e3o que afete operadores de menor dimens\u00e3o.<\/p>\n<h3>Alertas e tend\u00eancias<\/h3>\n<p>Observa-se o crescimento de matr\u00edculas de pesados el\u00e9ctricos em janeiro e pol\u00edticas de seguran\u00e7a, como a China a proibir puxadores de portas ocultos, citadas como tend\u00eancias do setor autom\u00f3vel. A conversa encerra com uma dica sobre alternativas verdes aos geradores a gasolina.<\/p>\n<h3>Contexto de carreira e oportunidades<\/h3>\n<p>O epis\u00f3dio refor\u00e7a o interesse em solu\u00e7\u00f5es de energia limpa e mobilidade, contribuindo para o ecossistema tecnol\u00f3gico portugu\u00eas. A discuss\u00e3o ocorre no \u00e2mbito do podcast Plug-in, dispon\u00edvel em v\u00e1rias plataformas.<\/p>\n","protected":false},"excerpt":{"rendered":"<ul>\n<li>A Critical Software planeia testar condu\u00e7\u00e3o aut\u00f3noma em estradas nacionais, desenvolvendo e validando software de condu\u00e7\u00e3o aut\u00f3noma em Portugal, com parceria existente com a BMW.<\/li>\n<li>A tempestade Kristin serviu de mote para analisar como ve\u00edculos el\u00e9ctricos e baterias podem ajudar em emerg\u00eancias, destacando a tecnologia V2L (Vehicle-to-Load) para manter casas a funcionar durante cortes de energia.<\/li>\n<li>O epis\u00f3dio aborda ainda movimentos no mercado, como a entrada da marca espanhola Ebro em Portugal e a chegada de novos operadores de carregamento com tarifas planas.<\/li>\n<li>Existem sinais de alerta sobre o custo de carregar o carro a subir e o risco de uma \u201cverticaliza\u00e7\u00e3o\u201d do setor que pode afastar operadores de menor dimens\u00e3o, conforme declara\u00e7\u00f5es sobre o novo quadro regulamentar.<\/li>\n<li>O programa termina com uma refer\u00eancia a alternativas verdes aos geradores a gasolina para prevenir falhas de luz e com recomenda\u00e7\u00f5es de consumo de conte\u00fados sobre mobilidade el\u00e9ctrica.<\/li>\n<\/ul>\n","protected":false},"author":2,"featured_media":202877,"comment_status":"closed","ping_status":"closed","sticky":false,"template":"","format":"standard","meta":{"footnotes":""},"categories":[1],"tags":[2105,255,215,2110,1014,3853],"class_list":["post-202874","post","type-post","status-publish","format-standard","has-post-thumbnail","hentry","category-noticias","tag-energia-limpa","tag-industria","tag-investigacao","tag-mobilidade","tag-portugal","tag-veiculos-autonomos"],"yoast_head":"<!-- This site is optimized with the Yoast SEO plugin v27.2 - https:\/\/yoast.com\/product\/yoast-seo-wordpress\/ -->\n<title>Critical Software planeia testar condu\u00e7\u00e3o aut\u00f3noma em Portugal - Portal Tela Portugal<\/title>\n<meta name=\"robots\" content=\"index, follow, max-snippet:-1, max-image-preview:large, max-video-preview:-1\" \/>\n<meta property=\"og:locale\" content=\"pt_PT\" \/>\n<meta property=\"og:type\" content=\"article\" \/>\n<meta property=\"og:title\" content=\"Critical Software planeia testar condu\u00e7\u00e3o aut\u00f3noma em Portugal - Portal Tela Portugal\" \/>\n<meta property=\"og:description\" content=\"A Critical Software planeia testar condu\u00e7\u00e3o aut\u00f3noma em estradas nacionais, desenvolvendo e validando software de condu\u00e7\u00e3o aut\u00f3noma em Portugal, com parceria existente com a BMW. A tempestade Kristin serviu de mote para analisar como ve\u00edculos el\u00e9ctricos e baterias podem ajudar em emerg\u00eancias, destacando a tecnologia V2L (Vehicle-to-Load) para manter casas a funcionar durante cortes de energia. O epis\u00f3dio aborda ainda movimentos no mercado, como a entrada da marca espanhola Ebro em Portugal e a chegada de novos operadores de carregamento com tarifas planas. Existem sinais de alerta sobre o custo de carregar o carro a subir e o risco de uma \u201cverticaliza\u00e7\u00e3o\u201d do setor que pode afastar operadores de menor dimens\u00e3o, conforme declara\u00e7\u00f5es sobre o novo quadro regulamentar. O programa termina com uma refer\u00eancia a alternativas verdes aos geradores a gasolina para prevenir falhas de luz e com recomenda\u00e7\u00f5es de consumo de conte\u00fados sobre mobilidade el\u00e9ctrica.\" \/>\n<meta property=\"og:url\" content=\"https:\/\/portaltela.pt\/noticias\/2026\/02\/07\/critical-software-planeia-testar-conducao-autonoma-em-portugal\/\" \/>\n<meta property=\"og:site_name\" content=\"Portal Tela Portugal\" \/>\n<meta property=\"article:published_time\" content=\"2026-02-07T11:25:00+00:00\" \/>\n<meta name=\"author\" content=\"Telinha\" \/>\n<meta name=\"twitter:card\" content=\"summary_large_image\" \/>\n<meta name=\"twitter:label1\" content=\"Escrito por\" \/>\n\t<meta name=\"twitter:data1\" content=\"Telinha\" \/>\n\t<meta name=\"twitter:label2\" content=\"Tempo estimado de leitura\" \/>\n\t<meta name=\"twitter:data2\" content=\"1 minuto\" \/>\n<script type=\"application\/ld+json\" class=\"yoast-schema-graph\">{\"@context\":\"https:\/\/schema.org\",\"@graph\":[{\"@type\":\"Article\",\"@id\":\"https:\/\/portaltela.pt\/noticias\/2026\/02\/07\/critical-software-planeia-testar-conducao-autonoma-em-portugal\/#article\",\"isPartOf\":{\"@id\":\"https:\/\/portaltela.pt\/noticias\/2026\/02\/07\/critical-software-planeia-testar-conducao-autonoma-em-portugal\/\"},\"author\":{\"name\":\"Telinha\",\"@id\":\"https:\/\/portaltela.pt\/#\/schema\/person\/c4278d4a6028830caff9ee44b42d32ed\"},\"headline\":\"Critical Software planeia testar condu\u00e7\u00e3o aut\u00f3noma em Portugal\",\"datePublished\":\"2026-02-07T11:25:00+00:00\",\"mainEntityOfPage\":{\"@id\":\"https:\/\/portaltela.pt\/noticias\/2026\/02\/07\/critical-software-planeia-testar-conducao-autonoma-em-portugal\/\"},\"wordCount\":296,\"image\":{\"@id\":\"https:\/\/portaltela.pt\/noticias\/2026\/02\/07\/critical-software-planeia-testar-conducao-autonoma-em-portugal\/#primaryimage\"},\"thumbnailUrl\":\"https:\/\/portaltela.pt\/s.01k8rhncp4jt1\/2026\/02\/2163727.jpg\",\"keywords\":[\"energia limpa\",\"ind\u00fastria\",\"investiga\u00e7\u00e3o\",\"mobilidade\",\"Portugal\",\"ve\u00edculos aut\u00f3nomos\"],\"articleSection\":[\"Not\u00edcias\"],\"inLanguage\":\"pt-PT\"},{\"@type\":\"WebPage\",\"@id\":\"https:\/\/portaltela.pt\/noticias\/2026\/02\/07\/critical-software-planeia-testar-conducao-autonoma-em-portugal\/\",\"url\":\"https:\/\/portaltela.pt\/noticias\/2026\/02\/07\/critical-software-planeia-testar-conducao-autonoma-em-portugal\/\",\"name\":\"Critical Software planeia testar condu\u00e7\u00e3o aut\u00f3noma em Portugal - Portal Tela Portugal\",\"isPartOf\":{\"@id\":\"https:\/\/portaltela.pt\/#website\"},\"primaryImageOfPage\":{\"@id\":\"https:\/\/portaltela.pt\/noticias\/2026\/02\/07\/critical-software-planeia-testar-conducao-autonoma-em-portugal\/#primaryimage\"},\"image\":{\"@id\":\"https:\/\/portaltela.pt\/noticias\/2026\/02\/07\/critical-software-planeia-testar-conducao-autonoma-em-portugal\/#primaryimage\"},\"thumbnailUrl\":\"https:\/\/portaltela.pt\/s.01k8rhncp4jt1\/2026\/02\/2163727.jpg\",\"datePublished\":\"2026-02-07T11:25:00+00:00\",\"author\":{\"@id\":\"https:\/\/portaltela.pt\/#\/schema\/person\/c4278d4a6028830caff9ee44b42d32ed\"},\"breadcrumb\":{\"@id\":\"https:\/\/portaltela.pt\/noticias\/2026\/02\/07\/critical-software-planeia-testar-conducao-autonoma-em-portugal\/#breadcrumb\"},\"inLanguage\":\"pt-PT\",\"potentialAction\":[{\"@type\":\"ReadAction\",\"target\":[\"https:\/\/portaltela.pt\/noticias\/2026\/02\/07\/critical-software-planeia-testar-conducao-autonoma-em-portugal\/\"]}]},{\"@type\":\"ImageObject\",\"inLanguage\":\"pt-PT\",\"@id\":\"https:\/\/portaltela.pt\/noticias\/2026\/02\/07\/critical-software-planeia-testar-conducao-autonoma-em-portugal\/#primaryimage\",\"url\":\"https:\/\/portaltela.pt\/s.01k8rhncp4jt1\/2026\/02\/2163727.jpg\",\"contentUrl\":\"https:\/\/portaltela.pt\/s.01k8rhncp4jt1\/2026\/02\/2163727.jpg\",\"width\":796,\"height\":448,\"caption\":\"Photo\"},{\"@type\":\"BreadcrumbList\",\"@id\":\"https:\/\/portaltela.pt\/noticias\/2026\/02\/07\/critical-software-planeia-testar-conducao-autonoma-em-portugal\/#breadcrumb\",\"itemListElement\":[{\"@type\":\"ListItem\",\"position\":1,\"name\":\"In\u00edcio\",\"item\":\"https:\/\/portaltela.pt\/\"},{\"@type\":\"ListItem\",\"position\":2,\"name\":\"Critical Software planeia testar condu\u00e7\u00e3o aut\u00f3noma em Portugal\"}]},{\"@type\":\"WebSite\",\"@id\":\"https:\/\/portaltela.pt\/#website\",\"url\":\"https:\/\/portaltela.pt\/\",\"name\":\"Portal Tela Portugal\",\"description\":\"\",\"potentialAction\":[{\"@type\":\"SearchAction\",\"target\":{\"@type\":\"EntryPoint\",\"urlTemplate\":\"https:\/\/portaltela.pt\/?s={search_term_string}\"},\"query-input\":{\"@type\":\"PropertyValueSpecification\",\"valueRequired\":true,\"valueName\":\"search_term_string\"}}],\"inLanguage\":\"pt-PT\"},{\"@type\":\"Person\",\"@id\":\"https:\/\/portaltela.pt\/#\/schema\/person\/c4278d4a6028830caff9ee44b42d32ed\",\"name\":\"Telinha\",\"image\":{\"@type\":\"ImageObject\",\"inLanguage\":\"pt-PT\",\"@id\":\"https:\/\/portaltela.pt\/s.01k8rhncp4jt1\/2025\/11\/talking-bot-125x125.png\",\"url\":\"https:\/\/portaltela.pt\/s.01k8rhncp4jt1\/2025\/11\/talking-bot-125x125.png\",\"contentUrl\":\"https:\/\/portaltela.pt\/s.01k8rhncp4jt1\/2025\/11\/talking-bot-125x125.png\",\"caption\":\"Telinha\"},\"sameAs\":[\"https:\/\/portaltela.pt\/\"],\"url\":\"https:\/\/portaltela.pt\/por\/367410592786\/\"}]}<\/script>\n<!-- \/ Yoast SEO plugin. -->","yoast_head_json":{"title":"Critical Software planeia testar condu\u00e7\u00e3o aut\u00f3noma em Portugal - Portal Tela Portugal","robots":{"index":"index","follow":"follow","max-snippet":"max-snippet:-1","max-image-preview":"max-image-preview:large","max-video-preview":"max-video-preview:-1"},"og_locale":"pt_PT","og_type":"article","og_title":"Critical Software planeia testar condu\u00e7\u00e3o aut\u00f3noma em Portugal - Portal Tela Portugal","og_description":"A Critical Software planeia testar condu\u00e7\u00e3o aut\u00f3noma em estradas nacionais, desenvolvendo e validando software de condu\u00e7\u00e3o aut\u00f3noma em Portugal, com parceria existente com a BMW. A tempestade Kristin serviu de mote para analisar como ve\u00edculos el\u00e9ctricos e baterias podem ajudar em emerg\u00eancias, destacando a tecnologia V2L (Vehicle-to-Load) para manter casas a funcionar durante cortes de energia. O epis\u00f3dio aborda ainda movimentos no mercado, como a entrada da marca espanhola Ebro em Portugal e a chegada de novos operadores de carregamento com tarifas planas. Existem sinais de alerta sobre o custo de carregar o carro a subir e o risco de uma \u201cverticaliza\u00e7\u00e3o\u201d do setor que pode afastar operadores de menor dimens\u00e3o, conforme declara\u00e7\u00f5es sobre o novo quadro regulamentar. O programa termina com uma refer\u00eancia a alternativas verdes aos geradores a gasolina para prevenir falhas de luz e com recomenda\u00e7\u00f5es de consumo de conte\u00fados sobre mobilidade el\u00e9ctrica.","og_url":"https:\/\/portaltela.pt\/noticias\/2026\/02\/07\/critical-software-planeia-testar-conducao-autonoma-em-portugal\/","og_site_name":"Portal Tela Portugal","article_published_time":"2026-02-07T11:25:00+00:00","author":"Telinha","twitter_card":"summary_large_image","twitter_misc":{"Escrito por":"Telinha","Tempo estimado de leitura":"1 minuto"},"schema":{"@context":"https:\/\/schema.org","@graph":[{"@type":"Article","@id":"https:\/\/portaltela.pt\/noticias\/2026\/02\/07\/critical-software-planeia-testar-conducao-autonoma-em-portugal\/#article","isPartOf":{"@id":"https:\/\/portaltela.pt\/noticias\/2026\/02\/07\/critical-software-planeia-testar-conducao-autonoma-em-portugal\/"},"author":{"name":"Telinha","@id":"https:\/\/portaltela.pt\/#\/schema\/person\/c4278d4a6028830caff9ee44b42d32ed"},"headline":"Critical Software planeia testar condu\u00e7\u00e3o aut\u00f3noma em Portugal","datePublished":"2026-02-07T11:25:00+00:00","mainEntityOfPage":{"@id":"https:\/\/portaltela.pt\/noticias\/2026\/02\/07\/critical-software-planeia-testar-conducao-autonoma-em-portugal\/"},"wordCount":296,"image":{"@id":"https:\/\/portaltela.pt\/noticias\/2026\/02\/07\/critical-software-planeia-testar-conducao-autonoma-em-portugal\/#primaryimage"},"thumbnailUrl":"https:\/\/portaltela.pt\/s.01k8rhncp4jt1\/2026\/02\/2163727.jpg","keywords":["energia limpa","ind\u00fastria","investiga\u00e7\u00e3o","mobilidade","Portugal","ve\u00edculos aut\u00f3nomos"],"articleSection":["Not\u00edcias"],"inLanguage":"pt-PT"},{"@type":"WebPage","@id":"https:\/\/portaltela.pt\/noticias\/2026\/02\/07\/critical-software-planeia-testar-conducao-autonoma-em-portugal\/","url":"https:\/\/portaltela.pt\/noticias\/2026\/02\/07\/critical-software-planeia-testar-conducao-autonoma-em-portugal\/","name":"Critical Software planeia testar condu\u00e7\u00e3o aut\u00f3noma em Portugal - Portal Tela Portugal","isPartOf":{"@id":"https:\/\/portaltela.pt\/#website"},"primaryImageOfPage":{"@id":"https:\/\/portaltela.pt\/noticias\/2026\/02\/07\/critical-software-planeia-testar-conducao-autonoma-em-portugal\/#primaryimage"},"image":{"@id":"https:\/\/portaltela.pt\/noticias\/2026\/02\/07\/critical-software-planeia-testar-conducao-autonoma-em-portugal\/#primaryimage"},"thumbnailUrl":"https:\/\/portaltela.pt\/s.01k8rhncp4jt1\/2026\/02\/2163727.jpg","datePublished":"2026-02-07T11:25:00+00:00","author":{"@id":"https:\/\/portaltela.pt\/#\/schema\/person\/c4278d4a6028830caff9ee44b42d32ed"},"breadcrumb":{"@id":"https:\/\/portaltela.pt\/noticias\/2026\/02\/07\/critical-software-planeia-testar-conducao-autonoma-em-portugal\/#breadcrumb"},"inLanguage":"pt-PT","potentialAction":[{"@type":"ReadAction","target":["https:\/\/portaltela.pt\/noticias\/2026\/02\/07\/critical-software-planeia-testar-conducao-autonoma-em-portugal\/"]}]},{"@type":"ImageObject","inLanguage":"pt-PT","@id":"https:\/\/portaltela.pt\/noticias\/2026\/02\/07\/critical-software-planeia-testar-conducao-autonoma-em-portugal\/#primaryimage","url":"https:\/\/portaltela.pt\/s.01k8rhncp4jt1\/2026\/02\/2163727.jpg","contentUrl":"https:\/\/portaltela.pt\/s.01k8rhncp4jt1\/2026\/02\/2163727.jpg","width":796,"height":448,"caption":"Photo"},{"@type":"BreadcrumbList","@id":"https:\/\/portaltela.pt\/noticias\/2026\/02\/07\/critical-software-planeia-testar-conducao-autonoma-em-portugal\/#breadcrumb","itemListElement":[{"@type":"ListItem","position":1,"name":"In\u00edcio","item":"https:\/\/portaltela.pt\/"},{"@type":"ListItem","position":2,"name":"Critical Software planeia testar condu\u00e7\u00e3o aut\u00f3noma em Portugal"}]},{"@type":"WebSite","@id":"https:\/\/portaltela.pt\/#website","url":"https:\/\/portaltela.pt\/","name":"Portal Tela Portugal","description":"","potentialAction":[{"@type":"SearchAction","target":{"@type":"EntryPoint","urlTemplate":"https:\/\/portaltela.pt\/?s={search_term_string}"},"query-input":{"@type":"PropertyValueSpecification","valueRequired":true,"valueName":"search_term_string"}}],"inLanguage":"pt-PT"},{"@type":"Person","@id":"https:\/\/portaltela.pt\/#\/schema\/person\/c4278d4a6028830caff9ee44b42d32ed","name":"Telinha","image":{"@type":"ImageObject","inLanguage":"pt-PT","@id":"https:\/\/portaltela.pt\/s.01k8rhncp4jt1\/2025\/11\/talking-bot-125x125.png","url":"https:\/\/portaltela.pt\/s.01k8rhncp4jt1\/2025\/11\/talking-bot-125x125.png","contentUrl":"https:\/\/portaltela.pt\/s.01k8rhncp4jt1\/2025\/11\/talking-bot-125x125.png","caption":"Telinha"},"sameAs":["https:\/\/portaltela.pt\/"],"url":"https:\/\/portaltela.pt\/por\/367410592786\/"}]}},"_links":{"self":[{"href":"https:\/\/portaltela.pt\/api\/wp\/v2\/posts\/202874","targetHints":{"allow":["GET"]}}],"collection":[{"href":"https:\/\/portaltela.pt\/api\/wp\/v2\/posts"}],"about":[{"href":"https:\/\/portaltela.pt\/api\/wp\/v2\/types\/post"}],"author":[{"embeddable":true,"href":"https:\/\/portaltela.pt\/api\/wp\/v2\/users\/2"}],"replies":[{"embeddable":true,"href":"https:\/\/portaltela.pt\/api\/wp\/v2\/comments?post=202874"}],"version-history":[{"count":0,"href":"https:\/\/portaltela.pt\/api\/wp\/v2\/posts\/202874\/revisions"}],"wp:featuredmedia":[{"embeddable":true,"href":"https:\/\/portaltela.pt\/api\/wp\/v2\/media\/202877"}],"wp:attachment":[{"href":"https:\/\/portaltela.pt\/api\/wp\/v2\/media?parent=202874"}],"wp:term":[{"taxonomy":"category","embeddable":true,"href":"https:\/\/portaltela.pt\/api\/wp\/v2\/categories?post=202874"},{"taxonomy":"post_tag","embeddable":true,"href":"https:\/\/portaltela.pt\/api\/wp\/v2\/tags?post=202874"}],"curies":[{"name":"wp","href":"https:\/\/api.w.org\/{rel}","templated":true}]}}