{"id":202842,"date":"2026-02-07T08:54:45","date_gmt":"2026-02-07T11:54:45","guid":{"rendered":"https:\/\/portaltela.pt\/noticias\/2026\/02\/07\/nivel-da-agua-baixa-em-alcacer-do-sal-preocupa-autoridades-com-precipitacao\/"},"modified":"2026-02-07T08:54:45","modified_gmt":"2026-02-07T11:54:45","slug":"nivel-da-agua-baixa-em-alcacer-do-sal-preocupa-autoridades-com-precipitacao","status":"publish","type":"post","link":"https:\/\/portaltela.pt\/noticias\/2026\/02\/07\/nivel-da-agua-baixa-em-alcacer-do-sal-preocupa-autoridades-com-precipitacao\/","title":{"rendered":"N\u00edvel da \u00e1gua baixa em Alc\u00e1cer do Sal preocupa autoridades com precipita\u00e7\u00e3o"},"content":{"rendered":"<p>O n\u00edvel da \u00e1gua em Alc\u00e1cer do Sal continua baixo, mas as previs\u00f5es de chuva criam preocupa\u00e7\u00e3o entre as autoridades locais. O risco \u00e9 o aumento do caudal do rio Sado e o potential de inunda\u00e7\u00f5es nas margens.<\/p>\n<p>As \u00e1reas ribeirinhas est\u00e3o sob vigil\u00e2ncia constante, com monitoriza\u00e7\u00e3o do caudal e das cheias. T\u00e9cnicos analisam cen\u00e1rios para evitar impactos na popula\u00e7\u00e3o e na infraestrutura.<\/p>\n<p>Especialistas indicam que a chuva pode aliviar a seca na regi\u00e3o, mas tamb\u00e9m pode elevar o caudal do Sado caso ocorram aguaceiros intensos. Prote\u00e7\u00f5es das margens s\u00e3o consideradas priorit\u00e1rias.<\/p>\n<p>As autoridades pedem \u00e0 popula\u00e7\u00e3o que se mantenha informada e siga as indica\u00e7\u00f5es oficiais para reduzir riscos durante este periodo de instabilidade clim\u00e1tica.<\/p>\n","protected":false},"excerpt":{"rendered":"<ul>\n<li>O n\u00edvel da \u00e1gua em Alc\u00e1cer do Sal est\u00e1 baixo, com a seca a preocupar a regi\u00e3o.<\/li>\n<li>A previs\u00e3o de chuva pode aumentar o caudal do rio Sado e levar a transbordos das margens.<\/li>\n<li>As autoridades locais est\u00e3o em alerta e a monitorizar a evolu\u00e7\u00e3o para evitar inunda\u00e7\u00f5es.<\/li>\n<li>Os especialistas indicam que a chuva pode aliviar a seca, mas tamb\u00e9m aumenta o risco de cheias se as margens n\u00e3o estiverem protegidas.<\/li>\n<li>A popula\u00e7\u00e3o deve manter-se informada e seguir as recomenda\u00e7\u00f5es das autoridades neste per\u00edodo de instabilidade clim\u00e1tica.<\/li>\n<\/ul>\n","protected":false},"author":2,"featured_media":202847,"comment_status":"closed","ping_status":"closed","sticky":false,"template":"","format":"standard","meta":{"footnotes":""},"categories":[1],"tags":[3812,1998,5329,2293,5099,3857],"class_list":["post-202842","post","type-post","status-publish","format-standard","has-post-thumbnail","hentry","category-noticias","tag-alagamentos","tag-alcacer-do-sal","tag-chuva","tag-inundacoes","tag-protecao-civil-municipal","tag-sado"],"yoast_head":"<!-- This site is optimized with the Yoast SEO plugin v27.2 - https:\/\/yoast.com\/product\/yoast-seo-wordpress\/ -->\n<title>N\u00edvel da \u00e1gua baixa em Alc\u00e1cer do Sal preocupa autoridades com precipita\u00e7\u00e3o - Portal Tela Portugal<\/title>\n<meta name=\"robots\" content=\"index, follow, max-snippet:-1, max-image-preview:large, max-video-preview:-1\" \/>\n<meta property=\"og:locale\" content=\"pt_PT\" \/>\n<meta property=\"og:type\" content=\"article\" \/>\n<meta property=\"og:title\" content=\"N\u00edvel da \u00e1gua baixa em Alc\u00e1cer do Sal preocupa autoridades com precipita\u00e7\u00e3o - Portal Tela Portugal\" \/>\n<meta property=\"og:description\" content=\"O n\u00edvel da \u00e1gua em Alc\u00e1cer do Sal est\u00e1 baixo, com a seca a preocupar a regi\u00e3o. A previs\u00e3o de chuva pode aumentar o caudal do rio Sado e levar a transbordos das margens. As autoridades locais est\u00e3o em alerta e a monitorizar a evolu\u00e7\u00e3o para evitar inunda\u00e7\u00f5es. Os especialistas indicam que a chuva pode aliviar a seca, mas tamb\u00e9m aumenta o risco de cheias se as margens n\u00e3o estiverem protegidas. A popula\u00e7\u00e3o deve manter-se informada e seguir as recomenda\u00e7\u00f5es das autoridades neste per\u00edodo de instabilidade clim\u00e1tica.\" \/>\n<meta property=\"og:url\" content=\"https:\/\/portaltela.pt\/noticias\/2026\/02\/07\/nivel-da-agua-baixa-em-alcacer-do-sal-preocupa-autoridades-com-precipitacao\/\" \/>\n<meta property=\"og:site_name\" content=\"Portal Tela Portugal\" \/>\n<meta property=\"article:published_time\" content=\"2026-02-07T11:54:45+00:00\" \/>\n<meta name=\"author\" content=\"Telinha\" \/>\n<meta name=\"twitter:card\" content=\"summary_large_image\" \/>\n<meta name=\"twitter:label1\" content=\"Escrito por\" \/>\n\t<meta name=\"twitter:data1\" content=\"Telinha\" \/>\n\t<meta name=\"twitter:label2\" content=\"Tempo estimado de leitura\" \/>\n\t<meta name=\"twitter:data2\" content=\"1 minuto\" \/>\n<script type=\"application\/ld+json\" class=\"yoast-schema-graph\">{\"@context\":\"https:\/\/schema.org\",\"@graph\":[{\"@type\":\"Article\",\"@id\":\"https:\/\/portaltela.pt\/noticias\/2026\/02\/07\/nivel-da-agua-baixa-em-alcacer-do-sal-preocupa-autoridades-com-precipitacao\/#article\",\"isPartOf\":{\"@id\":\"https:\/\/portaltela.pt\/noticias\/2026\/02\/07\/nivel-da-agua-baixa-em-alcacer-do-sal-preocupa-autoridades-com-precipitacao\/\"},\"author\":{\"name\":\"Telinha\",\"@id\":\"https:\/\/portaltela.pt\/#\/schema\/person\/c4278d4a6028830caff9ee44b42d32ed\"},\"headline\":\"N\u00edvel da \u00e1gua baixa em Alc\u00e1cer do Sal preocupa autoridades com precipita\u00e7\u00e3o\",\"datePublished\":\"2026-02-07T11:54:45+00:00\",\"mainEntityOfPage\":{\"@id\":\"https:\/\/portaltela.pt\/noticias\/2026\/02\/07\/nivel-da-agua-baixa-em-alcacer-do-sal-preocupa-autoridades-com-precipitacao\/\"},\"wordCount\":147,\"image\":{\"@id\":\"https:\/\/portaltela.pt\/noticias\/2026\/02\/07\/nivel-da-agua-baixa-em-alcacer-do-sal-preocupa-autoridades-com-precipitacao\/#primaryimage\"},\"thumbnailUrl\":\"https:\/\/portaltela.pt\/s.01k8rhncp4jt1\/2026\/02\/img_1200x721uu2026-02-07-11-54-24-2420091.jpg\",\"keywords\":[\"alagamentos\",\"Alc\u00e1cer do Sal\",\"chuva\",\"inunda\u00e7\u00f5es\",\"Prote\u00e7\u00e3o Civil Municipal\",\"Sado\"],\"articleSection\":[\"Not\u00edcias\"],\"inLanguage\":\"pt-PT\"},{\"@type\":\"WebPage\",\"@id\":\"https:\/\/portaltela.pt\/noticias\/2026\/02\/07\/nivel-da-agua-baixa-em-alcacer-do-sal-preocupa-autoridades-com-precipitacao\/\",\"url\":\"https:\/\/portaltela.pt\/noticias\/2026\/02\/07\/nivel-da-agua-baixa-em-alcacer-do-sal-preocupa-autoridades-com-precipitacao\/\",\"name\":\"N\u00edvel da \u00e1gua baixa em Alc\u00e1cer do Sal preocupa autoridades com precipita\u00e7\u00e3o - Portal Tela Portugal\",\"isPartOf\":{\"@id\":\"https:\/\/portaltela.pt\/#website\"},\"primaryImageOfPage\":{\"@id\":\"https:\/\/portaltela.pt\/noticias\/2026\/02\/07\/nivel-da-agua-baixa-em-alcacer-do-sal-preocupa-autoridades-com-precipitacao\/#primaryimage\"},\"image\":{\"@id\":\"https:\/\/portaltela.pt\/noticias\/2026\/02\/07\/nivel-da-agua-baixa-em-alcacer-do-sal-preocupa-autoridades-com-precipitacao\/#primaryimage\"},\"thumbnailUrl\":\"https:\/\/portaltela.pt\/s.01k8rhncp4jt1\/2026\/02\/img_1200x721uu2026-02-07-11-54-24-2420091.jpg\",\"datePublished\":\"2026-02-07T11:54:45+00:00\",\"author\":{\"@id\":\"https:\/\/portaltela.pt\/#\/schema\/person\/c4278d4a6028830caff9ee44b42d32ed\"},\"breadcrumb\":{\"@id\":\"https:\/\/portaltela.pt\/noticias\/2026\/02\/07\/nivel-da-agua-baixa-em-alcacer-do-sal-preocupa-autoridades-com-precipitacao\/#breadcrumb\"},\"inLanguage\":\"pt-PT\",\"potentialAction\":[{\"@type\":\"ReadAction\",\"target\":[\"https:\/\/portaltela.pt\/noticias\/2026\/02\/07\/nivel-da-agua-baixa-em-alcacer-do-sal-preocupa-autoridades-com-precipitacao\/\"]}]},{\"@type\":\"ImageObject\",\"inLanguage\":\"pt-PT\",\"@id\":\"https:\/\/portaltela.pt\/noticias\/2026\/02\/07\/nivel-da-agua-baixa-em-alcacer-do-sal-preocupa-autoridades-com-precipitacao\/#primaryimage\",\"url\":\"https:\/\/portaltela.pt\/s.01k8rhncp4jt1\/2026\/02\/img_1200x721uu2026-02-07-11-54-24-2420091.jpg\",\"contentUrl\":\"https:\/\/portaltela.pt\/s.01k8rhncp4jt1\/2026\/02\/img_1200x721uu2026-02-07-11-54-24-2420091.jpg\",\"width\":796,\"height\":448,\"caption\":\"N\u00edvel da \u00e1gua baixa em Alc\u00e1cer do Sal mas precipita\u00e7\u00e3o preocupa autoridades\"},{\"@type\":\"BreadcrumbList\",\"@id\":\"https:\/\/portaltela.pt\/noticias\/2026\/02\/07\/nivel-da-agua-baixa-em-alcacer-do-sal-preocupa-autoridades-com-precipitacao\/#breadcrumb\",\"itemListElement\":[{\"@type\":\"ListItem\",\"position\":1,\"name\":\"In\u00edcio\",\"item\":\"https:\/\/portaltela.pt\/\"},{\"@type\":\"ListItem\",\"position\":2,\"name\":\"N\u00edvel da \u00e1gua baixa em Alc\u00e1cer do Sal preocupa autoridades com precipita\u00e7\u00e3o\"}]},{\"@type\":\"WebSite\",\"@id\":\"https:\/\/portaltela.pt\/#website\",\"url\":\"https:\/\/portaltela.pt\/\",\"name\":\"Portal Tela Portugal\",\"description\":\"\",\"potentialAction\":[{\"@type\":\"SearchAction\",\"target\":{\"@type\":\"EntryPoint\",\"urlTemplate\":\"https:\/\/portaltela.pt\/?s={search_term_string}\"},\"query-input\":{\"@type\":\"PropertyValueSpecification\",\"valueRequired\":true,\"valueName\":\"search_term_string\"}}],\"inLanguage\":\"pt-PT\"},{\"@type\":\"Person\",\"@id\":\"https:\/\/portaltela.pt\/#\/schema\/person\/c4278d4a6028830caff9ee44b42d32ed\",\"name\":\"Telinha\",\"image\":{\"@type\":\"ImageObject\",\"inLanguage\":\"pt-PT\",\"@id\":\"https:\/\/portaltela.pt\/s.01k8rhncp4jt1\/2025\/11\/talking-bot-125x125.png\",\"url\":\"https:\/\/portaltela.pt\/s.01k8rhncp4jt1\/2025\/11\/talking-bot-125x125.png\",\"contentUrl\":\"https:\/\/portaltela.pt\/s.01k8rhncp4jt1\/2025\/11\/talking-bot-125x125.png\",\"caption\":\"Telinha\"},\"sameAs\":[\"https:\/\/portaltela.pt\/\"],\"url\":\"https:\/\/portaltela.pt\/por\/367410592786\/\"}]}<\/script>\n<!-- \/ Yoast SEO plugin. -->","yoast_head_json":{"title":"N\u00edvel da \u00e1gua baixa em Alc\u00e1cer do Sal preocupa autoridades com precipita\u00e7\u00e3o - Portal Tela Portugal","robots":{"index":"index","follow":"follow","max-snippet":"max-snippet:-1","max-image-preview":"max-image-preview:large","max-video-preview":"max-video-preview:-1"},"og_locale":"pt_PT","og_type":"article","og_title":"N\u00edvel da \u00e1gua baixa em Alc\u00e1cer do Sal preocupa autoridades com precipita\u00e7\u00e3o - Portal Tela Portugal","og_description":"O n\u00edvel da \u00e1gua em Alc\u00e1cer do Sal est\u00e1 baixo, com a seca a preocupar a regi\u00e3o. A previs\u00e3o de chuva pode aumentar o caudal do rio Sado e levar a transbordos das margens. As autoridades locais est\u00e3o em alerta e a monitorizar a evolu\u00e7\u00e3o para evitar inunda\u00e7\u00f5es. Os especialistas indicam que a chuva pode aliviar a seca, mas tamb\u00e9m aumenta o risco de cheias se as margens n\u00e3o estiverem protegidas. A popula\u00e7\u00e3o deve manter-se informada e seguir as recomenda\u00e7\u00f5es das autoridades neste per\u00edodo de instabilidade clim\u00e1tica.","og_url":"https:\/\/portaltela.pt\/noticias\/2026\/02\/07\/nivel-da-agua-baixa-em-alcacer-do-sal-preocupa-autoridades-com-precipitacao\/","og_site_name":"Portal Tela Portugal","article_published_time":"2026-02-07T11:54:45+00:00","author":"Telinha","twitter_card":"summary_large_image","twitter_misc":{"Escrito por":"Telinha","Tempo estimado de leitura":"1 minuto"},"schema":{"@context":"https:\/\/schema.org","@graph":[{"@type":"Article","@id":"https:\/\/portaltela.pt\/noticias\/2026\/02\/07\/nivel-da-agua-baixa-em-alcacer-do-sal-preocupa-autoridades-com-precipitacao\/#article","isPartOf":{"@id":"https:\/\/portaltela.pt\/noticias\/2026\/02\/07\/nivel-da-agua-baixa-em-alcacer-do-sal-preocupa-autoridades-com-precipitacao\/"},"author":{"name":"Telinha","@id":"https:\/\/portaltela.pt\/#\/schema\/person\/c4278d4a6028830caff9ee44b42d32ed"},"headline":"N\u00edvel da \u00e1gua baixa em Alc\u00e1cer do Sal preocupa autoridades com precipita\u00e7\u00e3o","datePublished":"2026-02-07T11:54:45+00:00","mainEntityOfPage":{"@id":"https:\/\/portaltela.pt\/noticias\/2026\/02\/07\/nivel-da-agua-baixa-em-alcacer-do-sal-preocupa-autoridades-com-precipitacao\/"},"wordCount":147,"image":{"@id":"https:\/\/portaltela.pt\/noticias\/2026\/02\/07\/nivel-da-agua-baixa-em-alcacer-do-sal-preocupa-autoridades-com-precipitacao\/#primaryimage"},"thumbnailUrl":"https:\/\/portaltela.pt\/s.01k8rhncp4jt1\/2026\/02\/img_1200x721uu2026-02-07-11-54-24-2420091.jpg","keywords":["alagamentos","Alc\u00e1cer do Sal","chuva","inunda\u00e7\u00f5es","Prote\u00e7\u00e3o Civil Municipal","Sado"],"articleSection":["Not\u00edcias"],"inLanguage":"pt-PT"},{"@type":"WebPage","@id":"https:\/\/portaltela.pt\/noticias\/2026\/02\/07\/nivel-da-agua-baixa-em-alcacer-do-sal-preocupa-autoridades-com-precipitacao\/","url":"https:\/\/portaltela.pt\/noticias\/2026\/02\/07\/nivel-da-agua-baixa-em-alcacer-do-sal-preocupa-autoridades-com-precipitacao\/","name":"N\u00edvel da \u00e1gua baixa em Alc\u00e1cer do Sal preocupa autoridades com precipita\u00e7\u00e3o - Portal Tela Portugal","isPartOf":{"@id":"https:\/\/portaltela.pt\/#website"},"primaryImageOfPage":{"@id":"https:\/\/portaltela.pt\/noticias\/2026\/02\/07\/nivel-da-agua-baixa-em-alcacer-do-sal-preocupa-autoridades-com-precipitacao\/#primaryimage"},"image":{"@id":"https:\/\/portaltela.pt\/noticias\/2026\/02\/07\/nivel-da-agua-baixa-em-alcacer-do-sal-preocupa-autoridades-com-precipitacao\/#primaryimage"},"thumbnailUrl":"https:\/\/portaltela.pt\/s.01k8rhncp4jt1\/2026\/02\/img_1200x721uu2026-02-07-11-54-24-2420091.jpg","datePublished":"2026-02-07T11:54:45+00:00","author":{"@id":"https:\/\/portaltela.pt\/#\/schema\/person\/c4278d4a6028830caff9ee44b42d32ed"},"breadcrumb":{"@id":"https:\/\/portaltela.pt\/noticias\/2026\/02\/07\/nivel-da-agua-baixa-em-alcacer-do-sal-preocupa-autoridades-com-precipitacao\/#breadcrumb"},"inLanguage":"pt-PT","potentialAction":[{"@type":"ReadAction","target":["https:\/\/portaltela.pt\/noticias\/2026\/02\/07\/nivel-da-agua-baixa-em-alcacer-do-sal-preocupa-autoridades-com-precipitacao\/"]}]},{"@type":"ImageObject","inLanguage":"pt-PT","@id":"https:\/\/portaltela.pt\/noticias\/2026\/02\/07\/nivel-da-agua-baixa-em-alcacer-do-sal-preocupa-autoridades-com-precipitacao\/#primaryimage","url":"https:\/\/portaltela.pt\/s.01k8rhncp4jt1\/2026\/02\/img_1200x721uu2026-02-07-11-54-24-2420091.jpg","contentUrl":"https:\/\/portaltela.pt\/s.01k8rhncp4jt1\/2026\/02\/img_1200x721uu2026-02-07-11-54-24-2420091.jpg","width":796,"height":448,"caption":"N\u00edvel da \u00e1gua baixa em Alc\u00e1cer do Sal mas precipita\u00e7\u00e3o preocupa autoridades"},{"@type":"BreadcrumbList","@id":"https:\/\/portaltela.pt\/noticias\/2026\/02\/07\/nivel-da-agua-baixa-em-alcacer-do-sal-preocupa-autoridades-com-precipitacao\/#breadcrumb","itemListElement":[{"@type":"ListItem","position":1,"name":"In\u00edcio","item":"https:\/\/portaltela.pt\/"},{"@type":"ListItem","position":2,"name":"N\u00edvel da \u00e1gua baixa em Alc\u00e1cer do Sal preocupa autoridades com precipita\u00e7\u00e3o"}]},{"@type":"WebSite","@id":"https:\/\/portaltela.pt\/#website","url":"https:\/\/portaltela.pt\/","name":"Portal Tela Portugal","description":"","potentialAction":[{"@type":"SearchAction","target":{"@type":"EntryPoint","urlTemplate":"https:\/\/portaltela.pt\/?s={search_term_string}"},"query-input":{"@type":"PropertyValueSpecification","valueRequired":true,"valueName":"search_term_string"}}],"inLanguage":"pt-PT"},{"@type":"Person","@id":"https:\/\/portaltela.pt\/#\/schema\/person\/c4278d4a6028830caff9ee44b42d32ed","name":"Telinha","image":{"@type":"ImageObject","inLanguage":"pt-PT","@id":"https:\/\/portaltela.pt\/s.01k8rhncp4jt1\/2025\/11\/talking-bot-125x125.png","url":"https:\/\/portaltela.pt\/s.01k8rhncp4jt1\/2025\/11\/talking-bot-125x125.png","contentUrl":"https:\/\/portaltela.pt\/s.01k8rhncp4jt1\/2025\/11\/talking-bot-125x125.png","caption":"Telinha"},"sameAs":["https:\/\/portaltela.pt\/"],"url":"https:\/\/portaltela.pt\/por\/367410592786\/"}]}},"_links":{"self":[{"href":"https:\/\/portaltela.pt\/api\/wp\/v2\/posts\/202842","targetHints":{"allow":["GET"]}}],"collection":[{"href":"https:\/\/portaltela.pt\/api\/wp\/v2\/posts"}],"about":[{"href":"https:\/\/portaltela.pt\/api\/wp\/v2\/types\/post"}],"author":[{"embeddable":true,"href":"https:\/\/portaltela.pt\/api\/wp\/v2\/users\/2"}],"replies":[{"embeddable":true,"href":"https:\/\/portaltela.pt\/api\/wp\/v2\/comments?post=202842"}],"version-history":[{"count":0,"href":"https:\/\/portaltela.pt\/api\/wp\/v2\/posts\/202842\/revisions"}],"wp:featuredmedia":[{"embeddable":true,"href":"https:\/\/portaltela.pt\/api\/wp\/v2\/media\/202847"}],"wp:attachment":[{"href":"https:\/\/portaltela.pt\/api\/wp\/v2\/media?parent=202842"}],"wp:term":[{"taxonomy":"category","embeddable":true,"href":"https:\/\/portaltela.pt\/api\/wp\/v2\/categories?post=202842"},{"taxonomy":"post_tag","embeddable":true,"href":"https:\/\/portaltela.pt\/api\/wp\/v2\/tags?post=202842"}],"curies":[{"name":"wp","href":"https:\/\/api.w.org\/{rel}","templated":true}]}}