{"id":202819,"date":"2026-02-07T08:40:11","date_gmt":"2026-02-07T11:40:11","guid":{"rendered":"https:\/\/portaltela.pt\/noticias\/2026\/02\/07\/zona-de-miragaia-nao-registou-inundacoes-na-ultima-noite\/"},"modified":"2026-02-07T08:40:11","modified_gmt":"2026-02-07T11:40:11","slug":"zona-de-miragaia-nao-registou-inundacoes-na-ultima-noite","status":"publish","type":"post","link":"https:\/\/portaltela.pt\/noticias\/2026\/02\/07\/zona-de-miragaia-nao-registou-inundacoes-na-ultima-noite\/","title":{"rendered":"Zona de Miragaia n\u00e3o registou inunda\u00e7\u00f5es na \u00faltima noite"},"content":{"rendered":"<p>A zona de Miragaia registou aus\u00eancia de inunda\u00e7\u00f5es na \u00faltima noite, ap\u00f3s dias de fortes precipita\u00e7\u00f5es. A localidade tem vindo a ser fustigada nos \u00faltimos dois dias, com o n\u00edvel da \u00e1gua a aproximar-se das fechaduras das habita\u00e7\u00f5es.<\/p>\n<p>O Parque Verde do Mondego ficou inundado devido \u00e0 satura\u00e7\u00e3o dos terrenos, complicando o escoamento de \u00e1gua na \u00e1rea. Em Lisboa, funcion\u00e1rios da C\u00e2mara trabalham no Rossio para ajudar no escoamento, citando a acumula\u00e7\u00e3o de lixo e caruma nas sarjetas.<\/p>\n<p>Em outras regi\u00f5es, o Guadiana desceu cerca de dois metros em Alcoutim, resultado da redu\u00e7\u00e3o das descargas nas barragens. Em Alc\u00e1cer do Sal, o n\u00edvel da \u00e1gua baixou, mas a precipita\u00e7\u00e3o prevista preocupa as autoridades. Em Const\u00e2ncia, Joaquim relata que as cheias impediram o acesso \u00e0 pr\u00f3pria casa.<\/p>\n","protected":false},"excerpt":{"rendered":"<ul>\n<li>Zona de Miragaia n\u00e3o registou inunda\u00e7\u00f5es na \u00faltima noite.<\/li>\n<li>Parque Verde do Mondego ficou inundado devido \u00e0 satura\u00e7\u00e3o dos terrenos.<\/li>\n<li>Funcion\u00e1rios da C\u00e2mara de Lisboa no Rossio para escoamento de \u00e1gua, referindo lixo e caruma a entupir a sarjeta.<\/li>\n<li>Rio Guadiana desceu dois metros em Alcoutim por redu\u00e7\u00e3o das descargas nas barragens.<\/li>\n<li>N\u00edvel da \u00e1gua diminuiu em Alc\u00e1cer do Sal, mas a precipita\u00e7\u00e3o continua a preocupar as autoridades.<\/li>\n<\/ul>\n","protected":false},"author":2,"featured_media":202820,"comment_status":"closed","ping_status":"closed","sticky":false,"template":"","format":"standard","meta":{"footnotes":""},"categories":[1],"tags":[3812,1998,3701,4021,2051,1014],"class_list":["post-202819","post","type-post","status-publish","format-standard","has-post-thumbnail","hentry","category-noticias","tag-alagamentos","tag-alcacer-do-sal","tag-cheias","tag-constancia","tag-inundacao","tag-portugal"],"yoast_head":"<!-- This site is optimized with the Yoast SEO plugin v27.2 - https:\/\/yoast.com\/product\/yoast-seo-wordpress\/ -->\n<title>Zona de Miragaia n\u00e3o registou inunda\u00e7\u00f5es na \u00faltima noite - Portal Tela Portugal<\/title>\n<meta name=\"robots\" content=\"index, follow, max-snippet:-1, max-image-preview:large, max-video-preview:-1\" \/>\n<meta property=\"og:locale\" content=\"pt_PT\" \/>\n<meta property=\"og:type\" content=\"article\" \/>\n<meta property=\"og:title\" content=\"Zona de Miragaia n\u00e3o registou inunda\u00e7\u00f5es na \u00faltima noite - Portal Tela Portugal\" \/>\n<meta property=\"og:description\" content=\"Zona de Miragaia n\u00e3o registou inunda\u00e7\u00f5es na \u00faltima noite. Parque Verde do Mondego ficou inundado devido \u00e0 satura\u00e7\u00e3o dos terrenos. Funcion\u00e1rios da C\u00e2mara de Lisboa no Rossio para escoamento de \u00e1gua, referindo lixo e caruma a entupir a sarjeta. Rio Guadiana desceu dois metros em Alcoutim por redu\u00e7\u00e3o das descargas nas barragens. N\u00edvel da \u00e1gua diminuiu em Alc\u00e1cer do Sal, mas a precipita\u00e7\u00e3o continua a preocupar as autoridades.\" \/>\n<meta property=\"og:url\" content=\"https:\/\/portaltela.pt\/noticias\/2026\/02\/07\/zona-de-miragaia-nao-registou-inundacoes-na-ultima-noite\/\" \/>\n<meta property=\"og:site_name\" content=\"Portal Tela Portugal\" \/>\n<meta property=\"article:published_time\" content=\"2026-02-07T11:40:11+00:00\" \/>\n<meta name=\"author\" content=\"Telinha\" \/>\n<meta name=\"twitter:card\" content=\"summary_large_image\" \/>\n<meta name=\"twitter:label1\" content=\"Escrito por\" \/>\n\t<meta name=\"twitter:data1\" content=\"Telinha\" \/>\n\t<meta name=\"twitter:label2\" content=\"Tempo estimado de leitura\" \/>\n\t<meta name=\"twitter:data2\" content=\"1 minuto\" \/>\n<script type=\"application\/ld+json\" class=\"yoast-schema-graph\">{\"@context\":\"https:\/\/schema.org\",\"@graph\":[{\"@type\":\"Article\",\"@id\":\"https:\/\/portaltela.pt\/noticias\/2026\/02\/07\/zona-de-miragaia-nao-registou-inundacoes-na-ultima-noite\/#article\",\"isPartOf\":{\"@id\":\"https:\/\/portaltela.pt\/noticias\/2026\/02\/07\/zona-de-miragaia-nao-registou-inundacoes-na-ultima-noite\/\"},\"author\":{\"name\":\"Telinha\",\"@id\":\"https:\/\/portaltela.pt\/#\/schema\/person\/c4278d4a6028830caff9ee44b42d32ed\"},\"headline\":\"Zona de Miragaia n\u00e3o registou inunda\u00e7\u00f5es na \u00faltima noite\",\"datePublished\":\"2026-02-07T11:40:11+00:00\",\"mainEntityOfPage\":{\"@id\":\"https:\/\/portaltela.pt\/noticias\/2026\/02\/07\/zona-de-miragaia-nao-registou-inundacoes-na-ultima-noite\/\"},\"wordCount\":152,\"image\":{\"@id\":\"https:\/\/portaltela.pt\/noticias\/2026\/02\/07\/zona-de-miragaia-nao-registou-inundacoes-na-ultima-noite\/#primaryimage\"},\"thumbnailUrl\":\"https:\/\/portaltela.pt\/s.01k8rhncp4jt1\/2026\/02\/img_1280x722uu2026-02-07-11-39-41-2265395.png\",\"keywords\":[\"alagamentos\",\"Alc\u00e1cer do Sal\",\"cheias\",\"Const\u00e2ncia\",\"inunda\u00e7\u00e3o\",\"Portugal\"],\"articleSection\":[\"Not\u00edcias\"],\"inLanguage\":\"pt-PT\"},{\"@type\":\"WebPage\",\"@id\":\"https:\/\/portaltela.pt\/noticias\/2026\/02\/07\/zona-de-miragaia-nao-registou-inundacoes-na-ultima-noite\/\",\"url\":\"https:\/\/portaltela.pt\/noticias\/2026\/02\/07\/zona-de-miragaia-nao-registou-inundacoes-na-ultima-noite\/\",\"name\":\"Zona de Miragaia n\u00e3o registou inunda\u00e7\u00f5es na \u00faltima noite - Portal Tela Portugal\",\"isPartOf\":{\"@id\":\"https:\/\/portaltela.pt\/#website\"},\"primaryImageOfPage\":{\"@id\":\"https:\/\/portaltela.pt\/noticias\/2026\/02\/07\/zona-de-miragaia-nao-registou-inundacoes-na-ultima-noite\/#primaryimage\"},\"image\":{\"@id\":\"https:\/\/portaltela.pt\/noticias\/2026\/02\/07\/zona-de-miragaia-nao-registou-inundacoes-na-ultima-noite\/#primaryimage\"},\"thumbnailUrl\":\"https:\/\/portaltela.pt\/s.01k8rhncp4jt1\/2026\/02\/img_1280x722uu2026-02-07-11-39-41-2265395.png\",\"datePublished\":\"2026-02-07T11:40:11+00:00\",\"author\":{\"@id\":\"https:\/\/portaltela.pt\/#\/schema\/person\/c4278d4a6028830caff9ee44b42d32ed\"},\"breadcrumb\":{\"@id\":\"https:\/\/portaltela.pt\/noticias\/2026\/02\/07\/zona-de-miragaia-nao-registou-inundacoes-na-ultima-noite\/#breadcrumb\"},\"inLanguage\":\"pt-PT\",\"potentialAction\":[{\"@type\":\"ReadAction\",\"target\":[\"https:\/\/portaltela.pt\/noticias\/2026\/02\/07\/zona-de-miragaia-nao-registou-inundacoes-na-ultima-noite\/\"]}]},{\"@type\":\"ImageObject\",\"inLanguage\":\"pt-PT\",\"@id\":\"https:\/\/portaltela.pt\/noticias\/2026\/02\/07\/zona-de-miragaia-nao-registou-inundacoes-na-ultima-noite\/#primaryimage\",\"url\":\"https:\/\/portaltela.pt\/s.01k8rhncp4jt1\/2026\/02\/img_1280x722uu2026-02-07-11-39-41-2265395.png\",\"contentUrl\":\"https:\/\/portaltela.pt\/s.01k8rhncp4jt1\/2026\/02\/img_1280x722uu2026-02-07-11-39-41-2265395.png\",\"width\":1280,\"height\":722,\"caption\":\"Photo\"},{\"@type\":\"BreadcrumbList\",\"@id\":\"https:\/\/portaltela.pt\/noticias\/2026\/02\/07\/zona-de-miragaia-nao-registou-inundacoes-na-ultima-noite\/#breadcrumb\",\"itemListElement\":[{\"@type\":\"ListItem\",\"position\":1,\"name\":\"In\u00edcio\",\"item\":\"https:\/\/portaltela.pt\/\"},{\"@type\":\"ListItem\",\"position\":2,\"name\":\"Zona de Miragaia n\u00e3o registou inunda\u00e7\u00f5es na \u00faltima noite\"}]},{\"@type\":\"WebSite\",\"@id\":\"https:\/\/portaltela.pt\/#website\",\"url\":\"https:\/\/portaltela.pt\/\",\"name\":\"Portal Tela Portugal\",\"description\":\"\",\"potentialAction\":[{\"@type\":\"SearchAction\",\"target\":{\"@type\":\"EntryPoint\",\"urlTemplate\":\"https:\/\/portaltela.pt\/?s={search_term_string}\"},\"query-input\":{\"@type\":\"PropertyValueSpecification\",\"valueRequired\":true,\"valueName\":\"search_term_string\"}}],\"inLanguage\":\"pt-PT\"},{\"@type\":\"Person\",\"@id\":\"https:\/\/portaltela.pt\/#\/schema\/person\/c4278d4a6028830caff9ee44b42d32ed\",\"name\":\"Telinha\",\"image\":{\"@type\":\"ImageObject\",\"inLanguage\":\"pt-PT\",\"@id\":\"https:\/\/portaltela.pt\/s.01k8rhncp4jt1\/2025\/11\/talking-bot-125x125.png\",\"url\":\"https:\/\/portaltela.pt\/s.01k8rhncp4jt1\/2025\/11\/talking-bot-125x125.png\",\"contentUrl\":\"https:\/\/portaltela.pt\/s.01k8rhncp4jt1\/2025\/11\/talking-bot-125x125.png\",\"caption\":\"Telinha\"},\"sameAs\":[\"https:\/\/portaltela.pt\/\"],\"url\":\"https:\/\/portaltela.pt\/por\/367410592786\/\"}]}<\/script>\n<!-- \/ Yoast SEO plugin. -->","yoast_head_json":{"title":"Zona de Miragaia n\u00e3o registou inunda\u00e7\u00f5es na \u00faltima noite - Portal Tela Portugal","robots":{"index":"index","follow":"follow","max-snippet":"max-snippet:-1","max-image-preview":"max-image-preview:large","max-video-preview":"max-video-preview:-1"},"og_locale":"pt_PT","og_type":"article","og_title":"Zona de Miragaia n\u00e3o registou inunda\u00e7\u00f5es na \u00faltima noite - Portal Tela Portugal","og_description":"Zona de Miragaia n\u00e3o registou inunda\u00e7\u00f5es na \u00faltima noite. Parque Verde do Mondego ficou inundado devido \u00e0 satura\u00e7\u00e3o dos terrenos. Funcion\u00e1rios da C\u00e2mara de Lisboa no Rossio para escoamento de \u00e1gua, referindo lixo e caruma a entupir a sarjeta. Rio Guadiana desceu dois metros em Alcoutim por redu\u00e7\u00e3o das descargas nas barragens. N\u00edvel da \u00e1gua diminuiu em Alc\u00e1cer do Sal, mas a precipita\u00e7\u00e3o continua a preocupar as autoridades.","og_url":"https:\/\/portaltela.pt\/noticias\/2026\/02\/07\/zona-de-miragaia-nao-registou-inundacoes-na-ultima-noite\/","og_site_name":"Portal Tela Portugal","article_published_time":"2026-02-07T11:40:11+00:00","author":"Telinha","twitter_card":"summary_large_image","twitter_misc":{"Escrito por":"Telinha","Tempo estimado de leitura":"1 minuto"},"schema":{"@context":"https:\/\/schema.org","@graph":[{"@type":"Article","@id":"https:\/\/portaltela.pt\/noticias\/2026\/02\/07\/zona-de-miragaia-nao-registou-inundacoes-na-ultima-noite\/#article","isPartOf":{"@id":"https:\/\/portaltela.pt\/noticias\/2026\/02\/07\/zona-de-miragaia-nao-registou-inundacoes-na-ultima-noite\/"},"author":{"name":"Telinha","@id":"https:\/\/portaltela.pt\/#\/schema\/person\/c4278d4a6028830caff9ee44b42d32ed"},"headline":"Zona de Miragaia n\u00e3o registou inunda\u00e7\u00f5es na \u00faltima noite","datePublished":"2026-02-07T11:40:11+00:00","mainEntityOfPage":{"@id":"https:\/\/portaltela.pt\/noticias\/2026\/02\/07\/zona-de-miragaia-nao-registou-inundacoes-na-ultima-noite\/"},"wordCount":152,"image":{"@id":"https:\/\/portaltela.pt\/noticias\/2026\/02\/07\/zona-de-miragaia-nao-registou-inundacoes-na-ultima-noite\/#primaryimage"},"thumbnailUrl":"https:\/\/portaltela.pt\/s.01k8rhncp4jt1\/2026\/02\/img_1280x722uu2026-02-07-11-39-41-2265395.png","keywords":["alagamentos","Alc\u00e1cer do Sal","cheias","Const\u00e2ncia","inunda\u00e7\u00e3o","Portugal"],"articleSection":["Not\u00edcias"],"inLanguage":"pt-PT"},{"@type":"WebPage","@id":"https:\/\/portaltela.pt\/noticias\/2026\/02\/07\/zona-de-miragaia-nao-registou-inundacoes-na-ultima-noite\/","url":"https:\/\/portaltela.pt\/noticias\/2026\/02\/07\/zona-de-miragaia-nao-registou-inundacoes-na-ultima-noite\/","name":"Zona de Miragaia n\u00e3o registou inunda\u00e7\u00f5es na \u00faltima noite - Portal Tela Portugal","isPartOf":{"@id":"https:\/\/portaltela.pt\/#website"},"primaryImageOfPage":{"@id":"https:\/\/portaltela.pt\/noticias\/2026\/02\/07\/zona-de-miragaia-nao-registou-inundacoes-na-ultima-noite\/#primaryimage"},"image":{"@id":"https:\/\/portaltela.pt\/noticias\/2026\/02\/07\/zona-de-miragaia-nao-registou-inundacoes-na-ultima-noite\/#primaryimage"},"thumbnailUrl":"https:\/\/portaltela.pt\/s.01k8rhncp4jt1\/2026\/02\/img_1280x722uu2026-02-07-11-39-41-2265395.png","datePublished":"2026-02-07T11:40:11+00:00","author":{"@id":"https:\/\/portaltela.pt\/#\/schema\/person\/c4278d4a6028830caff9ee44b42d32ed"},"breadcrumb":{"@id":"https:\/\/portaltela.pt\/noticias\/2026\/02\/07\/zona-de-miragaia-nao-registou-inundacoes-na-ultima-noite\/#breadcrumb"},"inLanguage":"pt-PT","potentialAction":[{"@type":"ReadAction","target":["https:\/\/portaltela.pt\/noticias\/2026\/02\/07\/zona-de-miragaia-nao-registou-inundacoes-na-ultima-noite\/"]}]},{"@type":"ImageObject","inLanguage":"pt-PT","@id":"https:\/\/portaltela.pt\/noticias\/2026\/02\/07\/zona-de-miragaia-nao-registou-inundacoes-na-ultima-noite\/#primaryimage","url":"https:\/\/portaltela.pt\/s.01k8rhncp4jt1\/2026\/02\/img_1280x722uu2026-02-07-11-39-41-2265395.png","contentUrl":"https:\/\/portaltela.pt\/s.01k8rhncp4jt1\/2026\/02\/img_1280x722uu2026-02-07-11-39-41-2265395.png","width":1280,"height":722,"caption":"Photo"},{"@type":"BreadcrumbList","@id":"https:\/\/portaltela.pt\/noticias\/2026\/02\/07\/zona-de-miragaia-nao-registou-inundacoes-na-ultima-noite\/#breadcrumb","itemListElement":[{"@type":"ListItem","position":1,"name":"In\u00edcio","item":"https:\/\/portaltela.pt\/"},{"@type":"ListItem","position":2,"name":"Zona de Miragaia n\u00e3o registou inunda\u00e7\u00f5es na \u00faltima noite"}]},{"@type":"WebSite","@id":"https:\/\/portaltela.pt\/#website","url":"https:\/\/portaltela.pt\/","name":"Portal Tela Portugal","description":"","potentialAction":[{"@type":"SearchAction","target":{"@type":"EntryPoint","urlTemplate":"https:\/\/portaltela.pt\/?s={search_term_string}"},"query-input":{"@type":"PropertyValueSpecification","valueRequired":true,"valueName":"search_term_string"}}],"inLanguage":"pt-PT"},{"@type":"Person","@id":"https:\/\/portaltela.pt\/#\/schema\/person\/c4278d4a6028830caff9ee44b42d32ed","name":"Telinha","image":{"@type":"ImageObject","inLanguage":"pt-PT","@id":"https:\/\/portaltela.pt\/s.01k8rhncp4jt1\/2025\/11\/talking-bot-125x125.png","url":"https:\/\/portaltela.pt\/s.01k8rhncp4jt1\/2025\/11\/talking-bot-125x125.png","contentUrl":"https:\/\/portaltela.pt\/s.01k8rhncp4jt1\/2025\/11\/talking-bot-125x125.png","caption":"Telinha"},"sameAs":["https:\/\/portaltela.pt\/"],"url":"https:\/\/portaltela.pt\/por\/367410592786\/"}]}},"_links":{"self":[{"href":"https:\/\/portaltela.pt\/api\/wp\/v2\/posts\/202819","targetHints":{"allow":["GET"]}}],"collection":[{"href":"https:\/\/portaltela.pt\/api\/wp\/v2\/posts"}],"about":[{"href":"https:\/\/portaltela.pt\/api\/wp\/v2\/types\/post"}],"author":[{"embeddable":true,"href":"https:\/\/portaltela.pt\/api\/wp\/v2\/users\/2"}],"replies":[{"embeddable":true,"href":"https:\/\/portaltela.pt\/api\/wp\/v2\/comments?post=202819"}],"version-history":[{"count":0,"href":"https:\/\/portaltela.pt\/api\/wp\/v2\/posts\/202819\/revisions"}],"wp:featuredmedia":[{"embeddable":true,"href":"https:\/\/portaltela.pt\/api\/wp\/v2\/media\/202820"}],"wp:attachment":[{"href":"https:\/\/portaltela.pt\/api\/wp\/v2\/media?parent=202819"}],"wp:term":[{"taxonomy":"category","embeddable":true,"href":"https:\/\/portaltela.pt\/api\/wp\/v2\/categories?post=202819"},{"taxonomy":"post_tag","embeddable":true,"href":"https:\/\/portaltela.pt\/api\/wp\/v2\/tags?post=202819"}],"curies":[{"name":"wp","href":"https:\/\/api.w.org\/{rel}","templated":true}]}}