{"id":202816,"date":"2026-02-07T08:43:12","date_gmt":"2026-02-07T11:43:12","guid":{"rendered":"https:\/\/portaltela.pt\/noticias\/2026\/02\/07\/quartel-de-pedrogao-grande-regista-prejuizo-de-720-mil-euros\/"},"modified":"2026-02-07T08:43:12","modified_gmt":"2026-02-07T11:43:12","slug":"quartel-de-pedrogao-grande-regista-prejuizo-de-720-mil-euros","status":"publish","type":"post","link":"https:\/\/portaltela.pt\/noticias\/2026\/02\/07\/quartel-de-pedrogao-grande-regista-prejuizo-de-720-mil-euros\/","title":{"rendered":"Quartel de Pedr\u00f3g\u00e3o Grande regista preju\u00edzo de 720 mil euros"},"content":{"rendered":"<p>O quartel dos Bombeiros Volunt\u00e1rios de Pedr\u00f3g\u00e3o Grande est\u00e1 inoperacional desde a passagem da depress\u00e3o Kristin. A estrutura sofreu preju\u00edzos estimados em cerca de 720 mil euros, e a associa\u00e7\u00e3o humanit\u00e1ria apela a donativos para a recupera\u00e7\u00e3o. Os bombeiros dormem em tendas cedidas pelo INEM, no quartel que permanece sem condi\u00e7\u00f5es de funcionamento. A \u00fanica sala que n\u00e3o chove \u00e9 usada pelo comando local da Prote\u00e7\u00e3o Civil.<\/p>\n<p>Segundo o presidente da associa\u00e7\u00e3o, a recupera\u00e7\u00e3o exige uma interven\u00e7\u00e3o estrutural profunda, incluindo paredes e telhado. A equipa teme a retoma de atividades com a aproxima\u00e7\u00e3o da \u00e9poca de inc\u00eandios, prevista para quatro a cinco meses.<\/p>\n<p>Numa comunica\u00e7\u00e3o enviada \u00e0 Lusa e partilhada nas redes sociais, a associa\u00e7\u00e3o descreve Kristin como uma ferida aberta na institui\u00e7\u00e3o, que se manteve de p\u00e9 em momentos de crise. O texto aponta que muitos espa\u00e7os ficaram inutiliz\u00e1veis e que as condi\u00e7\u00f5es de trabalho se deterioraram.<\/p>\n<p>A recupera\u00e7\u00e3o do espa\u00e7o \u00e9 estimada em mais de 500 mil euros, um montante considerado elevado mas irrelevante face aos riscos para quem atua na linha da frente. A associa\u00e7\u00e3o refor\u00e7a que o foco est\u00e1 nas vidas humanas, nos tempos de resposta e nos futuros a salvar.<\/p>\n<p>Cada donativo \u00e9 visto como um tijolo de esperan\u00e7a para reerguer o quartel. O objetivo \u00e9 assegurar que, no pr\u00f3ximo dia dif\u00edcil, os bombeiros estejam prontos, protegidos e operacionais.<\/p>\n<p>Contexto e impacto do temporal<\/p>\n<p>Pedr\u00f3g\u00e3o Grande voltou a lembrar os inc\u00eandios de 2017, com 66 v\u00edtimas mortais em Portugal e centenas de feridos. Os fogos destru\u00edram casas e empresas, e provocaram o desalojamento de fam\u00edlias. Al\u00e9m disso, 13 pessoas morreram recentemente em Portugal devido \u00e0s depress\u00f5es Kristin e Leonardo, que tamb\u00e9m causaram ferimentos e desalojos generalizados.<\/p>\n<p>As consequ\u00eancias materiais incluem a destrui\u00e7\u00e3o total ou parcial de habita\u00e7\u00f5es, empresas e equipamentos, al\u00e9m de estradas, escolas e servi\u00e7os de transporte, com interrup\u00e7\u00e3o de energia, \u00e1gua e comunica\u00e7\u00f5es. As regi\u00f5es Centro, de Lisboa e Vale do Tejo e o Alentejo foram as mais afetadas.<\/p>\n<p>Medidas de assist\u00eancia e calamidade<\/p>\n<p>O Governo prolongou o estado de calamidade at\u00e9 15 de fevereiro para 68 concelhos, com medidas de apoio at\u00e9 2,5 mil milh\u00f5es de euros. A calamidade em Portugal continental foi inicialmente decretada entre 28 de janeiro e 1 de fevereiro para cerca de 60 munic\u00edpios, foi estendida at\u00e9 8 de fevereiro a 68 concelhos e prorrogada novamente.<\/p>\n","protected":false},"excerpt":{"rendered":"<ul>\n<li>O quartel dos Bombeiros Volunt\u00e1rios de Pedr\u00f3g\u00e3o Grande est\u00e1 inoperacional desde a depress\u00e3o Kristin, com preju\u00edzos de cerca de 720 mil euros.<\/li>\n<li>Os bombeiros dormem em tendas cedidas pelo INEM, e apenas uma sala n\u00e3o chove, onde fica o comando local da Prote\u00e7\u00e3o Civil.<\/li>\n<li>A recupera\u00e7\u00e3o do quartel est\u00e1 estimada em mais de 500 mil euros, e a associa\u00e7\u00e3o pede ajuda monet\u00e1ria para reconstru\u00e7\u00e3o.<\/li>\n<li>As depress\u00f5es Kristin e Leonardo j\u00e1 causaram mortes e ferimentos no pa\u00eds, com redu\u00e7\u00e3o de danos, desalojados e estragos em v\u00e1rias regi\u00f5es.<\/li>\n<li>O Governo prorrogou a situa\u00e7\u00e3o de calamidade at\u00e9 ao dia 15 de fevereiro para 68 concelhos, com medidas de apoio at\u00e9 2,5 mil milh\u00f5es de euros.<\/li>\n<\/ul>\n","protected":false},"author":2,"featured_media":202818,"comment_status":"closed","ping_status":"closed","sticky":false,"template":"","format":"standard","meta":{"footnotes":""},"categories":[1],"tags":[971,4687,3004,1438,5441,4650],"class_list":["post-202816","post","type-post","status-publish","format-standard","has-post-thumbnail","hentry","category-noticias","tag-bombeiros","tag-calamidade-publica","tag-desalojados","tag-incendio","tag-pedrogao","tag-regiao-centro"],"yoast_head":"<!-- This site is optimized with the Yoast SEO plugin v27.2 - https:\/\/yoast.com\/product\/yoast-seo-wordpress\/ -->\n<title>Quartel de Pedr\u00f3g\u00e3o Grande regista preju\u00edzo de 720 mil euros - Portal Tela Portugal<\/title>\n<meta name=\"robots\" content=\"index, follow, max-snippet:-1, max-image-preview:large, max-video-preview:-1\" \/>\n<meta property=\"og:locale\" content=\"pt_PT\" \/>\n<meta property=\"og:type\" content=\"article\" \/>\n<meta property=\"og:title\" content=\"Quartel de Pedr\u00f3g\u00e3o Grande regista preju\u00edzo de 720 mil euros - Portal Tela Portugal\" \/>\n<meta property=\"og:description\" content=\"O quartel dos Bombeiros Volunt\u00e1rios de Pedr\u00f3g\u00e3o Grande est\u00e1 inoperacional desde a depress\u00e3o Kristin, com preju\u00edzos de cerca de 720 mil euros. Os bombeiros dormem em tendas cedidas pelo INEM, e apenas uma sala n\u00e3o chove, onde fica o comando local da Prote\u00e7\u00e3o Civil. A recupera\u00e7\u00e3o do quartel est\u00e1 estimada em mais de 500 mil euros, e a associa\u00e7\u00e3o pede ajuda monet\u00e1ria para reconstru\u00e7\u00e3o. As depress\u00f5es Kristin e Leonardo j\u00e1 causaram mortes e ferimentos no pa\u00eds, com redu\u00e7\u00e3o de danos, desalojados e estragos em v\u00e1rias regi\u00f5es. O Governo prorrogou a situa\u00e7\u00e3o de calamidade at\u00e9 ao dia 15 de fevereiro para 68 concelhos, com medidas de apoio at\u00e9 2,5 mil milh\u00f5es de euros.\" \/>\n<meta property=\"og:url\" content=\"https:\/\/portaltela.pt\/noticias\/2026\/02\/07\/quartel-de-pedrogao-grande-regista-prejuizo-de-720-mil-euros\/\" \/>\n<meta property=\"og:site_name\" content=\"Portal Tela Portugal\" \/>\n<meta property=\"article:published_time\" content=\"2026-02-07T11:43:12+00:00\" \/>\n<meta name=\"author\" content=\"Telinha\" \/>\n<meta name=\"twitter:card\" content=\"summary_large_image\" \/>\n<meta name=\"twitter:label1\" content=\"Escrito por\" \/>\n\t<meta name=\"twitter:data1\" content=\"Telinha\" \/>\n\t<meta name=\"twitter:label2\" content=\"Tempo estimado de leitura\" \/>\n\t<meta name=\"twitter:data2\" content=\"2 minutos\" \/>\n<script type=\"application\/ld+json\" class=\"yoast-schema-graph\">{\"@context\":\"https:\/\/schema.org\",\"@graph\":[{\"@type\":\"Article\",\"@id\":\"https:\/\/portaltela.pt\/noticias\/2026\/02\/07\/quartel-de-pedrogao-grande-regista-prejuizo-de-720-mil-euros\/#article\",\"isPartOf\":{\"@id\":\"https:\/\/portaltela.pt\/noticias\/2026\/02\/07\/quartel-de-pedrogao-grande-regista-prejuizo-de-720-mil-euros\/\"},\"author\":{\"name\":\"Telinha\",\"@id\":\"https:\/\/portaltela.pt\/#\/schema\/person\/c4278d4a6028830caff9ee44b42d32ed\"},\"headline\":\"Quartel de Pedr\u00f3g\u00e3o Grande regista preju\u00edzo de 720 mil euros\",\"datePublished\":\"2026-02-07T11:43:12+00:00\",\"mainEntityOfPage\":{\"@id\":\"https:\/\/portaltela.pt\/noticias\/2026\/02\/07\/quartel-de-pedrogao-grande-regista-prejuizo-de-720-mil-euros\/\"},\"wordCount\":431,\"image\":{\"@id\":\"https:\/\/portaltela.pt\/noticias\/2026\/02\/07\/quartel-de-pedrogao-grande-regista-prejuizo-de-720-mil-euros\/#primaryimage\"},\"thumbnailUrl\":\"https:\/\/portaltela.pt\/s.01k8rhncp4jt1\/2026\/02\/img_1500x1000uu2022-06-17-14-01-16-1160040.jpg\",\"keywords\":[\"bombeiros\",\"calamidade p\u00fablica\",\"desalojados\",\"inc\u00eandio\",\"Pedr\u00f3g\u00e3o\",\"Regi\u00e3o Centro\"],\"articleSection\":[\"Not\u00edcias\"],\"inLanguage\":\"pt-PT\"},{\"@type\":\"WebPage\",\"@id\":\"https:\/\/portaltela.pt\/noticias\/2026\/02\/07\/quartel-de-pedrogao-grande-regista-prejuizo-de-720-mil-euros\/\",\"url\":\"https:\/\/portaltela.pt\/noticias\/2026\/02\/07\/quartel-de-pedrogao-grande-regista-prejuizo-de-720-mil-euros\/\",\"name\":\"Quartel de Pedr\u00f3g\u00e3o Grande regista preju\u00edzo de 720 mil euros - Portal Tela Portugal\",\"isPartOf\":{\"@id\":\"https:\/\/portaltela.pt\/#website\"},\"primaryImageOfPage\":{\"@id\":\"https:\/\/portaltela.pt\/noticias\/2026\/02\/07\/quartel-de-pedrogao-grande-regista-prejuizo-de-720-mil-euros\/#primaryimage\"},\"image\":{\"@id\":\"https:\/\/portaltela.pt\/noticias\/2026\/02\/07\/quartel-de-pedrogao-grande-regista-prejuizo-de-720-mil-euros\/#primaryimage\"},\"thumbnailUrl\":\"https:\/\/portaltela.pt\/s.01k8rhncp4jt1\/2026\/02\/img_1500x1000uu2022-06-17-14-01-16-1160040.jpg\",\"datePublished\":\"2026-02-07T11:43:12+00:00\",\"author\":{\"@id\":\"https:\/\/portaltela.pt\/#\/schema\/person\/c4278d4a6028830caff9ee44b42d32ed\"},\"breadcrumb\":{\"@id\":\"https:\/\/portaltela.pt\/noticias\/2026\/02\/07\/quartel-de-pedrogao-grande-regista-prejuizo-de-720-mil-euros\/#breadcrumb\"},\"inLanguage\":\"pt-PT\",\"potentialAction\":[{\"@type\":\"ReadAction\",\"target\":[\"https:\/\/portaltela.pt\/noticias\/2026\/02\/07\/quartel-de-pedrogao-grande-regista-prejuizo-de-720-mil-euros\/\"]}]},{\"@type\":\"ImageObject\",\"inLanguage\":\"pt-PT\",\"@id\":\"https:\/\/portaltela.pt\/noticias\/2026\/02\/07\/quartel-de-pedrogao-grande-regista-prejuizo-de-720-mil-euros\/#primaryimage\",\"url\":\"https:\/\/portaltela.pt\/s.01k8rhncp4jt1\/2026\/02\/img_1500x1000uu2022-06-17-14-01-16-1160040.jpg\",\"contentUrl\":\"https:\/\/portaltela.pt\/s.01k8rhncp4jt1\/2026\/02\/img_1500x1000uu2022-06-17-14-01-16-1160040.jpg\",\"width\":796,\"height\":448,\"caption\":\"Bombeiros Pedr\u00f3g\u00e3o Grande\"},{\"@type\":\"BreadcrumbList\",\"@id\":\"https:\/\/portaltela.pt\/noticias\/2026\/02\/07\/quartel-de-pedrogao-grande-regista-prejuizo-de-720-mil-euros\/#breadcrumb\",\"itemListElement\":[{\"@type\":\"ListItem\",\"position\":1,\"name\":\"In\u00edcio\",\"item\":\"https:\/\/portaltela.pt\/\"},{\"@type\":\"ListItem\",\"position\":2,\"name\":\"Quartel de Pedr\u00f3g\u00e3o Grande regista preju\u00edzo de 720 mil euros\"}]},{\"@type\":\"WebSite\",\"@id\":\"https:\/\/portaltela.pt\/#website\",\"url\":\"https:\/\/portaltela.pt\/\",\"name\":\"Portal Tela Portugal\",\"description\":\"\",\"potentialAction\":[{\"@type\":\"SearchAction\",\"target\":{\"@type\":\"EntryPoint\",\"urlTemplate\":\"https:\/\/portaltela.pt\/?s={search_term_string}\"},\"query-input\":{\"@type\":\"PropertyValueSpecification\",\"valueRequired\":true,\"valueName\":\"search_term_string\"}}],\"inLanguage\":\"pt-PT\"},{\"@type\":\"Person\",\"@id\":\"https:\/\/portaltela.pt\/#\/schema\/person\/c4278d4a6028830caff9ee44b42d32ed\",\"name\":\"Telinha\",\"image\":{\"@type\":\"ImageObject\",\"inLanguage\":\"pt-PT\",\"@id\":\"https:\/\/portaltela.pt\/s.01k8rhncp4jt1\/2025\/11\/talking-bot-125x125.png\",\"url\":\"https:\/\/portaltela.pt\/s.01k8rhncp4jt1\/2025\/11\/talking-bot-125x125.png\",\"contentUrl\":\"https:\/\/portaltela.pt\/s.01k8rhncp4jt1\/2025\/11\/talking-bot-125x125.png\",\"caption\":\"Telinha\"},\"sameAs\":[\"https:\/\/portaltela.pt\/\"],\"url\":\"https:\/\/portaltela.pt\/por\/367410592786\/\"}]}<\/script>\n<!-- \/ Yoast SEO plugin. -->","yoast_head_json":{"title":"Quartel de Pedr\u00f3g\u00e3o Grande regista preju\u00edzo de 720 mil euros - Portal Tela Portugal","robots":{"index":"index","follow":"follow","max-snippet":"max-snippet:-1","max-image-preview":"max-image-preview:large","max-video-preview":"max-video-preview:-1"},"og_locale":"pt_PT","og_type":"article","og_title":"Quartel de Pedr\u00f3g\u00e3o Grande regista preju\u00edzo de 720 mil euros - Portal Tela Portugal","og_description":"O quartel dos Bombeiros Volunt\u00e1rios de Pedr\u00f3g\u00e3o Grande est\u00e1 inoperacional desde a depress\u00e3o Kristin, com preju\u00edzos de cerca de 720 mil euros. Os bombeiros dormem em tendas cedidas pelo INEM, e apenas uma sala n\u00e3o chove, onde fica o comando local da Prote\u00e7\u00e3o Civil. A recupera\u00e7\u00e3o do quartel est\u00e1 estimada em mais de 500 mil euros, e a associa\u00e7\u00e3o pede ajuda monet\u00e1ria para reconstru\u00e7\u00e3o. As depress\u00f5es Kristin e Leonardo j\u00e1 causaram mortes e ferimentos no pa\u00eds, com redu\u00e7\u00e3o de danos, desalojados e estragos em v\u00e1rias regi\u00f5es. O Governo prorrogou a situa\u00e7\u00e3o de calamidade at\u00e9 ao dia 15 de fevereiro para 68 concelhos, com medidas de apoio at\u00e9 2,5 mil milh\u00f5es de euros.","og_url":"https:\/\/portaltela.pt\/noticias\/2026\/02\/07\/quartel-de-pedrogao-grande-regista-prejuizo-de-720-mil-euros\/","og_site_name":"Portal Tela Portugal","article_published_time":"2026-02-07T11:43:12+00:00","author":"Telinha","twitter_card":"summary_large_image","twitter_misc":{"Escrito por":"Telinha","Tempo estimado de leitura":"2 minutos"},"schema":{"@context":"https:\/\/schema.org","@graph":[{"@type":"Article","@id":"https:\/\/portaltela.pt\/noticias\/2026\/02\/07\/quartel-de-pedrogao-grande-regista-prejuizo-de-720-mil-euros\/#article","isPartOf":{"@id":"https:\/\/portaltela.pt\/noticias\/2026\/02\/07\/quartel-de-pedrogao-grande-regista-prejuizo-de-720-mil-euros\/"},"author":{"name":"Telinha","@id":"https:\/\/portaltela.pt\/#\/schema\/person\/c4278d4a6028830caff9ee44b42d32ed"},"headline":"Quartel de Pedr\u00f3g\u00e3o Grande regista preju\u00edzo de 720 mil euros","datePublished":"2026-02-07T11:43:12+00:00","mainEntityOfPage":{"@id":"https:\/\/portaltela.pt\/noticias\/2026\/02\/07\/quartel-de-pedrogao-grande-regista-prejuizo-de-720-mil-euros\/"},"wordCount":431,"image":{"@id":"https:\/\/portaltela.pt\/noticias\/2026\/02\/07\/quartel-de-pedrogao-grande-regista-prejuizo-de-720-mil-euros\/#primaryimage"},"thumbnailUrl":"https:\/\/portaltela.pt\/s.01k8rhncp4jt1\/2026\/02\/img_1500x1000uu2022-06-17-14-01-16-1160040.jpg","keywords":["bombeiros","calamidade p\u00fablica","desalojados","inc\u00eandio","Pedr\u00f3g\u00e3o","Regi\u00e3o Centro"],"articleSection":["Not\u00edcias"],"inLanguage":"pt-PT"},{"@type":"WebPage","@id":"https:\/\/portaltela.pt\/noticias\/2026\/02\/07\/quartel-de-pedrogao-grande-regista-prejuizo-de-720-mil-euros\/","url":"https:\/\/portaltela.pt\/noticias\/2026\/02\/07\/quartel-de-pedrogao-grande-regista-prejuizo-de-720-mil-euros\/","name":"Quartel de Pedr\u00f3g\u00e3o Grande regista preju\u00edzo de 720 mil euros - Portal Tela Portugal","isPartOf":{"@id":"https:\/\/portaltela.pt\/#website"},"primaryImageOfPage":{"@id":"https:\/\/portaltela.pt\/noticias\/2026\/02\/07\/quartel-de-pedrogao-grande-regista-prejuizo-de-720-mil-euros\/#primaryimage"},"image":{"@id":"https:\/\/portaltela.pt\/noticias\/2026\/02\/07\/quartel-de-pedrogao-grande-regista-prejuizo-de-720-mil-euros\/#primaryimage"},"thumbnailUrl":"https:\/\/portaltela.pt\/s.01k8rhncp4jt1\/2026\/02\/img_1500x1000uu2022-06-17-14-01-16-1160040.jpg","datePublished":"2026-02-07T11:43:12+00:00","author":{"@id":"https:\/\/portaltela.pt\/#\/schema\/person\/c4278d4a6028830caff9ee44b42d32ed"},"breadcrumb":{"@id":"https:\/\/portaltela.pt\/noticias\/2026\/02\/07\/quartel-de-pedrogao-grande-regista-prejuizo-de-720-mil-euros\/#breadcrumb"},"inLanguage":"pt-PT","potentialAction":[{"@type":"ReadAction","target":["https:\/\/portaltela.pt\/noticias\/2026\/02\/07\/quartel-de-pedrogao-grande-regista-prejuizo-de-720-mil-euros\/"]}]},{"@type":"ImageObject","inLanguage":"pt-PT","@id":"https:\/\/portaltela.pt\/noticias\/2026\/02\/07\/quartel-de-pedrogao-grande-regista-prejuizo-de-720-mil-euros\/#primaryimage","url":"https:\/\/portaltela.pt\/s.01k8rhncp4jt1\/2026\/02\/img_1500x1000uu2022-06-17-14-01-16-1160040.jpg","contentUrl":"https:\/\/portaltela.pt\/s.01k8rhncp4jt1\/2026\/02\/img_1500x1000uu2022-06-17-14-01-16-1160040.jpg","width":796,"height":448,"caption":"Bombeiros Pedr\u00f3g\u00e3o Grande"},{"@type":"BreadcrumbList","@id":"https:\/\/portaltela.pt\/noticias\/2026\/02\/07\/quartel-de-pedrogao-grande-regista-prejuizo-de-720-mil-euros\/#breadcrumb","itemListElement":[{"@type":"ListItem","position":1,"name":"In\u00edcio","item":"https:\/\/portaltela.pt\/"},{"@type":"ListItem","position":2,"name":"Quartel de Pedr\u00f3g\u00e3o Grande regista preju\u00edzo de 720 mil euros"}]},{"@type":"WebSite","@id":"https:\/\/portaltela.pt\/#website","url":"https:\/\/portaltela.pt\/","name":"Portal Tela Portugal","description":"","potentialAction":[{"@type":"SearchAction","target":{"@type":"EntryPoint","urlTemplate":"https:\/\/portaltela.pt\/?s={search_term_string}"},"query-input":{"@type":"PropertyValueSpecification","valueRequired":true,"valueName":"search_term_string"}}],"inLanguage":"pt-PT"},{"@type":"Person","@id":"https:\/\/portaltela.pt\/#\/schema\/person\/c4278d4a6028830caff9ee44b42d32ed","name":"Telinha","image":{"@type":"ImageObject","inLanguage":"pt-PT","@id":"https:\/\/portaltela.pt\/s.01k8rhncp4jt1\/2025\/11\/talking-bot-125x125.png","url":"https:\/\/portaltela.pt\/s.01k8rhncp4jt1\/2025\/11\/talking-bot-125x125.png","contentUrl":"https:\/\/portaltela.pt\/s.01k8rhncp4jt1\/2025\/11\/talking-bot-125x125.png","caption":"Telinha"},"sameAs":["https:\/\/portaltela.pt\/"],"url":"https:\/\/portaltela.pt\/por\/367410592786\/"}]}},"_links":{"self":[{"href":"https:\/\/portaltela.pt\/api\/wp\/v2\/posts\/202816","targetHints":{"allow":["GET"]}}],"collection":[{"href":"https:\/\/portaltela.pt\/api\/wp\/v2\/posts"}],"about":[{"href":"https:\/\/portaltela.pt\/api\/wp\/v2\/types\/post"}],"author":[{"embeddable":true,"href":"https:\/\/portaltela.pt\/api\/wp\/v2\/users\/2"}],"replies":[{"embeddable":true,"href":"https:\/\/portaltela.pt\/api\/wp\/v2\/comments?post=202816"}],"version-history":[{"count":0,"href":"https:\/\/portaltela.pt\/api\/wp\/v2\/posts\/202816\/revisions"}],"wp:featuredmedia":[{"embeddable":true,"href":"https:\/\/portaltela.pt\/api\/wp\/v2\/media\/202818"}],"wp:attachment":[{"href":"https:\/\/portaltela.pt\/api\/wp\/v2\/media?parent=202816"}],"wp:term":[{"taxonomy":"category","embeddable":true,"href":"https:\/\/portaltela.pt\/api\/wp\/v2\/categories?post=202816"},{"taxonomy":"post_tag","embeddable":true,"href":"https:\/\/portaltela.pt\/api\/wp\/v2\/tags?post=202816"}],"curies":[{"name":"wp","href":"https:\/\/api.w.org\/{rel}","templated":true}]}}