{"id":202806,"date":"2026-02-07T08:37:00","date_gmt":"2026-02-07T11:37:00","guid":{"rendered":"https:\/\/portaltela.pt\/noticias\/2026\/02\/07\/tres-criancas-raptadas-por-terroristas-em-mocimboa-da-praia\/"},"modified":"2026-02-07T08:37:00","modified_gmt":"2026-02-07T11:37:00","slug":"tres-criancas-raptadas-por-terroristas-em-mocimboa-da-praia","status":"publish","type":"post","link":"https:\/\/portaltela.pt\/noticias\/2026\/02\/07\/tres-criancas-raptadas-por-terroristas-em-mocimboa-da-praia\/","title":{"rendered":"Tr\u00eas crian\u00e7as raptadas por terroristas em Moc\u00edmboa da Praia"},"content":{"rendered":"<p>Tr\u00eas crian\u00e7as foram raptadas por grupos terroristas em Moc\u00edmboa da Praia, Mo\u00e7ambique, numa opera\u00e7\u00e3o cuja extens\u00e3o e respons\u00e1veis ainda n\u00e3o foram detalhados publicamente. A ocorr\u00eancia envolve o contexto de viol\u00eancia na regi\u00e3o, sem informa\u00e7\u00f5es oficiais sobre o momento exato.<\/p>\n<p>O conte\u00fado completo da reportagem est\u00e1 dispon\u00edvel apenas para subscritores, n\u00e3o tendo sido divulgados novos dados pela nossa equipa de reda\u00e7\u00e3o. A veracidade das informa\u00e7\u00f5es est\u00e1 a ser verificada pelas fontes oficiais.<\/p>\n<h3>Situa\u00e7\u00e3o atual<\/h3>\n<p>Sem dados oficiais adicionais, n\u00e3o \u00e9 poss\u00edvel confirmar se houve feridos, nem as circunst\u00e2ncias do rapto. O sil\u00eancio das autoridades mant\u00e9m o assunto em aberto at\u00e9 nova comunica\u00e7\u00e3o.<\/p>\n<p>As autoridades n\u00e3o revelaram identidades ou motiva\u00e7\u00f5es associadas ao incidente, e n\u00e3o houve confirma\u00e7\u00e3o de potenciais desdobramentos imediatos. A cobertura seguir\u00e1 assim que houver informa\u00e7\u00f5es verific\u00e1veis.<\/p>\n","protected":false},"excerpt":{"rendered":"<ul>\n<li>Tr\u00eas crian\u00e7as foram raptadas por terroristas em Moc\u00edmboa da Praia, no norte de Mo\u00e7ambique.<\/li>\n<li>O epis\u00f3dio ocorre numa regi\u00e3o afetada por viol\u00eancia e conflitos de longa dura\u00e7\u00e3o.<\/li>\n<li>O conte\u00fado completo da not\u00edcia est\u00e1 dispon\u00edvel apenas para subscritores.<\/li>\n<li>N\u00e3o foram divulgadas informa\u00e7\u00f5es adicionais sobre as circunst\u00e2ncias do rapto ou o estado das v\u00edtimas.<\/li>\n<\/ul>\n","protected":false},"author":2,"featured_media":202808,"comment_status":"closed","ping_status":"closed","sticky":false,"template":"","format":"standard","meta":{"footnotes":""},"categories":[1],"tags":[1911,4332,250,1170,4989,939],"class_list":["post-202806","post","type-post","status-publish","format-standard","has-post-thumbnail","hentry","category-noticias","tag-mocambique","tag-rapto-agravado","tag-seguranca-publica","tag-sequestro","tag-terrorismo","tag-violencia"],"yoast_head":"<!-- This site is optimized with the Yoast SEO plugin v27.2 - https:\/\/yoast.com\/product\/yoast-seo-wordpress\/ -->\n<title>Tr\u00eas crian\u00e7as raptadas por terroristas em Moc\u00edmboa da Praia - Portal Tela Portugal<\/title>\n<meta name=\"robots\" content=\"index, follow, max-snippet:-1, max-image-preview:large, max-video-preview:-1\" \/>\n<meta property=\"og:locale\" content=\"pt_PT\" \/>\n<meta property=\"og:type\" content=\"article\" \/>\n<meta property=\"og:title\" content=\"Tr\u00eas crian\u00e7as raptadas por terroristas em Moc\u00edmboa da Praia - Portal Tela Portugal\" \/>\n<meta property=\"og:description\" content=\"Tr\u00eas crian\u00e7as foram raptadas por terroristas em Moc\u00edmboa da Praia, no norte de Mo\u00e7ambique. O epis\u00f3dio ocorre numa regi\u00e3o afetada por viol\u00eancia e conflitos de longa dura\u00e7\u00e3o. O conte\u00fado completo da not\u00edcia est\u00e1 dispon\u00edvel apenas para subscritores. N\u00e3o foram divulgadas informa\u00e7\u00f5es adicionais sobre as circunst\u00e2ncias do rapto ou o estado das v\u00edtimas.\" \/>\n<meta property=\"og:url\" content=\"https:\/\/portaltela.pt\/noticias\/2026\/02\/07\/tres-criancas-raptadas-por-terroristas-em-mocimboa-da-praia\/\" \/>\n<meta property=\"og:site_name\" content=\"Portal Tela Portugal\" \/>\n<meta property=\"article:published_time\" content=\"2026-02-07T11:37:00+00:00\" \/>\n<meta name=\"author\" content=\"Telinha\" \/>\n<meta name=\"twitter:card\" content=\"summary_large_image\" \/>\n<meta name=\"twitter:label1\" content=\"Escrito por\" \/>\n\t<meta name=\"twitter:data1\" content=\"Telinha\" \/>\n\t<meta name=\"twitter:label2\" content=\"Tempo estimado de leitura\" \/>\n\t<meta name=\"twitter:data2\" content=\"1 minuto\" \/>\n<script type=\"application\/ld+json\" class=\"yoast-schema-graph\">{\"@context\":\"https:\/\/schema.org\",\"@graph\":[{\"@type\":\"Article\",\"@id\":\"https:\/\/portaltela.pt\/noticias\/2026\/02\/07\/tres-criancas-raptadas-por-terroristas-em-mocimboa-da-praia\/#article\",\"isPartOf\":{\"@id\":\"https:\/\/portaltela.pt\/noticias\/2026\/02\/07\/tres-criancas-raptadas-por-terroristas-em-mocimboa-da-praia\/\"},\"author\":{\"name\":\"Telinha\",\"@id\":\"https:\/\/portaltela.pt\/#\/schema\/person\/c4278d4a6028830caff9ee44b42d32ed\"},\"headline\":\"Tr\u00eas crian\u00e7as raptadas por terroristas em Moc\u00edmboa da Praia\",\"datePublished\":\"2026-02-07T11:37:00+00:00\",\"mainEntityOfPage\":{\"@id\":\"https:\/\/portaltela.pt\/noticias\/2026\/02\/07\/tres-criancas-raptadas-por-terroristas-em-mocimboa-da-praia\/\"},\"wordCount\":168,\"image\":{\"@id\":\"https:\/\/portaltela.pt\/noticias\/2026\/02\/07\/tres-criancas-raptadas-por-terroristas-em-mocimboa-da-praia\/#primaryimage\"},\"thumbnailUrl\":\"https:\/\/portaltela.pt\/s.01k8rhncp4jt1\/2026\/02\/CACHE_780X1200_ANALOG_WATERMARKED_41095954_2532487_26062023054201.jpg\",\"keywords\":[\"Mo\u00e7ambique\",\"rapto agravado\",\"seguran\u00e7a p\u00fablica\",\"sequestro\",\"terrorismo\",\"viol\u00eancia\"],\"articleSection\":[\"Not\u00edcias\"],\"inLanguage\":\"pt-PT\"},{\"@type\":\"WebPage\",\"@id\":\"https:\/\/portaltela.pt\/noticias\/2026\/02\/07\/tres-criancas-raptadas-por-terroristas-em-mocimboa-da-praia\/\",\"url\":\"https:\/\/portaltela.pt\/noticias\/2026\/02\/07\/tres-criancas-raptadas-por-terroristas-em-mocimboa-da-praia\/\",\"name\":\"Tr\u00eas crian\u00e7as raptadas por terroristas em Moc\u00edmboa da Praia - Portal Tela Portugal\",\"isPartOf\":{\"@id\":\"https:\/\/portaltela.pt\/#website\"},\"primaryImageOfPage\":{\"@id\":\"https:\/\/portaltela.pt\/noticias\/2026\/02\/07\/tres-criancas-raptadas-por-terroristas-em-mocimboa-da-praia\/#primaryimage\"},\"image\":{\"@id\":\"https:\/\/portaltela.pt\/noticias\/2026\/02\/07\/tres-criancas-raptadas-por-terroristas-em-mocimboa-da-praia\/#primaryimage\"},\"thumbnailUrl\":\"https:\/\/portaltela.pt\/s.01k8rhncp4jt1\/2026\/02\/CACHE_780X1200_ANALOG_WATERMARKED_41095954_2532487_26062023054201.jpg\",\"datePublished\":\"2026-02-07T11:37:00+00:00\",\"author\":{\"@id\":\"https:\/\/portaltela.pt\/#\/schema\/person\/c4278d4a6028830caff9ee44b42d32ed\"},\"breadcrumb\":{\"@id\":\"https:\/\/portaltela.pt\/noticias\/2026\/02\/07\/tres-criancas-raptadas-por-terroristas-em-mocimboa-da-praia\/#breadcrumb\"},\"inLanguage\":\"pt-PT\",\"potentialAction\":[{\"@type\":\"ReadAction\",\"target\":[\"https:\/\/portaltela.pt\/noticias\/2026\/02\/07\/tres-criancas-raptadas-por-terroristas-em-mocimboa-da-praia\/\"]}]},{\"@type\":\"ImageObject\",\"inLanguage\":\"pt-PT\",\"@id\":\"https:\/\/portaltela.pt\/noticias\/2026\/02\/07\/tres-criancas-raptadas-por-terroristas-em-mocimboa-da-praia\/#primaryimage\",\"url\":\"https:\/\/portaltela.pt\/s.01k8rhncp4jt1\/2026\/02\/CACHE_780X1200_ANALOG_WATERMARKED_41095954_2532487_26062023054201.jpg\",\"contentUrl\":\"https:\/\/portaltela.pt\/s.01k8rhncp4jt1\/2026\/02\/CACHE_780X1200_ANALOG_WATERMARKED_41095954_2532487_26062023054201.jpg\",\"width\":796,\"height\":448,\"caption\":\"Photo\"},{\"@type\":\"BreadcrumbList\",\"@id\":\"https:\/\/portaltela.pt\/noticias\/2026\/02\/07\/tres-criancas-raptadas-por-terroristas-em-mocimboa-da-praia\/#breadcrumb\",\"itemListElement\":[{\"@type\":\"ListItem\",\"position\":1,\"name\":\"In\u00edcio\",\"item\":\"https:\/\/portaltela.pt\/\"},{\"@type\":\"ListItem\",\"position\":2,\"name\":\"Tr\u00eas crian\u00e7as raptadas por terroristas em Moc\u00edmboa da Praia\"}]},{\"@type\":\"WebSite\",\"@id\":\"https:\/\/portaltela.pt\/#website\",\"url\":\"https:\/\/portaltela.pt\/\",\"name\":\"Portal Tela Portugal\",\"description\":\"\",\"potentialAction\":[{\"@type\":\"SearchAction\",\"target\":{\"@type\":\"EntryPoint\",\"urlTemplate\":\"https:\/\/portaltela.pt\/?s={search_term_string}\"},\"query-input\":{\"@type\":\"PropertyValueSpecification\",\"valueRequired\":true,\"valueName\":\"search_term_string\"}}],\"inLanguage\":\"pt-PT\"},{\"@type\":\"Person\",\"@id\":\"https:\/\/portaltela.pt\/#\/schema\/person\/c4278d4a6028830caff9ee44b42d32ed\",\"name\":\"Telinha\",\"image\":{\"@type\":\"ImageObject\",\"inLanguage\":\"pt-PT\",\"@id\":\"https:\/\/portaltela.pt\/s.01k8rhncp4jt1\/2025\/11\/talking-bot-125x125.png\",\"url\":\"https:\/\/portaltela.pt\/s.01k8rhncp4jt1\/2025\/11\/talking-bot-125x125.png\",\"contentUrl\":\"https:\/\/portaltela.pt\/s.01k8rhncp4jt1\/2025\/11\/talking-bot-125x125.png\",\"caption\":\"Telinha\"},\"sameAs\":[\"https:\/\/portaltela.pt\/\"],\"url\":\"https:\/\/portaltela.pt\/por\/367410592786\/\"}]}<\/script>\n<!-- \/ Yoast SEO plugin. -->","yoast_head_json":{"title":"Tr\u00eas crian\u00e7as raptadas por terroristas em Moc\u00edmboa da Praia - Portal Tela Portugal","robots":{"index":"index","follow":"follow","max-snippet":"max-snippet:-1","max-image-preview":"max-image-preview:large","max-video-preview":"max-video-preview:-1"},"og_locale":"pt_PT","og_type":"article","og_title":"Tr\u00eas crian\u00e7as raptadas por terroristas em Moc\u00edmboa da Praia - Portal Tela Portugal","og_description":"Tr\u00eas crian\u00e7as foram raptadas por terroristas em Moc\u00edmboa da Praia, no norte de Mo\u00e7ambique. O epis\u00f3dio ocorre numa regi\u00e3o afetada por viol\u00eancia e conflitos de longa dura\u00e7\u00e3o. O conte\u00fado completo da not\u00edcia est\u00e1 dispon\u00edvel apenas para subscritores. N\u00e3o foram divulgadas informa\u00e7\u00f5es adicionais sobre as circunst\u00e2ncias do rapto ou o estado das v\u00edtimas.","og_url":"https:\/\/portaltela.pt\/noticias\/2026\/02\/07\/tres-criancas-raptadas-por-terroristas-em-mocimboa-da-praia\/","og_site_name":"Portal Tela Portugal","article_published_time":"2026-02-07T11:37:00+00:00","author":"Telinha","twitter_card":"summary_large_image","twitter_misc":{"Escrito por":"Telinha","Tempo estimado de leitura":"1 minuto"},"schema":{"@context":"https:\/\/schema.org","@graph":[{"@type":"Article","@id":"https:\/\/portaltela.pt\/noticias\/2026\/02\/07\/tres-criancas-raptadas-por-terroristas-em-mocimboa-da-praia\/#article","isPartOf":{"@id":"https:\/\/portaltela.pt\/noticias\/2026\/02\/07\/tres-criancas-raptadas-por-terroristas-em-mocimboa-da-praia\/"},"author":{"name":"Telinha","@id":"https:\/\/portaltela.pt\/#\/schema\/person\/c4278d4a6028830caff9ee44b42d32ed"},"headline":"Tr\u00eas crian\u00e7as raptadas por terroristas em Moc\u00edmboa da Praia","datePublished":"2026-02-07T11:37:00+00:00","mainEntityOfPage":{"@id":"https:\/\/portaltela.pt\/noticias\/2026\/02\/07\/tres-criancas-raptadas-por-terroristas-em-mocimboa-da-praia\/"},"wordCount":168,"image":{"@id":"https:\/\/portaltela.pt\/noticias\/2026\/02\/07\/tres-criancas-raptadas-por-terroristas-em-mocimboa-da-praia\/#primaryimage"},"thumbnailUrl":"https:\/\/portaltela.pt\/s.01k8rhncp4jt1\/2026\/02\/CACHE_780X1200_ANALOG_WATERMARKED_41095954_2532487_26062023054201.jpg","keywords":["Mo\u00e7ambique","rapto agravado","seguran\u00e7a p\u00fablica","sequestro","terrorismo","viol\u00eancia"],"articleSection":["Not\u00edcias"],"inLanguage":"pt-PT"},{"@type":"WebPage","@id":"https:\/\/portaltela.pt\/noticias\/2026\/02\/07\/tres-criancas-raptadas-por-terroristas-em-mocimboa-da-praia\/","url":"https:\/\/portaltela.pt\/noticias\/2026\/02\/07\/tres-criancas-raptadas-por-terroristas-em-mocimboa-da-praia\/","name":"Tr\u00eas crian\u00e7as raptadas por terroristas em Moc\u00edmboa da Praia - Portal Tela Portugal","isPartOf":{"@id":"https:\/\/portaltela.pt\/#website"},"primaryImageOfPage":{"@id":"https:\/\/portaltela.pt\/noticias\/2026\/02\/07\/tres-criancas-raptadas-por-terroristas-em-mocimboa-da-praia\/#primaryimage"},"image":{"@id":"https:\/\/portaltela.pt\/noticias\/2026\/02\/07\/tres-criancas-raptadas-por-terroristas-em-mocimboa-da-praia\/#primaryimage"},"thumbnailUrl":"https:\/\/portaltela.pt\/s.01k8rhncp4jt1\/2026\/02\/CACHE_780X1200_ANALOG_WATERMARKED_41095954_2532487_26062023054201.jpg","datePublished":"2026-02-07T11:37:00+00:00","author":{"@id":"https:\/\/portaltela.pt\/#\/schema\/person\/c4278d4a6028830caff9ee44b42d32ed"},"breadcrumb":{"@id":"https:\/\/portaltela.pt\/noticias\/2026\/02\/07\/tres-criancas-raptadas-por-terroristas-em-mocimboa-da-praia\/#breadcrumb"},"inLanguage":"pt-PT","potentialAction":[{"@type":"ReadAction","target":["https:\/\/portaltela.pt\/noticias\/2026\/02\/07\/tres-criancas-raptadas-por-terroristas-em-mocimboa-da-praia\/"]}]},{"@type":"ImageObject","inLanguage":"pt-PT","@id":"https:\/\/portaltela.pt\/noticias\/2026\/02\/07\/tres-criancas-raptadas-por-terroristas-em-mocimboa-da-praia\/#primaryimage","url":"https:\/\/portaltela.pt\/s.01k8rhncp4jt1\/2026\/02\/CACHE_780X1200_ANALOG_WATERMARKED_41095954_2532487_26062023054201.jpg","contentUrl":"https:\/\/portaltela.pt\/s.01k8rhncp4jt1\/2026\/02\/CACHE_780X1200_ANALOG_WATERMARKED_41095954_2532487_26062023054201.jpg","width":796,"height":448,"caption":"Photo"},{"@type":"BreadcrumbList","@id":"https:\/\/portaltela.pt\/noticias\/2026\/02\/07\/tres-criancas-raptadas-por-terroristas-em-mocimboa-da-praia\/#breadcrumb","itemListElement":[{"@type":"ListItem","position":1,"name":"In\u00edcio","item":"https:\/\/portaltela.pt\/"},{"@type":"ListItem","position":2,"name":"Tr\u00eas crian\u00e7as raptadas por terroristas em Moc\u00edmboa da Praia"}]},{"@type":"WebSite","@id":"https:\/\/portaltela.pt\/#website","url":"https:\/\/portaltela.pt\/","name":"Portal Tela Portugal","description":"","potentialAction":[{"@type":"SearchAction","target":{"@type":"EntryPoint","urlTemplate":"https:\/\/portaltela.pt\/?s={search_term_string}"},"query-input":{"@type":"PropertyValueSpecification","valueRequired":true,"valueName":"search_term_string"}}],"inLanguage":"pt-PT"},{"@type":"Person","@id":"https:\/\/portaltela.pt\/#\/schema\/person\/c4278d4a6028830caff9ee44b42d32ed","name":"Telinha","image":{"@type":"ImageObject","inLanguage":"pt-PT","@id":"https:\/\/portaltela.pt\/s.01k8rhncp4jt1\/2025\/11\/talking-bot-125x125.png","url":"https:\/\/portaltela.pt\/s.01k8rhncp4jt1\/2025\/11\/talking-bot-125x125.png","contentUrl":"https:\/\/portaltela.pt\/s.01k8rhncp4jt1\/2025\/11\/talking-bot-125x125.png","caption":"Telinha"},"sameAs":["https:\/\/portaltela.pt\/"],"url":"https:\/\/portaltela.pt\/por\/367410592786\/"}]}},"_links":{"self":[{"href":"https:\/\/portaltela.pt\/api\/wp\/v2\/posts\/202806","targetHints":{"allow":["GET"]}}],"collection":[{"href":"https:\/\/portaltela.pt\/api\/wp\/v2\/posts"}],"about":[{"href":"https:\/\/portaltela.pt\/api\/wp\/v2\/types\/post"}],"author":[{"embeddable":true,"href":"https:\/\/portaltela.pt\/api\/wp\/v2\/users\/2"}],"replies":[{"embeddable":true,"href":"https:\/\/portaltela.pt\/api\/wp\/v2\/comments?post=202806"}],"version-history":[{"count":0,"href":"https:\/\/portaltela.pt\/api\/wp\/v2\/posts\/202806\/revisions"}],"wp:featuredmedia":[{"embeddable":true,"href":"https:\/\/portaltela.pt\/api\/wp\/v2\/media\/202808"}],"wp:attachment":[{"href":"https:\/\/portaltela.pt\/api\/wp\/v2\/media?parent=202806"}],"wp:term":[{"taxonomy":"category","embeddable":true,"href":"https:\/\/portaltela.pt\/api\/wp\/v2\/categories?post=202806"},{"taxonomy":"post_tag","embeddable":true,"href":"https:\/\/portaltela.pt\/api\/wp\/v2\/tags?post=202806"}],"curies":[{"name":"wp","href":"https:\/\/api.w.org\/{rel}","templated":true}]}}