{"id":202743,"date":"2026-02-07T07:17:08","date_gmt":"2026-02-07T10:17:08","guid":{"rendered":"https:\/\/portaltela.pt\/noticias\/2026\/02\/07\/capitania-do-funchal-mantem-avisos-de-vento-e-agitacao-maritima-na-madeira\/"},"modified":"2026-02-07T07:17:08","modified_gmt":"2026-02-07T10:17:08","slug":"capitania-do-funchal-mantem-avisos-de-vento-e-agitacao-maritima-na-madeira","status":"publish","type":"post","link":"https:\/\/portaltela.pt\/noticias\/2026\/02\/07\/capitania-do-funchal-mantem-avisos-de-vento-e-agitacao-maritima-na-madeira\/","title":{"rendered":"Capitania do Funchal mant\u00e9m avisos de vento e agita\u00e7\u00e3o mar\u00edtima na Madeira"},"content":{"rendered":"<p>A Capitania do Porto do Funchal actualizou os avisos de vento e agita\u00e7\u00e3o mar\u00edtima para a Madeira, prolongando-os at\u00e9 \u00e0s 06h00 de domingo. A atualiza\u00e7\u00e3o baseia-se nas previs\u00f5es do IPMA, que apontam para vento muito fresco a forte.<\/p>\n<p>O vento dever\u00e1 abrandar gradualmente para moderado a fresco a partir do meio da tarde. Na costa norte, prev\u00eaem-se vagas de 4 a 5 metros, diminuindo para 3 a 4 metros \u00e0 noite. Na costa sul, as ondas podem chegar aos 4 metros, especialmente na zona oeste da ilha.<\/p>\n<p>A visibilidade no mar oscila entre boa e moderada. A Capitania alerta a comunidade mar\u00edtima e a popula\u00e7\u00e3o para precau\u00e7\u00f5es na prepara\u00e7\u00e3o, no acesso ao mar e em zonas costeiras. O mau tempo motivou cancelamentos de viagens entre Madeira e Porto Santo.<\/p>\n<h3>Substitui\u00e7\u00e3o de rota e avisos adicionais<\/h3>\n<p>A costa norte da Madeira e a ilha do Porto Santo continuam sob aviso amarelo para agita\u00e7\u00e3o mar\u00edtima forte at\u00e9 \u00e0s 00:00 de domingo. A costa sul da Madeira n\u00e3o registra avisos de mau tempo.<\/p>\n","protected":false},"excerpt":{"rendered":"<ul>\n<li>A Capitania do Porto do Funchal prolongou os avisos de vento e agita\u00e7\u00e3o mar\u00edtima fortes at\u00e9 \u00e0s 06h de domingo para a Madeira.<\/li>\n<li>O IPMA prev\u00ea vento muito fresco a forte (40 a 61 km\/h), tornando-se gradualmente moderado a fresco (20 a 39 km\/h) a partir do meio da tarde.<\/li>\n<li>Na costa norte, as vagas podem chegar a quatro a cinco metros, reduzindo para tr\u00eas a quatro metros \u00e0 noite; na costa sul, as ondas at\u00e9 quatro metros, especialmente na zona oeste.<\/li>\n<li>A visibilidade no mar \u00e9 boa a moderada.<\/li>\n<li>O mau tempo motivou o cancelamento das viagens do navio Lobo Marinho entre a Madeira e o Porto Santo, previstas para sexta-feira e s\u00e1bado; costa norte da Madeira e Porto Santo est\u00e1 sob aviso amarelo at\u00e9 \u00e0s 00:00 de domingo.<\/li>\n<\/ul>\n","protected":false},"author":2,"featured_media":202745,"comment_status":"closed","ping_status":"closed","sticky":false,"template":"","format":"standard","meta":{"footnotes":""},"categories":[1],"tags":[183,3658,5159,859,976,4782],"class_list":["post-202743","post","type-post","status-publish","format-standard","has-post-thumbnail","hentry","category-noticias","tag-agitacao-maritima","tag-aviso-amarelo","tag-aviso-de-mau-tempo","tag-madeira","tag-porto-santo","tag-vento"],"yoast_head":"<!-- This site is optimized with the Yoast SEO plugin v27.2 - https:\/\/yoast.com\/product\/yoast-seo-wordpress\/ -->\n<title>Capitania do Funchal mant\u00e9m avisos de vento e agita\u00e7\u00e3o mar\u00edtima na Madeira - Portal Tela Portugal<\/title>\n<meta name=\"robots\" content=\"index, follow, max-snippet:-1, max-image-preview:large, max-video-preview:-1\" \/>\n<meta property=\"og:locale\" content=\"pt_PT\" \/>\n<meta property=\"og:type\" content=\"article\" \/>\n<meta property=\"og:title\" content=\"Capitania do Funchal mant\u00e9m avisos de vento e agita\u00e7\u00e3o mar\u00edtima na Madeira - Portal Tela Portugal\" \/>\n<meta property=\"og:description\" content=\"A Capitania do Porto do Funchal prolongou os avisos de vento e agita\u00e7\u00e3o mar\u00edtima fortes at\u00e9 \u00e0s 06h de domingo para a Madeira. O IPMA prev\u00ea vento muito fresco a forte (40 a 61 km\/h), tornando-se gradualmente moderado a fresco (20 a 39 km\/h) a partir do meio da tarde. Na costa norte, as vagas podem chegar a quatro a cinco metros, reduzindo para tr\u00eas a quatro metros \u00e0 noite; na costa sul, as ondas at\u00e9 quatro metros, especialmente na zona oeste. A visibilidade no mar \u00e9 boa a moderada. O mau tempo motivou o cancelamento das viagens do navio Lobo Marinho entre a Madeira e o Porto Santo, previstas para sexta-feira e s\u00e1bado; costa norte da Madeira e Porto Santo est\u00e1 sob aviso amarelo at\u00e9 \u00e0s 00:00 de domingo.\" \/>\n<meta property=\"og:url\" content=\"https:\/\/portaltela.pt\/noticias\/2026\/02\/07\/capitania-do-funchal-mantem-avisos-de-vento-e-agitacao-maritima-na-madeira\/\" \/>\n<meta property=\"og:site_name\" content=\"Portal Tela Portugal\" \/>\n<meta property=\"article:published_time\" content=\"2026-02-07T10:17:08+00:00\" \/>\n<meta name=\"author\" content=\"Telinha\" \/>\n<meta name=\"twitter:card\" content=\"summary_large_image\" \/>\n<meta name=\"twitter:label1\" content=\"Escrito por\" \/>\n\t<meta name=\"twitter:data1\" content=\"Telinha\" \/>\n\t<meta name=\"twitter:label2\" content=\"Tempo estimado de leitura\" \/>\n\t<meta name=\"twitter:data2\" content=\"1 minuto\" \/>\n<script type=\"application\/ld+json\" class=\"yoast-schema-graph\">{\"@context\":\"https:\/\/schema.org\",\"@graph\":[{\"@type\":\"Article\",\"@id\":\"https:\/\/portaltela.pt\/noticias\/2026\/02\/07\/capitania-do-funchal-mantem-avisos-de-vento-e-agitacao-maritima-na-madeira\/#article\",\"isPartOf\":{\"@id\":\"https:\/\/portaltela.pt\/noticias\/2026\/02\/07\/capitania-do-funchal-mantem-avisos-de-vento-e-agitacao-maritima-na-madeira\/\"},\"author\":{\"name\":\"Telinha\",\"@id\":\"https:\/\/portaltela.pt\/#\/schema\/person\/c4278d4a6028830caff9ee44b42d32ed\"},\"headline\":\"Capitania do Funchal mant\u00e9m avisos de vento e agita\u00e7\u00e3o mar\u00edtima na Madeira\",\"datePublished\":\"2026-02-07T10:17:08+00:00\",\"mainEntityOfPage\":{\"@id\":\"https:\/\/portaltela.pt\/noticias\/2026\/02\/07\/capitania-do-funchal-mantem-avisos-de-vento-e-agitacao-maritima-na-madeira\/\"},\"wordCount\":191,\"image\":{\"@id\":\"https:\/\/portaltela.pt\/noticias\/2026\/02\/07\/capitania-do-funchal-mantem-avisos-de-vento-e-agitacao-maritima-na-madeira\/#primaryimage\"},\"thumbnailUrl\":\"https:\/\/portaltela.pt\/s.01k8rhncp4jt1\/2026\/02\/img_1500x1000uu2016-03-22-10-07-00-522610.jpg\",\"keywords\":[\"agita\u00e7\u00e3o mar\u00edtima\",\"aviso amarelo\",\"aviso de mau tempo\",\"Madeira\",\"Porto Santo\",\"vento\"],\"articleSection\":[\"Not\u00edcias\"],\"inLanguage\":\"pt-PT\"},{\"@type\":\"WebPage\",\"@id\":\"https:\/\/portaltela.pt\/noticias\/2026\/02\/07\/capitania-do-funchal-mantem-avisos-de-vento-e-agitacao-maritima-na-madeira\/\",\"url\":\"https:\/\/portaltela.pt\/noticias\/2026\/02\/07\/capitania-do-funchal-mantem-avisos-de-vento-e-agitacao-maritima-na-madeira\/\",\"name\":\"Capitania do Funchal mant\u00e9m avisos de vento e agita\u00e7\u00e3o mar\u00edtima na Madeira - Portal Tela Portugal\",\"isPartOf\":{\"@id\":\"https:\/\/portaltela.pt\/#website\"},\"primaryImageOfPage\":{\"@id\":\"https:\/\/portaltela.pt\/noticias\/2026\/02\/07\/capitania-do-funchal-mantem-avisos-de-vento-e-agitacao-maritima-na-madeira\/#primaryimage\"},\"image\":{\"@id\":\"https:\/\/portaltela.pt\/noticias\/2026\/02\/07\/capitania-do-funchal-mantem-avisos-de-vento-e-agitacao-maritima-na-madeira\/#primaryimage\"},\"thumbnailUrl\":\"https:\/\/portaltela.pt\/s.01k8rhncp4jt1\/2026\/02\/img_1500x1000uu2016-03-22-10-07-00-522610.jpg\",\"datePublished\":\"2026-02-07T10:17:08+00:00\",\"author\":{\"@id\":\"https:\/\/portaltela.pt\/#\/schema\/person\/c4278d4a6028830caff9ee44b42d32ed\"},\"breadcrumb\":{\"@id\":\"https:\/\/portaltela.pt\/noticias\/2026\/02\/07\/capitania-do-funchal-mantem-avisos-de-vento-e-agitacao-maritima-na-madeira\/#breadcrumb\"},\"inLanguage\":\"pt-PT\",\"potentialAction\":[{\"@type\":\"ReadAction\",\"target\":[\"https:\/\/portaltela.pt\/noticias\/2026\/02\/07\/capitania-do-funchal-mantem-avisos-de-vento-e-agitacao-maritima-na-madeira\/\"]}]},{\"@type\":\"ImageObject\",\"inLanguage\":\"pt-PT\",\"@id\":\"https:\/\/portaltela.pt\/noticias\/2026\/02\/07\/capitania-do-funchal-mantem-avisos-de-vento-e-agitacao-maritima-na-madeira\/#primaryimage\",\"url\":\"https:\/\/portaltela.pt\/s.01k8rhncp4jt1\/2026\/02\/img_1500x1000uu2016-03-22-10-07-00-522610.jpg\",\"contentUrl\":\"https:\/\/portaltela.pt\/s.01k8rhncp4jt1\/2026\/02\/img_1500x1000uu2016-03-22-10-07-00-522610.jpg\",\"width\":796,\"height\":448,\"caption\":\"Funchal, Madeira, mau tempo\"},{\"@type\":\"BreadcrumbList\",\"@id\":\"https:\/\/portaltela.pt\/noticias\/2026\/02\/07\/capitania-do-funchal-mantem-avisos-de-vento-e-agitacao-maritima-na-madeira\/#breadcrumb\",\"itemListElement\":[{\"@type\":\"ListItem\",\"position\":1,\"name\":\"In\u00edcio\",\"item\":\"https:\/\/portaltela.pt\/\"},{\"@type\":\"ListItem\",\"position\":2,\"name\":\"Capitania do Funchal mant\u00e9m avisos de vento e agita\u00e7\u00e3o mar\u00edtima na Madeira\"}]},{\"@type\":\"WebSite\",\"@id\":\"https:\/\/portaltela.pt\/#website\",\"url\":\"https:\/\/portaltela.pt\/\",\"name\":\"Portal Tela Portugal\",\"description\":\"\",\"potentialAction\":[{\"@type\":\"SearchAction\",\"target\":{\"@type\":\"EntryPoint\",\"urlTemplate\":\"https:\/\/portaltela.pt\/?s={search_term_string}\"},\"query-input\":{\"@type\":\"PropertyValueSpecification\",\"valueRequired\":true,\"valueName\":\"search_term_string\"}}],\"inLanguage\":\"pt-PT\"},{\"@type\":\"Person\",\"@id\":\"https:\/\/portaltela.pt\/#\/schema\/person\/c4278d4a6028830caff9ee44b42d32ed\",\"name\":\"Telinha\",\"image\":{\"@type\":\"ImageObject\",\"inLanguage\":\"pt-PT\",\"@id\":\"https:\/\/portaltela.pt\/s.01k8rhncp4jt1\/2025\/11\/talking-bot-125x125.png\",\"url\":\"https:\/\/portaltela.pt\/s.01k8rhncp4jt1\/2025\/11\/talking-bot-125x125.png\",\"contentUrl\":\"https:\/\/portaltela.pt\/s.01k8rhncp4jt1\/2025\/11\/talking-bot-125x125.png\",\"caption\":\"Telinha\"},\"sameAs\":[\"https:\/\/portaltela.pt\/\"],\"url\":\"https:\/\/portaltela.pt\/por\/367410592786\/\"}]}<\/script>\n<!-- \/ Yoast SEO plugin. -->","yoast_head_json":{"title":"Capitania do Funchal mant\u00e9m avisos de vento e agita\u00e7\u00e3o mar\u00edtima na Madeira - Portal Tela Portugal","robots":{"index":"index","follow":"follow","max-snippet":"max-snippet:-1","max-image-preview":"max-image-preview:large","max-video-preview":"max-video-preview:-1"},"og_locale":"pt_PT","og_type":"article","og_title":"Capitania do Funchal mant\u00e9m avisos de vento e agita\u00e7\u00e3o mar\u00edtima na Madeira - Portal Tela Portugal","og_description":"A Capitania do Porto do Funchal prolongou os avisos de vento e agita\u00e7\u00e3o mar\u00edtima fortes at\u00e9 \u00e0s 06h de domingo para a Madeira. O IPMA prev\u00ea vento muito fresco a forte (40 a 61 km\/h), tornando-se gradualmente moderado a fresco (20 a 39 km\/h) a partir do meio da tarde. Na costa norte, as vagas podem chegar a quatro a cinco metros, reduzindo para tr\u00eas a quatro metros \u00e0 noite; na costa sul, as ondas at\u00e9 quatro metros, especialmente na zona oeste. A visibilidade no mar \u00e9 boa a moderada. O mau tempo motivou o cancelamento das viagens do navio Lobo Marinho entre a Madeira e o Porto Santo, previstas para sexta-feira e s\u00e1bado; costa norte da Madeira e Porto Santo est\u00e1 sob aviso amarelo at\u00e9 \u00e0s 00:00 de domingo.","og_url":"https:\/\/portaltela.pt\/noticias\/2026\/02\/07\/capitania-do-funchal-mantem-avisos-de-vento-e-agitacao-maritima-na-madeira\/","og_site_name":"Portal Tela Portugal","article_published_time":"2026-02-07T10:17:08+00:00","author":"Telinha","twitter_card":"summary_large_image","twitter_misc":{"Escrito por":"Telinha","Tempo estimado de leitura":"1 minuto"},"schema":{"@context":"https:\/\/schema.org","@graph":[{"@type":"Article","@id":"https:\/\/portaltela.pt\/noticias\/2026\/02\/07\/capitania-do-funchal-mantem-avisos-de-vento-e-agitacao-maritima-na-madeira\/#article","isPartOf":{"@id":"https:\/\/portaltela.pt\/noticias\/2026\/02\/07\/capitania-do-funchal-mantem-avisos-de-vento-e-agitacao-maritima-na-madeira\/"},"author":{"name":"Telinha","@id":"https:\/\/portaltela.pt\/#\/schema\/person\/c4278d4a6028830caff9ee44b42d32ed"},"headline":"Capitania do Funchal mant\u00e9m avisos de vento e agita\u00e7\u00e3o mar\u00edtima na Madeira","datePublished":"2026-02-07T10:17:08+00:00","mainEntityOfPage":{"@id":"https:\/\/portaltela.pt\/noticias\/2026\/02\/07\/capitania-do-funchal-mantem-avisos-de-vento-e-agitacao-maritima-na-madeira\/"},"wordCount":191,"image":{"@id":"https:\/\/portaltela.pt\/noticias\/2026\/02\/07\/capitania-do-funchal-mantem-avisos-de-vento-e-agitacao-maritima-na-madeira\/#primaryimage"},"thumbnailUrl":"https:\/\/portaltela.pt\/s.01k8rhncp4jt1\/2026\/02\/img_1500x1000uu2016-03-22-10-07-00-522610.jpg","keywords":["agita\u00e7\u00e3o mar\u00edtima","aviso amarelo","aviso de mau tempo","Madeira","Porto Santo","vento"],"articleSection":["Not\u00edcias"],"inLanguage":"pt-PT"},{"@type":"WebPage","@id":"https:\/\/portaltela.pt\/noticias\/2026\/02\/07\/capitania-do-funchal-mantem-avisos-de-vento-e-agitacao-maritima-na-madeira\/","url":"https:\/\/portaltela.pt\/noticias\/2026\/02\/07\/capitania-do-funchal-mantem-avisos-de-vento-e-agitacao-maritima-na-madeira\/","name":"Capitania do Funchal mant\u00e9m avisos de vento e agita\u00e7\u00e3o mar\u00edtima na Madeira - Portal Tela Portugal","isPartOf":{"@id":"https:\/\/portaltela.pt\/#website"},"primaryImageOfPage":{"@id":"https:\/\/portaltela.pt\/noticias\/2026\/02\/07\/capitania-do-funchal-mantem-avisos-de-vento-e-agitacao-maritima-na-madeira\/#primaryimage"},"image":{"@id":"https:\/\/portaltela.pt\/noticias\/2026\/02\/07\/capitania-do-funchal-mantem-avisos-de-vento-e-agitacao-maritima-na-madeira\/#primaryimage"},"thumbnailUrl":"https:\/\/portaltela.pt\/s.01k8rhncp4jt1\/2026\/02\/img_1500x1000uu2016-03-22-10-07-00-522610.jpg","datePublished":"2026-02-07T10:17:08+00:00","author":{"@id":"https:\/\/portaltela.pt\/#\/schema\/person\/c4278d4a6028830caff9ee44b42d32ed"},"breadcrumb":{"@id":"https:\/\/portaltela.pt\/noticias\/2026\/02\/07\/capitania-do-funchal-mantem-avisos-de-vento-e-agitacao-maritima-na-madeira\/#breadcrumb"},"inLanguage":"pt-PT","potentialAction":[{"@type":"ReadAction","target":["https:\/\/portaltela.pt\/noticias\/2026\/02\/07\/capitania-do-funchal-mantem-avisos-de-vento-e-agitacao-maritima-na-madeira\/"]}]},{"@type":"ImageObject","inLanguage":"pt-PT","@id":"https:\/\/portaltela.pt\/noticias\/2026\/02\/07\/capitania-do-funchal-mantem-avisos-de-vento-e-agitacao-maritima-na-madeira\/#primaryimage","url":"https:\/\/portaltela.pt\/s.01k8rhncp4jt1\/2026\/02\/img_1500x1000uu2016-03-22-10-07-00-522610.jpg","contentUrl":"https:\/\/portaltela.pt\/s.01k8rhncp4jt1\/2026\/02\/img_1500x1000uu2016-03-22-10-07-00-522610.jpg","width":796,"height":448,"caption":"Funchal, Madeira, mau tempo"},{"@type":"BreadcrumbList","@id":"https:\/\/portaltela.pt\/noticias\/2026\/02\/07\/capitania-do-funchal-mantem-avisos-de-vento-e-agitacao-maritima-na-madeira\/#breadcrumb","itemListElement":[{"@type":"ListItem","position":1,"name":"In\u00edcio","item":"https:\/\/portaltela.pt\/"},{"@type":"ListItem","position":2,"name":"Capitania do Funchal mant\u00e9m avisos de vento e agita\u00e7\u00e3o mar\u00edtima na Madeira"}]},{"@type":"WebSite","@id":"https:\/\/portaltela.pt\/#website","url":"https:\/\/portaltela.pt\/","name":"Portal Tela Portugal","description":"","potentialAction":[{"@type":"SearchAction","target":{"@type":"EntryPoint","urlTemplate":"https:\/\/portaltela.pt\/?s={search_term_string}"},"query-input":{"@type":"PropertyValueSpecification","valueRequired":true,"valueName":"search_term_string"}}],"inLanguage":"pt-PT"},{"@type":"Person","@id":"https:\/\/portaltela.pt\/#\/schema\/person\/c4278d4a6028830caff9ee44b42d32ed","name":"Telinha","image":{"@type":"ImageObject","inLanguage":"pt-PT","@id":"https:\/\/portaltela.pt\/s.01k8rhncp4jt1\/2025\/11\/talking-bot-125x125.png","url":"https:\/\/portaltela.pt\/s.01k8rhncp4jt1\/2025\/11\/talking-bot-125x125.png","contentUrl":"https:\/\/portaltela.pt\/s.01k8rhncp4jt1\/2025\/11\/talking-bot-125x125.png","caption":"Telinha"},"sameAs":["https:\/\/portaltela.pt\/"],"url":"https:\/\/portaltela.pt\/por\/367410592786\/"}]}},"_links":{"self":[{"href":"https:\/\/portaltela.pt\/api\/wp\/v2\/posts\/202743","targetHints":{"allow":["GET"]}}],"collection":[{"href":"https:\/\/portaltela.pt\/api\/wp\/v2\/posts"}],"about":[{"href":"https:\/\/portaltela.pt\/api\/wp\/v2\/types\/post"}],"author":[{"embeddable":true,"href":"https:\/\/portaltela.pt\/api\/wp\/v2\/users\/2"}],"replies":[{"embeddable":true,"href":"https:\/\/portaltela.pt\/api\/wp\/v2\/comments?post=202743"}],"version-history":[{"count":0,"href":"https:\/\/portaltela.pt\/api\/wp\/v2\/posts\/202743\/revisions"}],"wp:featuredmedia":[{"embeddable":true,"href":"https:\/\/portaltela.pt\/api\/wp\/v2\/media\/202745"}],"wp:attachment":[{"href":"https:\/\/portaltela.pt\/api\/wp\/v2\/media?parent=202743"}],"wp:term":[{"taxonomy":"category","embeddable":true,"href":"https:\/\/portaltela.pt\/api\/wp\/v2\/categories?post=202743"},{"taxonomy":"post_tag","embeddable":true,"href":"https:\/\/portaltela.pt\/api\/wp\/v2\/tags?post=202743"}],"curies":[{"name":"wp","href":"https:\/\/api.w.org\/{rel}","templated":true}]}}