{"id":202700,"date":"2026-02-07T06:01:00","date_gmt":"2026-02-07T09:01:00","guid":{"rendered":"https:\/\/portaltela.pt\/noticias\/2026\/02\/07\/opera-do-dia-a-dia-e-do-sonho-americano-dirigida-por-jorge-balca\/"},"modified":"2026-02-07T06:01:00","modified_gmt":"2026-02-07T09:01:00","slug":"opera-do-dia-a-dia-e-do-sonho-americano-dirigida-por-jorge-balca","status":"publish","type":"post","link":"https:\/\/portaltela.pt\/noticias\/2026\/02\/07\/opera-do-dia-a-dia-e-do-sonho-americano-dirigida-por-jorge-balca\/","title":{"rendered":"\u00d3pera do dia a dia e do sonho americano, dirigida por Jorge Bal\u00e7a"},"content":{"rendered":"<p>Recupera-se um programa duplo de 2017, Tahiti! que re\u00fane \u00f3peras de Leonard Bernstein e de Jorge Bal\u00e7a e Alannah Halay. A obra chega a Lagoa, segue para o Algarve e encerra em Lisboa, numa produ\u00e7\u00e3o que cruza mundos entre o cl\u00e1ssico e o contempor\u00e2neo.<\/p>\n<p>A encena\u00e7\u00e3o foca o amor e o desamor de um casal, apresentado ao longo de uma narrativa que questiona a felicidade conjugal. O elenco ainda n\u00e3o confirmou se inclui novos elementos, mantendo o n\u00facleo tem\u00e1tico da rela\u00e7\u00e3o a nascer, evoluir e falhar.<\/p>\n<p>Os respons\u00e1veis pela dire\u00e7\u00e3o art\u00edstica s\u00e3o apontados pela organiza\u00e7\u00e3o local, com a colabora\u00e7\u00e3o de Bal\u00e7a e Halay. A apresenta\u00e7\u00e3o combina m\u00fasica original com apontamentos coreogr\u00e1ficos, procurando um resultado teatral coeso entre estilos.<\/p>\n<h3>Contexto hist\u00f3rico<\/h3>\n<p>Dizem fontes oficiais que, durante a lua de mel em 1951, Bernstein come\u00e7ou a compor a \u00f3pera Trouble in Tahiti, em um \u00fanico acto com sete cenas. A obra aborda o sonho americano, o consumismo e o descompasso entre apar\u00eancia e realidade familiar.<\/p>\n<p>A obra de Bernstein \u00e9 comparada, por especialistas, \u00e0 vis\u00e3o de subs\u00farbios norte-americanos ap\u00f3s a Segunda Guerra Mundial. A pe\u00e7a \u00e9 descrita como uma reflex\u00e3o sobre as press\u00f5es de manter uma imagem de felicidade.<\/p>\n","protected":false},"excerpt":{"rendered":"<ul>\n<li>Tahiti!, programa dupla recuperado de 2017, junta \u00f3peras de Leonard Bernstein e de Jorge Bal\u00e7a com Alannah Halay.<\/li>\n<li>A \u00f3pera aborda o amor e o desamor de um casal e tem estreia prevista em Lagoa, seguindo para o Algarve e Lisboa.<\/li>\n<li>Segundo fontes oficiais, Leonard Bernstein ter\u00e1 come\u00e7ado a compor Trouble in Tahiti durante a lua-de-mel, em 1951.<\/li>\n<li>Trouble in Tahiti \u00e9 uma \u00f3pera de um s\u00f3 acto, dividida em sete cenas, que retrata a felicidade conjugal, a acrim\u00f3nia e o reverso da vida familiar nos sub\u00farbios dos Estados Unidos.<\/li>\n<li>A obra aborda a promessa do sonho americano associada ao consumismo e ao materialismo p\u00f3s-Segunda Guerra Mundial.<\/li>\n<\/ul>\n","protected":false},"author":2,"featured_media":202706,"comment_status":"closed","ping_status":"closed","sticky":false,"template":"","format":"standard","meta":{"footnotes":""},"categories":[1],"tags":[928,2419,981,122,1682,119],"class_list":["post-202700","post","type-post","status-publish","format-standard","has-post-thumbnail","hentry","category-noticias","tag-algarve","tag-lagoa","tag-lisboa","tag-musica","tag-opera","tag-teatro"],"yoast_head":"<!-- This site is optimized with the Yoast SEO plugin v27.2 - https:\/\/yoast.com\/product\/yoast-seo-wordpress\/ -->\n<title>\u00d3pera do dia a dia e do sonho americano, dirigida por Jorge Bal\u00e7a - Portal Tela Portugal<\/title>\n<meta name=\"robots\" content=\"index, follow, max-snippet:-1, max-image-preview:large, max-video-preview:-1\" \/>\n<meta property=\"og:locale\" content=\"pt_PT\" \/>\n<meta property=\"og:type\" content=\"article\" \/>\n<meta property=\"og:title\" content=\"\u00d3pera do dia a dia e do sonho americano, dirigida por Jorge Bal\u00e7a - Portal Tela Portugal\" \/>\n<meta property=\"og:description\" content=\"Tahiti!, programa dupla recuperado de 2017, junta \u00f3peras de Leonard Bernstein e de Jorge Bal\u00e7a com Alannah Halay. A \u00f3pera aborda o amor e o desamor de um casal e tem estreia prevista em Lagoa, seguindo para o Algarve e Lisboa. Segundo fontes oficiais, Leonard Bernstein ter\u00e1 come\u00e7ado a compor Trouble in Tahiti durante a lua-de-mel, em 1951. Trouble in Tahiti \u00e9 uma \u00f3pera de um s\u00f3 acto, dividida em sete cenas, que retrata a felicidade conjugal, a acrim\u00f3nia e o reverso da vida familiar nos sub\u00farbios dos Estados Unidos. A obra aborda a promessa do sonho americano associada ao consumismo e ao materialismo p\u00f3s-Segunda Guerra Mundial.\" \/>\n<meta property=\"og:url\" content=\"https:\/\/portaltela.pt\/noticias\/2026\/02\/07\/opera-do-dia-a-dia-e-do-sonho-americano-dirigida-por-jorge-balca\/\" \/>\n<meta property=\"og:site_name\" content=\"Portal Tela Portugal\" \/>\n<meta property=\"article:published_time\" content=\"2026-02-07T09:01:00+00:00\" \/>\n<meta name=\"author\" content=\"Telinha\" \/>\n<meta name=\"twitter:card\" content=\"summary_large_image\" \/>\n<meta name=\"twitter:label1\" content=\"Escrito por\" \/>\n\t<meta name=\"twitter:data1\" content=\"Telinha\" \/>\n\t<meta name=\"twitter:label2\" content=\"Tempo estimado de leitura\" \/>\n\t<meta name=\"twitter:data2\" content=\"1 minuto\" \/>\n<script type=\"application\/ld+json\" class=\"yoast-schema-graph\">{\"@context\":\"https:\/\/schema.org\",\"@graph\":[{\"@type\":\"Article\",\"@id\":\"https:\/\/portaltela.pt\/noticias\/2026\/02\/07\/opera-do-dia-a-dia-e-do-sonho-americano-dirigida-por-jorge-balca\/#article\",\"isPartOf\":{\"@id\":\"https:\/\/portaltela.pt\/noticias\/2026\/02\/07\/opera-do-dia-a-dia-e-do-sonho-americano-dirigida-por-jorge-balca\/\"},\"author\":{\"name\":\"Telinha\",\"@id\":\"https:\/\/portaltela.pt\/#\/schema\/person\/c4278d4a6028830caff9ee44b42d32ed\"},\"headline\":\"\u00d3pera do dia a dia e do sonho americano, dirigida por Jorge Bal\u00e7a\",\"datePublished\":\"2026-02-07T09:01:00+00:00\",\"mainEntityOfPage\":{\"@id\":\"https:\/\/portaltela.pt\/noticias\/2026\/02\/07\/opera-do-dia-a-dia-e-do-sonho-americano-dirigida-por-jorge-balca\/\"},\"wordCount\":235,\"image\":{\"@id\":\"https:\/\/portaltela.pt\/noticias\/2026\/02\/07\/opera-do-dia-a-dia-e-do-sonho-americano-dirigida-por-jorge-balca\/#primaryimage\"},\"thumbnailUrl\":\"https:\/\/portaltela.pt\/s.01k8rhncp4jt1\/2026\/02\/2065105.jpg\",\"keywords\":[\"Algarve\",\"Lagoa\",\"Lisboa\",\"m\u00fasica\",\"\u00f3pera\",\"teatro\"],\"articleSection\":[\"Not\u00edcias\"],\"inLanguage\":\"pt-PT\"},{\"@type\":\"WebPage\",\"@id\":\"https:\/\/portaltela.pt\/noticias\/2026\/02\/07\/opera-do-dia-a-dia-e-do-sonho-americano-dirigida-por-jorge-balca\/\",\"url\":\"https:\/\/portaltela.pt\/noticias\/2026\/02\/07\/opera-do-dia-a-dia-e-do-sonho-americano-dirigida-por-jorge-balca\/\",\"name\":\"\u00d3pera do dia a dia e do sonho americano, dirigida por Jorge Bal\u00e7a - Portal Tela Portugal\",\"isPartOf\":{\"@id\":\"https:\/\/portaltela.pt\/#website\"},\"primaryImageOfPage\":{\"@id\":\"https:\/\/portaltela.pt\/noticias\/2026\/02\/07\/opera-do-dia-a-dia-e-do-sonho-americano-dirigida-por-jorge-balca\/#primaryimage\"},\"image\":{\"@id\":\"https:\/\/portaltela.pt\/noticias\/2026\/02\/07\/opera-do-dia-a-dia-e-do-sonho-americano-dirigida-por-jorge-balca\/#primaryimage\"},\"thumbnailUrl\":\"https:\/\/portaltela.pt\/s.01k8rhncp4jt1\/2026\/02\/2065105.jpg\",\"datePublished\":\"2026-02-07T09:01:00+00:00\",\"author\":{\"@id\":\"https:\/\/portaltela.pt\/#\/schema\/person\/c4278d4a6028830caff9ee44b42d32ed\"},\"breadcrumb\":{\"@id\":\"https:\/\/portaltela.pt\/noticias\/2026\/02\/07\/opera-do-dia-a-dia-e-do-sonho-americano-dirigida-por-jorge-balca\/#breadcrumb\"},\"inLanguage\":\"pt-PT\",\"potentialAction\":[{\"@type\":\"ReadAction\",\"target\":[\"https:\/\/portaltela.pt\/noticias\/2026\/02\/07\/opera-do-dia-a-dia-e-do-sonho-americano-dirigida-por-jorge-balca\/\"]}]},{\"@type\":\"ImageObject\",\"inLanguage\":\"pt-PT\",\"@id\":\"https:\/\/portaltela.pt\/noticias\/2026\/02\/07\/opera-do-dia-a-dia-e-do-sonho-americano-dirigida-por-jorge-balca\/#primaryimage\",\"url\":\"https:\/\/portaltela.pt\/s.01k8rhncp4jt1\/2026\/02\/2065105.jpg\",\"contentUrl\":\"https:\/\/portaltela.pt\/s.01k8rhncp4jt1\/2026\/02\/2065105.jpg\",\"width\":796,\"height\":448,\"caption\":\"Ensaios de *Tahiti!*, com encena\u00e7\u00e3o de Jorge Bal\u00e7a\"},{\"@type\":\"BreadcrumbList\",\"@id\":\"https:\/\/portaltela.pt\/noticias\/2026\/02\/07\/opera-do-dia-a-dia-e-do-sonho-americano-dirigida-por-jorge-balca\/#breadcrumb\",\"itemListElement\":[{\"@type\":\"ListItem\",\"position\":1,\"name\":\"In\u00edcio\",\"item\":\"https:\/\/portaltela.pt\/\"},{\"@type\":\"ListItem\",\"position\":2,\"name\":\"\u00d3pera do dia a dia e do sonho americano, dirigida por Jorge Bal\u00e7a\"}]},{\"@type\":\"WebSite\",\"@id\":\"https:\/\/portaltela.pt\/#website\",\"url\":\"https:\/\/portaltela.pt\/\",\"name\":\"Portal Tela Portugal\",\"description\":\"\",\"potentialAction\":[{\"@type\":\"SearchAction\",\"target\":{\"@type\":\"EntryPoint\",\"urlTemplate\":\"https:\/\/portaltela.pt\/?s={search_term_string}\"},\"query-input\":{\"@type\":\"PropertyValueSpecification\",\"valueRequired\":true,\"valueName\":\"search_term_string\"}}],\"inLanguage\":\"pt-PT\"},{\"@type\":\"Person\",\"@id\":\"https:\/\/portaltela.pt\/#\/schema\/person\/c4278d4a6028830caff9ee44b42d32ed\",\"name\":\"Telinha\",\"image\":{\"@type\":\"ImageObject\",\"inLanguage\":\"pt-PT\",\"@id\":\"https:\/\/portaltela.pt\/s.01k8rhncp4jt1\/2025\/11\/talking-bot-125x125.png\",\"url\":\"https:\/\/portaltela.pt\/s.01k8rhncp4jt1\/2025\/11\/talking-bot-125x125.png\",\"contentUrl\":\"https:\/\/portaltela.pt\/s.01k8rhncp4jt1\/2025\/11\/talking-bot-125x125.png\",\"caption\":\"Telinha\"},\"sameAs\":[\"https:\/\/portaltela.pt\/\"],\"url\":\"https:\/\/portaltela.pt\/por\/367410592786\/\"}]}<\/script>\n<!-- \/ Yoast SEO plugin. -->","yoast_head_json":{"title":"\u00d3pera do dia a dia e do sonho americano, dirigida por Jorge Bal\u00e7a - Portal Tela Portugal","robots":{"index":"index","follow":"follow","max-snippet":"max-snippet:-1","max-image-preview":"max-image-preview:large","max-video-preview":"max-video-preview:-1"},"og_locale":"pt_PT","og_type":"article","og_title":"\u00d3pera do dia a dia e do sonho americano, dirigida por Jorge Bal\u00e7a - Portal Tela Portugal","og_description":"Tahiti!, programa dupla recuperado de 2017, junta \u00f3peras de Leonard Bernstein e de Jorge Bal\u00e7a com Alannah Halay. A \u00f3pera aborda o amor e o desamor de um casal e tem estreia prevista em Lagoa, seguindo para o Algarve e Lisboa. Segundo fontes oficiais, Leonard Bernstein ter\u00e1 come\u00e7ado a compor Trouble in Tahiti durante a lua-de-mel, em 1951. Trouble in Tahiti \u00e9 uma \u00f3pera de um s\u00f3 acto, dividida em sete cenas, que retrata a felicidade conjugal, a acrim\u00f3nia e o reverso da vida familiar nos sub\u00farbios dos Estados Unidos. A obra aborda a promessa do sonho americano associada ao consumismo e ao materialismo p\u00f3s-Segunda Guerra Mundial.","og_url":"https:\/\/portaltela.pt\/noticias\/2026\/02\/07\/opera-do-dia-a-dia-e-do-sonho-americano-dirigida-por-jorge-balca\/","og_site_name":"Portal Tela Portugal","article_published_time":"2026-02-07T09:01:00+00:00","author":"Telinha","twitter_card":"summary_large_image","twitter_misc":{"Escrito por":"Telinha","Tempo estimado de leitura":"1 minuto"},"schema":{"@context":"https:\/\/schema.org","@graph":[{"@type":"Article","@id":"https:\/\/portaltela.pt\/noticias\/2026\/02\/07\/opera-do-dia-a-dia-e-do-sonho-americano-dirigida-por-jorge-balca\/#article","isPartOf":{"@id":"https:\/\/portaltela.pt\/noticias\/2026\/02\/07\/opera-do-dia-a-dia-e-do-sonho-americano-dirigida-por-jorge-balca\/"},"author":{"name":"Telinha","@id":"https:\/\/portaltela.pt\/#\/schema\/person\/c4278d4a6028830caff9ee44b42d32ed"},"headline":"\u00d3pera do dia a dia e do sonho americano, dirigida por Jorge Bal\u00e7a","datePublished":"2026-02-07T09:01:00+00:00","mainEntityOfPage":{"@id":"https:\/\/portaltela.pt\/noticias\/2026\/02\/07\/opera-do-dia-a-dia-e-do-sonho-americano-dirigida-por-jorge-balca\/"},"wordCount":235,"image":{"@id":"https:\/\/portaltela.pt\/noticias\/2026\/02\/07\/opera-do-dia-a-dia-e-do-sonho-americano-dirigida-por-jorge-balca\/#primaryimage"},"thumbnailUrl":"https:\/\/portaltela.pt\/s.01k8rhncp4jt1\/2026\/02\/2065105.jpg","keywords":["Algarve","Lagoa","Lisboa","m\u00fasica","\u00f3pera","teatro"],"articleSection":["Not\u00edcias"],"inLanguage":"pt-PT"},{"@type":"WebPage","@id":"https:\/\/portaltela.pt\/noticias\/2026\/02\/07\/opera-do-dia-a-dia-e-do-sonho-americano-dirigida-por-jorge-balca\/","url":"https:\/\/portaltela.pt\/noticias\/2026\/02\/07\/opera-do-dia-a-dia-e-do-sonho-americano-dirigida-por-jorge-balca\/","name":"\u00d3pera do dia a dia e do sonho americano, dirigida por Jorge Bal\u00e7a - Portal Tela Portugal","isPartOf":{"@id":"https:\/\/portaltela.pt\/#website"},"primaryImageOfPage":{"@id":"https:\/\/portaltela.pt\/noticias\/2026\/02\/07\/opera-do-dia-a-dia-e-do-sonho-americano-dirigida-por-jorge-balca\/#primaryimage"},"image":{"@id":"https:\/\/portaltela.pt\/noticias\/2026\/02\/07\/opera-do-dia-a-dia-e-do-sonho-americano-dirigida-por-jorge-balca\/#primaryimage"},"thumbnailUrl":"https:\/\/portaltela.pt\/s.01k8rhncp4jt1\/2026\/02\/2065105.jpg","datePublished":"2026-02-07T09:01:00+00:00","author":{"@id":"https:\/\/portaltela.pt\/#\/schema\/person\/c4278d4a6028830caff9ee44b42d32ed"},"breadcrumb":{"@id":"https:\/\/portaltela.pt\/noticias\/2026\/02\/07\/opera-do-dia-a-dia-e-do-sonho-americano-dirigida-por-jorge-balca\/#breadcrumb"},"inLanguage":"pt-PT","potentialAction":[{"@type":"ReadAction","target":["https:\/\/portaltela.pt\/noticias\/2026\/02\/07\/opera-do-dia-a-dia-e-do-sonho-americano-dirigida-por-jorge-balca\/"]}]},{"@type":"ImageObject","inLanguage":"pt-PT","@id":"https:\/\/portaltela.pt\/noticias\/2026\/02\/07\/opera-do-dia-a-dia-e-do-sonho-americano-dirigida-por-jorge-balca\/#primaryimage","url":"https:\/\/portaltela.pt\/s.01k8rhncp4jt1\/2026\/02\/2065105.jpg","contentUrl":"https:\/\/portaltela.pt\/s.01k8rhncp4jt1\/2026\/02\/2065105.jpg","width":796,"height":448,"caption":"Ensaios de *Tahiti!*, com encena\u00e7\u00e3o de Jorge Bal\u00e7a"},{"@type":"BreadcrumbList","@id":"https:\/\/portaltela.pt\/noticias\/2026\/02\/07\/opera-do-dia-a-dia-e-do-sonho-americano-dirigida-por-jorge-balca\/#breadcrumb","itemListElement":[{"@type":"ListItem","position":1,"name":"In\u00edcio","item":"https:\/\/portaltela.pt\/"},{"@type":"ListItem","position":2,"name":"\u00d3pera do dia a dia e do sonho americano, dirigida por Jorge Bal\u00e7a"}]},{"@type":"WebSite","@id":"https:\/\/portaltela.pt\/#website","url":"https:\/\/portaltela.pt\/","name":"Portal Tela Portugal","description":"","potentialAction":[{"@type":"SearchAction","target":{"@type":"EntryPoint","urlTemplate":"https:\/\/portaltela.pt\/?s={search_term_string}"},"query-input":{"@type":"PropertyValueSpecification","valueRequired":true,"valueName":"search_term_string"}}],"inLanguage":"pt-PT"},{"@type":"Person","@id":"https:\/\/portaltela.pt\/#\/schema\/person\/c4278d4a6028830caff9ee44b42d32ed","name":"Telinha","image":{"@type":"ImageObject","inLanguage":"pt-PT","@id":"https:\/\/portaltela.pt\/s.01k8rhncp4jt1\/2025\/11\/talking-bot-125x125.png","url":"https:\/\/portaltela.pt\/s.01k8rhncp4jt1\/2025\/11\/talking-bot-125x125.png","contentUrl":"https:\/\/portaltela.pt\/s.01k8rhncp4jt1\/2025\/11\/talking-bot-125x125.png","caption":"Telinha"},"sameAs":["https:\/\/portaltela.pt\/"],"url":"https:\/\/portaltela.pt\/por\/367410592786\/"}]}},"_links":{"self":[{"href":"https:\/\/portaltela.pt\/api\/wp\/v2\/posts\/202700","targetHints":{"allow":["GET"]}}],"collection":[{"href":"https:\/\/portaltela.pt\/api\/wp\/v2\/posts"}],"about":[{"href":"https:\/\/portaltela.pt\/api\/wp\/v2\/types\/post"}],"author":[{"embeddable":true,"href":"https:\/\/portaltela.pt\/api\/wp\/v2\/users\/2"}],"replies":[{"embeddable":true,"href":"https:\/\/portaltela.pt\/api\/wp\/v2\/comments?post=202700"}],"version-history":[{"count":0,"href":"https:\/\/portaltela.pt\/api\/wp\/v2\/posts\/202700\/revisions"}],"wp:featuredmedia":[{"embeddable":true,"href":"https:\/\/portaltela.pt\/api\/wp\/v2\/media\/202706"}],"wp:attachment":[{"href":"https:\/\/portaltela.pt\/api\/wp\/v2\/media?parent=202700"}],"wp:term":[{"taxonomy":"category","embeddable":true,"href":"https:\/\/portaltela.pt\/api\/wp\/v2\/categories?post=202700"},{"taxonomy":"post_tag","embeddable":true,"href":"https:\/\/portaltela.pt\/api\/wp\/v2\/tags?post=202700"}],"curies":[{"name":"wp","href":"https:\/\/api.w.org\/{rel}","templated":true}]}}