{"id":202607,"date":"2026-02-06T21:00:00","date_gmt":"2026-02-07T00:00:00","guid":{"rendered":"https:\/\/portaltela.pt\/noticias\/2026\/02\/06\/do-patrimonio-investimentos-e-politicas-de-preservacao-em-foco\/"},"modified":"2026-02-06T21:00:00","modified_gmt":"2026-02-07T00:00:00","slug":"do-patrimonio-investimentos-e-politicas-de-preservacao-em-foco","status":"publish","type":"post","link":"https:\/\/portaltela.pt\/noticias\/2026\/02\/06\/do-patrimonio-investimentos-e-politicas-de-preservacao-em-foco\/","title":{"rendered":"Do Patrim\u00f3nio: investimentos e pol\u00edticas de preserva\u00e7\u00e3o em foco"},"content":{"rendered":"<p>Quando a cidade era densa e habitada, a Baixa era o cora\u00e7\u00e3o vivo onde as ruas pertenciam \u00e0s pessoas. Mergulhavam-se caminhadas, conversas e trocas de tudo o que a vida exigia ou desejava.<\/p>\n<p>Os vendedores ambulantes moldaram a identidade da zona, vendendo desde gravatas a azeite, carv\u00e3o, pentes, meias e \u00e1gua com sabor a lim\u00e3o. Entre eles destacava-se Se Z\u00e9 Maria, o alde\u00e3o que vendia castanhas no Inverno e sorvetes no Ver\u00e3o.<\/p>\n<p>Nessa rua antiga, o quotidiano era feito de negocia\u00e7\u00f5es ao n\u00edvel do r\u00e9s-do-ch\u00e3o. Quando a freguesia enfrentava dificuldade, dizia-se Paga quando tiver ou Paga quando for homem, mantendo a confian\u00e7a entre vizinhos.<\/p>\n<h3>Patrim\u00f3nio Vivo das Ruas<\/h3>\n<p>O director da Escola Oliveira Martins, situada na Rua do Sol, lembra ainda a atua\u00e7\u00e3o de Z\u00e9 Maria como ensinamento de limpeza p\u00fablica. Ao contrair o lixo das cascas, ele passava a varrer e a educar a popula\u00e7\u00e3o sobre manter a rua cuidada.<\/p>\n<p>Quem descreve esse tempo afirma que as palavras dele ficaram gravadas na mem\u00f3ria de muitos. Hoje, os vendedores que mant\u00eam a cidade com tra\u00e7os de identidade devem ser vistos como Patrim\u00f3nio. Eles representam, de forma inequ\u00edvoca, a mem\u00f3ria coletiva do espa\u00e7o urbano.<\/p>\n","protected":false},"excerpt":{"rendered":"<ul>\n<li>A antiga Baixa era o centro da vida da cidade, com ruas cheias de pessoas que compravam e conversavam \u00e0 vista de todos.<\/li>\n<li>O com\u00e9rcio ambulante inclu\u00eda gravatas, azeite, carv\u00e3o, pentes, meias e \u00e1gua com sabor a lim\u00e3o, vendido por pessoas da comunidade.<\/li>\n<li>O Se Z\u00e9 Maria, vendedor de castanhas no inverno e \u201csorvetes\u201d no ver\u00e3o, tornou-se figura emblem\u00e1tica dessa \u00e9poca.<\/li>\n<li>Diante de dificuldades econ\u00f3micas, ele aceitava pagamentos futuros: \u201cPaga quando tiver\u201d ou \u201cPaga quando for homem\u201d, mantendo-se fiel \u00e0 freguesia.<\/li>\n<li>Um epis\u00f3dio de pedagogia c\u00edvica revela que ele limpava as ruas e respondia a palavras feias, tornando os vendedores ambulantes parte do patrim\u00f3nio da cidade.<\/li>\n<\/ul>\n","protected":false},"author":2,"featured_media":202613,"comment_status":"closed","ping_status":"closed","sticky":false,"template":"","format":"standard","meta":{"footnotes":""},"categories":[1],"tags":[244,1958,2257,814,1175,4489],"class_list":["post-202607","post","type-post","status-publish","format-standard","has-post-thumbnail","hentry","category-noticias","tag-comercio","tag-educacao-ambiental","tag-espacos-publicos","tag-patrimonio","tag-patrimonio-cultural","tag-patrimonio-publico"],"yoast_head":"<!-- This site is optimized with the Yoast SEO plugin v27.2 - https:\/\/yoast.com\/product\/yoast-seo-wordpress\/ -->\n<title>Do Patrim\u00f3nio: investimentos e pol\u00edticas de preserva\u00e7\u00e3o em foco - Portal Tela Portugal<\/title>\n<meta name=\"robots\" content=\"index, follow, max-snippet:-1, max-image-preview:large, max-video-preview:-1\" \/>\n<meta property=\"og:locale\" content=\"pt_PT\" \/>\n<meta property=\"og:type\" content=\"article\" \/>\n<meta property=\"og:title\" content=\"Do Patrim\u00f3nio: investimentos e pol\u00edticas de preserva\u00e7\u00e3o em foco - Portal Tela Portugal\" \/>\n<meta property=\"og:description\" content=\"A antiga Baixa era o centro da vida da cidade, com ruas cheias de pessoas que compravam e conversavam \u00e0 vista de todos. O com\u00e9rcio ambulante inclu\u00eda gravatas, azeite, carv\u00e3o, pentes, meias e \u00e1gua com sabor a lim\u00e3o, vendido por pessoas da comunidade. O Se Z\u00e9 Maria, vendedor de castanhas no inverno e \u201csorvetes\u201d no ver\u00e3o, tornou-se figura emblem\u00e1tica dessa \u00e9poca. Diante de dificuldades econ\u00f3micas, ele aceitava pagamentos futuros: \u201cPaga quando tiver\u201d ou \u201cPaga quando for homem\u201d, mantendo-se fiel \u00e0 freguesia. Um epis\u00f3dio de pedagogia c\u00edvica revela que ele limpava as ruas e respondia a palavras feias, tornando os vendedores ambulantes parte do patrim\u00f3nio da cidade.\" \/>\n<meta property=\"og:url\" content=\"https:\/\/portaltela.pt\/noticias\/2026\/02\/06\/do-patrimonio-investimentos-e-politicas-de-preservacao-em-foco\/\" \/>\n<meta property=\"og:site_name\" content=\"Portal Tela Portugal\" \/>\n<meta property=\"article:published_time\" content=\"2026-02-07T00:00:00+00:00\" \/>\n<meta name=\"author\" content=\"Telinha\" \/>\n<meta name=\"twitter:card\" content=\"summary_large_image\" \/>\n<meta name=\"twitter:label1\" content=\"Escrito por\" \/>\n\t<meta name=\"twitter:data1\" content=\"Telinha\" \/>\n\t<meta name=\"twitter:label2\" content=\"Tempo estimado de leitura\" \/>\n\t<meta name=\"twitter:data2\" content=\"1 minuto\" \/>\n<script type=\"application\/ld+json\" class=\"yoast-schema-graph\">{\"@context\":\"https:\/\/schema.org\",\"@graph\":[{\"@type\":\"Article\",\"@id\":\"https:\/\/portaltela.pt\/noticias\/2026\/02\/06\/do-patrimonio-investimentos-e-politicas-de-preservacao-em-foco\/#article\",\"isPartOf\":{\"@id\":\"https:\/\/portaltela.pt\/noticias\/2026\/02\/06\/do-patrimonio-investimentos-e-politicas-de-preservacao-em-foco\/\"},\"author\":{\"name\":\"Telinha\",\"@id\":\"https:\/\/portaltela.pt\/#\/schema\/person\/c4278d4a6028830caff9ee44b42d32ed\"},\"headline\":\"Do Patrim\u00f3nio: investimentos e pol\u00edticas de preserva\u00e7\u00e3o em foco\",\"datePublished\":\"2026-02-07T00:00:00+00:00\",\"mainEntityOfPage\":{\"@id\":\"https:\/\/portaltela.pt\/noticias\/2026\/02\/06\/do-patrimonio-investimentos-e-politicas-de-preservacao-em-foco\/\"},\"wordCount\":226,\"image\":{\"@id\":\"https:\/\/portaltela.pt\/noticias\/2026\/02\/06\/do-patrimonio-investimentos-e-politicas-de-preservacao-em-foco\/#primaryimage\"},\"thumbnailUrl\":\"https:\/\/portaltela.pt\/s.01k8rhncp4jt1\/2026\/02\/d6fd5c5c-11da-4825-8b87-0a62884efb12_1200x675.jpg\",\"keywords\":[\"com\u00e9rcio\",\"educa\u00e7\u00e3o ambiental\",\"Espa\u00e7os p\u00fablicos\",\"patrim\u00f3nio\",\"Patrim\u00f3nio Cultural\",\"patrim\u00f3nio p\u00fablico\"],\"articleSection\":[\"Not\u00edcias\"],\"inLanguage\":\"pt-PT\"},{\"@type\":\"WebPage\",\"@id\":\"https:\/\/portaltela.pt\/noticias\/2026\/02\/06\/do-patrimonio-investimentos-e-politicas-de-preservacao-em-foco\/\",\"url\":\"https:\/\/portaltela.pt\/noticias\/2026\/02\/06\/do-patrimonio-investimentos-e-politicas-de-preservacao-em-foco\/\",\"name\":\"Do Patrim\u00f3nio: investimentos e pol\u00edticas de preserva\u00e7\u00e3o em foco - Portal Tela Portugal\",\"isPartOf\":{\"@id\":\"https:\/\/portaltela.pt\/#website\"},\"primaryImageOfPage\":{\"@id\":\"https:\/\/portaltela.pt\/noticias\/2026\/02\/06\/do-patrimonio-investimentos-e-politicas-de-preservacao-em-foco\/#primaryimage\"},\"image\":{\"@id\":\"https:\/\/portaltela.pt\/noticias\/2026\/02\/06\/do-patrimonio-investimentos-e-politicas-de-preservacao-em-foco\/#primaryimage\"},\"thumbnailUrl\":\"https:\/\/portaltela.pt\/s.01k8rhncp4jt1\/2026\/02\/d6fd5c5c-11da-4825-8b87-0a62884efb12_1200x675.jpg\",\"datePublished\":\"2026-02-07T00:00:00+00:00\",\"author\":{\"@id\":\"https:\/\/portaltela.pt\/#\/schema\/person\/c4278d4a6028830caff9ee44b42d32ed\"},\"breadcrumb\":{\"@id\":\"https:\/\/portaltela.pt\/noticias\/2026\/02\/06\/do-patrimonio-investimentos-e-politicas-de-preservacao-em-foco\/#breadcrumb\"},\"inLanguage\":\"pt-PT\",\"potentialAction\":[{\"@type\":\"ReadAction\",\"target\":[\"https:\/\/portaltela.pt\/noticias\/2026\/02\/06\/do-patrimonio-investimentos-e-politicas-de-preservacao-em-foco\/\"]}]},{\"@type\":\"ImageObject\",\"inLanguage\":\"pt-PT\",\"@id\":\"https:\/\/portaltela.pt\/noticias\/2026\/02\/06\/do-patrimonio-investimentos-e-politicas-de-preservacao-em-foco\/#primaryimage\",\"url\":\"https:\/\/portaltela.pt\/s.01k8rhncp4jt1\/2026\/02\/d6fd5c5c-11da-4825-8b87-0a62884efb12_1200x675.jpg\",\"contentUrl\":\"https:\/\/portaltela.pt\/s.01k8rhncp4jt1\/2026\/02\/d6fd5c5c-11da-4825-8b87-0a62884efb12_1200x675.jpg\",\"width\":796,\"height\":448,\"caption\":\"Photo\"},{\"@type\":\"BreadcrumbList\",\"@id\":\"https:\/\/portaltela.pt\/noticias\/2026\/02\/06\/do-patrimonio-investimentos-e-politicas-de-preservacao-em-foco\/#breadcrumb\",\"itemListElement\":[{\"@type\":\"ListItem\",\"position\":1,\"name\":\"In\u00edcio\",\"item\":\"https:\/\/portaltela.pt\/\"},{\"@type\":\"ListItem\",\"position\":2,\"name\":\"Do Patrim\u00f3nio: investimentos e pol\u00edticas de preserva\u00e7\u00e3o em foco\"}]},{\"@type\":\"WebSite\",\"@id\":\"https:\/\/portaltela.pt\/#website\",\"url\":\"https:\/\/portaltela.pt\/\",\"name\":\"Portal Tela Portugal\",\"description\":\"\",\"potentialAction\":[{\"@type\":\"SearchAction\",\"target\":{\"@type\":\"EntryPoint\",\"urlTemplate\":\"https:\/\/portaltela.pt\/?s={search_term_string}\"},\"query-input\":{\"@type\":\"PropertyValueSpecification\",\"valueRequired\":true,\"valueName\":\"search_term_string\"}}],\"inLanguage\":\"pt-PT\"},{\"@type\":\"Person\",\"@id\":\"https:\/\/portaltela.pt\/#\/schema\/person\/c4278d4a6028830caff9ee44b42d32ed\",\"name\":\"Telinha\",\"image\":{\"@type\":\"ImageObject\",\"inLanguage\":\"pt-PT\",\"@id\":\"https:\/\/portaltela.pt\/s.01k8rhncp4jt1\/2025\/11\/talking-bot-125x125.png\",\"url\":\"https:\/\/portaltela.pt\/s.01k8rhncp4jt1\/2025\/11\/talking-bot-125x125.png\",\"contentUrl\":\"https:\/\/portaltela.pt\/s.01k8rhncp4jt1\/2025\/11\/talking-bot-125x125.png\",\"caption\":\"Telinha\"},\"sameAs\":[\"https:\/\/portaltela.pt\/\"],\"url\":\"https:\/\/portaltela.pt\/por\/367410592786\/\"}]}<\/script>\n<!-- \/ Yoast SEO plugin. -->","yoast_head_json":{"title":"Do Patrim\u00f3nio: investimentos e pol\u00edticas de preserva\u00e7\u00e3o em foco - Portal Tela Portugal","robots":{"index":"index","follow":"follow","max-snippet":"max-snippet:-1","max-image-preview":"max-image-preview:large","max-video-preview":"max-video-preview:-1"},"og_locale":"pt_PT","og_type":"article","og_title":"Do Patrim\u00f3nio: investimentos e pol\u00edticas de preserva\u00e7\u00e3o em foco - Portal Tela Portugal","og_description":"A antiga Baixa era o centro da vida da cidade, com ruas cheias de pessoas que compravam e conversavam \u00e0 vista de todos. O com\u00e9rcio ambulante inclu\u00eda gravatas, azeite, carv\u00e3o, pentes, meias e \u00e1gua com sabor a lim\u00e3o, vendido por pessoas da comunidade. O Se Z\u00e9 Maria, vendedor de castanhas no inverno e \u201csorvetes\u201d no ver\u00e3o, tornou-se figura emblem\u00e1tica dessa \u00e9poca. Diante de dificuldades econ\u00f3micas, ele aceitava pagamentos futuros: \u201cPaga quando tiver\u201d ou \u201cPaga quando for homem\u201d, mantendo-se fiel \u00e0 freguesia. Um epis\u00f3dio de pedagogia c\u00edvica revela que ele limpava as ruas e respondia a palavras feias, tornando os vendedores ambulantes parte do patrim\u00f3nio da cidade.","og_url":"https:\/\/portaltela.pt\/noticias\/2026\/02\/06\/do-patrimonio-investimentos-e-politicas-de-preservacao-em-foco\/","og_site_name":"Portal Tela Portugal","article_published_time":"2026-02-07T00:00:00+00:00","author":"Telinha","twitter_card":"summary_large_image","twitter_misc":{"Escrito por":"Telinha","Tempo estimado de leitura":"1 minuto"},"schema":{"@context":"https:\/\/schema.org","@graph":[{"@type":"Article","@id":"https:\/\/portaltela.pt\/noticias\/2026\/02\/06\/do-patrimonio-investimentos-e-politicas-de-preservacao-em-foco\/#article","isPartOf":{"@id":"https:\/\/portaltela.pt\/noticias\/2026\/02\/06\/do-patrimonio-investimentos-e-politicas-de-preservacao-em-foco\/"},"author":{"name":"Telinha","@id":"https:\/\/portaltela.pt\/#\/schema\/person\/c4278d4a6028830caff9ee44b42d32ed"},"headline":"Do Patrim\u00f3nio: investimentos e pol\u00edticas de preserva\u00e7\u00e3o em foco","datePublished":"2026-02-07T00:00:00+00:00","mainEntityOfPage":{"@id":"https:\/\/portaltela.pt\/noticias\/2026\/02\/06\/do-patrimonio-investimentos-e-politicas-de-preservacao-em-foco\/"},"wordCount":226,"image":{"@id":"https:\/\/portaltela.pt\/noticias\/2026\/02\/06\/do-patrimonio-investimentos-e-politicas-de-preservacao-em-foco\/#primaryimage"},"thumbnailUrl":"https:\/\/portaltela.pt\/s.01k8rhncp4jt1\/2026\/02\/d6fd5c5c-11da-4825-8b87-0a62884efb12_1200x675.jpg","keywords":["com\u00e9rcio","educa\u00e7\u00e3o ambiental","Espa\u00e7os p\u00fablicos","patrim\u00f3nio","Patrim\u00f3nio Cultural","patrim\u00f3nio p\u00fablico"],"articleSection":["Not\u00edcias"],"inLanguage":"pt-PT"},{"@type":"WebPage","@id":"https:\/\/portaltela.pt\/noticias\/2026\/02\/06\/do-patrimonio-investimentos-e-politicas-de-preservacao-em-foco\/","url":"https:\/\/portaltela.pt\/noticias\/2026\/02\/06\/do-patrimonio-investimentos-e-politicas-de-preservacao-em-foco\/","name":"Do Patrim\u00f3nio: investimentos e pol\u00edticas de preserva\u00e7\u00e3o em foco - Portal Tela Portugal","isPartOf":{"@id":"https:\/\/portaltela.pt\/#website"},"primaryImageOfPage":{"@id":"https:\/\/portaltela.pt\/noticias\/2026\/02\/06\/do-patrimonio-investimentos-e-politicas-de-preservacao-em-foco\/#primaryimage"},"image":{"@id":"https:\/\/portaltela.pt\/noticias\/2026\/02\/06\/do-patrimonio-investimentos-e-politicas-de-preservacao-em-foco\/#primaryimage"},"thumbnailUrl":"https:\/\/portaltela.pt\/s.01k8rhncp4jt1\/2026\/02\/d6fd5c5c-11da-4825-8b87-0a62884efb12_1200x675.jpg","datePublished":"2026-02-07T00:00:00+00:00","author":{"@id":"https:\/\/portaltela.pt\/#\/schema\/person\/c4278d4a6028830caff9ee44b42d32ed"},"breadcrumb":{"@id":"https:\/\/portaltela.pt\/noticias\/2026\/02\/06\/do-patrimonio-investimentos-e-politicas-de-preservacao-em-foco\/#breadcrumb"},"inLanguage":"pt-PT","potentialAction":[{"@type":"ReadAction","target":["https:\/\/portaltela.pt\/noticias\/2026\/02\/06\/do-patrimonio-investimentos-e-politicas-de-preservacao-em-foco\/"]}]},{"@type":"ImageObject","inLanguage":"pt-PT","@id":"https:\/\/portaltela.pt\/noticias\/2026\/02\/06\/do-patrimonio-investimentos-e-politicas-de-preservacao-em-foco\/#primaryimage","url":"https:\/\/portaltela.pt\/s.01k8rhncp4jt1\/2026\/02\/d6fd5c5c-11da-4825-8b87-0a62884efb12_1200x675.jpg","contentUrl":"https:\/\/portaltela.pt\/s.01k8rhncp4jt1\/2026\/02\/d6fd5c5c-11da-4825-8b87-0a62884efb12_1200x675.jpg","width":796,"height":448,"caption":"Photo"},{"@type":"BreadcrumbList","@id":"https:\/\/portaltela.pt\/noticias\/2026\/02\/06\/do-patrimonio-investimentos-e-politicas-de-preservacao-em-foco\/#breadcrumb","itemListElement":[{"@type":"ListItem","position":1,"name":"In\u00edcio","item":"https:\/\/portaltela.pt\/"},{"@type":"ListItem","position":2,"name":"Do Patrim\u00f3nio: investimentos e pol\u00edticas de preserva\u00e7\u00e3o em foco"}]},{"@type":"WebSite","@id":"https:\/\/portaltela.pt\/#website","url":"https:\/\/portaltela.pt\/","name":"Portal Tela Portugal","description":"","potentialAction":[{"@type":"SearchAction","target":{"@type":"EntryPoint","urlTemplate":"https:\/\/portaltela.pt\/?s={search_term_string}"},"query-input":{"@type":"PropertyValueSpecification","valueRequired":true,"valueName":"search_term_string"}}],"inLanguage":"pt-PT"},{"@type":"Person","@id":"https:\/\/portaltela.pt\/#\/schema\/person\/c4278d4a6028830caff9ee44b42d32ed","name":"Telinha","image":{"@type":"ImageObject","inLanguage":"pt-PT","@id":"https:\/\/portaltela.pt\/s.01k8rhncp4jt1\/2025\/11\/talking-bot-125x125.png","url":"https:\/\/portaltela.pt\/s.01k8rhncp4jt1\/2025\/11\/talking-bot-125x125.png","contentUrl":"https:\/\/portaltela.pt\/s.01k8rhncp4jt1\/2025\/11\/talking-bot-125x125.png","caption":"Telinha"},"sameAs":["https:\/\/portaltela.pt\/"],"url":"https:\/\/portaltela.pt\/por\/367410592786\/"}]}},"_links":{"self":[{"href":"https:\/\/portaltela.pt\/api\/wp\/v2\/posts\/202607","targetHints":{"allow":["GET"]}}],"collection":[{"href":"https:\/\/portaltela.pt\/api\/wp\/v2\/posts"}],"about":[{"href":"https:\/\/portaltela.pt\/api\/wp\/v2\/types\/post"}],"author":[{"embeddable":true,"href":"https:\/\/portaltela.pt\/api\/wp\/v2\/users\/2"}],"replies":[{"embeddable":true,"href":"https:\/\/portaltela.pt\/api\/wp\/v2\/comments?post=202607"}],"version-history":[{"count":0,"href":"https:\/\/portaltela.pt\/api\/wp\/v2\/posts\/202607\/revisions"}],"wp:featuredmedia":[{"embeddable":true,"href":"https:\/\/portaltela.pt\/api\/wp\/v2\/media\/202613"}],"wp:attachment":[{"href":"https:\/\/portaltela.pt\/api\/wp\/v2\/media?parent=202607"}],"wp:term":[{"taxonomy":"category","embeddable":true,"href":"https:\/\/portaltela.pt\/api\/wp\/v2\/categories?post=202607"},{"taxonomy":"post_tag","embeddable":true,"href":"https:\/\/portaltela.pt\/api\/wp\/v2\/tags?post=202607"}],"curies":[{"name":"wp","href":"https:\/\/api.w.org\/{rel}","templated":true}]}}