{"id":202567,"date":"2026-02-06T21:39:00","date_gmt":"2026-02-07T00:39:00","guid":{"rendered":"https:\/\/portaltela.pt\/noticias\/2026\/02\/06\/alentejo-tem-produtor-e-vinho-do-ano-segundo-a-revista-de-vinhos-2025\/"},"modified":"2026-02-06T21:39:00","modified_gmt":"2026-02-07T00:39:00","slug":"alentejo-tem-produtor-e-vinho-do-ano-segundo-a-revista-de-vinhos-2025","status":"publish","type":"post","link":"https:\/\/portaltela.pt\/noticias\/2026\/02\/06\/alentejo-tem-produtor-e-vinho-do-ano-segundo-a-revista-de-vinhos-2025\/","title":{"rendered":"Alentejo tem produtor e vinho do ano segundo a Revista de Vinhos 2025"},"content":{"rendered":"<p>A Revista de Vinhos realizou a gala anual Os Melhores de 2025, na Sala do Arquivo do Centro de Congressos da Alf\u00e2ndega do Porto. O evento reconheceu distin\u00e7\u00f5es em v\u00e1rias categorias de vinhos e gastronomia, com foco no Alentejo e outras regi\u00f5es de produ\u00e7\u00e3o em Portugal.<\/p>\n<p>O Cartuxa Reserva 2019 foi eleito o Vinho do Ano. A cerim\u00f3nia tamb\u00e9m premiou a Herdade do Sobroso como Produtor do Ano, numa altura em que celebra 25 anos de atividade. Destaques incluem ainda Wine &amp; Soul, Duas Quintas e os chefs V\u00edtor Matos e Rui Silvestre.<\/p>\n<h3>Pr\u00e9mios principais<\/h3>\n<p>A Herdade do Sobroso destaca-se pela gest\u00e3o liderada pelo casal Sofia Ginestal Machado e Filipe Teixeira Pinto, numa herdade de 1600 hectares junto ao Alqueva. O pr\u00e9mio reconhece o trabalho ao longo de d\u00e9cadas na regi\u00e3o do Guadiana.<\/p>\n<h3>Vinho do Ano e Cartuxa<\/h3>\n<p>O Cartuxa Reserva Tinto 2019, produzido pela Funda\u00e7\u00e3o Eug\u00e9nio de Almeida, \u00e9 apresentado como um cl\u00e1ssico do Alentejo. Este lote resulta das uvas Alicante Bouschet, Aragonez e Cabernet Sauvignon, com 15% de \u00e1lcool.<\/p>\n<h3>Produtor e enologia<\/h3>\n<p>Entre os premiados destaca-se a Wine &amp; Soul, de Sandra Tavares da Silva e Jorge Ser\u00f4dio Borges, eleito En\u00f3logo do Ano. O resto do grupo inclui o En\u00f3logo Revela\u00e7\u00e3o Ricardo Gomes, ligado a projetos do Grupo Vila Gal\u00e9 e Madre.<\/p>\n<h3>Enoturismo e gastronomia<\/h3>\n<p>Na vertente de enoturismo, o roteiro Beira Interior Wine Villages recebeu distin\u00e7\u00e3o. A n\u00edvel gastron\u00f3mico, V\u00edtor Matos \u00e9 Personalidade do Ano na Gastronomia, e Rui Silvestre \u00e9 Chefe de Cozinha do Ano. Rita Magro \u00e9 Chefe Revela\u00e7\u00e3o; o Bioma, Pico, \u00e9 o Restaurante do Ano.<\/p>\n<h3>Distribui\u00e7\u00e3o e servi\u00e7o de vinhos<\/h3>\n<p>No cap\u00edtulo de distribui\u00e7\u00e3o, a Cave Lusa foi distinguida como Distribuidor do Ano, e a mercearia P\u00e1ra!Bento, em Vila do Conde, foi reconhecida como Loja\/Garrafeira do Ano. Nunes Real Marisqueira recebeu o Pr\u00e9mio Servi\u00e7o de Vinhos.<\/p>\n<h3>Homenagens e reconhecimentos<\/h3>\n<p>Francisco Toscano Rico foi indicado como Personalidade do Ano no Vinho, agora presidente do Instituto da Vinha e do Vinho. L\u00eddia Monteiro, do Instituto do Turismo de Portugal, foi homenageada pela dinamiza\u00e7\u00e3o do enoturismo. No Brasil, Jorge Lucki recebeu a distin\u00e7\u00e3o de Personalidade do Ano.<\/p>\n","protected":false},"excerpt":{"rendered":"<ul>\n<li>O Cartuxa Reserva 2019 foi eleito o Vinho do Ano, produzido pela Funda\u00e7\u00e3o Eug\u00e9nio de Almeida no Alentejo.<\/li>\n<li>O Produtor do Ano \u00e9 a Herdade do Sobroso, celebra 25 anos de atividade e fica perto do Alqueva.<\/li>\n<li>O Produtor Revela\u00e7\u00e3o do Ano \u00e9 a VineVinu, novo produtor da regi\u00e3o dos Vinhos Verdes.<\/li>\n<li>En\u00f3logo do Ano \u00e9 a dupla Wine &amp; Soul, Sandra Tavares da Silva e Jorge Ser\u00f4dio Borges, no Douro.<\/li>\n<li>Marca do Ano \u00e9 a Duas Quintas, do Douro, criada pela Ramos Pinto.<\/li>\n<\/ul>\n","protected":false},"author":2,"featured_media":202568,"comment_status":"closed","ping_status":"closed","sticky":false,"template":"","format":"standard","meta":{"footnotes":""},"categories":[1],"tags":[883,1846,5605,3727,219,5586],"class_list":["post-202567","post","type-post","status-publish","format-standard","has-post-thumbnail","hentry","category-noticias","tag-alentejo","tag-beira-interior","tag-beira-interior-wine-villages","tag-enoturismo","tag-gastronomia","tag-vinho"],"yoast_head":"<!-- This site is optimized with the Yoast SEO plugin v27.2 - https:\/\/yoast.com\/product\/yoast-seo-wordpress\/ -->\n<title>Alentejo tem produtor e vinho do ano segundo a Revista de Vinhos 2025 - Portal Tela Portugal<\/title>\n<meta name=\"robots\" content=\"index, follow, max-snippet:-1, max-image-preview:large, max-video-preview:-1\" \/>\n<meta property=\"og:locale\" content=\"pt_PT\" \/>\n<meta property=\"og:type\" content=\"article\" \/>\n<meta property=\"og:title\" content=\"Alentejo tem produtor e vinho do ano segundo a Revista de Vinhos 2025 - Portal Tela Portugal\" \/>\n<meta property=\"og:description\" content=\"O Cartuxa Reserva 2019 foi eleito o Vinho do Ano, produzido pela Funda\u00e7\u00e3o Eug\u00e9nio de Almeida no Alentejo. O Produtor do Ano \u00e9 a Herdade do Sobroso, celebra 25 anos de atividade e fica perto do Alqueva. O Produtor Revela\u00e7\u00e3o do Ano \u00e9 a VineVinu, novo produtor da regi\u00e3o dos Vinhos Verdes. En\u00f3logo do Ano \u00e9 a dupla Wine &amp; Soul, Sandra Tavares da Silva e Jorge Ser\u00f4dio Borges, no Douro. Marca do Ano \u00e9 a Duas Quintas, do Douro, criada pela Ramos Pinto.\" \/>\n<meta property=\"og:url\" content=\"https:\/\/portaltela.pt\/noticias\/2026\/02\/06\/alentejo-tem-produtor-e-vinho-do-ano-segundo-a-revista-de-vinhos-2025\/\" \/>\n<meta property=\"og:site_name\" content=\"Portal Tela Portugal\" \/>\n<meta property=\"article:published_time\" content=\"2026-02-07T00:39:00+00:00\" \/>\n<meta name=\"author\" content=\"Telinha\" \/>\n<meta name=\"twitter:card\" content=\"summary_large_image\" \/>\n<meta name=\"twitter:label1\" content=\"Escrito por\" \/>\n\t<meta name=\"twitter:data1\" content=\"Telinha\" \/>\n\t<meta name=\"twitter:label2\" content=\"Tempo estimado de leitura\" \/>\n\t<meta name=\"twitter:data2\" content=\"2 minutos\" \/>\n<script type=\"application\/ld+json\" class=\"yoast-schema-graph\">{\"@context\":\"https:\/\/schema.org\",\"@graph\":[{\"@type\":\"Article\",\"@id\":\"https:\/\/portaltela.pt\/noticias\/2026\/02\/06\/alentejo-tem-produtor-e-vinho-do-ano-segundo-a-revista-de-vinhos-2025\/#article\",\"isPartOf\":{\"@id\":\"https:\/\/portaltela.pt\/noticias\/2026\/02\/06\/alentejo-tem-produtor-e-vinho-do-ano-segundo-a-revista-de-vinhos-2025\/\"},\"author\":{\"name\":\"Telinha\",\"@id\":\"https:\/\/portaltela.pt\/#\/schema\/person\/c4278d4a6028830caff9ee44b42d32ed\"},\"headline\":\"Alentejo tem produtor e vinho do ano segundo a Revista de Vinhos 2025\",\"datePublished\":\"2026-02-07T00:39:00+00:00\",\"mainEntityOfPage\":{\"@id\":\"https:\/\/portaltela.pt\/noticias\/2026\/02\/06\/alentejo-tem-produtor-e-vinho-do-ano-segundo-a-revista-de-vinhos-2025\/\"},\"wordCount\":389,\"image\":{\"@id\":\"https:\/\/portaltela.pt\/noticias\/2026\/02\/06\/alentejo-tem-produtor-e-vinho-do-ano-segundo-a-revista-de-vinhos-2025\/#primaryimage\"},\"thumbnailUrl\":\"https:\/\/portaltela.pt\/s.01k8rhncp4jt1\/2026\/02\/2065251.jpg\",\"keywords\":[\"Alentejo\",\"Beira Interior\",\"Beira Interior Wine Villages\",\"enoturismo\",\"gastronomia\",\"vinho\"],\"articleSection\":[\"Not\u00edcias\"],\"inLanguage\":\"pt-PT\"},{\"@type\":\"WebPage\",\"@id\":\"https:\/\/portaltela.pt\/noticias\/2026\/02\/06\/alentejo-tem-produtor-e-vinho-do-ano-segundo-a-revista-de-vinhos-2025\/\",\"url\":\"https:\/\/portaltela.pt\/noticias\/2026\/02\/06\/alentejo-tem-produtor-e-vinho-do-ano-segundo-a-revista-de-vinhos-2025\/\",\"name\":\"Alentejo tem produtor e vinho do ano segundo a Revista de Vinhos 2025 - Portal Tela Portugal\",\"isPartOf\":{\"@id\":\"https:\/\/portaltela.pt\/#website\"},\"primaryImageOfPage\":{\"@id\":\"https:\/\/portaltela.pt\/noticias\/2026\/02\/06\/alentejo-tem-produtor-e-vinho-do-ano-segundo-a-revista-de-vinhos-2025\/#primaryimage\"},\"image\":{\"@id\":\"https:\/\/portaltela.pt\/noticias\/2026\/02\/06\/alentejo-tem-produtor-e-vinho-do-ano-segundo-a-revista-de-vinhos-2025\/#primaryimage\"},\"thumbnailUrl\":\"https:\/\/portaltela.pt\/s.01k8rhncp4jt1\/2026\/02\/2065251.jpg\",\"datePublished\":\"2026-02-07T00:39:00+00:00\",\"author\":{\"@id\":\"https:\/\/portaltela.pt\/#\/schema\/person\/c4278d4a6028830caff9ee44b42d32ed\"},\"breadcrumb\":{\"@id\":\"https:\/\/portaltela.pt\/noticias\/2026\/02\/06\/alentejo-tem-produtor-e-vinho-do-ano-segundo-a-revista-de-vinhos-2025\/#breadcrumb\"},\"inLanguage\":\"pt-PT\",\"potentialAction\":[{\"@type\":\"ReadAction\",\"target\":[\"https:\/\/portaltela.pt\/noticias\/2026\/02\/06\/alentejo-tem-produtor-e-vinho-do-ano-segundo-a-revista-de-vinhos-2025\/\"]}]},{\"@type\":\"ImageObject\",\"inLanguage\":\"pt-PT\",\"@id\":\"https:\/\/portaltela.pt\/noticias\/2026\/02\/06\/alentejo-tem-produtor-e-vinho-do-ano-segundo-a-revista-de-vinhos-2025\/#primaryimage\",\"url\":\"https:\/\/portaltela.pt\/s.01k8rhncp4jt1\/2026\/02\/2065251.jpg\",\"contentUrl\":\"https:\/\/portaltela.pt\/s.01k8rhncp4jt1\/2026\/02\/2065251.jpg\",\"width\":796,\"height\":448,\"caption\":\"A Herdade do Sobroso, em Marmelar, Vidigueira\"},{\"@type\":\"BreadcrumbList\",\"@id\":\"https:\/\/portaltela.pt\/noticias\/2026\/02\/06\/alentejo-tem-produtor-e-vinho-do-ano-segundo-a-revista-de-vinhos-2025\/#breadcrumb\",\"itemListElement\":[{\"@type\":\"ListItem\",\"position\":1,\"name\":\"In\u00edcio\",\"item\":\"https:\/\/portaltela.pt\/\"},{\"@type\":\"ListItem\",\"position\":2,\"name\":\"Alentejo tem produtor e vinho do ano segundo a Revista de Vinhos 2025\"}]},{\"@type\":\"WebSite\",\"@id\":\"https:\/\/portaltela.pt\/#website\",\"url\":\"https:\/\/portaltela.pt\/\",\"name\":\"Portal Tela Portugal\",\"description\":\"\",\"potentialAction\":[{\"@type\":\"SearchAction\",\"target\":{\"@type\":\"EntryPoint\",\"urlTemplate\":\"https:\/\/portaltela.pt\/?s={search_term_string}\"},\"query-input\":{\"@type\":\"PropertyValueSpecification\",\"valueRequired\":true,\"valueName\":\"search_term_string\"}}],\"inLanguage\":\"pt-PT\"},{\"@type\":\"Person\",\"@id\":\"https:\/\/portaltela.pt\/#\/schema\/person\/c4278d4a6028830caff9ee44b42d32ed\",\"name\":\"Telinha\",\"image\":{\"@type\":\"ImageObject\",\"inLanguage\":\"pt-PT\",\"@id\":\"https:\/\/portaltela.pt\/s.01k8rhncp4jt1\/2025\/11\/talking-bot-125x125.png\",\"url\":\"https:\/\/portaltela.pt\/s.01k8rhncp4jt1\/2025\/11\/talking-bot-125x125.png\",\"contentUrl\":\"https:\/\/portaltela.pt\/s.01k8rhncp4jt1\/2025\/11\/talking-bot-125x125.png\",\"caption\":\"Telinha\"},\"sameAs\":[\"https:\/\/portaltela.pt\/\"],\"url\":\"https:\/\/portaltela.pt\/por\/367410592786\/\"}]}<\/script>\n<!-- \/ Yoast SEO plugin. -->","yoast_head_json":{"title":"Alentejo tem produtor e vinho do ano segundo a Revista de Vinhos 2025 - Portal Tela Portugal","robots":{"index":"index","follow":"follow","max-snippet":"max-snippet:-1","max-image-preview":"max-image-preview:large","max-video-preview":"max-video-preview:-1"},"og_locale":"pt_PT","og_type":"article","og_title":"Alentejo tem produtor e vinho do ano segundo a Revista de Vinhos 2025 - Portal Tela Portugal","og_description":"O Cartuxa Reserva 2019 foi eleito o Vinho do Ano, produzido pela Funda\u00e7\u00e3o Eug\u00e9nio de Almeida no Alentejo. O Produtor do Ano \u00e9 a Herdade do Sobroso, celebra 25 anos de atividade e fica perto do Alqueva. O Produtor Revela\u00e7\u00e3o do Ano \u00e9 a VineVinu, novo produtor da regi\u00e3o dos Vinhos Verdes. En\u00f3logo do Ano \u00e9 a dupla Wine &amp; Soul, Sandra Tavares da Silva e Jorge Ser\u00f4dio Borges, no Douro. Marca do Ano \u00e9 a Duas Quintas, do Douro, criada pela Ramos Pinto.","og_url":"https:\/\/portaltela.pt\/noticias\/2026\/02\/06\/alentejo-tem-produtor-e-vinho-do-ano-segundo-a-revista-de-vinhos-2025\/","og_site_name":"Portal Tela Portugal","article_published_time":"2026-02-07T00:39:00+00:00","author":"Telinha","twitter_card":"summary_large_image","twitter_misc":{"Escrito por":"Telinha","Tempo estimado de leitura":"2 minutos"},"schema":{"@context":"https:\/\/schema.org","@graph":[{"@type":"Article","@id":"https:\/\/portaltela.pt\/noticias\/2026\/02\/06\/alentejo-tem-produtor-e-vinho-do-ano-segundo-a-revista-de-vinhos-2025\/#article","isPartOf":{"@id":"https:\/\/portaltela.pt\/noticias\/2026\/02\/06\/alentejo-tem-produtor-e-vinho-do-ano-segundo-a-revista-de-vinhos-2025\/"},"author":{"name":"Telinha","@id":"https:\/\/portaltela.pt\/#\/schema\/person\/c4278d4a6028830caff9ee44b42d32ed"},"headline":"Alentejo tem produtor e vinho do ano segundo a Revista de Vinhos 2025","datePublished":"2026-02-07T00:39:00+00:00","mainEntityOfPage":{"@id":"https:\/\/portaltela.pt\/noticias\/2026\/02\/06\/alentejo-tem-produtor-e-vinho-do-ano-segundo-a-revista-de-vinhos-2025\/"},"wordCount":389,"image":{"@id":"https:\/\/portaltela.pt\/noticias\/2026\/02\/06\/alentejo-tem-produtor-e-vinho-do-ano-segundo-a-revista-de-vinhos-2025\/#primaryimage"},"thumbnailUrl":"https:\/\/portaltela.pt\/s.01k8rhncp4jt1\/2026\/02\/2065251.jpg","keywords":["Alentejo","Beira Interior","Beira Interior Wine Villages","enoturismo","gastronomia","vinho"],"articleSection":["Not\u00edcias"],"inLanguage":"pt-PT"},{"@type":"WebPage","@id":"https:\/\/portaltela.pt\/noticias\/2026\/02\/06\/alentejo-tem-produtor-e-vinho-do-ano-segundo-a-revista-de-vinhos-2025\/","url":"https:\/\/portaltela.pt\/noticias\/2026\/02\/06\/alentejo-tem-produtor-e-vinho-do-ano-segundo-a-revista-de-vinhos-2025\/","name":"Alentejo tem produtor e vinho do ano segundo a Revista de Vinhos 2025 - Portal Tela Portugal","isPartOf":{"@id":"https:\/\/portaltela.pt\/#website"},"primaryImageOfPage":{"@id":"https:\/\/portaltela.pt\/noticias\/2026\/02\/06\/alentejo-tem-produtor-e-vinho-do-ano-segundo-a-revista-de-vinhos-2025\/#primaryimage"},"image":{"@id":"https:\/\/portaltela.pt\/noticias\/2026\/02\/06\/alentejo-tem-produtor-e-vinho-do-ano-segundo-a-revista-de-vinhos-2025\/#primaryimage"},"thumbnailUrl":"https:\/\/portaltela.pt\/s.01k8rhncp4jt1\/2026\/02\/2065251.jpg","datePublished":"2026-02-07T00:39:00+00:00","author":{"@id":"https:\/\/portaltela.pt\/#\/schema\/person\/c4278d4a6028830caff9ee44b42d32ed"},"breadcrumb":{"@id":"https:\/\/portaltela.pt\/noticias\/2026\/02\/06\/alentejo-tem-produtor-e-vinho-do-ano-segundo-a-revista-de-vinhos-2025\/#breadcrumb"},"inLanguage":"pt-PT","potentialAction":[{"@type":"ReadAction","target":["https:\/\/portaltela.pt\/noticias\/2026\/02\/06\/alentejo-tem-produtor-e-vinho-do-ano-segundo-a-revista-de-vinhos-2025\/"]}]},{"@type":"ImageObject","inLanguage":"pt-PT","@id":"https:\/\/portaltela.pt\/noticias\/2026\/02\/06\/alentejo-tem-produtor-e-vinho-do-ano-segundo-a-revista-de-vinhos-2025\/#primaryimage","url":"https:\/\/portaltela.pt\/s.01k8rhncp4jt1\/2026\/02\/2065251.jpg","contentUrl":"https:\/\/portaltela.pt\/s.01k8rhncp4jt1\/2026\/02\/2065251.jpg","width":796,"height":448,"caption":"A Herdade do Sobroso, em Marmelar, Vidigueira"},{"@type":"BreadcrumbList","@id":"https:\/\/portaltela.pt\/noticias\/2026\/02\/06\/alentejo-tem-produtor-e-vinho-do-ano-segundo-a-revista-de-vinhos-2025\/#breadcrumb","itemListElement":[{"@type":"ListItem","position":1,"name":"In\u00edcio","item":"https:\/\/portaltela.pt\/"},{"@type":"ListItem","position":2,"name":"Alentejo tem produtor e vinho do ano segundo a Revista de Vinhos 2025"}]},{"@type":"WebSite","@id":"https:\/\/portaltela.pt\/#website","url":"https:\/\/portaltela.pt\/","name":"Portal Tela Portugal","description":"","potentialAction":[{"@type":"SearchAction","target":{"@type":"EntryPoint","urlTemplate":"https:\/\/portaltela.pt\/?s={search_term_string}"},"query-input":{"@type":"PropertyValueSpecification","valueRequired":true,"valueName":"search_term_string"}}],"inLanguage":"pt-PT"},{"@type":"Person","@id":"https:\/\/portaltela.pt\/#\/schema\/person\/c4278d4a6028830caff9ee44b42d32ed","name":"Telinha","image":{"@type":"ImageObject","inLanguage":"pt-PT","@id":"https:\/\/portaltela.pt\/s.01k8rhncp4jt1\/2025\/11\/talking-bot-125x125.png","url":"https:\/\/portaltela.pt\/s.01k8rhncp4jt1\/2025\/11\/talking-bot-125x125.png","contentUrl":"https:\/\/portaltela.pt\/s.01k8rhncp4jt1\/2025\/11\/talking-bot-125x125.png","caption":"Telinha"},"sameAs":["https:\/\/portaltela.pt\/"],"url":"https:\/\/portaltela.pt\/por\/367410592786\/"}]}},"_links":{"self":[{"href":"https:\/\/portaltela.pt\/api\/wp\/v2\/posts\/202567","targetHints":{"allow":["GET"]}}],"collection":[{"href":"https:\/\/portaltela.pt\/api\/wp\/v2\/posts"}],"about":[{"href":"https:\/\/portaltela.pt\/api\/wp\/v2\/types\/post"}],"author":[{"embeddable":true,"href":"https:\/\/portaltela.pt\/api\/wp\/v2\/users\/2"}],"replies":[{"embeddable":true,"href":"https:\/\/portaltela.pt\/api\/wp\/v2\/comments?post=202567"}],"version-history":[{"count":0,"href":"https:\/\/portaltela.pt\/api\/wp\/v2\/posts\/202567\/revisions"}],"wp:featuredmedia":[{"embeddable":true,"href":"https:\/\/portaltela.pt\/api\/wp\/v2\/media\/202568"}],"wp:attachment":[{"href":"https:\/\/portaltela.pt\/api\/wp\/v2\/media?parent=202567"}],"wp:term":[{"taxonomy":"category","embeddable":true,"href":"https:\/\/portaltela.pt\/api\/wp\/v2\/categories?post=202567"},{"taxonomy":"post_tag","embeddable":true,"href":"https:\/\/portaltela.pt\/api\/wp\/v2\/tags?post=202567"}],"curies":[{"name":"wp","href":"https:\/\/api.w.org\/{rel}","templated":true}]}}