{"id":202564,"date":"2026-02-07T04:05:00","date_gmt":"2026-02-07T07:05:00","guid":{"rendered":"https:\/\/portaltela.pt\/noticias\/2026\/02\/07\/a-quarta-vida-dos-bonecos-de-estremoz-ganha-nova-exposicao\/"},"modified":"2026-02-07T04:05:00","modified_gmt":"2026-02-07T07:05:00","slug":"a-quarta-vida-dos-bonecos-de-estremoz-ganha-nova-exposicao","status":"publish","type":"post","link":"https:\/\/portaltela.pt\/noticias\/2026\/02\/07\/a-quarta-vida-dos-bonecos-de-estremoz-ganha-nova-exposicao\/","title":{"rendered":"A quarta vida dos Bonecos de Estremoz ganha nova exposi\u00e7\u00e3o"},"content":{"rendered":"<p>A investiga\u00e7\u00e3o cient\u00edfica mais aprofundada sobre os Bonecos de Estremoz revelou a elevada sofistica\u00e7\u00e3o das t\u00e9cnicas usadas pelas antigas bonequeiras no fabrico destes objetos de artesanato. O trabalho aponta para uma produ\u00e7\u00e3o artesanal com tra\u00e7os t\u00e9cnicos not\u00e1veis.<\/p>\n<p>Ainda existem inc\u00f3gnitas sobre a origem destes Bonecos de Estremoz, pequenas figuras de cer\u00e2mica populares entre coleccionadores e museus. Sabe-se, por\u00e9m, que come\u00e7aram a ser fabricados h\u00e1 mais de 300 anos e ganharam reconhecimento internacional.<\/p>\n<p>Ao longo da hist\u00f3ria, a produ\u00e7\u00e3o esteve \u00e0 beira da extin\u00e7\u00e3o em tr\u00eas ocasi\u00f5es: no final do s\u00e9culo XIX, na d\u00e9cada de 1920 e no per\u00edodo anterior \u00e0 atual. Em cada uma dessas fases, o artesanato de Estremoz conseguiu renovar-se e adaptar-se.<\/p>\n<h3>Novo impulso na produ\u00e7\u00e3o e na divulga\u00e7\u00e3o<\/h3>\n<p>Actualmente, assiste-se a uma nova din\u00e2mica na produ\u00e7\u00e3o e na comercializa\u00e7\u00e3o. O interesse acad\u00e9mico cresce e h\u00e1 impacto positivo no turismo cultural da regi\u00e3o. Paralelamente, o estudo cient\u00edfico tem revelado uma sofistica\u00e7\u00e3o surpreendente nas pe\u00e7as.<\/p>\n","protected":false},"excerpt":{"rendered":"<ul>\n<li>Investiga\u00e7\u00e3o cient\u00edfica mais profunda revela a sofistica\u00e7\u00e3o das t\u00e9cnicas utilizadas pelas bonequeiras de Estremoz.<\/li>\n<li>Ainda existem inc\u00f3gnitas sobre a origem dos Bonecos de Estremoz, pequenas figuras em cer\u00e2mica populares entre colecionadores e museus.<\/li>\n<li>Os bonecos come\u00e7aram a ser fabricados h\u00e1 mais de trezentos anos e j\u00e1 estiveram \u00e0 beira da extin\u00e7\u00e3o tr\u00eas vezes: no final do s\u00e9culo XIX, na d\u00e9cada de 1920 e na d\u00e9cada anterior \u00e0 atual.<\/li>\n<li>Atualmente h\u00e1 nova din\u00e2mica na produ\u00e7\u00e3o e na comercializa\u00e7\u00e3o, impulsionada pelo interesse acad\u00e9mico e pelo turismo cultural.<\/li>\n<li>O interesse cient\u00edfico pelas figuras tem revelado a sua surpreendente sofistica\u00e7\u00e3o.<\/li>\n<\/ul>\n","protected":false},"author":2,"featured_media":202566,"comment_status":"closed","ping_status":"closed","sticky":false,"template":"","format":"standard","meta":{"footnotes":""},"categories":[1],"tags":[70,3022,1098,1175,169],"class_list":["post-202564","post","type-post","status-publish","format-standard","has-post-thumbnail","hentry","category-noticias","tag-arte","tag-ceramica","tag-estremoz","tag-patrimonio-cultural","tag-turismo"],"yoast_head":"<!-- This site is optimized with the Yoast SEO plugin v27.2 - https:\/\/yoast.com\/product\/yoast-seo-wordpress\/ -->\n<title>A quarta vida dos Bonecos de Estremoz ganha nova exposi\u00e7\u00e3o - Portal Tela Portugal<\/title>\n<meta name=\"robots\" content=\"index, follow, max-snippet:-1, max-image-preview:large, max-video-preview:-1\" \/>\n<meta property=\"og:locale\" content=\"pt_PT\" \/>\n<meta property=\"og:type\" content=\"article\" \/>\n<meta property=\"og:title\" content=\"A quarta vida dos Bonecos de Estremoz ganha nova exposi\u00e7\u00e3o - Portal Tela Portugal\" \/>\n<meta property=\"og:description\" content=\"Investiga\u00e7\u00e3o cient\u00edfica mais profunda revela a sofistica\u00e7\u00e3o das t\u00e9cnicas utilizadas pelas bonequeiras de Estremoz. Ainda existem inc\u00f3gnitas sobre a origem dos Bonecos de Estremoz, pequenas figuras em cer\u00e2mica populares entre colecionadores e museus. Os bonecos come\u00e7aram a ser fabricados h\u00e1 mais de trezentos anos e j\u00e1 estiveram \u00e0 beira da extin\u00e7\u00e3o tr\u00eas vezes: no final do s\u00e9culo XIX, na d\u00e9cada de 1920 e na d\u00e9cada anterior \u00e0 atual. Atualmente h\u00e1 nova din\u00e2mica na produ\u00e7\u00e3o e na comercializa\u00e7\u00e3o, impulsionada pelo interesse acad\u00e9mico e pelo turismo cultural. O interesse cient\u00edfico pelas figuras tem revelado a sua surpreendente sofistica\u00e7\u00e3o.\" \/>\n<meta property=\"og:url\" content=\"https:\/\/portaltela.pt\/noticias\/2026\/02\/07\/a-quarta-vida-dos-bonecos-de-estremoz-ganha-nova-exposicao\/\" \/>\n<meta property=\"og:site_name\" content=\"Portal Tela Portugal\" \/>\n<meta property=\"article:published_time\" content=\"2026-02-07T07:05:00+00:00\" \/>\n<meta name=\"author\" content=\"Telinha\" \/>\n<meta name=\"twitter:card\" content=\"summary_large_image\" \/>\n<meta name=\"twitter:label1\" content=\"Escrito por\" \/>\n\t<meta name=\"twitter:data1\" content=\"Telinha\" \/>\n\t<meta name=\"twitter:label2\" content=\"Tempo estimado de leitura\" \/>\n\t<meta name=\"twitter:data2\" content=\"1 minuto\" \/>\n<script type=\"application\/ld+json\" class=\"yoast-schema-graph\">{\"@context\":\"https:\/\/schema.org\",\"@graph\":[{\"@type\":\"Article\",\"@id\":\"https:\/\/portaltela.pt\/noticias\/2026\/02\/07\/a-quarta-vida-dos-bonecos-de-estremoz-ganha-nova-exposicao\/#article\",\"isPartOf\":{\"@id\":\"https:\/\/portaltela.pt\/noticias\/2026\/02\/07\/a-quarta-vida-dos-bonecos-de-estremoz-ganha-nova-exposicao\/\"},\"author\":{\"name\":\"Telinha\",\"@id\":\"https:\/\/portaltela.pt\/#\/schema\/person\/c4278d4a6028830caff9ee44b42d32ed\"},\"headline\":\"A quarta vida dos Bonecos de Estremoz ganha nova exposi\u00e7\u00e3o\",\"datePublished\":\"2026-02-07T07:05:00+00:00\",\"mainEntityOfPage\":{\"@id\":\"https:\/\/portaltela.pt\/noticias\/2026\/02\/07\/a-quarta-vida-dos-bonecos-de-estremoz-ganha-nova-exposicao\/\"},\"wordCount\":193,\"image\":{\"@id\":\"https:\/\/portaltela.pt\/noticias\/2026\/02\/07\/a-quarta-vida-dos-bonecos-de-estremoz-ganha-nova-exposicao\/#primaryimage\"},\"thumbnailUrl\":\"https:\/\/portaltela.pt\/s.01k8rhncp4jt1\/2026\/02\/2065069.jpg\",\"keywords\":[\"arte\",\"cer\u00e2mica\",\"Estremoz\",\"Patrim\u00f3nio Cultural\",\"turismo\"],\"articleSection\":[\"Not\u00edcias\"],\"inLanguage\":\"pt-PT\"},{\"@type\":\"WebPage\",\"@id\":\"https:\/\/portaltela.pt\/noticias\/2026\/02\/07\/a-quarta-vida-dos-bonecos-de-estremoz-ganha-nova-exposicao\/\",\"url\":\"https:\/\/portaltela.pt\/noticias\/2026\/02\/07\/a-quarta-vida-dos-bonecos-de-estremoz-ganha-nova-exposicao\/\",\"name\":\"A quarta vida dos Bonecos de Estremoz ganha nova exposi\u00e7\u00e3o - Portal Tela Portugal\",\"isPartOf\":{\"@id\":\"https:\/\/portaltela.pt\/#website\"},\"primaryImageOfPage\":{\"@id\":\"https:\/\/portaltela.pt\/noticias\/2026\/02\/07\/a-quarta-vida-dos-bonecos-de-estremoz-ganha-nova-exposicao\/#primaryimage\"},\"image\":{\"@id\":\"https:\/\/portaltela.pt\/noticias\/2026\/02\/07\/a-quarta-vida-dos-bonecos-de-estremoz-ganha-nova-exposicao\/#primaryimage\"},\"thumbnailUrl\":\"https:\/\/portaltela.pt\/s.01k8rhncp4jt1\/2026\/02\/2065069.jpg\",\"datePublished\":\"2026-02-07T07:05:00+00:00\",\"author\":{\"@id\":\"https:\/\/portaltela.pt\/#\/schema\/person\/c4278d4a6028830caff9ee44b42d32ed\"},\"breadcrumb\":{\"@id\":\"https:\/\/portaltela.pt\/noticias\/2026\/02\/07\/a-quarta-vida-dos-bonecos-de-estremoz-ganha-nova-exposicao\/#breadcrumb\"},\"inLanguage\":\"pt-PT\",\"potentialAction\":[{\"@type\":\"ReadAction\",\"target\":[\"https:\/\/portaltela.pt\/noticias\/2026\/02\/07\/a-quarta-vida-dos-bonecos-de-estremoz-ganha-nova-exposicao\/\"]}]},{\"@type\":\"ImageObject\",\"inLanguage\":\"pt-PT\",\"@id\":\"https:\/\/portaltela.pt\/noticias\/2026\/02\/07\/a-quarta-vida-dos-bonecos-de-estremoz-ganha-nova-exposicao\/#primaryimage\",\"url\":\"https:\/\/portaltela.pt\/s.01k8rhncp4jt1\/2026\/02\/2065069.jpg\",\"contentUrl\":\"https:\/\/portaltela.pt\/s.01k8rhncp4jt1\/2026\/02\/2065069.jpg\",\"width\":796,\"height\":448,\"caption\":\"Bonecos de Estremoz, com um pres\u00e9pio no centro, feitos pelas irm\u00e3s Flores\"},{\"@type\":\"BreadcrumbList\",\"@id\":\"https:\/\/portaltela.pt\/noticias\/2026\/02\/07\/a-quarta-vida-dos-bonecos-de-estremoz-ganha-nova-exposicao\/#breadcrumb\",\"itemListElement\":[{\"@type\":\"ListItem\",\"position\":1,\"name\":\"In\u00edcio\",\"item\":\"https:\/\/portaltela.pt\/\"},{\"@type\":\"ListItem\",\"position\":2,\"name\":\"A quarta vida dos Bonecos de Estremoz ganha nova exposi\u00e7\u00e3o\"}]},{\"@type\":\"WebSite\",\"@id\":\"https:\/\/portaltela.pt\/#website\",\"url\":\"https:\/\/portaltela.pt\/\",\"name\":\"Portal Tela Portugal\",\"description\":\"\",\"potentialAction\":[{\"@type\":\"SearchAction\",\"target\":{\"@type\":\"EntryPoint\",\"urlTemplate\":\"https:\/\/portaltela.pt\/?s={search_term_string}\"},\"query-input\":{\"@type\":\"PropertyValueSpecification\",\"valueRequired\":true,\"valueName\":\"search_term_string\"}}],\"inLanguage\":\"pt-PT\"},{\"@type\":\"Person\",\"@id\":\"https:\/\/portaltela.pt\/#\/schema\/person\/c4278d4a6028830caff9ee44b42d32ed\",\"name\":\"Telinha\",\"image\":{\"@type\":\"ImageObject\",\"inLanguage\":\"pt-PT\",\"@id\":\"https:\/\/portaltela.pt\/s.01k8rhncp4jt1\/2025\/11\/talking-bot-125x125.png\",\"url\":\"https:\/\/portaltela.pt\/s.01k8rhncp4jt1\/2025\/11\/talking-bot-125x125.png\",\"contentUrl\":\"https:\/\/portaltela.pt\/s.01k8rhncp4jt1\/2025\/11\/talking-bot-125x125.png\",\"caption\":\"Telinha\"},\"sameAs\":[\"https:\/\/portaltela.pt\/\"],\"url\":\"https:\/\/portaltela.pt\/por\/367410592786\/\"}]}<\/script>\n<!-- \/ Yoast SEO plugin. -->","yoast_head_json":{"title":"A quarta vida dos Bonecos de Estremoz ganha nova exposi\u00e7\u00e3o - Portal Tela Portugal","robots":{"index":"index","follow":"follow","max-snippet":"max-snippet:-1","max-image-preview":"max-image-preview:large","max-video-preview":"max-video-preview:-1"},"og_locale":"pt_PT","og_type":"article","og_title":"A quarta vida dos Bonecos de Estremoz ganha nova exposi\u00e7\u00e3o - Portal Tela Portugal","og_description":"Investiga\u00e7\u00e3o cient\u00edfica mais profunda revela a sofistica\u00e7\u00e3o das t\u00e9cnicas utilizadas pelas bonequeiras de Estremoz. Ainda existem inc\u00f3gnitas sobre a origem dos Bonecos de Estremoz, pequenas figuras em cer\u00e2mica populares entre colecionadores e museus. Os bonecos come\u00e7aram a ser fabricados h\u00e1 mais de trezentos anos e j\u00e1 estiveram \u00e0 beira da extin\u00e7\u00e3o tr\u00eas vezes: no final do s\u00e9culo XIX, na d\u00e9cada de 1920 e na d\u00e9cada anterior \u00e0 atual. Atualmente h\u00e1 nova din\u00e2mica na produ\u00e7\u00e3o e na comercializa\u00e7\u00e3o, impulsionada pelo interesse acad\u00e9mico e pelo turismo cultural. O interesse cient\u00edfico pelas figuras tem revelado a sua surpreendente sofistica\u00e7\u00e3o.","og_url":"https:\/\/portaltela.pt\/noticias\/2026\/02\/07\/a-quarta-vida-dos-bonecos-de-estremoz-ganha-nova-exposicao\/","og_site_name":"Portal Tela Portugal","article_published_time":"2026-02-07T07:05:00+00:00","author":"Telinha","twitter_card":"summary_large_image","twitter_misc":{"Escrito por":"Telinha","Tempo estimado de leitura":"1 minuto"},"schema":{"@context":"https:\/\/schema.org","@graph":[{"@type":"Article","@id":"https:\/\/portaltela.pt\/noticias\/2026\/02\/07\/a-quarta-vida-dos-bonecos-de-estremoz-ganha-nova-exposicao\/#article","isPartOf":{"@id":"https:\/\/portaltela.pt\/noticias\/2026\/02\/07\/a-quarta-vida-dos-bonecos-de-estremoz-ganha-nova-exposicao\/"},"author":{"name":"Telinha","@id":"https:\/\/portaltela.pt\/#\/schema\/person\/c4278d4a6028830caff9ee44b42d32ed"},"headline":"A quarta vida dos Bonecos de Estremoz ganha nova exposi\u00e7\u00e3o","datePublished":"2026-02-07T07:05:00+00:00","mainEntityOfPage":{"@id":"https:\/\/portaltela.pt\/noticias\/2026\/02\/07\/a-quarta-vida-dos-bonecos-de-estremoz-ganha-nova-exposicao\/"},"wordCount":193,"image":{"@id":"https:\/\/portaltela.pt\/noticias\/2026\/02\/07\/a-quarta-vida-dos-bonecos-de-estremoz-ganha-nova-exposicao\/#primaryimage"},"thumbnailUrl":"https:\/\/portaltela.pt\/s.01k8rhncp4jt1\/2026\/02\/2065069.jpg","keywords":["arte","cer\u00e2mica","Estremoz","Patrim\u00f3nio Cultural","turismo"],"articleSection":["Not\u00edcias"],"inLanguage":"pt-PT"},{"@type":"WebPage","@id":"https:\/\/portaltela.pt\/noticias\/2026\/02\/07\/a-quarta-vida-dos-bonecos-de-estremoz-ganha-nova-exposicao\/","url":"https:\/\/portaltela.pt\/noticias\/2026\/02\/07\/a-quarta-vida-dos-bonecos-de-estremoz-ganha-nova-exposicao\/","name":"A quarta vida dos Bonecos de Estremoz ganha nova exposi\u00e7\u00e3o - Portal Tela Portugal","isPartOf":{"@id":"https:\/\/portaltela.pt\/#website"},"primaryImageOfPage":{"@id":"https:\/\/portaltela.pt\/noticias\/2026\/02\/07\/a-quarta-vida-dos-bonecos-de-estremoz-ganha-nova-exposicao\/#primaryimage"},"image":{"@id":"https:\/\/portaltela.pt\/noticias\/2026\/02\/07\/a-quarta-vida-dos-bonecos-de-estremoz-ganha-nova-exposicao\/#primaryimage"},"thumbnailUrl":"https:\/\/portaltela.pt\/s.01k8rhncp4jt1\/2026\/02\/2065069.jpg","datePublished":"2026-02-07T07:05:00+00:00","author":{"@id":"https:\/\/portaltela.pt\/#\/schema\/person\/c4278d4a6028830caff9ee44b42d32ed"},"breadcrumb":{"@id":"https:\/\/portaltela.pt\/noticias\/2026\/02\/07\/a-quarta-vida-dos-bonecos-de-estremoz-ganha-nova-exposicao\/#breadcrumb"},"inLanguage":"pt-PT","potentialAction":[{"@type":"ReadAction","target":["https:\/\/portaltela.pt\/noticias\/2026\/02\/07\/a-quarta-vida-dos-bonecos-de-estremoz-ganha-nova-exposicao\/"]}]},{"@type":"ImageObject","inLanguage":"pt-PT","@id":"https:\/\/portaltela.pt\/noticias\/2026\/02\/07\/a-quarta-vida-dos-bonecos-de-estremoz-ganha-nova-exposicao\/#primaryimage","url":"https:\/\/portaltela.pt\/s.01k8rhncp4jt1\/2026\/02\/2065069.jpg","contentUrl":"https:\/\/portaltela.pt\/s.01k8rhncp4jt1\/2026\/02\/2065069.jpg","width":796,"height":448,"caption":"Bonecos de Estremoz, com um pres\u00e9pio no centro, feitos pelas irm\u00e3s Flores"},{"@type":"BreadcrumbList","@id":"https:\/\/portaltela.pt\/noticias\/2026\/02\/07\/a-quarta-vida-dos-bonecos-de-estremoz-ganha-nova-exposicao\/#breadcrumb","itemListElement":[{"@type":"ListItem","position":1,"name":"In\u00edcio","item":"https:\/\/portaltela.pt\/"},{"@type":"ListItem","position":2,"name":"A quarta vida dos Bonecos de Estremoz ganha nova exposi\u00e7\u00e3o"}]},{"@type":"WebSite","@id":"https:\/\/portaltela.pt\/#website","url":"https:\/\/portaltela.pt\/","name":"Portal Tela Portugal","description":"","potentialAction":[{"@type":"SearchAction","target":{"@type":"EntryPoint","urlTemplate":"https:\/\/portaltela.pt\/?s={search_term_string}"},"query-input":{"@type":"PropertyValueSpecification","valueRequired":true,"valueName":"search_term_string"}}],"inLanguage":"pt-PT"},{"@type":"Person","@id":"https:\/\/portaltela.pt\/#\/schema\/person\/c4278d4a6028830caff9ee44b42d32ed","name":"Telinha","image":{"@type":"ImageObject","inLanguage":"pt-PT","@id":"https:\/\/portaltela.pt\/s.01k8rhncp4jt1\/2025\/11\/talking-bot-125x125.png","url":"https:\/\/portaltela.pt\/s.01k8rhncp4jt1\/2025\/11\/talking-bot-125x125.png","contentUrl":"https:\/\/portaltela.pt\/s.01k8rhncp4jt1\/2025\/11\/talking-bot-125x125.png","caption":"Telinha"},"sameAs":["https:\/\/portaltela.pt\/"],"url":"https:\/\/portaltela.pt\/por\/367410592786\/"}]}},"_links":{"self":[{"href":"https:\/\/portaltela.pt\/api\/wp\/v2\/posts\/202564","targetHints":{"allow":["GET"]}}],"collection":[{"href":"https:\/\/portaltela.pt\/api\/wp\/v2\/posts"}],"about":[{"href":"https:\/\/portaltela.pt\/api\/wp\/v2\/types\/post"}],"author":[{"embeddable":true,"href":"https:\/\/portaltela.pt\/api\/wp\/v2\/users\/2"}],"replies":[{"embeddable":true,"href":"https:\/\/portaltela.pt\/api\/wp\/v2\/comments?post=202564"}],"version-history":[{"count":0,"href":"https:\/\/portaltela.pt\/api\/wp\/v2\/posts\/202564\/revisions"}],"wp:featuredmedia":[{"embeddable":true,"href":"https:\/\/portaltela.pt\/api\/wp\/v2\/media\/202566"}],"wp:attachment":[{"href":"https:\/\/portaltela.pt\/api\/wp\/v2\/media?parent=202564"}],"wp:term":[{"taxonomy":"category","embeddable":true,"href":"https:\/\/portaltela.pt\/api\/wp\/v2\/categories?post=202564"},{"taxonomy":"post_tag","embeddable":true,"href":"https:\/\/portaltela.pt\/api\/wp\/v2\/tags?post=202564"}],"curies":[{"name":"wp","href":"https:\/\/api.w.org\/{rel}","templated":true}]}}