{"id":202479,"date":"2026-02-06T16:55:00","date_gmt":"2026-02-06T19:55:00","guid":{"rendered":"https:\/\/portaltela.pt\/noticias\/2026\/02\/06\/cerca-de-1-100-pessoas-deslocadas-sobretudo-na-leziria-do-tejo-e-algarve\/"},"modified":"2026-02-06T16:55:00","modified_gmt":"2026-02-06T19:55:00","slug":"cerca-de-1-100-pessoas-deslocadas-sobretudo-na-leziria-do-tejo-e-algarve","status":"publish","type":"post","link":"https:\/\/portaltela.pt\/noticias\/2026\/02\/06\/cerca-de-1-100-pessoas-deslocadas-sobretudo-na-leziria-do-tejo-e-algarve\/","title":{"rendered":"Cerca de 1.100 pessoas deslocadas, sobretudo na Lez\u00edria do Tejo e Algarve"},"content":{"rendered":"<p>Cerca de 1.100 pessoas foram desalojadas das suas habita\u00e7\u00f5es, sobretudo na Lez\u00edria do Tejo e no Algarve, segundo a ag\u00eancia Lusa. A raz\u00e3o exata dos desalojos n\u00e3o \u00e9 detalhada no texto dispon\u00edvel.<\/p>\n<p>A informa\u00e7\u00e3o n\u00e3o especifica quando ocorreram os deslocamentos nem quem est\u00e1 diretamente envolvido, limitando-se a apresentar o n\u00famero total e as regi\u00f5es mais afetadas.<\/p>\n<p>Segundo a fonte, o conte\u00fado completo da not\u00edcia depende de subscri\u00e7\u00e3o, o que restringe o acesso a detalhes adicionais neste momento. A not\u00edcia mant\u00e9m o foco na dimens\u00e3o do fen\u00f3meno e nas \u00e1reas mais atingidas.<\/p>\n","protected":false},"excerpt":{"rendered":"<ul>\n<li>Cerca de 1.100 pessoas foram deslocadas das habita\u00e7\u00f5es, sobretudo na Lez\u00edria do Tejo e no Algarve.<\/li>\n<li>O conte\u00fado completo da not\u00edcia est\u00e1 dispon\u00edvel apenas para subscritores.<\/li>\n<li>O trecho n\u00e3o detalha causas ou datas espec\u00edficas, limitando-se a apresentar o n\u00famero de deslocados.<\/li>\n<\/ul>\n","protected":false},"author":2,"featured_media":202480,"comment_status":"closed","ping_status":"closed","sticky":false,"template":"","format":"standard","meta":{"footnotes":""},"categories":[1],"tags":[928,3004,2636,2843,150,3623],"class_list":["post-202479","post","type-post","status-publish","format-standard","has-post-thumbnail","hentry","category-noticias","tag-algarve","tag-desalojados","tag-desalojamento","tag-desalojamentos","tag-habitacao","tag-leziria-do-tejo"],"yoast_head":"<!-- This site is optimized with the Yoast SEO plugin v27.2 - https:\/\/yoast.com\/product\/yoast-seo-wordpress\/ -->\n<title>Cerca de 1.100 pessoas deslocadas, sobretudo na Lez\u00edria do Tejo e Algarve - Portal Tela Portugal<\/title>\n<meta name=\"robots\" content=\"index, follow, max-snippet:-1, max-image-preview:large, max-video-preview:-1\" \/>\n<meta property=\"og:locale\" content=\"pt_PT\" \/>\n<meta property=\"og:type\" content=\"article\" \/>\n<meta property=\"og:title\" content=\"Cerca de 1.100 pessoas deslocadas, sobretudo na Lez\u00edria do Tejo e Algarve - Portal Tela Portugal\" \/>\n<meta property=\"og:description\" content=\"Cerca de 1.100 pessoas foram deslocadas das habita\u00e7\u00f5es, sobretudo na Lez\u00edria do Tejo e no Algarve. O conte\u00fado completo da not\u00edcia est\u00e1 dispon\u00edvel apenas para subscritores. O trecho n\u00e3o detalha causas ou datas espec\u00edficas, limitando-se a apresentar o n\u00famero de deslocados.\" \/>\n<meta property=\"og:url\" content=\"https:\/\/portaltela.pt\/noticias\/2026\/02\/06\/cerca-de-1-100-pessoas-deslocadas-sobretudo-na-leziria-do-tejo-e-algarve\/\" \/>\n<meta property=\"og:site_name\" content=\"Portal Tela Portugal\" \/>\n<meta property=\"article:published_time\" content=\"2026-02-06T19:55:00+00:00\" \/>\n<meta name=\"author\" content=\"Telinha\" \/>\n<meta name=\"twitter:card\" content=\"summary_large_image\" \/>\n<meta name=\"twitter:label1\" content=\"Escrito por\" \/>\n\t<meta name=\"twitter:data1\" content=\"Telinha\" \/>\n\t<meta name=\"twitter:label2\" content=\"Tempo estimado de leitura\" \/>\n\t<meta name=\"twitter:data2\" content=\"1 minuto\" \/>\n<script type=\"application\/ld+json\" class=\"yoast-schema-graph\">{\"@context\":\"https:\/\/schema.org\",\"@graph\":[{\"@type\":\"Article\",\"@id\":\"https:\/\/portaltela.pt\/noticias\/2026\/02\/06\/cerca-de-1-100-pessoas-deslocadas-sobretudo-na-leziria-do-tejo-e-algarve\/#article\",\"isPartOf\":{\"@id\":\"https:\/\/portaltela.pt\/noticias\/2026\/02\/06\/cerca-de-1-100-pessoas-deslocadas-sobretudo-na-leziria-do-tejo-e-algarve\/\"},\"author\":{\"name\":\"Telinha\",\"@id\":\"https:\/\/portaltela.pt\/#\/schema\/person\/c4278d4a6028830caff9ee44b42d32ed\"},\"headline\":\"Cerca de 1.100 pessoas deslocadas, sobretudo na Lez\u00edria do Tejo e Algarve\",\"datePublished\":\"2026-02-06T19:55:00+00:00\",\"mainEntityOfPage\":{\"@id\":\"https:\/\/portaltela.pt\/noticias\/2026\/02\/06\/cerca-de-1-100-pessoas-deslocadas-sobretudo-na-leziria-do-tejo-e-algarve\/\"},\"wordCount\":118,\"image\":{\"@id\":\"https:\/\/portaltela.pt\/noticias\/2026\/02\/06\/cerca-de-1-100-pessoas-deslocadas-sobretudo-na-leziria-do-tejo-e-algarve\/#primaryimage\"},\"thumbnailUrl\":\"https:\/\/portaltela.pt\/s.01k8rhncp4jt1\/2026\/02\/CACHE_780X1200_ANALOG_WATERMARKED_46504805_15973623_06022026054212.jpg\",\"keywords\":[\"Algarve\",\"desalojados\",\"desalojamento\",\"desalojamentos\",\"habita\u00e7\u00e3o\",\"Lez\u00edria do Tejo\"],\"articleSection\":[\"Not\u00edcias\"],\"inLanguage\":\"pt-PT\"},{\"@type\":\"WebPage\",\"@id\":\"https:\/\/portaltela.pt\/noticias\/2026\/02\/06\/cerca-de-1-100-pessoas-deslocadas-sobretudo-na-leziria-do-tejo-e-algarve\/\",\"url\":\"https:\/\/portaltela.pt\/noticias\/2026\/02\/06\/cerca-de-1-100-pessoas-deslocadas-sobretudo-na-leziria-do-tejo-e-algarve\/\",\"name\":\"Cerca de 1.100 pessoas deslocadas, sobretudo na Lez\u00edria do Tejo e Algarve - Portal Tela Portugal\",\"isPartOf\":{\"@id\":\"https:\/\/portaltela.pt\/#website\"},\"primaryImageOfPage\":{\"@id\":\"https:\/\/portaltela.pt\/noticias\/2026\/02\/06\/cerca-de-1-100-pessoas-deslocadas-sobretudo-na-leziria-do-tejo-e-algarve\/#primaryimage\"},\"image\":{\"@id\":\"https:\/\/portaltela.pt\/noticias\/2026\/02\/06\/cerca-de-1-100-pessoas-deslocadas-sobretudo-na-leziria-do-tejo-e-algarve\/#primaryimage\"},\"thumbnailUrl\":\"https:\/\/portaltela.pt\/s.01k8rhncp4jt1\/2026\/02\/CACHE_780X1200_ANALOG_WATERMARKED_46504805_15973623_06022026054212.jpg\",\"datePublished\":\"2026-02-06T19:55:00+00:00\",\"author\":{\"@id\":\"https:\/\/portaltela.pt\/#\/schema\/person\/c4278d4a6028830caff9ee44b42d32ed\"},\"breadcrumb\":{\"@id\":\"https:\/\/portaltela.pt\/noticias\/2026\/02\/06\/cerca-de-1-100-pessoas-deslocadas-sobretudo-na-leziria-do-tejo-e-algarve\/#breadcrumb\"},\"inLanguage\":\"pt-PT\",\"potentialAction\":[{\"@type\":\"ReadAction\",\"target\":[\"https:\/\/portaltela.pt\/noticias\/2026\/02\/06\/cerca-de-1-100-pessoas-deslocadas-sobretudo-na-leziria-do-tejo-e-algarve\/\"]}]},{\"@type\":\"ImageObject\",\"inLanguage\":\"pt-PT\",\"@id\":\"https:\/\/portaltela.pt\/noticias\/2026\/02\/06\/cerca-de-1-100-pessoas-deslocadas-sobretudo-na-leziria-do-tejo-e-algarve\/#primaryimage\",\"url\":\"https:\/\/portaltela.pt\/s.01k8rhncp4jt1\/2026\/02\/CACHE_780X1200_ANALOG_WATERMARKED_46504805_15973623_06022026054212.jpg\",\"contentUrl\":\"https:\/\/portaltela.pt\/s.01k8rhncp4jt1\/2026\/02\/CACHE_780X1200_ANALOG_WATERMARKED_46504805_15973623_06022026054212.jpg\",\"width\":768,\"height\":512,\"caption\":\"Cerca de 1.100 pessoas deslocadas das habita\u00e7\u00f5es sobretudo na Lez\u00edria do Tejo e no Algarve\"},{\"@type\":\"BreadcrumbList\",\"@id\":\"https:\/\/portaltela.pt\/noticias\/2026\/02\/06\/cerca-de-1-100-pessoas-deslocadas-sobretudo-na-leziria-do-tejo-e-algarve\/#breadcrumb\",\"itemListElement\":[{\"@type\":\"ListItem\",\"position\":1,\"name\":\"In\u00edcio\",\"item\":\"https:\/\/portaltela.pt\/\"},{\"@type\":\"ListItem\",\"position\":2,\"name\":\"Cerca de 1.100 pessoas deslocadas, sobretudo na Lez\u00edria do Tejo e Algarve\"}]},{\"@type\":\"WebSite\",\"@id\":\"https:\/\/portaltela.pt\/#website\",\"url\":\"https:\/\/portaltela.pt\/\",\"name\":\"Portal Tela Portugal\",\"description\":\"\",\"potentialAction\":[{\"@type\":\"SearchAction\",\"target\":{\"@type\":\"EntryPoint\",\"urlTemplate\":\"https:\/\/portaltela.pt\/?s={search_term_string}\"},\"query-input\":{\"@type\":\"PropertyValueSpecification\",\"valueRequired\":true,\"valueName\":\"search_term_string\"}}],\"inLanguage\":\"pt-PT\"},{\"@type\":\"Person\",\"@id\":\"https:\/\/portaltela.pt\/#\/schema\/person\/c4278d4a6028830caff9ee44b42d32ed\",\"name\":\"Telinha\",\"image\":{\"@type\":\"ImageObject\",\"inLanguage\":\"pt-PT\",\"@id\":\"https:\/\/portaltela.pt\/s.01k8rhncp4jt1\/2025\/11\/talking-bot-125x125.png\",\"url\":\"https:\/\/portaltela.pt\/s.01k8rhncp4jt1\/2025\/11\/talking-bot-125x125.png\",\"contentUrl\":\"https:\/\/portaltela.pt\/s.01k8rhncp4jt1\/2025\/11\/talking-bot-125x125.png\",\"caption\":\"Telinha\"},\"sameAs\":[\"https:\/\/portaltela.pt\/\"],\"url\":\"https:\/\/portaltela.pt\/por\/367410592786\/\"}]}<\/script>\n<!-- \/ Yoast SEO plugin. -->","yoast_head_json":{"title":"Cerca de 1.100 pessoas deslocadas, sobretudo na Lez\u00edria do Tejo e Algarve - Portal Tela Portugal","robots":{"index":"index","follow":"follow","max-snippet":"max-snippet:-1","max-image-preview":"max-image-preview:large","max-video-preview":"max-video-preview:-1"},"og_locale":"pt_PT","og_type":"article","og_title":"Cerca de 1.100 pessoas deslocadas, sobretudo na Lez\u00edria do Tejo e Algarve - Portal Tela Portugal","og_description":"Cerca de 1.100 pessoas foram deslocadas das habita\u00e7\u00f5es, sobretudo na Lez\u00edria do Tejo e no Algarve. O conte\u00fado completo da not\u00edcia est\u00e1 dispon\u00edvel apenas para subscritores. O trecho n\u00e3o detalha causas ou datas espec\u00edficas, limitando-se a apresentar o n\u00famero de deslocados.","og_url":"https:\/\/portaltela.pt\/noticias\/2026\/02\/06\/cerca-de-1-100-pessoas-deslocadas-sobretudo-na-leziria-do-tejo-e-algarve\/","og_site_name":"Portal Tela Portugal","article_published_time":"2026-02-06T19:55:00+00:00","author":"Telinha","twitter_card":"summary_large_image","twitter_misc":{"Escrito por":"Telinha","Tempo estimado de leitura":"1 minuto"},"schema":{"@context":"https:\/\/schema.org","@graph":[{"@type":"Article","@id":"https:\/\/portaltela.pt\/noticias\/2026\/02\/06\/cerca-de-1-100-pessoas-deslocadas-sobretudo-na-leziria-do-tejo-e-algarve\/#article","isPartOf":{"@id":"https:\/\/portaltela.pt\/noticias\/2026\/02\/06\/cerca-de-1-100-pessoas-deslocadas-sobretudo-na-leziria-do-tejo-e-algarve\/"},"author":{"name":"Telinha","@id":"https:\/\/portaltela.pt\/#\/schema\/person\/c4278d4a6028830caff9ee44b42d32ed"},"headline":"Cerca de 1.100 pessoas deslocadas, sobretudo na Lez\u00edria do Tejo e Algarve","datePublished":"2026-02-06T19:55:00+00:00","mainEntityOfPage":{"@id":"https:\/\/portaltela.pt\/noticias\/2026\/02\/06\/cerca-de-1-100-pessoas-deslocadas-sobretudo-na-leziria-do-tejo-e-algarve\/"},"wordCount":118,"image":{"@id":"https:\/\/portaltela.pt\/noticias\/2026\/02\/06\/cerca-de-1-100-pessoas-deslocadas-sobretudo-na-leziria-do-tejo-e-algarve\/#primaryimage"},"thumbnailUrl":"https:\/\/portaltela.pt\/s.01k8rhncp4jt1\/2026\/02\/CACHE_780X1200_ANALOG_WATERMARKED_46504805_15973623_06022026054212.jpg","keywords":["Algarve","desalojados","desalojamento","desalojamentos","habita\u00e7\u00e3o","Lez\u00edria do Tejo"],"articleSection":["Not\u00edcias"],"inLanguage":"pt-PT"},{"@type":"WebPage","@id":"https:\/\/portaltela.pt\/noticias\/2026\/02\/06\/cerca-de-1-100-pessoas-deslocadas-sobretudo-na-leziria-do-tejo-e-algarve\/","url":"https:\/\/portaltela.pt\/noticias\/2026\/02\/06\/cerca-de-1-100-pessoas-deslocadas-sobretudo-na-leziria-do-tejo-e-algarve\/","name":"Cerca de 1.100 pessoas deslocadas, sobretudo na Lez\u00edria do Tejo e Algarve - Portal Tela Portugal","isPartOf":{"@id":"https:\/\/portaltela.pt\/#website"},"primaryImageOfPage":{"@id":"https:\/\/portaltela.pt\/noticias\/2026\/02\/06\/cerca-de-1-100-pessoas-deslocadas-sobretudo-na-leziria-do-tejo-e-algarve\/#primaryimage"},"image":{"@id":"https:\/\/portaltela.pt\/noticias\/2026\/02\/06\/cerca-de-1-100-pessoas-deslocadas-sobretudo-na-leziria-do-tejo-e-algarve\/#primaryimage"},"thumbnailUrl":"https:\/\/portaltela.pt\/s.01k8rhncp4jt1\/2026\/02\/CACHE_780X1200_ANALOG_WATERMARKED_46504805_15973623_06022026054212.jpg","datePublished":"2026-02-06T19:55:00+00:00","author":{"@id":"https:\/\/portaltela.pt\/#\/schema\/person\/c4278d4a6028830caff9ee44b42d32ed"},"breadcrumb":{"@id":"https:\/\/portaltela.pt\/noticias\/2026\/02\/06\/cerca-de-1-100-pessoas-deslocadas-sobretudo-na-leziria-do-tejo-e-algarve\/#breadcrumb"},"inLanguage":"pt-PT","potentialAction":[{"@type":"ReadAction","target":["https:\/\/portaltela.pt\/noticias\/2026\/02\/06\/cerca-de-1-100-pessoas-deslocadas-sobretudo-na-leziria-do-tejo-e-algarve\/"]}]},{"@type":"ImageObject","inLanguage":"pt-PT","@id":"https:\/\/portaltela.pt\/noticias\/2026\/02\/06\/cerca-de-1-100-pessoas-deslocadas-sobretudo-na-leziria-do-tejo-e-algarve\/#primaryimage","url":"https:\/\/portaltela.pt\/s.01k8rhncp4jt1\/2026\/02\/CACHE_780X1200_ANALOG_WATERMARKED_46504805_15973623_06022026054212.jpg","contentUrl":"https:\/\/portaltela.pt\/s.01k8rhncp4jt1\/2026\/02\/CACHE_780X1200_ANALOG_WATERMARKED_46504805_15973623_06022026054212.jpg","width":768,"height":512,"caption":"Cerca de 1.100 pessoas deslocadas das habita\u00e7\u00f5es sobretudo na Lez\u00edria do Tejo e no Algarve"},{"@type":"BreadcrumbList","@id":"https:\/\/portaltela.pt\/noticias\/2026\/02\/06\/cerca-de-1-100-pessoas-deslocadas-sobretudo-na-leziria-do-tejo-e-algarve\/#breadcrumb","itemListElement":[{"@type":"ListItem","position":1,"name":"In\u00edcio","item":"https:\/\/portaltela.pt\/"},{"@type":"ListItem","position":2,"name":"Cerca de 1.100 pessoas deslocadas, sobretudo na Lez\u00edria do Tejo e Algarve"}]},{"@type":"WebSite","@id":"https:\/\/portaltela.pt\/#website","url":"https:\/\/portaltela.pt\/","name":"Portal Tela Portugal","description":"","potentialAction":[{"@type":"SearchAction","target":{"@type":"EntryPoint","urlTemplate":"https:\/\/portaltela.pt\/?s={search_term_string}"},"query-input":{"@type":"PropertyValueSpecification","valueRequired":true,"valueName":"search_term_string"}}],"inLanguage":"pt-PT"},{"@type":"Person","@id":"https:\/\/portaltela.pt\/#\/schema\/person\/c4278d4a6028830caff9ee44b42d32ed","name":"Telinha","image":{"@type":"ImageObject","inLanguage":"pt-PT","@id":"https:\/\/portaltela.pt\/s.01k8rhncp4jt1\/2025\/11\/talking-bot-125x125.png","url":"https:\/\/portaltela.pt\/s.01k8rhncp4jt1\/2025\/11\/talking-bot-125x125.png","contentUrl":"https:\/\/portaltela.pt\/s.01k8rhncp4jt1\/2025\/11\/talking-bot-125x125.png","caption":"Telinha"},"sameAs":["https:\/\/portaltela.pt\/"],"url":"https:\/\/portaltela.pt\/por\/367410592786\/"}]}},"_links":{"self":[{"href":"https:\/\/portaltela.pt\/api\/wp\/v2\/posts\/202479","targetHints":{"allow":["GET"]}}],"collection":[{"href":"https:\/\/portaltela.pt\/api\/wp\/v2\/posts"}],"about":[{"href":"https:\/\/portaltela.pt\/api\/wp\/v2\/types\/post"}],"author":[{"embeddable":true,"href":"https:\/\/portaltela.pt\/api\/wp\/v2\/users\/2"}],"replies":[{"embeddable":true,"href":"https:\/\/portaltela.pt\/api\/wp\/v2\/comments?post=202479"}],"version-history":[{"count":0,"href":"https:\/\/portaltela.pt\/api\/wp\/v2\/posts\/202479\/revisions"}],"wp:featuredmedia":[{"embeddable":true,"href":"https:\/\/portaltela.pt\/api\/wp\/v2\/media\/202480"}],"wp:attachment":[{"href":"https:\/\/portaltela.pt\/api\/wp\/v2\/media?parent=202479"}],"wp:term":[{"taxonomy":"category","embeddable":true,"href":"https:\/\/portaltela.pt\/api\/wp\/v2\/categories?post=202479"},{"taxonomy":"post_tag","embeddable":true,"href":"https:\/\/portaltela.pt\/api\/wp\/v2\/tags?post=202479"}],"curies":[{"name":"wp","href":"https:\/\/api.w.org\/{rel}","templated":true}]}}