{"id":202371,"date":"2026-02-06T20:05:00","date_gmt":"2026-02-06T23:05:00","guid":{"rendered":"https:\/\/portaltela.pt\/noticias\/2026\/02\/06\/homem-condenado-a-23-anos-por-abusos-em-acampamento-de-ferias-no-reino-unido\/"},"modified":"2026-02-06T20:05:00","modified_gmt":"2026-02-06T23:05:00","slug":"homem-condenado-a-23-anos-por-abusos-em-acampamento-de-ferias-no-reino-unido","status":"publish","type":"post","link":"https:\/\/portaltela.pt\/noticias\/2026\/02\/06\/homem-condenado-a-23-anos-por-abusos-em-acampamento-de-ferias-no-reino-unido\/","title":{"rendered":"Homem condenado a 23 anos por abusos em acampamento de f\u00e9rias no Reino Unido"},"content":{"rendered":"<p>Um homem antigo veterin\u00e1rio foi condenado a 23 anos de pris\u00e3o no Reino Unido, depois de se declarar culpado de abusos sexuais cometidos contra duas crian\u00e7as durante um acampamento de f\u00e9rias em Stathern, Leicestershire.<\/p>\n<p>Jon Ruben drogou as crian\u00e7as com doces misturados com tranquilizantes durante o acampamento de ver\u00e3o, levando \u00e0 hospitaliza\u00e7\u00e3o de oito menores que aditaram mal-estar. A investiga\u00e7\u00e3o apurou que as subst\u00e2ncias foram ingeridas sem o conhecimento das crian\u00e7as.<\/p>\n<p>O arguido enfrentava crimes que inclu\u00edam abuso sexual de menor de 13 anos e produ\u00e7\u00e3o de imagens indecentes de menores. Tamb\u00e9m admitiu ter dopado a sua parceira para impedir que acordasse durante os abusos.<\/p>\n<p>O tribunal de Leicester considerou a conduta como de prepara\u00e7\u00e3o meticulosa, c\u00ednica e arrepiante, destacando o planeamento envolvido nos atos. A senten\u00e7a foi proferida neste tribunal, ap\u00f3s a declara\u00e7\u00e3o de culpa do suspeito.<\/p>\n<p>A decis\u00e3o judicial ocorreu ap\u00f3s uma investiga\u00e7\u00e3o que envolveu depoimentos e an\u00e1lise de relat\u00f3rios m\u00e9dicos. O caso deixa fam\u00edlias das v\u00edtimas a enfrentar o impacto emocional e legal dos acontecimentos.<\/p>\n<p>As autoridades reiteraram que permanecer\u00e3o vigilantes na prote\u00e7\u00e3o de menores, refor\u00e7ando medidas de preven\u00e7\u00e3o e coopera\u00e7\u00e3o com servi\u00e7os de sa\u00fade e prote\u00e7\u00e3o de menores. Este caso ressalta a gravidade de abusos em contextos de atividades de ver\u00e3o.<\/p>\n","protected":false},"excerpt":{"rendered":"<ul>\n<li>O brit\u00e2nico Jon Ruben, antigo veterin\u00e1rio, foi condenado a 23 anos de pris\u00e3o por abusos sexuais de crian\u00e7as num acampamento de ver\u00e3o em Stathern, Leicestershire.<\/li>\n<li>O arguido drogou duas crian\u00e7as ao dar-lhes doces misturados com tranquilizantes durante o acampamento, levando oito crian\u00e7as a hospitaliza\u00e7\u00e3o.<\/li>\n<li>Foi acusado de v\u00e1rios crimes, incluindo dois de abuso sexual de uma crian\u00e7a menor de 13 anos e a produ\u00e7\u00e3o de imagens indecentes de menores; Ruben declarou-se culpado.<\/li>\n<li>Ruben confessou ainda ter drogado a sua companheira para que n\u00e3o acordasse enquanto ele abusava das crian\u00e7as.<\/li>\n<li>O juiz do tribunal criminal de Leicester descreveu a atua\u00e7\u00e3o como uma \u201cprepara\u00e7\u00e3o meticulosa, c\u00ednica e arrepiante\u201d e proferiu a senten\u00e7a de 23 anos.<\/li>\n<\/ul>\n","protected":false},"author":2,"featured_media":202373,"comment_status":"closed","ping_status":"closed","sticky":false,"template":"","format":"standard","meta":{"footnotes":""},"categories":[1],"tags":[208,199,5589,215,3361,2111],"class_list":["post-202371","post","type-post","status-publish","format-standard","has-post-thumbnail","hentry","category-noticias","tag-abuso-de-menores-dependentes","tag-abuso-sexual-de-menor-dependente-ou-em-situacao-vulneravel","tag-acampamentos","tag-investigacao","tag-producao-de-imagens-indecentes-de-menores","tag-reino-unido"],"yoast_head":"<!-- This site is optimized with the Yoast SEO plugin v27.2 - https:\/\/yoast.com\/product\/yoast-seo-wordpress\/ -->\n<title>Homem condenado a 23 anos por abusos em acampamento de f\u00e9rias no Reino Unido - Portal Tela Portugal<\/title>\n<meta name=\"robots\" content=\"index, follow, max-snippet:-1, max-image-preview:large, max-video-preview:-1\" \/>\n<meta property=\"og:locale\" content=\"pt_PT\" \/>\n<meta property=\"og:type\" content=\"article\" \/>\n<meta property=\"og:title\" content=\"Homem condenado a 23 anos por abusos em acampamento de f\u00e9rias no Reino Unido - Portal Tela Portugal\" \/>\n<meta property=\"og:description\" content=\"O brit\u00e2nico Jon Ruben, antigo veterin\u00e1rio, foi condenado a 23 anos de pris\u00e3o por abusos sexuais de crian\u00e7as num acampamento de ver\u00e3o em Stathern, Leicestershire. O arguido drogou duas crian\u00e7as ao dar-lhes doces misturados com tranquilizantes durante o acampamento, levando oito crian\u00e7as a hospitaliza\u00e7\u00e3o. Foi acusado de v\u00e1rios crimes, incluindo dois de abuso sexual de uma crian\u00e7a menor de 13 anos e a produ\u00e7\u00e3o de imagens indecentes de menores; Ruben declarou-se culpado. Ruben confessou ainda ter drogado a sua companheira para que n\u00e3o acordasse enquanto ele abusava das crian\u00e7as. O juiz do tribunal criminal de Leicester descreveu a atua\u00e7\u00e3o como uma \u201cprepara\u00e7\u00e3o meticulosa, c\u00ednica e arrepiante\u201d e proferiu a senten\u00e7a de 23 anos.\" \/>\n<meta property=\"og:url\" content=\"https:\/\/portaltela.pt\/noticias\/2026\/02\/06\/homem-condenado-a-23-anos-por-abusos-em-acampamento-de-ferias-no-reino-unido\/\" \/>\n<meta property=\"og:site_name\" content=\"Portal Tela Portugal\" \/>\n<meta property=\"article:published_time\" content=\"2026-02-06T23:05:00+00:00\" \/>\n<meta name=\"author\" content=\"Telinha\" \/>\n<meta name=\"twitter:card\" content=\"summary_large_image\" \/>\n<meta name=\"twitter:label1\" content=\"Escrito por\" \/>\n\t<meta name=\"twitter:data1\" content=\"Telinha\" \/>\n\t<meta name=\"twitter:label2\" content=\"Tempo estimado de leitura\" \/>\n\t<meta name=\"twitter:data2\" content=\"1 minuto\" \/>\n<script type=\"application\/ld+json\" class=\"yoast-schema-graph\">{\"@context\":\"https:\/\/schema.org\",\"@graph\":[{\"@type\":\"Article\",\"@id\":\"https:\/\/portaltela.pt\/noticias\/2026\/02\/06\/homem-condenado-a-23-anos-por-abusos-em-acampamento-de-ferias-no-reino-unido\/#article\",\"isPartOf\":{\"@id\":\"https:\/\/portaltela.pt\/noticias\/2026\/02\/06\/homem-condenado-a-23-anos-por-abusos-em-acampamento-de-ferias-no-reino-unido\/\"},\"author\":{\"name\":\"Telinha\",\"@id\":\"https:\/\/portaltela.pt\/#\/schema\/person\/c4278d4a6028830caff9ee44b42d32ed\"},\"headline\":\"Homem condenado a 23 anos por abusos em acampamento de f\u00e9rias no Reino Unido\",\"datePublished\":\"2026-02-06T23:05:00+00:00\",\"mainEntityOfPage\":{\"@id\":\"https:\/\/portaltela.pt\/noticias\/2026\/02\/06\/homem-condenado-a-23-anos-por-abusos-em-acampamento-de-ferias-no-reino-unido\/\"},\"wordCount\":251,\"image\":{\"@id\":\"https:\/\/portaltela.pt\/noticias\/2026\/02\/06\/homem-condenado-a-23-anos-por-abusos-em-acampamento-de-ferias-no-reino-unido\/#primaryimage\"},\"thumbnailUrl\":\"https:\/\/portaltela.pt\/s.01k8rhncp4jt1\/2026\/02\/image-524.jpg\",\"keywords\":[\"abuso de menores dependentes\",\"abuso sexual de menor dependente ou em situa\u00e7\u00e3o vulner\u00e1vel\",\"acampamentos\",\"investiga\u00e7\u00e3o\",\"produ\u00e7\u00e3o de imagens indecentes de menores\",\"Reino Unido\"],\"articleSection\":[\"Not\u00edcias\"],\"inLanguage\":\"pt-PT\"},{\"@type\":\"WebPage\",\"@id\":\"https:\/\/portaltela.pt\/noticias\/2026\/02\/06\/homem-condenado-a-23-anos-por-abusos-em-acampamento-de-ferias-no-reino-unido\/\",\"url\":\"https:\/\/portaltela.pt\/noticias\/2026\/02\/06\/homem-condenado-a-23-anos-por-abusos-em-acampamento-de-ferias-no-reino-unido\/\",\"name\":\"Homem condenado a 23 anos por abusos em acampamento de f\u00e9rias no Reino Unido - Portal Tela Portugal\",\"isPartOf\":{\"@id\":\"https:\/\/portaltela.pt\/#website\"},\"primaryImageOfPage\":{\"@id\":\"https:\/\/portaltela.pt\/noticias\/2026\/02\/06\/homem-condenado-a-23-anos-por-abusos-em-acampamento-de-ferias-no-reino-unido\/#primaryimage\"},\"image\":{\"@id\":\"https:\/\/portaltela.pt\/noticias\/2026\/02\/06\/homem-condenado-a-23-anos-por-abusos-em-acampamento-de-ferias-no-reino-unido\/#primaryimage\"},\"thumbnailUrl\":\"https:\/\/portaltela.pt\/s.01k8rhncp4jt1\/2026\/02\/image-524.jpg\",\"datePublished\":\"2026-02-06T23:05:00+00:00\",\"author\":{\"@id\":\"https:\/\/portaltela.pt\/#\/schema\/person\/c4278d4a6028830caff9ee44b42d32ed\"},\"breadcrumb\":{\"@id\":\"https:\/\/portaltela.pt\/noticias\/2026\/02\/06\/homem-condenado-a-23-anos-por-abusos-em-acampamento-de-ferias-no-reino-unido\/#breadcrumb\"},\"inLanguage\":\"pt-PT\",\"potentialAction\":[{\"@type\":\"ReadAction\",\"target\":[\"https:\/\/portaltela.pt\/noticias\/2026\/02\/06\/homem-condenado-a-23-anos-por-abusos-em-acampamento-de-ferias-no-reino-unido\/\"]}]},{\"@type\":\"ImageObject\",\"inLanguage\":\"pt-PT\",\"@id\":\"https:\/\/portaltela.pt\/noticias\/2026\/02\/06\/homem-condenado-a-23-anos-por-abusos-em-acampamento-de-ferias-no-reino-unido\/#primaryimage\",\"url\":\"https:\/\/portaltela.pt\/s.01k8rhncp4jt1\/2026\/02\/image-524.jpg\",\"contentUrl\":\"https:\/\/portaltela.pt\/s.01k8rhncp4jt1\/2026\/02\/image-524.jpg\",\"width\":796,\"height\":448,\"caption\":\"Jon Ruben, um antigo veterin\u00e1rio, abusou sexualmente de duas crian\u00e7as\"},{\"@type\":\"BreadcrumbList\",\"@id\":\"https:\/\/portaltela.pt\/noticias\/2026\/02\/06\/homem-condenado-a-23-anos-por-abusos-em-acampamento-de-ferias-no-reino-unido\/#breadcrumb\",\"itemListElement\":[{\"@type\":\"ListItem\",\"position\":1,\"name\":\"In\u00edcio\",\"item\":\"https:\/\/portaltela.pt\/\"},{\"@type\":\"ListItem\",\"position\":2,\"name\":\"Homem condenado a 23 anos por abusos em acampamento de f\u00e9rias no Reino Unido\"}]},{\"@type\":\"WebSite\",\"@id\":\"https:\/\/portaltela.pt\/#website\",\"url\":\"https:\/\/portaltela.pt\/\",\"name\":\"Portal Tela Portugal\",\"description\":\"\",\"potentialAction\":[{\"@type\":\"SearchAction\",\"target\":{\"@type\":\"EntryPoint\",\"urlTemplate\":\"https:\/\/portaltela.pt\/?s={search_term_string}\"},\"query-input\":{\"@type\":\"PropertyValueSpecification\",\"valueRequired\":true,\"valueName\":\"search_term_string\"}}],\"inLanguage\":\"pt-PT\"},{\"@type\":\"Person\",\"@id\":\"https:\/\/portaltela.pt\/#\/schema\/person\/c4278d4a6028830caff9ee44b42d32ed\",\"name\":\"Telinha\",\"image\":{\"@type\":\"ImageObject\",\"inLanguage\":\"pt-PT\",\"@id\":\"https:\/\/portaltela.pt\/s.01k8rhncp4jt1\/2025\/11\/talking-bot-125x125.png\",\"url\":\"https:\/\/portaltela.pt\/s.01k8rhncp4jt1\/2025\/11\/talking-bot-125x125.png\",\"contentUrl\":\"https:\/\/portaltela.pt\/s.01k8rhncp4jt1\/2025\/11\/talking-bot-125x125.png\",\"caption\":\"Telinha\"},\"sameAs\":[\"https:\/\/portaltela.pt\/\"],\"url\":\"https:\/\/portaltela.pt\/por\/367410592786\/\"}]}<\/script>\n<!-- \/ Yoast SEO plugin. -->","yoast_head_json":{"title":"Homem condenado a 23 anos por abusos em acampamento de f\u00e9rias no Reino Unido - Portal Tela Portugal","robots":{"index":"index","follow":"follow","max-snippet":"max-snippet:-1","max-image-preview":"max-image-preview:large","max-video-preview":"max-video-preview:-1"},"og_locale":"pt_PT","og_type":"article","og_title":"Homem condenado a 23 anos por abusos em acampamento de f\u00e9rias no Reino Unido - Portal Tela Portugal","og_description":"O brit\u00e2nico Jon Ruben, antigo veterin\u00e1rio, foi condenado a 23 anos de pris\u00e3o por abusos sexuais de crian\u00e7as num acampamento de ver\u00e3o em Stathern, Leicestershire. O arguido drogou duas crian\u00e7as ao dar-lhes doces misturados com tranquilizantes durante o acampamento, levando oito crian\u00e7as a hospitaliza\u00e7\u00e3o. Foi acusado de v\u00e1rios crimes, incluindo dois de abuso sexual de uma crian\u00e7a menor de 13 anos e a produ\u00e7\u00e3o de imagens indecentes de menores; Ruben declarou-se culpado. Ruben confessou ainda ter drogado a sua companheira para que n\u00e3o acordasse enquanto ele abusava das crian\u00e7as. O juiz do tribunal criminal de Leicester descreveu a atua\u00e7\u00e3o como uma \u201cprepara\u00e7\u00e3o meticulosa, c\u00ednica e arrepiante\u201d e proferiu a senten\u00e7a de 23 anos.","og_url":"https:\/\/portaltela.pt\/noticias\/2026\/02\/06\/homem-condenado-a-23-anos-por-abusos-em-acampamento-de-ferias-no-reino-unido\/","og_site_name":"Portal Tela Portugal","article_published_time":"2026-02-06T23:05:00+00:00","author":"Telinha","twitter_card":"summary_large_image","twitter_misc":{"Escrito por":"Telinha","Tempo estimado de leitura":"1 minuto"},"schema":{"@context":"https:\/\/schema.org","@graph":[{"@type":"Article","@id":"https:\/\/portaltela.pt\/noticias\/2026\/02\/06\/homem-condenado-a-23-anos-por-abusos-em-acampamento-de-ferias-no-reino-unido\/#article","isPartOf":{"@id":"https:\/\/portaltela.pt\/noticias\/2026\/02\/06\/homem-condenado-a-23-anos-por-abusos-em-acampamento-de-ferias-no-reino-unido\/"},"author":{"name":"Telinha","@id":"https:\/\/portaltela.pt\/#\/schema\/person\/c4278d4a6028830caff9ee44b42d32ed"},"headline":"Homem condenado a 23 anos por abusos em acampamento de f\u00e9rias no Reino Unido","datePublished":"2026-02-06T23:05:00+00:00","mainEntityOfPage":{"@id":"https:\/\/portaltela.pt\/noticias\/2026\/02\/06\/homem-condenado-a-23-anos-por-abusos-em-acampamento-de-ferias-no-reino-unido\/"},"wordCount":251,"image":{"@id":"https:\/\/portaltela.pt\/noticias\/2026\/02\/06\/homem-condenado-a-23-anos-por-abusos-em-acampamento-de-ferias-no-reino-unido\/#primaryimage"},"thumbnailUrl":"https:\/\/portaltela.pt\/s.01k8rhncp4jt1\/2026\/02\/image-524.jpg","keywords":["abuso de menores dependentes","abuso sexual de menor dependente ou em situa\u00e7\u00e3o vulner\u00e1vel","acampamentos","investiga\u00e7\u00e3o","produ\u00e7\u00e3o de imagens indecentes de menores","Reino Unido"],"articleSection":["Not\u00edcias"],"inLanguage":"pt-PT"},{"@type":"WebPage","@id":"https:\/\/portaltela.pt\/noticias\/2026\/02\/06\/homem-condenado-a-23-anos-por-abusos-em-acampamento-de-ferias-no-reino-unido\/","url":"https:\/\/portaltela.pt\/noticias\/2026\/02\/06\/homem-condenado-a-23-anos-por-abusos-em-acampamento-de-ferias-no-reino-unido\/","name":"Homem condenado a 23 anos por abusos em acampamento de f\u00e9rias no Reino Unido - Portal Tela Portugal","isPartOf":{"@id":"https:\/\/portaltela.pt\/#website"},"primaryImageOfPage":{"@id":"https:\/\/portaltela.pt\/noticias\/2026\/02\/06\/homem-condenado-a-23-anos-por-abusos-em-acampamento-de-ferias-no-reino-unido\/#primaryimage"},"image":{"@id":"https:\/\/portaltela.pt\/noticias\/2026\/02\/06\/homem-condenado-a-23-anos-por-abusos-em-acampamento-de-ferias-no-reino-unido\/#primaryimage"},"thumbnailUrl":"https:\/\/portaltela.pt\/s.01k8rhncp4jt1\/2026\/02\/image-524.jpg","datePublished":"2026-02-06T23:05:00+00:00","author":{"@id":"https:\/\/portaltela.pt\/#\/schema\/person\/c4278d4a6028830caff9ee44b42d32ed"},"breadcrumb":{"@id":"https:\/\/portaltela.pt\/noticias\/2026\/02\/06\/homem-condenado-a-23-anos-por-abusos-em-acampamento-de-ferias-no-reino-unido\/#breadcrumb"},"inLanguage":"pt-PT","potentialAction":[{"@type":"ReadAction","target":["https:\/\/portaltela.pt\/noticias\/2026\/02\/06\/homem-condenado-a-23-anos-por-abusos-em-acampamento-de-ferias-no-reino-unido\/"]}]},{"@type":"ImageObject","inLanguage":"pt-PT","@id":"https:\/\/portaltela.pt\/noticias\/2026\/02\/06\/homem-condenado-a-23-anos-por-abusos-em-acampamento-de-ferias-no-reino-unido\/#primaryimage","url":"https:\/\/portaltela.pt\/s.01k8rhncp4jt1\/2026\/02\/image-524.jpg","contentUrl":"https:\/\/portaltela.pt\/s.01k8rhncp4jt1\/2026\/02\/image-524.jpg","width":796,"height":448,"caption":"Jon Ruben, um antigo veterin\u00e1rio, abusou sexualmente de duas crian\u00e7as"},{"@type":"BreadcrumbList","@id":"https:\/\/portaltela.pt\/noticias\/2026\/02\/06\/homem-condenado-a-23-anos-por-abusos-em-acampamento-de-ferias-no-reino-unido\/#breadcrumb","itemListElement":[{"@type":"ListItem","position":1,"name":"In\u00edcio","item":"https:\/\/portaltela.pt\/"},{"@type":"ListItem","position":2,"name":"Homem condenado a 23 anos por abusos em acampamento de f\u00e9rias no Reino Unido"}]},{"@type":"WebSite","@id":"https:\/\/portaltela.pt\/#website","url":"https:\/\/portaltela.pt\/","name":"Portal Tela Portugal","description":"","potentialAction":[{"@type":"SearchAction","target":{"@type":"EntryPoint","urlTemplate":"https:\/\/portaltela.pt\/?s={search_term_string}"},"query-input":{"@type":"PropertyValueSpecification","valueRequired":true,"valueName":"search_term_string"}}],"inLanguage":"pt-PT"},{"@type":"Person","@id":"https:\/\/portaltela.pt\/#\/schema\/person\/c4278d4a6028830caff9ee44b42d32ed","name":"Telinha","image":{"@type":"ImageObject","inLanguage":"pt-PT","@id":"https:\/\/portaltela.pt\/s.01k8rhncp4jt1\/2025\/11\/talking-bot-125x125.png","url":"https:\/\/portaltela.pt\/s.01k8rhncp4jt1\/2025\/11\/talking-bot-125x125.png","contentUrl":"https:\/\/portaltela.pt\/s.01k8rhncp4jt1\/2025\/11\/talking-bot-125x125.png","caption":"Telinha"},"sameAs":["https:\/\/portaltela.pt\/"],"url":"https:\/\/portaltela.pt\/por\/367410592786\/"}]}},"_links":{"self":[{"href":"https:\/\/portaltela.pt\/api\/wp\/v2\/posts\/202371","targetHints":{"allow":["GET"]}}],"collection":[{"href":"https:\/\/portaltela.pt\/api\/wp\/v2\/posts"}],"about":[{"href":"https:\/\/portaltela.pt\/api\/wp\/v2\/types\/post"}],"author":[{"embeddable":true,"href":"https:\/\/portaltela.pt\/api\/wp\/v2\/users\/2"}],"replies":[{"embeddable":true,"href":"https:\/\/portaltela.pt\/api\/wp\/v2\/comments?post=202371"}],"version-history":[{"count":0,"href":"https:\/\/portaltela.pt\/api\/wp\/v2\/posts\/202371\/revisions"}],"wp:featuredmedia":[{"embeddable":true,"href":"https:\/\/portaltela.pt\/api\/wp\/v2\/media\/202373"}],"wp:attachment":[{"href":"https:\/\/portaltela.pt\/api\/wp\/v2\/media?parent=202371"}],"wp:term":[{"taxonomy":"category","embeddable":true,"href":"https:\/\/portaltela.pt\/api\/wp\/v2\/categories?post=202371"},{"taxonomy":"post_tag","embeddable":true,"href":"https:\/\/portaltela.pt\/api\/wp\/v2\/tags?post=202371"}],"curies":[{"name":"wp","href":"https:\/\/api.w.org\/{rel}","templated":true}]}}