{"id":202330,"date":"2026-02-06T18:55:00","date_gmt":"2026-02-06T21:55:00","guid":{"rendered":"https:\/\/portaltela.pt\/noticias\/2026\/02\/06\/ourives-testemunha-em-tribunal-relata-ter-levado-tres-coronhadas-na-cabeca\/"},"modified":"2026-02-06T18:55:00","modified_gmt":"2026-02-06T21:55:00","slug":"ourives-testemunha-em-tribunal-relata-ter-levado-tres-coronhadas-na-cabeca","status":"publish","type":"post","link":"https:\/\/portaltela.pt\/noticias\/2026\/02\/06\/ourives-testemunha-em-tribunal-relata-ter-levado-tres-coronhadas-na-cabeca\/","title":{"rendered":"Ourives testemunha em tribunal relata ter levado tr\u00eas coronhadas na cabe\u00e7a"},"content":{"rendered":"<p>Dois irm\u00e3os propriet\u00e1rios da ourivesaria Cacho, em Valen\u00e7a, relataram ao Tribunal de Viana do Castelo o contexto de uma tentativa de assalto \u00e0 m\u00e3o armada ocorrida em novembro de 2024. O caso envolve um grupo internacional acusado de dois roubos a ourives.<\/p>\n<p>No depoimento, um dos irm\u00e3os descreveu que os assaltantes entraram no estabelecimento encapuzados e armados, dirigindo-se ao interior junto \u00e0 caixa-forte. Segundo ele, houve resist\u00eancia e agress\u00f5es f\u00edsicas durante a tentativa de impedimento do furto.<\/p>\n<p>A v\u00edtima afirmou ter sido golpeada ao cair no ch\u00e3o ap\u00f3s os invasores partirem os \u00f3culos, tendo tentado levantar-se repetidamente. O processo est\u00e1 a decorrer no tribunal, com as autoridades a manter o sil\u00eancio sobre detalhes do inqu\u00e9rito.<\/p>\n<p>Os alegados autores, classificados como grupo internacional, ficam ainda a ser julgados por dois ataques a ourives. A GNR acompanhou o incidente e prestou socorro \u00e0s v\u00edtimas, conforme a audi\u00eancia prossegue com as informa\u00e7\u00f5es oficiais em segredo de justi\u00e7a.<\/p>\n","protected":false},"excerpt":{"rendered":"<ul>\n<li>Dois irm\u00e3os, propriet\u00e1rios da ourivesaria Cacho, em Valen\u00e7a, testemunharam no Tribunal de Viana do Castelo.<\/li>\n<li>O caso envolve um grupo internacional acusado de dois ataques a ourives, nomeadamente o que ocorreu em novembro de 2024.<\/li>\n<li>Os assaltantes entraram encapuzados e armados e dirigiram-se \u00e0 caixa forte da loja.<\/li>\n<li>Dinis Cacho disse que resistiu aos ladr\u00f5es e foi agredido, levando tr\u00eas coronhadas na cabe\u00e7a durante a interven\u00e7\u00e3o.<\/li>\n<li>A audi\u00eancia decorre esta sexta-feira, com a participa\u00e7\u00e3o de testemunhas e apresenta\u00e7\u00e3o de relatos sobre o incidente.<\/li>\n<\/ul>\n","protected":false},"author":2,"featured_media":202332,"comment_status":"closed","ping_status":"closed","sticky":false,"template":"","format":"standard","meta":{"footnotes":""},"categories":[1],"tags":[2079,147,215,203,52,3222],"class_list":["post-202330","post","type-post","status-publish","format-standard","has-post-thumbnail","hentry","category-noticias","tag-agressoes","tag-crime","tag-investigacao","tag-roubo","tag-tribunal","tag-valenca"],"yoast_head":"<!-- This site is optimized with the Yoast SEO plugin v27.2 - https:\/\/yoast.com\/product\/yoast-seo-wordpress\/ -->\n<title>Ourives testemunha em tribunal relata ter levado tr\u00eas coronhadas na cabe\u00e7a - Portal Tela Portugal<\/title>\n<meta name=\"robots\" content=\"index, follow, max-snippet:-1, max-image-preview:large, max-video-preview:-1\" \/>\n<meta property=\"og:locale\" content=\"pt_PT\" \/>\n<meta property=\"og:type\" content=\"article\" \/>\n<meta property=\"og:title\" content=\"Ourives testemunha em tribunal relata ter levado tr\u00eas coronhadas na cabe\u00e7a - Portal Tela Portugal\" \/>\n<meta property=\"og:description\" content=\"Dois irm\u00e3os, propriet\u00e1rios da ourivesaria Cacho, em Valen\u00e7a, testemunharam no Tribunal de Viana do Castelo. O caso envolve um grupo internacional acusado de dois ataques a ourives, nomeadamente o que ocorreu em novembro de 2024. Os assaltantes entraram encapuzados e armados e dirigiram-se \u00e0 caixa forte da loja. Dinis Cacho disse que resistiu aos ladr\u00f5es e foi agredido, levando tr\u00eas coronhadas na cabe\u00e7a durante a interven\u00e7\u00e3o. A audi\u00eancia decorre esta sexta-feira, com a participa\u00e7\u00e3o de testemunhas e apresenta\u00e7\u00e3o de relatos sobre o incidente.\" \/>\n<meta property=\"og:url\" content=\"https:\/\/portaltela.pt\/noticias\/2026\/02\/06\/ourives-testemunha-em-tribunal-relata-ter-levado-tres-coronhadas-na-cabeca\/\" \/>\n<meta property=\"og:site_name\" content=\"Portal Tela Portugal\" \/>\n<meta property=\"article:published_time\" content=\"2026-02-06T21:55:00+00:00\" \/>\n<meta name=\"author\" content=\"Telinha\" \/>\n<meta name=\"twitter:card\" content=\"summary_large_image\" \/>\n<meta name=\"twitter:label1\" content=\"Escrito por\" \/>\n\t<meta name=\"twitter:data1\" content=\"Telinha\" \/>\n\t<meta name=\"twitter:label2\" content=\"Tempo estimado de leitura\" \/>\n\t<meta name=\"twitter:data2\" content=\"1 minuto\" \/>\n<script type=\"application\/ld+json\" class=\"yoast-schema-graph\">{\"@context\":\"https:\/\/schema.org\",\"@graph\":[{\"@type\":\"Article\",\"@id\":\"https:\/\/portaltela.pt\/noticias\/2026\/02\/06\/ourives-testemunha-em-tribunal-relata-ter-levado-tres-coronhadas-na-cabeca\/#article\",\"isPartOf\":{\"@id\":\"https:\/\/portaltela.pt\/noticias\/2026\/02\/06\/ourives-testemunha-em-tribunal-relata-ter-levado-tres-coronhadas-na-cabeca\/\"},\"author\":{\"name\":\"Telinha\",\"@id\":\"https:\/\/portaltela.pt\/#\/schema\/person\/c4278d4a6028830caff9ee44b42d32ed\"},\"headline\":\"Ourives testemunha em tribunal relata ter levado tr\u00eas coronhadas na cabe\u00e7a\",\"datePublished\":\"2026-02-06T21:55:00+00:00\",\"mainEntityOfPage\":{\"@id\":\"https:\/\/portaltela.pt\/noticias\/2026\/02\/06\/ourives-testemunha-em-tribunal-relata-ter-levado-tres-coronhadas-na-cabeca\/\"},\"wordCount\":181,\"image\":{\"@id\":\"https:\/\/portaltela.pt\/noticias\/2026\/02\/06\/ourives-testemunha-em-tribunal-relata-ter-levado-tres-coronhadas-na-cabeca\/#primaryimage\"},\"thumbnailUrl\":\"https:\/\/portaltela.pt\/s.01k8rhncp4jt1\/2026\/02\/image-519.jpg\",\"keywords\":[\"agress\u00f5es\",\"crime\",\"investiga\u00e7\u00e3o\",\"roubo\",\"tribunal\",\"Valen\u00e7a\"],\"articleSection\":[\"Not\u00edcias\"],\"inLanguage\":\"pt-PT\"},{\"@type\":\"WebPage\",\"@id\":\"https:\/\/portaltela.pt\/noticias\/2026\/02\/06\/ourives-testemunha-em-tribunal-relata-ter-levado-tres-coronhadas-na-cabeca\/\",\"url\":\"https:\/\/portaltela.pt\/noticias\/2026\/02\/06\/ourives-testemunha-em-tribunal-relata-ter-levado-tres-coronhadas-na-cabeca\/\",\"name\":\"Ourives testemunha em tribunal relata ter levado tr\u00eas coronhadas na cabe\u00e7a - Portal Tela Portugal\",\"isPartOf\":{\"@id\":\"https:\/\/portaltela.pt\/#website\"},\"primaryImageOfPage\":{\"@id\":\"https:\/\/portaltela.pt\/noticias\/2026\/02\/06\/ourives-testemunha-em-tribunal-relata-ter-levado-tres-coronhadas-na-cabeca\/#primaryimage\"},\"image\":{\"@id\":\"https:\/\/portaltela.pt\/noticias\/2026\/02\/06\/ourives-testemunha-em-tribunal-relata-ter-levado-tres-coronhadas-na-cabeca\/#primaryimage\"},\"thumbnailUrl\":\"https:\/\/portaltela.pt\/s.01k8rhncp4jt1\/2026\/02\/image-519.jpg\",\"datePublished\":\"2026-02-06T21:55:00+00:00\",\"author\":{\"@id\":\"https:\/\/portaltela.pt\/#\/schema\/person\/c4278d4a6028830caff9ee44b42d32ed\"},\"breadcrumb\":{\"@id\":\"https:\/\/portaltela.pt\/noticias\/2026\/02\/06\/ourives-testemunha-em-tribunal-relata-ter-levado-tres-coronhadas-na-cabeca\/#breadcrumb\"},\"inLanguage\":\"pt-PT\",\"potentialAction\":[{\"@type\":\"ReadAction\",\"target\":[\"https:\/\/portaltela.pt\/noticias\/2026\/02\/06\/ourives-testemunha-em-tribunal-relata-ter-levado-tres-coronhadas-na-cabeca\/\"]}]},{\"@type\":\"ImageObject\",\"inLanguage\":\"pt-PT\",\"@id\":\"https:\/\/portaltela.pt\/noticias\/2026\/02\/06\/ourives-testemunha-em-tribunal-relata-ter-levado-tres-coronhadas-na-cabeca\/#primaryimage\",\"url\":\"https:\/\/portaltela.pt\/s.01k8rhncp4jt1\/2026\/02\/image-519.jpg\",\"contentUrl\":\"https:\/\/portaltela.pt\/s.01k8rhncp4jt1\/2026\/02\/image-519.jpg\",\"width\":796,\"height\":448,\"caption\":\"Julgamento em Viana rodeado de fortes medidas de seguran\u00e7a\"},{\"@type\":\"BreadcrumbList\",\"@id\":\"https:\/\/portaltela.pt\/noticias\/2026\/02\/06\/ourives-testemunha-em-tribunal-relata-ter-levado-tres-coronhadas-na-cabeca\/#breadcrumb\",\"itemListElement\":[{\"@type\":\"ListItem\",\"position\":1,\"name\":\"In\u00edcio\",\"item\":\"https:\/\/portaltela.pt\/\"},{\"@type\":\"ListItem\",\"position\":2,\"name\":\"Ourives testemunha em tribunal relata ter levado tr\u00eas coronhadas na cabe\u00e7a\"}]},{\"@type\":\"WebSite\",\"@id\":\"https:\/\/portaltela.pt\/#website\",\"url\":\"https:\/\/portaltela.pt\/\",\"name\":\"Portal Tela Portugal\",\"description\":\"\",\"potentialAction\":[{\"@type\":\"SearchAction\",\"target\":{\"@type\":\"EntryPoint\",\"urlTemplate\":\"https:\/\/portaltela.pt\/?s={search_term_string}\"},\"query-input\":{\"@type\":\"PropertyValueSpecification\",\"valueRequired\":true,\"valueName\":\"search_term_string\"}}],\"inLanguage\":\"pt-PT\"},{\"@type\":\"Person\",\"@id\":\"https:\/\/portaltela.pt\/#\/schema\/person\/c4278d4a6028830caff9ee44b42d32ed\",\"name\":\"Telinha\",\"image\":{\"@type\":\"ImageObject\",\"inLanguage\":\"pt-PT\",\"@id\":\"https:\/\/portaltela.pt\/s.01k8rhncp4jt1\/2025\/11\/talking-bot-125x125.png\",\"url\":\"https:\/\/portaltela.pt\/s.01k8rhncp4jt1\/2025\/11\/talking-bot-125x125.png\",\"contentUrl\":\"https:\/\/portaltela.pt\/s.01k8rhncp4jt1\/2025\/11\/talking-bot-125x125.png\",\"caption\":\"Telinha\"},\"sameAs\":[\"https:\/\/portaltela.pt\/\"],\"url\":\"https:\/\/portaltela.pt\/por\/367410592786\/\"}]}<\/script>\n<!-- \/ Yoast SEO plugin. -->","yoast_head_json":{"title":"Ourives testemunha em tribunal relata ter levado tr\u00eas coronhadas na cabe\u00e7a - Portal Tela Portugal","robots":{"index":"index","follow":"follow","max-snippet":"max-snippet:-1","max-image-preview":"max-image-preview:large","max-video-preview":"max-video-preview:-1"},"og_locale":"pt_PT","og_type":"article","og_title":"Ourives testemunha em tribunal relata ter levado tr\u00eas coronhadas na cabe\u00e7a - Portal Tela Portugal","og_description":"Dois irm\u00e3os, propriet\u00e1rios da ourivesaria Cacho, em Valen\u00e7a, testemunharam no Tribunal de Viana do Castelo. O caso envolve um grupo internacional acusado de dois ataques a ourives, nomeadamente o que ocorreu em novembro de 2024. Os assaltantes entraram encapuzados e armados e dirigiram-se \u00e0 caixa forte da loja. Dinis Cacho disse que resistiu aos ladr\u00f5es e foi agredido, levando tr\u00eas coronhadas na cabe\u00e7a durante a interven\u00e7\u00e3o. A audi\u00eancia decorre esta sexta-feira, com a participa\u00e7\u00e3o de testemunhas e apresenta\u00e7\u00e3o de relatos sobre o incidente.","og_url":"https:\/\/portaltela.pt\/noticias\/2026\/02\/06\/ourives-testemunha-em-tribunal-relata-ter-levado-tres-coronhadas-na-cabeca\/","og_site_name":"Portal Tela Portugal","article_published_time":"2026-02-06T21:55:00+00:00","author":"Telinha","twitter_card":"summary_large_image","twitter_misc":{"Escrito por":"Telinha","Tempo estimado de leitura":"1 minuto"},"schema":{"@context":"https:\/\/schema.org","@graph":[{"@type":"Article","@id":"https:\/\/portaltela.pt\/noticias\/2026\/02\/06\/ourives-testemunha-em-tribunal-relata-ter-levado-tres-coronhadas-na-cabeca\/#article","isPartOf":{"@id":"https:\/\/portaltela.pt\/noticias\/2026\/02\/06\/ourives-testemunha-em-tribunal-relata-ter-levado-tres-coronhadas-na-cabeca\/"},"author":{"name":"Telinha","@id":"https:\/\/portaltela.pt\/#\/schema\/person\/c4278d4a6028830caff9ee44b42d32ed"},"headline":"Ourives testemunha em tribunal relata ter levado tr\u00eas coronhadas na cabe\u00e7a","datePublished":"2026-02-06T21:55:00+00:00","mainEntityOfPage":{"@id":"https:\/\/portaltela.pt\/noticias\/2026\/02\/06\/ourives-testemunha-em-tribunal-relata-ter-levado-tres-coronhadas-na-cabeca\/"},"wordCount":181,"image":{"@id":"https:\/\/portaltela.pt\/noticias\/2026\/02\/06\/ourives-testemunha-em-tribunal-relata-ter-levado-tres-coronhadas-na-cabeca\/#primaryimage"},"thumbnailUrl":"https:\/\/portaltela.pt\/s.01k8rhncp4jt1\/2026\/02\/image-519.jpg","keywords":["agress\u00f5es","crime","investiga\u00e7\u00e3o","roubo","tribunal","Valen\u00e7a"],"articleSection":["Not\u00edcias"],"inLanguage":"pt-PT"},{"@type":"WebPage","@id":"https:\/\/portaltela.pt\/noticias\/2026\/02\/06\/ourives-testemunha-em-tribunal-relata-ter-levado-tres-coronhadas-na-cabeca\/","url":"https:\/\/portaltela.pt\/noticias\/2026\/02\/06\/ourives-testemunha-em-tribunal-relata-ter-levado-tres-coronhadas-na-cabeca\/","name":"Ourives testemunha em tribunal relata ter levado tr\u00eas coronhadas na cabe\u00e7a - Portal Tela Portugal","isPartOf":{"@id":"https:\/\/portaltela.pt\/#website"},"primaryImageOfPage":{"@id":"https:\/\/portaltela.pt\/noticias\/2026\/02\/06\/ourives-testemunha-em-tribunal-relata-ter-levado-tres-coronhadas-na-cabeca\/#primaryimage"},"image":{"@id":"https:\/\/portaltela.pt\/noticias\/2026\/02\/06\/ourives-testemunha-em-tribunal-relata-ter-levado-tres-coronhadas-na-cabeca\/#primaryimage"},"thumbnailUrl":"https:\/\/portaltela.pt\/s.01k8rhncp4jt1\/2026\/02\/image-519.jpg","datePublished":"2026-02-06T21:55:00+00:00","author":{"@id":"https:\/\/portaltela.pt\/#\/schema\/person\/c4278d4a6028830caff9ee44b42d32ed"},"breadcrumb":{"@id":"https:\/\/portaltela.pt\/noticias\/2026\/02\/06\/ourives-testemunha-em-tribunal-relata-ter-levado-tres-coronhadas-na-cabeca\/#breadcrumb"},"inLanguage":"pt-PT","potentialAction":[{"@type":"ReadAction","target":["https:\/\/portaltela.pt\/noticias\/2026\/02\/06\/ourives-testemunha-em-tribunal-relata-ter-levado-tres-coronhadas-na-cabeca\/"]}]},{"@type":"ImageObject","inLanguage":"pt-PT","@id":"https:\/\/portaltela.pt\/noticias\/2026\/02\/06\/ourives-testemunha-em-tribunal-relata-ter-levado-tres-coronhadas-na-cabeca\/#primaryimage","url":"https:\/\/portaltela.pt\/s.01k8rhncp4jt1\/2026\/02\/image-519.jpg","contentUrl":"https:\/\/portaltela.pt\/s.01k8rhncp4jt1\/2026\/02\/image-519.jpg","width":796,"height":448,"caption":"Julgamento em Viana rodeado de fortes medidas de seguran\u00e7a"},{"@type":"BreadcrumbList","@id":"https:\/\/portaltela.pt\/noticias\/2026\/02\/06\/ourives-testemunha-em-tribunal-relata-ter-levado-tres-coronhadas-na-cabeca\/#breadcrumb","itemListElement":[{"@type":"ListItem","position":1,"name":"In\u00edcio","item":"https:\/\/portaltela.pt\/"},{"@type":"ListItem","position":2,"name":"Ourives testemunha em tribunal relata ter levado tr\u00eas coronhadas na cabe\u00e7a"}]},{"@type":"WebSite","@id":"https:\/\/portaltela.pt\/#website","url":"https:\/\/portaltela.pt\/","name":"Portal Tela Portugal","description":"","potentialAction":[{"@type":"SearchAction","target":{"@type":"EntryPoint","urlTemplate":"https:\/\/portaltela.pt\/?s={search_term_string}"},"query-input":{"@type":"PropertyValueSpecification","valueRequired":true,"valueName":"search_term_string"}}],"inLanguage":"pt-PT"},{"@type":"Person","@id":"https:\/\/portaltela.pt\/#\/schema\/person\/c4278d4a6028830caff9ee44b42d32ed","name":"Telinha","image":{"@type":"ImageObject","inLanguage":"pt-PT","@id":"https:\/\/portaltela.pt\/s.01k8rhncp4jt1\/2025\/11\/talking-bot-125x125.png","url":"https:\/\/portaltela.pt\/s.01k8rhncp4jt1\/2025\/11\/talking-bot-125x125.png","contentUrl":"https:\/\/portaltela.pt\/s.01k8rhncp4jt1\/2025\/11\/talking-bot-125x125.png","caption":"Telinha"},"sameAs":["https:\/\/portaltela.pt\/"],"url":"https:\/\/portaltela.pt\/por\/367410592786\/"}]}},"_links":{"self":[{"href":"https:\/\/portaltela.pt\/api\/wp\/v2\/posts\/202330","targetHints":{"allow":["GET"]}}],"collection":[{"href":"https:\/\/portaltela.pt\/api\/wp\/v2\/posts"}],"about":[{"href":"https:\/\/portaltela.pt\/api\/wp\/v2\/types\/post"}],"author":[{"embeddable":true,"href":"https:\/\/portaltela.pt\/api\/wp\/v2\/users\/2"}],"replies":[{"embeddable":true,"href":"https:\/\/portaltela.pt\/api\/wp\/v2\/comments?post=202330"}],"version-history":[{"count":0,"href":"https:\/\/portaltela.pt\/api\/wp\/v2\/posts\/202330\/revisions"}],"wp:featuredmedia":[{"embeddable":true,"href":"https:\/\/portaltela.pt\/api\/wp\/v2\/media\/202332"}],"wp:attachment":[{"href":"https:\/\/portaltela.pt\/api\/wp\/v2\/media?parent=202330"}],"wp:term":[{"taxonomy":"category","embeddable":true,"href":"https:\/\/portaltela.pt\/api\/wp\/v2\/categories?post=202330"},{"taxonomy":"post_tag","embeddable":true,"href":"https:\/\/portaltela.pt\/api\/wp\/v2\/tags?post=202330"}],"curies":[{"name":"wp","href":"https:\/\/api.w.org\/{rel}","templated":true}]}}