{"id":202326,"date":"2026-02-06T18:27:00","date_gmt":"2026-02-06T21:27:00","guid":{"rendered":"https:\/\/portaltela.pt\/noticias\/2026\/02\/06\/rio-tejo-sobe-e-vila-de-constancia-fica-praticamente-submersa\/"},"modified":"2026-02-06T18:27:00","modified_gmt":"2026-02-06T21:27:00","slug":"rio-tejo-sobe-e-vila-de-constancia-fica-praticamente-submersa","status":"publish","type":"post","link":"https:\/\/portaltela.pt\/noticias\/2026\/02\/06\/rio-tejo-sobe-e-vila-de-constancia-fica-praticamente-submersa\/","title":{"rendered":"Rio Tejo sobe e vila de Const\u00e2ncia fica praticamente submersa"},"content":{"rendered":"<p>O Tejo subiu de forma abrupta, causando inunda\u00e7\u00f5es na vila de Const\u00e2ncia. A cheia deixou v\u00e1rias casas a meio submersas, sobretudo junto \u00e0s margens. Em termos operacionais, as autoridades mobilizaram meios para responder ao fen\u00f3meno.<\/p>\n<p>V\u00e1rias aldeias no Algarve ficaram alagadas e isoladas devido ao mau tempo, dificultando o acesso e evoluindo para situa\u00e7\u00f5es de emerg\u00eancia nos \u00faltimos dias. O fen\u00f3meno meteorol\u00f3gico prolongado intensificou as dificuldades locais.<\/p>\n<p>Em Leiria, uma mulher gr\u00e1vida de sete meses ficou sem apoio durante a tempestade, segundo relatos locais, aumentando a press\u00e3o sobre servi\u00e7os de urg\u00eancia e prote\u00e7\u00e3o civil. N\u00e3o foram dadas ainda informa\u00e7\u00f5es oficiais sobre o estado de sa\u00fade.<\/p>\n<p>A casa de Albertino foi apontada como outra amea\u00e7a, com o telhado a ceder e o risco de ru\u00edna a aumentar \u00e0s horas. Em paralelo, dois irm\u00e3os temeram pela seguran\u00e7a, j\u00e1 que a estrutura da habita\u00e7\u00e3o mostrava instabilidade significativa.<\/p>\n<h3>Interven\u00e7\u00e3o de Bombeiros e For\u00e7as Armadas<\/h3>\n<p>Bombeiros e meios do ex\u00e9rcito atuam em Portalegre para combater os efeitos do mau tempo, com trabalhos de remo\u00e7\u00e3o de \u00e1gua e evacua\u00e7\u00f5es preventivas. As equipas monitorizam tamb\u00e9m estruturas e zonas de maior risco.<\/p>\n","protected":false},"excerpt":{"rendered":"<ul>\n<li>O Tejo subiu e a vila de Const\u00e2ncia ficou praticamente submersa.<\/li>\n<li>V\u00e1rias aldeias do Algarve ficaram alagadas e isoladas pelo mau tempo.<\/li>\n<li>Em Leiria, uma mulher gr\u00e1vida de sete meses ficou sem qualquer tipo de ajuda ap\u00f3s a tempestade.<\/li>\n<li>A casa de Albertino est\u00e1 entre as estruturas amea\u00e7adas de ruir devido ao mau tempo.<\/li>\n<li>Dois irm\u00e3os temeram pela vida quando a estrutura da casa amea\u00e7ou desabar.<\/li>\n<\/ul>\n","protected":false},"author":2,"featured_media":202329,"comment_status":"closed","ping_status":"closed","sticky":false,"template":"","format":"standard","meta":{"footnotes":""},"categories":[1],"tags":[3812,971,4021,2051,1075,320],"class_list":["post-202326","post","type-post","status-publish","format-standard","has-post-thumbnail","hentry","category-noticias","tag-alagamentos","tag-bombeiros","tag-constancia","tag-inundacao","tag-portalegre","tag-protecao-civil"],"yoast_head":"<!-- This site is optimized with the Yoast SEO plugin v27.2 - https:\/\/yoast.com\/product\/yoast-seo-wordpress\/ -->\n<title>Rio Tejo sobe e vila de Const\u00e2ncia fica praticamente submersa - Portal Tela Portugal<\/title>\n<meta name=\"robots\" content=\"index, follow, max-snippet:-1, max-image-preview:large, max-video-preview:-1\" \/>\n<meta property=\"og:locale\" content=\"pt_PT\" \/>\n<meta property=\"og:type\" content=\"article\" \/>\n<meta property=\"og:title\" content=\"Rio Tejo sobe e vila de Const\u00e2ncia fica praticamente submersa - Portal Tela Portugal\" \/>\n<meta property=\"og:description\" content=\"O Tejo subiu e a vila de Const\u00e2ncia ficou praticamente submersa. V\u00e1rias aldeias do Algarve ficaram alagadas e isoladas pelo mau tempo. Em Leiria, uma mulher gr\u00e1vida de sete meses ficou sem qualquer tipo de ajuda ap\u00f3s a tempestade. A casa de Albertino est\u00e1 entre as estruturas amea\u00e7adas de ruir devido ao mau tempo. Dois irm\u00e3os temeram pela vida quando a estrutura da casa amea\u00e7ou desabar.\" \/>\n<meta property=\"og:url\" content=\"https:\/\/portaltela.pt\/noticias\/2026\/02\/06\/rio-tejo-sobe-e-vila-de-constancia-fica-praticamente-submersa\/\" \/>\n<meta property=\"og:site_name\" content=\"Portal Tela Portugal\" \/>\n<meta property=\"article:published_time\" content=\"2026-02-06T21:27:00+00:00\" \/>\n<meta name=\"author\" content=\"Telinha\" \/>\n<meta name=\"twitter:card\" content=\"summary_large_image\" \/>\n<meta name=\"twitter:label1\" content=\"Escrito por\" \/>\n\t<meta name=\"twitter:data1\" content=\"Telinha\" \/>\n\t<meta name=\"twitter:label2\" content=\"Tempo estimado de leitura\" \/>\n\t<meta name=\"twitter:data2\" content=\"1 minuto\" \/>\n<script type=\"application\/ld+json\" class=\"yoast-schema-graph\">{\"@context\":\"https:\/\/schema.org\",\"@graph\":[{\"@type\":\"Article\",\"@id\":\"https:\/\/portaltela.pt\/noticias\/2026\/02\/06\/rio-tejo-sobe-e-vila-de-constancia-fica-praticamente-submersa\/#article\",\"isPartOf\":{\"@id\":\"https:\/\/portaltela.pt\/noticias\/2026\/02\/06\/rio-tejo-sobe-e-vila-de-constancia-fica-praticamente-submersa\/\"},\"author\":{\"name\":\"Telinha\",\"@id\":\"https:\/\/portaltela.pt\/#\/schema\/person\/c4278d4a6028830caff9ee44b42d32ed\"},\"headline\":\"Rio Tejo sobe e vila de Const\u00e2ncia fica praticamente submersa\",\"datePublished\":\"2026-02-06T21:27:00+00:00\",\"mainEntityOfPage\":{\"@id\":\"https:\/\/portaltela.pt\/noticias\/2026\/02\/06\/rio-tejo-sobe-e-vila-de-constancia-fica-praticamente-submersa\/\"},\"wordCount\":223,\"image\":{\"@id\":\"https:\/\/portaltela.pt\/noticias\/2026\/02\/06\/rio-tejo-sobe-e-vila-de-constancia-fica-praticamente-submersa\/#primaryimage\"},\"thumbnailUrl\":\"https:\/\/portaltela.pt\/s.01k8rhncp4jt1\/2026\/02\/img_1280x722uu2026-02-06-20-24-04-2265326.jpg\",\"keywords\":[\"alagamentos\",\"bombeiros\",\"Const\u00e2ncia\",\"inunda\u00e7\u00e3o\",\"Portalegre\",\"prote\u00e7\u00e3o civil\"],\"articleSection\":[\"Not\u00edcias\"],\"inLanguage\":\"pt-PT\"},{\"@type\":\"WebPage\",\"@id\":\"https:\/\/portaltela.pt\/noticias\/2026\/02\/06\/rio-tejo-sobe-e-vila-de-constancia-fica-praticamente-submersa\/\",\"url\":\"https:\/\/portaltela.pt\/noticias\/2026\/02\/06\/rio-tejo-sobe-e-vila-de-constancia-fica-praticamente-submersa\/\",\"name\":\"Rio Tejo sobe e vila de Const\u00e2ncia fica praticamente submersa - Portal Tela Portugal\",\"isPartOf\":{\"@id\":\"https:\/\/portaltela.pt\/#website\"},\"primaryImageOfPage\":{\"@id\":\"https:\/\/portaltela.pt\/noticias\/2026\/02\/06\/rio-tejo-sobe-e-vila-de-constancia-fica-praticamente-submersa\/#primaryimage\"},\"image\":{\"@id\":\"https:\/\/portaltela.pt\/noticias\/2026\/02\/06\/rio-tejo-sobe-e-vila-de-constancia-fica-praticamente-submersa\/#primaryimage\"},\"thumbnailUrl\":\"https:\/\/portaltela.pt\/s.01k8rhncp4jt1\/2026\/02\/img_1280x722uu2026-02-06-20-24-04-2265326.jpg\",\"datePublished\":\"2026-02-06T21:27:00+00:00\",\"author\":{\"@id\":\"https:\/\/portaltela.pt\/#\/schema\/person\/c4278d4a6028830caff9ee44b42d32ed\"},\"breadcrumb\":{\"@id\":\"https:\/\/portaltela.pt\/noticias\/2026\/02\/06\/rio-tejo-sobe-e-vila-de-constancia-fica-praticamente-submersa\/#breadcrumb\"},\"inLanguage\":\"pt-PT\",\"potentialAction\":[{\"@type\":\"ReadAction\",\"target\":[\"https:\/\/portaltela.pt\/noticias\/2026\/02\/06\/rio-tejo-sobe-e-vila-de-constancia-fica-praticamente-submersa\/\"]}]},{\"@type\":\"ImageObject\",\"inLanguage\":\"pt-PT\",\"@id\":\"https:\/\/portaltela.pt\/noticias\/2026\/02\/06\/rio-tejo-sobe-e-vila-de-constancia-fica-praticamente-submersa\/#primaryimage\",\"url\":\"https:\/\/portaltela.pt\/s.01k8rhncp4jt1\/2026\/02\/img_1280x722uu2026-02-06-20-24-04-2265326.jpg\",\"contentUrl\":\"https:\/\/portaltela.pt\/s.01k8rhncp4jt1\/2026\/02\/img_1280x722uu2026-02-06-20-24-04-2265326.jpg\",\"width\":796,\"height\":448,\"caption\":\"Photo\"},{\"@type\":\"BreadcrumbList\",\"@id\":\"https:\/\/portaltela.pt\/noticias\/2026\/02\/06\/rio-tejo-sobe-e-vila-de-constancia-fica-praticamente-submersa\/#breadcrumb\",\"itemListElement\":[{\"@type\":\"ListItem\",\"position\":1,\"name\":\"In\u00edcio\",\"item\":\"https:\/\/portaltela.pt\/\"},{\"@type\":\"ListItem\",\"position\":2,\"name\":\"Rio Tejo sobe e vila de Const\u00e2ncia fica praticamente submersa\"}]},{\"@type\":\"WebSite\",\"@id\":\"https:\/\/portaltela.pt\/#website\",\"url\":\"https:\/\/portaltela.pt\/\",\"name\":\"Portal Tela Portugal\",\"description\":\"\",\"potentialAction\":[{\"@type\":\"SearchAction\",\"target\":{\"@type\":\"EntryPoint\",\"urlTemplate\":\"https:\/\/portaltela.pt\/?s={search_term_string}\"},\"query-input\":{\"@type\":\"PropertyValueSpecification\",\"valueRequired\":true,\"valueName\":\"search_term_string\"}}],\"inLanguage\":\"pt-PT\"},{\"@type\":\"Person\",\"@id\":\"https:\/\/portaltela.pt\/#\/schema\/person\/c4278d4a6028830caff9ee44b42d32ed\",\"name\":\"Telinha\",\"image\":{\"@type\":\"ImageObject\",\"inLanguage\":\"pt-PT\",\"@id\":\"https:\/\/portaltela.pt\/s.01k8rhncp4jt1\/2025\/11\/talking-bot-125x125.png\",\"url\":\"https:\/\/portaltela.pt\/s.01k8rhncp4jt1\/2025\/11\/talking-bot-125x125.png\",\"contentUrl\":\"https:\/\/portaltela.pt\/s.01k8rhncp4jt1\/2025\/11\/talking-bot-125x125.png\",\"caption\":\"Telinha\"},\"sameAs\":[\"https:\/\/portaltela.pt\/\"],\"url\":\"https:\/\/portaltela.pt\/por\/367410592786\/\"}]}<\/script>\n<!-- \/ Yoast SEO plugin. -->","yoast_head_json":{"title":"Rio Tejo sobe e vila de Const\u00e2ncia fica praticamente submersa - Portal Tela Portugal","robots":{"index":"index","follow":"follow","max-snippet":"max-snippet:-1","max-image-preview":"max-image-preview:large","max-video-preview":"max-video-preview:-1"},"og_locale":"pt_PT","og_type":"article","og_title":"Rio Tejo sobe e vila de Const\u00e2ncia fica praticamente submersa - Portal Tela Portugal","og_description":"O Tejo subiu e a vila de Const\u00e2ncia ficou praticamente submersa. V\u00e1rias aldeias do Algarve ficaram alagadas e isoladas pelo mau tempo. Em Leiria, uma mulher gr\u00e1vida de sete meses ficou sem qualquer tipo de ajuda ap\u00f3s a tempestade. A casa de Albertino est\u00e1 entre as estruturas amea\u00e7adas de ruir devido ao mau tempo. Dois irm\u00e3os temeram pela vida quando a estrutura da casa amea\u00e7ou desabar.","og_url":"https:\/\/portaltela.pt\/noticias\/2026\/02\/06\/rio-tejo-sobe-e-vila-de-constancia-fica-praticamente-submersa\/","og_site_name":"Portal Tela Portugal","article_published_time":"2026-02-06T21:27:00+00:00","author":"Telinha","twitter_card":"summary_large_image","twitter_misc":{"Escrito por":"Telinha","Tempo estimado de leitura":"1 minuto"},"schema":{"@context":"https:\/\/schema.org","@graph":[{"@type":"Article","@id":"https:\/\/portaltela.pt\/noticias\/2026\/02\/06\/rio-tejo-sobe-e-vila-de-constancia-fica-praticamente-submersa\/#article","isPartOf":{"@id":"https:\/\/portaltela.pt\/noticias\/2026\/02\/06\/rio-tejo-sobe-e-vila-de-constancia-fica-praticamente-submersa\/"},"author":{"name":"Telinha","@id":"https:\/\/portaltela.pt\/#\/schema\/person\/c4278d4a6028830caff9ee44b42d32ed"},"headline":"Rio Tejo sobe e vila de Const\u00e2ncia fica praticamente submersa","datePublished":"2026-02-06T21:27:00+00:00","mainEntityOfPage":{"@id":"https:\/\/portaltela.pt\/noticias\/2026\/02\/06\/rio-tejo-sobe-e-vila-de-constancia-fica-praticamente-submersa\/"},"wordCount":223,"image":{"@id":"https:\/\/portaltela.pt\/noticias\/2026\/02\/06\/rio-tejo-sobe-e-vila-de-constancia-fica-praticamente-submersa\/#primaryimage"},"thumbnailUrl":"https:\/\/portaltela.pt\/s.01k8rhncp4jt1\/2026\/02\/img_1280x722uu2026-02-06-20-24-04-2265326.jpg","keywords":["alagamentos","bombeiros","Const\u00e2ncia","inunda\u00e7\u00e3o","Portalegre","prote\u00e7\u00e3o civil"],"articleSection":["Not\u00edcias"],"inLanguage":"pt-PT"},{"@type":"WebPage","@id":"https:\/\/portaltela.pt\/noticias\/2026\/02\/06\/rio-tejo-sobe-e-vila-de-constancia-fica-praticamente-submersa\/","url":"https:\/\/portaltela.pt\/noticias\/2026\/02\/06\/rio-tejo-sobe-e-vila-de-constancia-fica-praticamente-submersa\/","name":"Rio Tejo sobe e vila de Const\u00e2ncia fica praticamente submersa - Portal Tela Portugal","isPartOf":{"@id":"https:\/\/portaltela.pt\/#website"},"primaryImageOfPage":{"@id":"https:\/\/portaltela.pt\/noticias\/2026\/02\/06\/rio-tejo-sobe-e-vila-de-constancia-fica-praticamente-submersa\/#primaryimage"},"image":{"@id":"https:\/\/portaltela.pt\/noticias\/2026\/02\/06\/rio-tejo-sobe-e-vila-de-constancia-fica-praticamente-submersa\/#primaryimage"},"thumbnailUrl":"https:\/\/portaltela.pt\/s.01k8rhncp4jt1\/2026\/02\/img_1280x722uu2026-02-06-20-24-04-2265326.jpg","datePublished":"2026-02-06T21:27:00+00:00","author":{"@id":"https:\/\/portaltela.pt\/#\/schema\/person\/c4278d4a6028830caff9ee44b42d32ed"},"breadcrumb":{"@id":"https:\/\/portaltela.pt\/noticias\/2026\/02\/06\/rio-tejo-sobe-e-vila-de-constancia-fica-praticamente-submersa\/#breadcrumb"},"inLanguage":"pt-PT","potentialAction":[{"@type":"ReadAction","target":["https:\/\/portaltela.pt\/noticias\/2026\/02\/06\/rio-tejo-sobe-e-vila-de-constancia-fica-praticamente-submersa\/"]}]},{"@type":"ImageObject","inLanguage":"pt-PT","@id":"https:\/\/portaltela.pt\/noticias\/2026\/02\/06\/rio-tejo-sobe-e-vila-de-constancia-fica-praticamente-submersa\/#primaryimage","url":"https:\/\/portaltela.pt\/s.01k8rhncp4jt1\/2026\/02\/img_1280x722uu2026-02-06-20-24-04-2265326.jpg","contentUrl":"https:\/\/portaltela.pt\/s.01k8rhncp4jt1\/2026\/02\/img_1280x722uu2026-02-06-20-24-04-2265326.jpg","width":796,"height":448,"caption":"Photo"},{"@type":"BreadcrumbList","@id":"https:\/\/portaltela.pt\/noticias\/2026\/02\/06\/rio-tejo-sobe-e-vila-de-constancia-fica-praticamente-submersa\/#breadcrumb","itemListElement":[{"@type":"ListItem","position":1,"name":"In\u00edcio","item":"https:\/\/portaltela.pt\/"},{"@type":"ListItem","position":2,"name":"Rio Tejo sobe e vila de Const\u00e2ncia fica praticamente submersa"}]},{"@type":"WebSite","@id":"https:\/\/portaltela.pt\/#website","url":"https:\/\/portaltela.pt\/","name":"Portal Tela Portugal","description":"","potentialAction":[{"@type":"SearchAction","target":{"@type":"EntryPoint","urlTemplate":"https:\/\/portaltela.pt\/?s={search_term_string}"},"query-input":{"@type":"PropertyValueSpecification","valueRequired":true,"valueName":"search_term_string"}}],"inLanguage":"pt-PT"},{"@type":"Person","@id":"https:\/\/portaltela.pt\/#\/schema\/person\/c4278d4a6028830caff9ee44b42d32ed","name":"Telinha","image":{"@type":"ImageObject","inLanguage":"pt-PT","@id":"https:\/\/portaltela.pt\/s.01k8rhncp4jt1\/2025\/11\/talking-bot-125x125.png","url":"https:\/\/portaltela.pt\/s.01k8rhncp4jt1\/2025\/11\/talking-bot-125x125.png","contentUrl":"https:\/\/portaltela.pt\/s.01k8rhncp4jt1\/2025\/11\/talking-bot-125x125.png","caption":"Telinha"},"sameAs":["https:\/\/portaltela.pt\/"],"url":"https:\/\/portaltela.pt\/por\/367410592786\/"}]}},"_links":{"self":[{"href":"https:\/\/portaltela.pt\/api\/wp\/v2\/posts\/202326","targetHints":{"allow":["GET"]}}],"collection":[{"href":"https:\/\/portaltela.pt\/api\/wp\/v2\/posts"}],"about":[{"href":"https:\/\/portaltela.pt\/api\/wp\/v2\/types\/post"}],"author":[{"embeddable":true,"href":"https:\/\/portaltela.pt\/api\/wp\/v2\/users\/2"}],"replies":[{"embeddable":true,"href":"https:\/\/portaltela.pt\/api\/wp\/v2\/comments?post=202326"}],"version-history":[{"count":0,"href":"https:\/\/portaltela.pt\/api\/wp\/v2\/posts\/202326\/revisions"}],"wp:featuredmedia":[{"embeddable":true,"href":"https:\/\/portaltela.pt\/api\/wp\/v2\/media\/202329"}],"wp:attachment":[{"href":"https:\/\/portaltela.pt\/api\/wp\/v2\/media?parent=202326"}],"wp:term":[{"taxonomy":"category","embeddable":true,"href":"https:\/\/portaltela.pt\/api\/wp\/v2\/categories?post=202326"},{"taxonomy":"post_tag","embeddable":true,"href":"https:\/\/portaltela.pt\/api\/wp\/v2\/tags?post=202326"}],"curies":[{"name":"wp","href":"https:\/\/api.w.org\/{rel}","templated":true}]}}