{"id":202304,"date":"2026-02-06T18:29:00","date_gmt":"2026-02-06T21:29:00","guid":{"rendered":"https:\/\/portaltela.pt\/noticias\/2026\/02\/06\/fim-de-semana-na-tv-destaca-joao-canijo-homo-urbanus-lisboetus-e-ovelha-chone\/"},"modified":"2026-02-06T18:29:00","modified_gmt":"2026-02-06T21:29:00","slug":"fim-de-semana-na-tv-destaca-joao-canijo-homo-urbanus-lisboetus-e-ovelha-chone","status":"publish","type":"post","link":"https:\/\/portaltela.pt\/noticias\/2026\/02\/06\/fim-de-semana-na-tv-destaca-joao-canijo-homo-urbanus-lisboetus-e-ovelha-chone\/","title":{"rendered":"Fim-de-semana na TV destaca Jo\u00e3o Canijo, Homo Urbanus Lisboetus e Ovelha Chon\u00e9"},"content":{"rendered":"<p>Neste fim de semana, a televis\u00e3o portuguesa apresenta uma sele\u00e7\u00e3o com a presen\u00e7a de Jo\u00e3o Canijo, bem como conte\u00fados relacionados com Homo Urbanus Lisboetus e a Ovelha Chon\u00e9. A programa\u00e7\u00e3o combina cinema e entretenimento para s\u00e1bado e domingo.<\/p>\n<p>Entre os destaques, entram t\u00edtulos como Tr\u00eas Crimes, Tr\u00eas Curtas, Abril, My Fair Lady, Frankie e Johnny, L\u00e1grimas e Suspiros, O Legado do Falcoeiro e A Fam\u00edlia Addams 2. A grelha oferece ainda op\u00e7\u00f5es de fic\u00e7\u00e3o, document\u00e1rios e s\u00e9ries para diferentes gostos.<\/p>\n<p>Na sec\u00e7\u00e3o de cinema, Mal Viver \u00e9 transmitido pela RTP1 e entra na programa\u00e7\u00e3o do fim de semana.<\/p>\n<h3>CINEMA<\/h3>\n<ul>\n<li>Mal Viver passa na RTP1<\/li>\n<\/ul>\n","protected":false},"excerpt":{"rendered":"<ul>\n<li>O fim de semana na televis\u00e3o destaca Jo\u00e3o Canijo, o Homo Urbanus Lisboetus e a Ovelha Chon\u00e9.<\/li>\n<li>S\u00e1bado e domingo entram v\u00e1rias estreias e t\u00edtulos, incluindo Tr\u00eas Crimes, Tr\u00eas Curtas, Abril, My Fair Lady, Frankie e Johnny, L\u00e1grimas e Suspiros, O Legado do Falcoeiro e A Fam\u00edlia Addams 2.<\/li>\n<li>No cinema, o filme Mal Viver \u00e9 transmitido na RTP1.<\/li>\n<\/ul>\n","protected":false},"author":2,"featured_media":202311,"comment_status":"closed","ping_status":"closed","sticky":false,"template":"","format":"standard","meta":{"footnotes":""},"categories":[12,1],"tags":[2399,112,196,5242,4762,4286],"class_list":["post-202304","post","type-post","status-publish","format-standard","has-post-thumbnail","hentry","category-entretenimento","category-noticias","tag-abril","tag-cinema","tag-documentarios","tag-filmes","tag-mal-viver","tag-rtp1"],"yoast_head":"<!-- This site is optimized with the Yoast SEO plugin v27.2 - https:\/\/yoast.com\/product\/yoast-seo-wordpress\/ -->\n<title>Fim-de-semana na TV destaca Jo\u00e3o Canijo, Homo Urbanus Lisboetus e Ovelha Chon\u00e9 - Portal Tela Portugal<\/title>\n<meta name=\"robots\" content=\"index, follow, max-snippet:-1, max-image-preview:large, max-video-preview:-1\" \/>\n<meta property=\"og:locale\" content=\"pt_PT\" \/>\n<meta property=\"og:type\" content=\"article\" \/>\n<meta property=\"og:title\" content=\"Fim-de-semana na TV destaca Jo\u00e3o Canijo, Homo Urbanus Lisboetus e Ovelha Chon\u00e9 - Portal Tela Portugal\" \/>\n<meta property=\"og:description\" content=\"O fim de semana na televis\u00e3o destaca Jo\u00e3o Canijo, o Homo Urbanus Lisboetus e a Ovelha Chon\u00e9. S\u00e1bado e domingo entram v\u00e1rias estreias e t\u00edtulos, incluindo Tr\u00eas Crimes, Tr\u00eas Curtas, Abril, My Fair Lady, Frankie e Johnny, L\u00e1grimas e Suspiros, O Legado do Falcoeiro e A Fam\u00edlia Addams 2. No cinema, o filme Mal Viver \u00e9 transmitido na RTP1.\" \/>\n<meta property=\"og:url\" content=\"https:\/\/portaltela.pt\/noticias\/2026\/02\/06\/fim-de-semana-na-tv-destaca-joao-canijo-homo-urbanus-lisboetus-e-ovelha-chone\/\" \/>\n<meta property=\"og:site_name\" content=\"Portal Tela Portugal\" \/>\n<meta property=\"article:published_time\" content=\"2026-02-06T21:29:00+00:00\" \/>\n<meta name=\"author\" content=\"Telinha\" \/>\n<meta name=\"twitter:card\" content=\"summary_large_image\" \/>\n<meta name=\"twitter:label1\" content=\"Escrito por\" \/>\n\t<meta name=\"twitter:data1\" content=\"Telinha\" \/>\n\t<meta name=\"twitter:label2\" content=\"Tempo estimado de leitura\" \/>\n\t<meta name=\"twitter:data2\" content=\"1 minuto\" \/>\n<script type=\"application\/ld+json\" class=\"yoast-schema-graph\">{\"@context\":\"https:\/\/schema.org\",\"@graph\":[{\"@type\":\"Article\",\"@id\":\"https:\/\/portaltela.pt\/noticias\/2026\/02\/06\/fim-de-semana-na-tv-destaca-joao-canijo-homo-urbanus-lisboetus-e-ovelha-chone\/#article\",\"isPartOf\":{\"@id\":\"https:\/\/portaltela.pt\/noticias\/2026\/02\/06\/fim-de-semana-na-tv-destaca-joao-canijo-homo-urbanus-lisboetus-e-ovelha-chone\/\"},\"author\":{\"name\":\"Telinha\",\"@id\":\"https:\/\/portaltela.pt\/#\/schema\/person\/c4278d4a6028830caff9ee44b42d32ed\"},\"headline\":\"Fim-de-semana na TV destaca Jo\u00e3o Canijo, Homo Urbanus Lisboetus e Ovelha Chon\u00e9\",\"datePublished\":\"2026-02-06T21:29:00+00:00\",\"mainEntityOfPage\":{\"@id\":\"https:\/\/portaltela.pt\/noticias\/2026\/02\/06\/fim-de-semana-na-tv-destaca-joao-canijo-homo-urbanus-lisboetus-e-ovelha-chone\/\"},\"wordCount\":133,\"image\":{\"@id\":\"https:\/\/portaltela.pt\/noticias\/2026\/02\/06\/fim-de-semana-na-tv-destaca-joao-canijo-homo-urbanus-lisboetus-e-ovelha-chone\/#primaryimage\"},\"thumbnailUrl\":\"https:\/\/portaltela.pt\/s.01k8rhncp4jt1\/2026\/02\/2065268.jpg\",\"keywords\":[\"Abril\",\"cinema\",\"document\u00e1rios\",\"filmes\",\"Mal Viver\",\"RTP1\"],\"articleSection\":[\"Entretenimento\",\"Not\u00edcias\"],\"inLanguage\":\"pt-PT\"},{\"@type\":\"WebPage\",\"@id\":\"https:\/\/portaltela.pt\/noticias\/2026\/02\/06\/fim-de-semana-na-tv-destaca-joao-canijo-homo-urbanus-lisboetus-e-ovelha-chone\/\",\"url\":\"https:\/\/portaltela.pt\/noticias\/2026\/02\/06\/fim-de-semana-na-tv-destaca-joao-canijo-homo-urbanus-lisboetus-e-ovelha-chone\/\",\"name\":\"Fim-de-semana na TV destaca Jo\u00e3o Canijo, Homo Urbanus Lisboetus e Ovelha Chon\u00e9 - Portal Tela Portugal\",\"isPartOf\":{\"@id\":\"https:\/\/portaltela.pt\/#website\"},\"primaryImageOfPage\":{\"@id\":\"https:\/\/portaltela.pt\/noticias\/2026\/02\/06\/fim-de-semana-na-tv-destaca-joao-canijo-homo-urbanus-lisboetus-e-ovelha-chone\/#primaryimage\"},\"image\":{\"@id\":\"https:\/\/portaltela.pt\/noticias\/2026\/02\/06\/fim-de-semana-na-tv-destaca-joao-canijo-homo-urbanus-lisboetus-e-ovelha-chone\/#primaryimage\"},\"thumbnailUrl\":\"https:\/\/portaltela.pt\/s.01k8rhncp4jt1\/2026\/02\/2065268.jpg\",\"datePublished\":\"2026-02-06T21:29:00+00:00\",\"author\":{\"@id\":\"https:\/\/portaltela.pt\/#\/schema\/person\/c4278d4a6028830caff9ee44b42d32ed\"},\"breadcrumb\":{\"@id\":\"https:\/\/portaltela.pt\/noticias\/2026\/02\/06\/fim-de-semana-na-tv-destaca-joao-canijo-homo-urbanus-lisboetus-e-ovelha-chone\/#breadcrumb\"},\"inLanguage\":\"pt-PT\",\"potentialAction\":[{\"@type\":\"ReadAction\",\"target\":[\"https:\/\/portaltela.pt\/noticias\/2026\/02\/06\/fim-de-semana-na-tv-destaca-joao-canijo-homo-urbanus-lisboetus-e-ovelha-chone\/\"]}]},{\"@type\":\"ImageObject\",\"inLanguage\":\"pt-PT\",\"@id\":\"https:\/\/portaltela.pt\/noticias\/2026\/02\/06\/fim-de-semana-na-tv-destaca-joao-canijo-homo-urbanus-lisboetus-e-ovelha-chone\/#primaryimage\",\"url\":\"https:\/\/portaltela.pt\/s.01k8rhncp4jt1\/2026\/02\/2065268.jpg\",\"contentUrl\":\"https:\/\/portaltela.pt\/s.01k8rhncp4jt1\/2026\/02\/2065268.jpg\",\"width\":796,\"height\":448,\"caption\":\"Mal Viver passa na RTP1\"},{\"@type\":\"BreadcrumbList\",\"@id\":\"https:\/\/portaltela.pt\/noticias\/2026\/02\/06\/fim-de-semana-na-tv-destaca-joao-canijo-homo-urbanus-lisboetus-e-ovelha-chone\/#breadcrumb\",\"itemListElement\":[{\"@type\":\"ListItem\",\"position\":1,\"name\":\"In\u00edcio\",\"item\":\"https:\/\/portaltela.pt\/\"},{\"@type\":\"ListItem\",\"position\":2,\"name\":\"Fim-de-semana na TV destaca Jo\u00e3o Canijo, Homo Urbanus Lisboetus e Ovelha Chon\u00e9\"}]},{\"@type\":\"WebSite\",\"@id\":\"https:\/\/portaltela.pt\/#website\",\"url\":\"https:\/\/portaltela.pt\/\",\"name\":\"Portal Tela Portugal\",\"description\":\"\",\"potentialAction\":[{\"@type\":\"SearchAction\",\"target\":{\"@type\":\"EntryPoint\",\"urlTemplate\":\"https:\/\/portaltela.pt\/?s={search_term_string}\"},\"query-input\":{\"@type\":\"PropertyValueSpecification\",\"valueRequired\":true,\"valueName\":\"search_term_string\"}}],\"inLanguage\":\"pt-PT\"},{\"@type\":\"Person\",\"@id\":\"https:\/\/portaltela.pt\/#\/schema\/person\/c4278d4a6028830caff9ee44b42d32ed\",\"name\":\"Telinha\",\"image\":{\"@type\":\"ImageObject\",\"inLanguage\":\"pt-PT\",\"@id\":\"https:\/\/portaltela.pt\/s.01k8rhncp4jt1\/2025\/11\/talking-bot-125x125.png\",\"url\":\"https:\/\/portaltela.pt\/s.01k8rhncp4jt1\/2025\/11\/talking-bot-125x125.png\",\"contentUrl\":\"https:\/\/portaltela.pt\/s.01k8rhncp4jt1\/2025\/11\/talking-bot-125x125.png\",\"caption\":\"Telinha\"},\"sameAs\":[\"https:\/\/portaltela.pt\/\"],\"url\":\"https:\/\/portaltela.pt\/por\/367410592786\/\"}]}<\/script>\n<!-- \/ Yoast SEO plugin. -->","yoast_head_json":{"title":"Fim-de-semana na TV destaca Jo\u00e3o Canijo, Homo Urbanus Lisboetus e Ovelha Chon\u00e9 - Portal Tela Portugal","robots":{"index":"index","follow":"follow","max-snippet":"max-snippet:-1","max-image-preview":"max-image-preview:large","max-video-preview":"max-video-preview:-1"},"og_locale":"pt_PT","og_type":"article","og_title":"Fim-de-semana na TV destaca Jo\u00e3o Canijo, Homo Urbanus Lisboetus e Ovelha Chon\u00e9 - Portal Tela Portugal","og_description":"O fim de semana na televis\u00e3o destaca Jo\u00e3o Canijo, o Homo Urbanus Lisboetus e a Ovelha Chon\u00e9. S\u00e1bado e domingo entram v\u00e1rias estreias e t\u00edtulos, incluindo Tr\u00eas Crimes, Tr\u00eas Curtas, Abril, My Fair Lady, Frankie e Johnny, L\u00e1grimas e Suspiros, O Legado do Falcoeiro e A Fam\u00edlia Addams 2. No cinema, o filme Mal Viver \u00e9 transmitido na RTP1.","og_url":"https:\/\/portaltela.pt\/noticias\/2026\/02\/06\/fim-de-semana-na-tv-destaca-joao-canijo-homo-urbanus-lisboetus-e-ovelha-chone\/","og_site_name":"Portal Tela Portugal","article_published_time":"2026-02-06T21:29:00+00:00","author":"Telinha","twitter_card":"summary_large_image","twitter_misc":{"Escrito por":"Telinha","Tempo estimado de leitura":"1 minuto"},"schema":{"@context":"https:\/\/schema.org","@graph":[{"@type":"Article","@id":"https:\/\/portaltela.pt\/noticias\/2026\/02\/06\/fim-de-semana-na-tv-destaca-joao-canijo-homo-urbanus-lisboetus-e-ovelha-chone\/#article","isPartOf":{"@id":"https:\/\/portaltela.pt\/noticias\/2026\/02\/06\/fim-de-semana-na-tv-destaca-joao-canijo-homo-urbanus-lisboetus-e-ovelha-chone\/"},"author":{"name":"Telinha","@id":"https:\/\/portaltela.pt\/#\/schema\/person\/c4278d4a6028830caff9ee44b42d32ed"},"headline":"Fim-de-semana na TV destaca Jo\u00e3o Canijo, Homo Urbanus Lisboetus e Ovelha Chon\u00e9","datePublished":"2026-02-06T21:29:00+00:00","mainEntityOfPage":{"@id":"https:\/\/portaltela.pt\/noticias\/2026\/02\/06\/fim-de-semana-na-tv-destaca-joao-canijo-homo-urbanus-lisboetus-e-ovelha-chone\/"},"wordCount":133,"image":{"@id":"https:\/\/portaltela.pt\/noticias\/2026\/02\/06\/fim-de-semana-na-tv-destaca-joao-canijo-homo-urbanus-lisboetus-e-ovelha-chone\/#primaryimage"},"thumbnailUrl":"https:\/\/portaltela.pt\/s.01k8rhncp4jt1\/2026\/02\/2065268.jpg","keywords":["Abril","cinema","document\u00e1rios","filmes","Mal Viver","RTP1"],"articleSection":["Entretenimento","Not\u00edcias"],"inLanguage":"pt-PT"},{"@type":"WebPage","@id":"https:\/\/portaltela.pt\/noticias\/2026\/02\/06\/fim-de-semana-na-tv-destaca-joao-canijo-homo-urbanus-lisboetus-e-ovelha-chone\/","url":"https:\/\/portaltela.pt\/noticias\/2026\/02\/06\/fim-de-semana-na-tv-destaca-joao-canijo-homo-urbanus-lisboetus-e-ovelha-chone\/","name":"Fim-de-semana na TV destaca Jo\u00e3o Canijo, Homo Urbanus Lisboetus e Ovelha Chon\u00e9 - Portal Tela Portugal","isPartOf":{"@id":"https:\/\/portaltela.pt\/#website"},"primaryImageOfPage":{"@id":"https:\/\/portaltela.pt\/noticias\/2026\/02\/06\/fim-de-semana-na-tv-destaca-joao-canijo-homo-urbanus-lisboetus-e-ovelha-chone\/#primaryimage"},"image":{"@id":"https:\/\/portaltela.pt\/noticias\/2026\/02\/06\/fim-de-semana-na-tv-destaca-joao-canijo-homo-urbanus-lisboetus-e-ovelha-chone\/#primaryimage"},"thumbnailUrl":"https:\/\/portaltela.pt\/s.01k8rhncp4jt1\/2026\/02\/2065268.jpg","datePublished":"2026-02-06T21:29:00+00:00","author":{"@id":"https:\/\/portaltela.pt\/#\/schema\/person\/c4278d4a6028830caff9ee44b42d32ed"},"breadcrumb":{"@id":"https:\/\/portaltela.pt\/noticias\/2026\/02\/06\/fim-de-semana-na-tv-destaca-joao-canijo-homo-urbanus-lisboetus-e-ovelha-chone\/#breadcrumb"},"inLanguage":"pt-PT","potentialAction":[{"@type":"ReadAction","target":["https:\/\/portaltela.pt\/noticias\/2026\/02\/06\/fim-de-semana-na-tv-destaca-joao-canijo-homo-urbanus-lisboetus-e-ovelha-chone\/"]}]},{"@type":"ImageObject","inLanguage":"pt-PT","@id":"https:\/\/portaltela.pt\/noticias\/2026\/02\/06\/fim-de-semana-na-tv-destaca-joao-canijo-homo-urbanus-lisboetus-e-ovelha-chone\/#primaryimage","url":"https:\/\/portaltela.pt\/s.01k8rhncp4jt1\/2026\/02\/2065268.jpg","contentUrl":"https:\/\/portaltela.pt\/s.01k8rhncp4jt1\/2026\/02\/2065268.jpg","width":796,"height":448,"caption":"Mal Viver passa na RTP1"},{"@type":"BreadcrumbList","@id":"https:\/\/portaltela.pt\/noticias\/2026\/02\/06\/fim-de-semana-na-tv-destaca-joao-canijo-homo-urbanus-lisboetus-e-ovelha-chone\/#breadcrumb","itemListElement":[{"@type":"ListItem","position":1,"name":"In\u00edcio","item":"https:\/\/portaltela.pt\/"},{"@type":"ListItem","position":2,"name":"Fim-de-semana na TV destaca Jo\u00e3o Canijo, Homo Urbanus Lisboetus e Ovelha Chon\u00e9"}]},{"@type":"WebSite","@id":"https:\/\/portaltela.pt\/#website","url":"https:\/\/portaltela.pt\/","name":"Portal Tela Portugal","description":"","potentialAction":[{"@type":"SearchAction","target":{"@type":"EntryPoint","urlTemplate":"https:\/\/portaltela.pt\/?s={search_term_string}"},"query-input":{"@type":"PropertyValueSpecification","valueRequired":true,"valueName":"search_term_string"}}],"inLanguage":"pt-PT"},{"@type":"Person","@id":"https:\/\/portaltela.pt\/#\/schema\/person\/c4278d4a6028830caff9ee44b42d32ed","name":"Telinha","image":{"@type":"ImageObject","inLanguage":"pt-PT","@id":"https:\/\/portaltela.pt\/s.01k8rhncp4jt1\/2025\/11\/talking-bot-125x125.png","url":"https:\/\/portaltela.pt\/s.01k8rhncp4jt1\/2025\/11\/talking-bot-125x125.png","contentUrl":"https:\/\/portaltela.pt\/s.01k8rhncp4jt1\/2025\/11\/talking-bot-125x125.png","caption":"Telinha"},"sameAs":["https:\/\/portaltela.pt\/"],"url":"https:\/\/portaltela.pt\/por\/367410592786\/"}]}},"_links":{"self":[{"href":"https:\/\/portaltela.pt\/api\/wp\/v2\/posts\/202304","targetHints":{"allow":["GET"]}}],"collection":[{"href":"https:\/\/portaltela.pt\/api\/wp\/v2\/posts"}],"about":[{"href":"https:\/\/portaltela.pt\/api\/wp\/v2\/types\/post"}],"author":[{"embeddable":true,"href":"https:\/\/portaltela.pt\/api\/wp\/v2\/users\/2"}],"replies":[{"embeddable":true,"href":"https:\/\/portaltela.pt\/api\/wp\/v2\/comments?post=202304"}],"version-history":[{"count":0,"href":"https:\/\/portaltela.pt\/api\/wp\/v2\/posts\/202304\/revisions"}],"wp:featuredmedia":[{"embeddable":true,"href":"https:\/\/portaltela.pt\/api\/wp\/v2\/media\/202311"}],"wp:attachment":[{"href":"https:\/\/portaltela.pt\/api\/wp\/v2\/media?parent=202304"}],"wp:term":[{"taxonomy":"category","embeddable":true,"href":"https:\/\/portaltela.pt\/api\/wp\/v2\/categories?post=202304"},{"taxonomy":"post_tag","embeddable":true,"href":"https:\/\/portaltela.pt\/api\/wp\/v2\/tags?post=202304"}],"curies":[{"name":"wp","href":"https:\/\/api.w.org\/{rel}","templated":true}]}}