{"id":202277,"date":"2026-02-06T18:27:21","date_gmt":"2026-02-06T21:27:21","guid":{"rendered":"https:\/\/portaltela.pt\/noticias\/2026\/02\/06\/fanny-rodrigues-revela-mudanca-radical-de-visual-antes-de-sair-de-ferias\/"},"modified":"2026-02-06T18:27:21","modified_gmt":"2026-02-06T21:27:21","slug":"fanny-rodrigues-revela-mudanca-radical-de-visual-antes-de-sair-de-ferias","status":"publish","type":"post","link":"https:\/\/portaltela.pt\/noticias\/2026\/02\/06\/fanny-rodrigues-revela-mudanca-radical-de-visual-antes-de-sair-de-ferias\/","title":{"rendered":"Fanny Rodrigues revela mudan\u00e7a radical de visual antes de sair de f\u00e9rias"},"content":{"rendered":"<p>Fanny Rodrigues, ex-apresentadora do Somos Portugal, da TVI, revelou uma mudan\u00e7a de visual radical antes de partir em f\u00e9rias. A transforma\u00e7\u00e3o consistiu num cabelo longo com cachos loiros, em contraste com o habitual cabelo curto que j\u00e1 adotou anteriormente.<\/p>\n<p>A apresentadora, de 34 anos, comunicou a novidade atrav\u00e9s das redes sociais, onde mostrou o antes e o depois. Na publica\u00e7\u00e3o, insinuou que o novo visual est\u00e1 ligado ao destino da viagem que j\u00e1 escolheu.<\/p>\n<p>Nos coment\u00e1rios, os seguidores elogiaram a mudan\u00e7a, destacando o tom dos cachos e o conjunto usado pela ex-\u00e2ncora. A rea\u00e7\u00e3o foi positiva, com mensagens de apoio \u00e0 nova imagem.<\/p>\n<p>Esta n\u00e3o \u00e9 a primeira vez que Fanny adopta estilos diferentes. Em 2025, durante uma viagem a Cabo Verde com o amigo Z\u00e9 Lopes, j\u00e1 tinha optado por um visual entran\u00e7ado semelhante ao atual.<\/p>\n<h3>Novo visual acompanha a viagem<\/h3>\n<p>A escolha de investir numa mudan\u00e7a de cabelo parece ser parte de uma prepara\u00e7\u00e3o para a pr\u00f3xima viagem anunciada pela apresentadora. O destino continua por confirmar, mas a express\u00e3o \u201cO pr\u00f3ximo destino est\u00e1 escolhido\u201d sugere uma liga\u00e7\u00e3o direta entre o visual renovado e a aventura iminente.<\/p>\n<p>Fanny tem sido ativa nas redes sociais, enfrentando cr\u00edticas com frequ\u00eancia. Nesta ocasi\u00e3o, por\u00e9m, os seguidores centraram-se no estilo, n\u00e3o gerando controv\u00e9rsia significativa.<\/p>\n","protected":false},"excerpt":{"rendered":"<ul>\n<li>Fanny Rodrigues, de 34 anos, revelou uma mudan\u00e7a radical de visual antes da pr\u00f3xima viagem, passando de cabelo curto para longos cachos loiros.<\/li>\n<li>A ex-apresentadora de Somos Portugal mostrou o antes e o depois numa publica\u00e7\u00e3o nas redes sociais, com a legenda \u201cO pr\u00f3ximo destino est\u00e1 escolhido\u201d.<\/li>\n<li>A mudan\u00e7a parece ter sido pensada para o destino da viagem, segundo a pr\u00f3pria publica\u00e7\u00e3o.<\/li>\n<li>Os seguidores elogiaram o novo visual, deixando mensagens como \u201cAdoro! Fica-te t\u00e3o bem\u201d e \u201cBel\u00edssima\u201d.<\/li>\n<li>Esta n\u00e3o \u00e9 a primeira vez que Fanny apostou num penteado com cabelo entran\u00e7ado; em 2025, durante uma viagem a Cabo Verde com o amigo Z\u00e9 Lopes, optou por um visual semelhante.<\/li>\n<\/ul>\n","protected":false},"author":2,"featured_media":202278,"comment_status":"closed","ping_status":"closed","sticky":false,"template":"","format":"standard","meta":{"footnotes":""},"categories":[12,1],"tags":[2329,3259,3115,135,40,88],"class_list":["post-202277","post","type-post","status-publish","format-standard","has-post-thumbnail","hentry","category-entretenimento","category-noticias","tag-cabo-verde","tag-celebidades","tag-fanny-rodrigues","tag-moda","tag-pessoas","tag-redes-sociais"],"yoast_head":"<!-- This site is optimized with the Yoast SEO plugin v27.2 - https:\/\/yoast.com\/product\/yoast-seo-wordpress\/ -->\n<title>Fanny Rodrigues revela mudan\u00e7a radical de visual antes de sair de f\u00e9rias - Portal Tela Portugal<\/title>\n<meta name=\"robots\" content=\"index, follow, max-snippet:-1, max-image-preview:large, max-video-preview:-1\" \/>\n<meta property=\"og:locale\" content=\"pt_PT\" \/>\n<meta property=\"og:type\" content=\"article\" \/>\n<meta property=\"og:title\" content=\"Fanny Rodrigues revela mudan\u00e7a radical de visual antes de sair de f\u00e9rias - Portal Tela Portugal\" \/>\n<meta property=\"og:description\" content=\"Fanny Rodrigues, de 34 anos, revelou uma mudan\u00e7a radical de visual antes da pr\u00f3xima viagem, passando de cabelo curto para longos cachos loiros. A ex-apresentadora de Somos Portugal mostrou o antes e o depois numa publica\u00e7\u00e3o nas redes sociais, com a legenda \u201cO pr\u00f3ximo destino est\u00e1 escolhido\u201d. A mudan\u00e7a parece ter sido pensada para o destino da viagem, segundo a pr\u00f3pria publica\u00e7\u00e3o. Os seguidores elogiaram o novo visual, deixando mensagens como \u201cAdoro! Fica-te t\u00e3o bem\u201d e \u201cBel\u00edssima\u201d. Esta n\u00e3o \u00e9 a primeira vez que Fanny apostou num penteado com cabelo entran\u00e7ado; em 2025, durante uma viagem a Cabo Verde com o amigo Z\u00e9 Lopes, optou por um visual semelhante.\" \/>\n<meta property=\"og:url\" content=\"https:\/\/portaltela.pt\/noticias\/2026\/02\/06\/fanny-rodrigues-revela-mudanca-radical-de-visual-antes-de-sair-de-ferias\/\" \/>\n<meta property=\"og:site_name\" content=\"Portal Tela Portugal\" \/>\n<meta property=\"article:published_time\" content=\"2026-02-06T21:27:21+00:00\" \/>\n<meta name=\"author\" content=\"Telinha\" \/>\n<meta name=\"twitter:card\" content=\"summary_large_image\" \/>\n<meta name=\"twitter:label1\" content=\"Escrito por\" \/>\n\t<meta name=\"twitter:data1\" content=\"Telinha\" \/>\n\t<meta name=\"twitter:label2\" content=\"Tempo estimado de leitura\" \/>\n\t<meta name=\"twitter:data2\" content=\"1 minuto\" \/>\n<script type=\"application\/ld+json\" class=\"yoast-schema-graph\">{\"@context\":\"https:\/\/schema.org\",\"@graph\":[{\"@type\":\"Article\",\"@id\":\"https:\/\/portaltela.pt\/noticias\/2026\/02\/06\/fanny-rodrigues-revela-mudanca-radical-de-visual-antes-de-sair-de-ferias\/#article\",\"isPartOf\":{\"@id\":\"https:\/\/portaltela.pt\/noticias\/2026\/02\/06\/fanny-rodrigues-revela-mudanca-radical-de-visual-antes-de-sair-de-ferias\/\"},\"author\":{\"name\":\"Telinha\",\"@id\":\"https:\/\/portaltela.pt\/#\/schema\/person\/c4278d4a6028830caff9ee44b42d32ed\"},\"headline\":\"Fanny Rodrigues revela mudan\u00e7a radical de visual antes de sair de f\u00e9rias\",\"datePublished\":\"2026-02-06T21:27:21+00:00\",\"mainEntityOfPage\":{\"@id\":\"https:\/\/portaltela.pt\/noticias\/2026\/02\/06\/fanny-rodrigues-revela-mudanca-radical-de-visual-antes-de-sair-de-ferias\/\"},\"wordCount\":244,\"image\":{\"@id\":\"https:\/\/portaltela.pt\/noticias\/2026\/02\/06\/fanny-rodrigues-revela-mudanca-radical-de-visual-antes-de-sair-de-ferias\/#primaryimage\"},\"thumbnailUrl\":\"https:\/\/portaltela.pt\/s.01k8rhncp4jt1\/2026\/02\/img_1500x1000uu2025-12-04-15-40-32-2252451-im-639004597405141364.jpg\",\"keywords\":[\"Cabo Verde\",\"celebidades\",\"Fanny Rodrigues\",\"moda\",\"pessoas\",\"redes sociais\"],\"articleSection\":[\"Entretenimento\",\"Not\u00edcias\"],\"inLanguage\":\"pt-PT\"},{\"@type\":\"WebPage\",\"@id\":\"https:\/\/portaltela.pt\/noticias\/2026\/02\/06\/fanny-rodrigues-revela-mudanca-radical-de-visual-antes-de-sair-de-ferias\/\",\"url\":\"https:\/\/portaltela.pt\/noticias\/2026\/02\/06\/fanny-rodrigues-revela-mudanca-radical-de-visual-antes-de-sair-de-ferias\/\",\"name\":\"Fanny Rodrigues revela mudan\u00e7a radical de visual antes de sair de f\u00e9rias - Portal Tela Portugal\",\"isPartOf\":{\"@id\":\"https:\/\/portaltela.pt\/#website\"},\"primaryImageOfPage\":{\"@id\":\"https:\/\/portaltela.pt\/noticias\/2026\/02\/06\/fanny-rodrigues-revela-mudanca-radical-de-visual-antes-de-sair-de-ferias\/#primaryimage\"},\"image\":{\"@id\":\"https:\/\/portaltela.pt\/noticias\/2026\/02\/06\/fanny-rodrigues-revela-mudanca-radical-de-visual-antes-de-sair-de-ferias\/#primaryimage\"},\"thumbnailUrl\":\"https:\/\/portaltela.pt\/s.01k8rhncp4jt1\/2026\/02\/img_1500x1000uu2025-12-04-15-40-32-2252451-im-639004597405141364.jpg\",\"datePublished\":\"2026-02-06T21:27:21+00:00\",\"author\":{\"@id\":\"https:\/\/portaltela.pt\/#\/schema\/person\/c4278d4a6028830caff9ee44b42d32ed\"},\"breadcrumb\":{\"@id\":\"https:\/\/portaltela.pt\/noticias\/2026\/02\/06\/fanny-rodrigues-revela-mudanca-radical-de-visual-antes-de-sair-de-ferias\/#breadcrumb\"},\"inLanguage\":\"pt-PT\",\"potentialAction\":[{\"@type\":\"ReadAction\",\"target\":[\"https:\/\/portaltela.pt\/noticias\/2026\/02\/06\/fanny-rodrigues-revela-mudanca-radical-de-visual-antes-de-sair-de-ferias\/\"]}]},{\"@type\":\"ImageObject\",\"inLanguage\":\"pt-PT\",\"@id\":\"https:\/\/portaltela.pt\/noticias\/2026\/02\/06\/fanny-rodrigues-revela-mudanca-radical-de-visual-antes-de-sair-de-ferias\/#primaryimage\",\"url\":\"https:\/\/portaltela.pt\/s.01k8rhncp4jt1\/2026\/02\/img_1500x1000uu2025-12-04-15-40-32-2252451-im-639004597405141364.jpg\",\"contentUrl\":\"https:\/\/portaltela.pt\/s.01k8rhncp4jt1\/2026\/02\/img_1500x1000uu2025-12-04-15-40-32-2252451-im-639004597405141364.jpg\",\"width\":796,\"height\":448,\"caption\":\"Fanny Rodrigues\"},{\"@type\":\"BreadcrumbList\",\"@id\":\"https:\/\/portaltela.pt\/noticias\/2026\/02\/06\/fanny-rodrigues-revela-mudanca-radical-de-visual-antes-de-sair-de-ferias\/#breadcrumb\",\"itemListElement\":[{\"@type\":\"ListItem\",\"position\":1,\"name\":\"In\u00edcio\",\"item\":\"https:\/\/portaltela.pt\/\"},{\"@type\":\"ListItem\",\"position\":2,\"name\":\"Fanny Rodrigues revela mudan\u00e7a radical de visual antes de sair de f\u00e9rias\"}]},{\"@type\":\"WebSite\",\"@id\":\"https:\/\/portaltela.pt\/#website\",\"url\":\"https:\/\/portaltela.pt\/\",\"name\":\"Portal Tela Portugal\",\"description\":\"\",\"potentialAction\":[{\"@type\":\"SearchAction\",\"target\":{\"@type\":\"EntryPoint\",\"urlTemplate\":\"https:\/\/portaltela.pt\/?s={search_term_string}\"},\"query-input\":{\"@type\":\"PropertyValueSpecification\",\"valueRequired\":true,\"valueName\":\"search_term_string\"}}],\"inLanguage\":\"pt-PT\"},{\"@type\":\"Person\",\"@id\":\"https:\/\/portaltela.pt\/#\/schema\/person\/c4278d4a6028830caff9ee44b42d32ed\",\"name\":\"Telinha\",\"image\":{\"@type\":\"ImageObject\",\"inLanguage\":\"pt-PT\",\"@id\":\"https:\/\/portaltela.pt\/s.01k8rhncp4jt1\/2025\/11\/talking-bot-125x125.png\",\"url\":\"https:\/\/portaltela.pt\/s.01k8rhncp4jt1\/2025\/11\/talking-bot-125x125.png\",\"contentUrl\":\"https:\/\/portaltela.pt\/s.01k8rhncp4jt1\/2025\/11\/talking-bot-125x125.png\",\"caption\":\"Telinha\"},\"sameAs\":[\"https:\/\/portaltela.pt\/\"],\"url\":\"https:\/\/portaltela.pt\/por\/367410592786\/\"}]}<\/script>\n<!-- \/ Yoast SEO plugin. -->","yoast_head_json":{"title":"Fanny Rodrigues revela mudan\u00e7a radical de visual antes de sair de f\u00e9rias - Portal Tela Portugal","robots":{"index":"index","follow":"follow","max-snippet":"max-snippet:-1","max-image-preview":"max-image-preview:large","max-video-preview":"max-video-preview:-1"},"og_locale":"pt_PT","og_type":"article","og_title":"Fanny Rodrigues revela mudan\u00e7a radical de visual antes de sair de f\u00e9rias - Portal Tela Portugal","og_description":"Fanny Rodrigues, de 34 anos, revelou uma mudan\u00e7a radical de visual antes da pr\u00f3xima viagem, passando de cabelo curto para longos cachos loiros. A ex-apresentadora de Somos Portugal mostrou o antes e o depois numa publica\u00e7\u00e3o nas redes sociais, com a legenda \u201cO pr\u00f3ximo destino est\u00e1 escolhido\u201d. A mudan\u00e7a parece ter sido pensada para o destino da viagem, segundo a pr\u00f3pria publica\u00e7\u00e3o. Os seguidores elogiaram o novo visual, deixando mensagens como \u201cAdoro! Fica-te t\u00e3o bem\u201d e \u201cBel\u00edssima\u201d. Esta n\u00e3o \u00e9 a primeira vez que Fanny apostou num penteado com cabelo entran\u00e7ado; em 2025, durante uma viagem a Cabo Verde com o amigo Z\u00e9 Lopes, optou por um visual semelhante.","og_url":"https:\/\/portaltela.pt\/noticias\/2026\/02\/06\/fanny-rodrigues-revela-mudanca-radical-de-visual-antes-de-sair-de-ferias\/","og_site_name":"Portal Tela Portugal","article_published_time":"2026-02-06T21:27:21+00:00","author":"Telinha","twitter_card":"summary_large_image","twitter_misc":{"Escrito por":"Telinha","Tempo estimado de leitura":"1 minuto"},"schema":{"@context":"https:\/\/schema.org","@graph":[{"@type":"Article","@id":"https:\/\/portaltela.pt\/noticias\/2026\/02\/06\/fanny-rodrigues-revela-mudanca-radical-de-visual-antes-de-sair-de-ferias\/#article","isPartOf":{"@id":"https:\/\/portaltela.pt\/noticias\/2026\/02\/06\/fanny-rodrigues-revela-mudanca-radical-de-visual-antes-de-sair-de-ferias\/"},"author":{"name":"Telinha","@id":"https:\/\/portaltela.pt\/#\/schema\/person\/c4278d4a6028830caff9ee44b42d32ed"},"headline":"Fanny Rodrigues revela mudan\u00e7a radical de visual antes de sair de f\u00e9rias","datePublished":"2026-02-06T21:27:21+00:00","mainEntityOfPage":{"@id":"https:\/\/portaltela.pt\/noticias\/2026\/02\/06\/fanny-rodrigues-revela-mudanca-radical-de-visual-antes-de-sair-de-ferias\/"},"wordCount":244,"image":{"@id":"https:\/\/portaltela.pt\/noticias\/2026\/02\/06\/fanny-rodrigues-revela-mudanca-radical-de-visual-antes-de-sair-de-ferias\/#primaryimage"},"thumbnailUrl":"https:\/\/portaltela.pt\/s.01k8rhncp4jt1\/2026\/02\/img_1500x1000uu2025-12-04-15-40-32-2252451-im-639004597405141364.jpg","keywords":["Cabo Verde","celebidades","Fanny Rodrigues","moda","pessoas","redes sociais"],"articleSection":["Entretenimento","Not\u00edcias"],"inLanguage":"pt-PT"},{"@type":"WebPage","@id":"https:\/\/portaltela.pt\/noticias\/2026\/02\/06\/fanny-rodrigues-revela-mudanca-radical-de-visual-antes-de-sair-de-ferias\/","url":"https:\/\/portaltela.pt\/noticias\/2026\/02\/06\/fanny-rodrigues-revela-mudanca-radical-de-visual-antes-de-sair-de-ferias\/","name":"Fanny Rodrigues revela mudan\u00e7a radical de visual antes de sair de f\u00e9rias - Portal Tela Portugal","isPartOf":{"@id":"https:\/\/portaltela.pt\/#website"},"primaryImageOfPage":{"@id":"https:\/\/portaltela.pt\/noticias\/2026\/02\/06\/fanny-rodrigues-revela-mudanca-radical-de-visual-antes-de-sair-de-ferias\/#primaryimage"},"image":{"@id":"https:\/\/portaltela.pt\/noticias\/2026\/02\/06\/fanny-rodrigues-revela-mudanca-radical-de-visual-antes-de-sair-de-ferias\/#primaryimage"},"thumbnailUrl":"https:\/\/portaltela.pt\/s.01k8rhncp4jt1\/2026\/02\/img_1500x1000uu2025-12-04-15-40-32-2252451-im-639004597405141364.jpg","datePublished":"2026-02-06T21:27:21+00:00","author":{"@id":"https:\/\/portaltela.pt\/#\/schema\/person\/c4278d4a6028830caff9ee44b42d32ed"},"breadcrumb":{"@id":"https:\/\/portaltela.pt\/noticias\/2026\/02\/06\/fanny-rodrigues-revela-mudanca-radical-de-visual-antes-de-sair-de-ferias\/#breadcrumb"},"inLanguage":"pt-PT","potentialAction":[{"@type":"ReadAction","target":["https:\/\/portaltela.pt\/noticias\/2026\/02\/06\/fanny-rodrigues-revela-mudanca-radical-de-visual-antes-de-sair-de-ferias\/"]}]},{"@type":"ImageObject","inLanguage":"pt-PT","@id":"https:\/\/portaltela.pt\/noticias\/2026\/02\/06\/fanny-rodrigues-revela-mudanca-radical-de-visual-antes-de-sair-de-ferias\/#primaryimage","url":"https:\/\/portaltela.pt\/s.01k8rhncp4jt1\/2026\/02\/img_1500x1000uu2025-12-04-15-40-32-2252451-im-639004597405141364.jpg","contentUrl":"https:\/\/portaltela.pt\/s.01k8rhncp4jt1\/2026\/02\/img_1500x1000uu2025-12-04-15-40-32-2252451-im-639004597405141364.jpg","width":796,"height":448,"caption":"Fanny Rodrigues"},{"@type":"BreadcrumbList","@id":"https:\/\/portaltela.pt\/noticias\/2026\/02\/06\/fanny-rodrigues-revela-mudanca-radical-de-visual-antes-de-sair-de-ferias\/#breadcrumb","itemListElement":[{"@type":"ListItem","position":1,"name":"In\u00edcio","item":"https:\/\/portaltela.pt\/"},{"@type":"ListItem","position":2,"name":"Fanny Rodrigues revela mudan\u00e7a radical de visual antes de sair de f\u00e9rias"}]},{"@type":"WebSite","@id":"https:\/\/portaltela.pt\/#website","url":"https:\/\/portaltela.pt\/","name":"Portal Tela Portugal","description":"","potentialAction":[{"@type":"SearchAction","target":{"@type":"EntryPoint","urlTemplate":"https:\/\/portaltela.pt\/?s={search_term_string}"},"query-input":{"@type":"PropertyValueSpecification","valueRequired":true,"valueName":"search_term_string"}}],"inLanguage":"pt-PT"},{"@type":"Person","@id":"https:\/\/portaltela.pt\/#\/schema\/person\/c4278d4a6028830caff9ee44b42d32ed","name":"Telinha","image":{"@type":"ImageObject","inLanguage":"pt-PT","@id":"https:\/\/portaltela.pt\/s.01k8rhncp4jt1\/2025\/11\/talking-bot-125x125.png","url":"https:\/\/portaltela.pt\/s.01k8rhncp4jt1\/2025\/11\/talking-bot-125x125.png","contentUrl":"https:\/\/portaltela.pt\/s.01k8rhncp4jt1\/2025\/11\/talking-bot-125x125.png","caption":"Telinha"},"sameAs":["https:\/\/portaltela.pt\/"],"url":"https:\/\/portaltela.pt\/por\/367410592786\/"}]}},"_links":{"self":[{"href":"https:\/\/portaltela.pt\/api\/wp\/v2\/posts\/202277","targetHints":{"allow":["GET"]}}],"collection":[{"href":"https:\/\/portaltela.pt\/api\/wp\/v2\/posts"}],"about":[{"href":"https:\/\/portaltela.pt\/api\/wp\/v2\/types\/post"}],"author":[{"embeddable":true,"href":"https:\/\/portaltela.pt\/api\/wp\/v2\/users\/2"}],"replies":[{"embeddable":true,"href":"https:\/\/portaltela.pt\/api\/wp\/v2\/comments?post=202277"}],"version-history":[{"count":0,"href":"https:\/\/portaltela.pt\/api\/wp\/v2\/posts\/202277\/revisions"}],"wp:featuredmedia":[{"embeddable":true,"href":"https:\/\/portaltela.pt\/api\/wp\/v2\/media\/202278"}],"wp:attachment":[{"href":"https:\/\/portaltela.pt\/api\/wp\/v2\/media?parent=202277"}],"wp:term":[{"taxonomy":"category","embeddable":true,"href":"https:\/\/portaltela.pt\/api\/wp\/v2\/categories?post=202277"},{"taxonomy":"post_tag","embeddable":true,"href":"https:\/\/portaltela.pt\/api\/wp\/v2\/tags?post=202277"}],"curies":[{"name":"wp","href":"https:\/\/api.w.org\/{rel}","templated":true}]}}