{"id":202231,"date":"2026-02-06T17:12:08","date_gmt":"2026-02-06T20:12:08","guid":{"rendered":"https:\/\/portaltela.pt\/noticias\/2026\/02\/06\/agate-de-sousa-vence-em-madrid-com-melhor-marca-mundial-do-ano-no-comprimento\/"},"modified":"2026-02-06T17:12:08","modified_gmt":"2026-02-06T20:12:08","slug":"agate-de-sousa-vence-em-madrid-com-melhor-marca-mundial-do-ano-no-comprimento","status":"publish","type":"post","link":"https:\/\/portaltela.pt\/desporto\/2026\/02\/06\/agate-de-sousa-vence-em-madrid-com-melhor-marca-mundial-do-ano-no-comprimento\/","title":{"rendered":"Agate de Sousa vence em Madrid com melhor marca mundial do ano no comprimento"},"content":{"rendered":"<p>Agate de Sousa venceu o salto em comprimento no Meeting indoor de Madrid, prova do World Indoor Tour Gold. A atleta do Benfica conseguiu 6.97 metros, estabelecendo a melhor marca mundial do ano.<\/p>\n<p>Este resultado representa o melhor registo de Agate desde que passou a competir como atleta portuguesa, em maio de 2024. O 6.97 m fica aqu\u00e9m do seu recorde absoluto de 7.03 m, estatuto que pertence ao recorde nacional de S\u00e3o Tom\u00e9 e Pr\u00edncipe.<\/p>\n<p>Portugal fica ainda longe da atual melhor marca nacional, perten\u00e7a de Naide Gomes, que det\u00e9m 7.12, 7.04, 7.01, 7.00 e 6.99 metros, respetivamente. Gomes lidera o ranking nacional com cinco marcas entre as melhores de sempre.<\/p>\n<p>No \u00e2mbito do Benfica, Agate de Sousa competiu pela equipa na prova realizada em Madrid, na sexta-feira. O Meeting indoor de Madrid integra o calend\u00e1rio do World Indoor Tour Gold, evento de refer\u00eancia no atletismo mundial em pista coberta.<\/p>\n<p>A prova decorreu na cidade de Madrid, com atletas de v\u00e1rios pa\u00edses a medir for\u00e7as no salto em comprimento, numa jornada marcada pelo desempenho de Agate de Sousa que, al\u00e9m da vit\u00f3ria, fixou a melhor marca mundial do ano. Foto: Sportmedia\/RFEA<\/p>\n","protected":false},"excerpt":{"rendered":"<ul>\n<li>Agate de Sousa venceu o Meeting indoor de Madrid, prova do World Indoor Tour Gold, com 6,97 metros no salto em comprimento.<\/li>\n<li>A marca tornou\u2011se a melhor do mundo no ano na disciplina.<\/li>\n<li>O salto representa o melhor registo de Agate desde que come\u00e7ou a competir por Portugal (maio de 2024); o seu recorde absoluto continua a ser 7,03 metros, recorde nacional de S\u00e3o Tom\u00e9 e Pr\u00edncipe.<\/li>\n<li>Em Portugal, Naide Gomes det\u00e9m as melhores marcas nacionais, com 7,12; 7,04; 7,01; 7,00 e 6,99 metros.<\/li>\n<\/ul>\n","protected":false},"author":2,"featured_media":202232,"comment_status":"closed","ping_status":"closed","sticky":false,"template":"","format":"standard","meta":{"footnotes":""},"categories":[21],"tags":[137,1946,81,5593,1014],"class_list":["post-202231","post","type-post","status-publish","format-standard","has-post-thumbnail","hentry","category-desporto","tag-atletismo","tag-benfica","tag-internacionais","tag-naide-gomes","tag-portugal"],"yoast_head":"<!-- This site is optimized with the Yoast SEO plugin v27.2 - https:\/\/yoast.com\/product\/yoast-seo-wordpress\/ -->\n<title>Agate de Sousa vence em Madrid com melhor marca mundial do ano no comprimento - Portal Tela Portugal<\/title>\n<meta name=\"robots\" content=\"index, follow, max-snippet:-1, max-image-preview:large, max-video-preview:-1\" \/>\n<meta property=\"og:locale\" content=\"pt_PT\" \/>\n<meta property=\"og:type\" content=\"article\" \/>\n<meta property=\"og:title\" content=\"Agate de Sousa vence em Madrid com melhor marca mundial do ano no comprimento - Portal Tela Portugal\" \/>\n<meta property=\"og:description\" content=\"Agate de Sousa venceu o Meeting indoor de Madrid, prova do World Indoor Tour Gold, com 6,97 metros no salto em comprimento. A marca tornou\u2011se a melhor do mundo no ano na disciplina. O salto representa o melhor registo de Agate desde que come\u00e7ou a competir por Portugal (maio de 2024); o seu recorde absoluto continua a ser 7,03 metros, recorde nacional de S\u00e3o Tom\u00e9 e Pr\u00edncipe. Em Portugal, Naide Gomes det\u00e9m as melhores marcas nacionais, com 7,12; 7,04; 7,01; 7,00 e 6,99 metros.\" \/>\n<meta property=\"og:url\" content=\"https:\/\/portaltela.pt\/noticias\/2026\/02\/06\/agate-de-sousa-vence-em-madrid-com-melhor-marca-mundial-do-ano-no-comprimento\/\" \/>\n<meta property=\"og:site_name\" content=\"Portal Tela Portugal\" \/>\n<meta property=\"article:published_time\" content=\"2026-02-06T20:12:08+00:00\" \/>\n<meta name=\"author\" content=\"Telinha\" \/>\n<meta name=\"twitter:card\" content=\"summary_large_image\" \/>\n<meta name=\"twitter:label1\" content=\"Escrito por\" \/>\n\t<meta name=\"twitter:data1\" content=\"Telinha\" \/>\n\t<meta name=\"twitter:label2\" content=\"Tempo estimado de leitura\" \/>\n\t<meta name=\"twitter:data2\" content=\"1 minuto\" \/>\n<script type=\"application\/ld+json\" class=\"yoast-schema-graph\">{\"@context\":\"https:\/\/schema.org\",\"@graph\":[{\"@type\":\"Article\",\"@id\":\"https:\/\/portaltela.pt\/noticias\/2026\/02\/06\/agate-de-sousa-vence-em-madrid-com-melhor-marca-mundial-do-ano-no-comprimento\/#article\",\"isPartOf\":{\"@id\":\"https:\/\/portaltela.pt\/noticias\/2026\/02\/06\/agate-de-sousa-vence-em-madrid-com-melhor-marca-mundial-do-ano-no-comprimento\/\"},\"author\":{\"name\":\"Telinha\",\"@id\":\"https:\/\/portaltela.pt\/#\/schema\/person\/c4278d4a6028830caff9ee44b42d32ed\"},\"headline\":\"Agate de Sousa vence em Madrid com melhor marca mundial do ano no comprimento\",\"datePublished\":\"2026-02-06T20:12:08+00:00\",\"mainEntityOfPage\":{\"@id\":\"https:\/\/portaltela.pt\/noticias\/2026\/02\/06\/agate-de-sousa-vence-em-madrid-com-melhor-marca-mundial-do-ano-no-comprimento\/\"},\"wordCount\":210,\"image\":{\"@id\":\"https:\/\/portaltela.pt\/noticias\/2026\/02\/06\/agate-de-sousa-vence-em-madrid-com-melhor-marca-mundial-do-ano-no-comprimento\/#primaryimage\"},\"thumbnailUrl\":\"https:\/\/portaltela.pt\/s.01k8rhncp4jt1\/2026\/02\/img_920x518uu2026-02-06-20-10-13-2420028.jpg\",\"keywords\":[\"atletismo\",\"Benfica\",\"internacionais\",\"Naide Gomes\",\"Portugal\"],\"articleSection\":[\"Desporto\"],\"inLanguage\":\"pt-PT\"},{\"@type\":\"WebPage\",\"@id\":\"https:\/\/portaltela.pt\/noticias\/2026\/02\/06\/agate-de-sousa-vence-em-madrid-com-melhor-marca-mundial-do-ano-no-comprimento\/\",\"url\":\"https:\/\/portaltela.pt\/noticias\/2026\/02\/06\/agate-de-sousa-vence-em-madrid-com-melhor-marca-mundial-do-ano-no-comprimento\/\",\"name\":\"Agate de Sousa vence em Madrid com melhor marca mundial do ano no comprimento - Portal Tela Portugal\",\"isPartOf\":{\"@id\":\"https:\/\/portaltela.pt\/#website\"},\"primaryImageOfPage\":{\"@id\":\"https:\/\/portaltela.pt\/noticias\/2026\/02\/06\/agate-de-sousa-vence-em-madrid-com-melhor-marca-mundial-do-ano-no-comprimento\/#primaryimage\"},\"image\":{\"@id\":\"https:\/\/portaltela.pt\/noticias\/2026\/02\/06\/agate-de-sousa-vence-em-madrid-com-melhor-marca-mundial-do-ano-no-comprimento\/#primaryimage\"},\"thumbnailUrl\":\"https:\/\/portaltela.pt\/s.01k8rhncp4jt1\/2026\/02\/img_920x518uu2026-02-06-20-10-13-2420028.jpg\",\"datePublished\":\"2026-02-06T20:12:08+00:00\",\"author\":{\"@id\":\"https:\/\/portaltela.pt\/#\/schema\/person\/c4278d4a6028830caff9ee44b42d32ed\"},\"breadcrumb\":{\"@id\":\"https:\/\/portaltela.pt\/noticias\/2026\/02\/06\/agate-de-sousa-vence-em-madrid-com-melhor-marca-mundial-do-ano-no-comprimento\/#breadcrumb\"},\"inLanguage\":\"pt-PT\",\"potentialAction\":[{\"@type\":\"ReadAction\",\"target\":[\"https:\/\/portaltela.pt\/noticias\/2026\/02\/06\/agate-de-sousa-vence-em-madrid-com-melhor-marca-mundial-do-ano-no-comprimento\/\"]}]},{\"@type\":\"ImageObject\",\"inLanguage\":\"pt-PT\",\"@id\":\"https:\/\/portaltela.pt\/noticias\/2026\/02\/06\/agate-de-sousa-vence-em-madrid-com-melhor-marca-mundial-do-ano-no-comprimento\/#primaryimage\",\"url\":\"https:\/\/portaltela.pt\/s.01k8rhncp4jt1\/2026\/02\/img_920x518uu2026-02-06-20-10-13-2420028.jpg\",\"contentUrl\":\"https:\/\/portaltela.pt\/s.01k8rhncp4jt1\/2026\/02\/img_920x518uu2026-02-06-20-10-13-2420028.jpg\",\"width\":796,\"height\":448,\"caption\":\"Agate de Sousa vence em Madrid e estabelece melhor marca mundial no salto em comprimento.\"},{\"@type\":\"BreadcrumbList\",\"@id\":\"https:\/\/portaltela.pt\/noticias\/2026\/02\/06\/agate-de-sousa-vence-em-madrid-com-melhor-marca-mundial-do-ano-no-comprimento\/#breadcrumb\",\"itemListElement\":[{\"@type\":\"ListItem\",\"position\":1,\"name\":\"In\u00edcio\",\"item\":\"https:\/\/portaltela.pt\/\"},{\"@type\":\"ListItem\",\"position\":2,\"name\":\"Agate de Sousa vence em Madrid com melhor marca mundial do ano no comprimento\"}]},{\"@type\":\"WebSite\",\"@id\":\"https:\/\/portaltela.pt\/#website\",\"url\":\"https:\/\/portaltela.pt\/\",\"name\":\"Portal Tela Portugal\",\"description\":\"\",\"potentialAction\":[{\"@type\":\"SearchAction\",\"target\":{\"@type\":\"EntryPoint\",\"urlTemplate\":\"https:\/\/portaltela.pt\/?s={search_term_string}\"},\"query-input\":{\"@type\":\"PropertyValueSpecification\",\"valueRequired\":true,\"valueName\":\"search_term_string\"}}],\"inLanguage\":\"pt-PT\"},{\"@type\":\"Person\",\"@id\":\"https:\/\/portaltela.pt\/#\/schema\/person\/c4278d4a6028830caff9ee44b42d32ed\",\"name\":\"Telinha\",\"image\":{\"@type\":\"ImageObject\",\"inLanguage\":\"pt-PT\",\"@id\":\"https:\/\/portaltela.pt\/s.01k8rhncp4jt1\/2025\/11\/talking-bot-125x125.png\",\"url\":\"https:\/\/portaltela.pt\/s.01k8rhncp4jt1\/2025\/11\/talking-bot-125x125.png\",\"contentUrl\":\"https:\/\/portaltela.pt\/s.01k8rhncp4jt1\/2025\/11\/talking-bot-125x125.png\",\"caption\":\"Telinha\"},\"sameAs\":[\"https:\/\/portaltela.pt\/\"],\"url\":\"https:\/\/portaltela.pt\/por\/367410592786\/\"}]}<\/script>\n<!-- \/ Yoast SEO plugin. -->","yoast_head_json":{"title":"Agate de Sousa vence em Madrid com melhor marca mundial do ano no comprimento - Portal Tela Portugal","robots":{"index":"index","follow":"follow","max-snippet":"max-snippet:-1","max-image-preview":"max-image-preview:large","max-video-preview":"max-video-preview:-1"},"og_locale":"pt_PT","og_type":"article","og_title":"Agate de Sousa vence em Madrid com melhor marca mundial do ano no comprimento - Portal Tela Portugal","og_description":"Agate de Sousa venceu o Meeting indoor de Madrid, prova do World Indoor Tour Gold, com 6,97 metros no salto em comprimento. A marca tornou\u2011se a melhor do mundo no ano na disciplina. O salto representa o melhor registo de Agate desde que come\u00e7ou a competir por Portugal (maio de 2024); o seu recorde absoluto continua a ser 7,03 metros, recorde nacional de S\u00e3o Tom\u00e9 e Pr\u00edncipe. Em Portugal, Naide Gomes det\u00e9m as melhores marcas nacionais, com 7,12; 7,04; 7,01; 7,00 e 6,99 metros.","og_url":"https:\/\/portaltela.pt\/noticias\/2026\/02\/06\/agate-de-sousa-vence-em-madrid-com-melhor-marca-mundial-do-ano-no-comprimento\/","og_site_name":"Portal Tela Portugal","article_published_time":"2026-02-06T20:12:08+00:00","author":"Telinha","twitter_card":"summary_large_image","twitter_misc":{"Escrito por":"Telinha","Tempo estimado de leitura":"1 minuto"},"schema":{"@context":"https:\/\/schema.org","@graph":[{"@type":"Article","@id":"https:\/\/portaltela.pt\/noticias\/2026\/02\/06\/agate-de-sousa-vence-em-madrid-com-melhor-marca-mundial-do-ano-no-comprimento\/#article","isPartOf":{"@id":"https:\/\/portaltela.pt\/noticias\/2026\/02\/06\/agate-de-sousa-vence-em-madrid-com-melhor-marca-mundial-do-ano-no-comprimento\/"},"author":{"name":"Telinha","@id":"https:\/\/portaltela.pt\/#\/schema\/person\/c4278d4a6028830caff9ee44b42d32ed"},"headline":"Agate de Sousa vence em Madrid com melhor marca mundial do ano no comprimento","datePublished":"2026-02-06T20:12:08+00:00","mainEntityOfPage":{"@id":"https:\/\/portaltela.pt\/noticias\/2026\/02\/06\/agate-de-sousa-vence-em-madrid-com-melhor-marca-mundial-do-ano-no-comprimento\/"},"wordCount":210,"image":{"@id":"https:\/\/portaltela.pt\/noticias\/2026\/02\/06\/agate-de-sousa-vence-em-madrid-com-melhor-marca-mundial-do-ano-no-comprimento\/#primaryimage"},"thumbnailUrl":"https:\/\/portaltela.pt\/s.01k8rhncp4jt1\/2026\/02\/img_920x518uu2026-02-06-20-10-13-2420028.jpg","keywords":["atletismo","Benfica","internacionais","Naide Gomes","Portugal"],"articleSection":["Desporto"],"inLanguage":"pt-PT"},{"@type":"WebPage","@id":"https:\/\/portaltela.pt\/noticias\/2026\/02\/06\/agate-de-sousa-vence-em-madrid-com-melhor-marca-mundial-do-ano-no-comprimento\/","url":"https:\/\/portaltela.pt\/noticias\/2026\/02\/06\/agate-de-sousa-vence-em-madrid-com-melhor-marca-mundial-do-ano-no-comprimento\/","name":"Agate de Sousa vence em Madrid com melhor marca mundial do ano no comprimento - Portal Tela Portugal","isPartOf":{"@id":"https:\/\/portaltela.pt\/#website"},"primaryImageOfPage":{"@id":"https:\/\/portaltela.pt\/noticias\/2026\/02\/06\/agate-de-sousa-vence-em-madrid-com-melhor-marca-mundial-do-ano-no-comprimento\/#primaryimage"},"image":{"@id":"https:\/\/portaltela.pt\/noticias\/2026\/02\/06\/agate-de-sousa-vence-em-madrid-com-melhor-marca-mundial-do-ano-no-comprimento\/#primaryimage"},"thumbnailUrl":"https:\/\/portaltela.pt\/s.01k8rhncp4jt1\/2026\/02\/img_920x518uu2026-02-06-20-10-13-2420028.jpg","datePublished":"2026-02-06T20:12:08+00:00","author":{"@id":"https:\/\/portaltela.pt\/#\/schema\/person\/c4278d4a6028830caff9ee44b42d32ed"},"breadcrumb":{"@id":"https:\/\/portaltela.pt\/noticias\/2026\/02\/06\/agate-de-sousa-vence-em-madrid-com-melhor-marca-mundial-do-ano-no-comprimento\/#breadcrumb"},"inLanguage":"pt-PT","potentialAction":[{"@type":"ReadAction","target":["https:\/\/portaltela.pt\/noticias\/2026\/02\/06\/agate-de-sousa-vence-em-madrid-com-melhor-marca-mundial-do-ano-no-comprimento\/"]}]},{"@type":"ImageObject","inLanguage":"pt-PT","@id":"https:\/\/portaltela.pt\/noticias\/2026\/02\/06\/agate-de-sousa-vence-em-madrid-com-melhor-marca-mundial-do-ano-no-comprimento\/#primaryimage","url":"https:\/\/portaltela.pt\/s.01k8rhncp4jt1\/2026\/02\/img_920x518uu2026-02-06-20-10-13-2420028.jpg","contentUrl":"https:\/\/portaltela.pt\/s.01k8rhncp4jt1\/2026\/02\/img_920x518uu2026-02-06-20-10-13-2420028.jpg","width":796,"height":448,"caption":"Agate de Sousa vence em Madrid e estabelece melhor marca mundial no salto em comprimento."},{"@type":"BreadcrumbList","@id":"https:\/\/portaltela.pt\/noticias\/2026\/02\/06\/agate-de-sousa-vence-em-madrid-com-melhor-marca-mundial-do-ano-no-comprimento\/#breadcrumb","itemListElement":[{"@type":"ListItem","position":1,"name":"In\u00edcio","item":"https:\/\/portaltela.pt\/"},{"@type":"ListItem","position":2,"name":"Agate de Sousa vence em Madrid com melhor marca mundial do ano no comprimento"}]},{"@type":"WebSite","@id":"https:\/\/portaltela.pt\/#website","url":"https:\/\/portaltela.pt\/","name":"Portal Tela Portugal","description":"","potentialAction":[{"@type":"SearchAction","target":{"@type":"EntryPoint","urlTemplate":"https:\/\/portaltela.pt\/?s={search_term_string}"},"query-input":{"@type":"PropertyValueSpecification","valueRequired":true,"valueName":"search_term_string"}}],"inLanguage":"pt-PT"},{"@type":"Person","@id":"https:\/\/portaltela.pt\/#\/schema\/person\/c4278d4a6028830caff9ee44b42d32ed","name":"Telinha","image":{"@type":"ImageObject","inLanguage":"pt-PT","@id":"https:\/\/portaltela.pt\/s.01k8rhncp4jt1\/2025\/11\/talking-bot-125x125.png","url":"https:\/\/portaltela.pt\/s.01k8rhncp4jt1\/2025\/11\/talking-bot-125x125.png","contentUrl":"https:\/\/portaltela.pt\/s.01k8rhncp4jt1\/2025\/11\/talking-bot-125x125.png","caption":"Telinha"},"sameAs":["https:\/\/portaltela.pt\/"],"url":"https:\/\/portaltela.pt\/por\/367410592786\/"}]}},"_links":{"self":[{"href":"https:\/\/portaltela.pt\/api\/wp\/v2\/posts\/202231","targetHints":{"allow":["GET"]}}],"collection":[{"href":"https:\/\/portaltela.pt\/api\/wp\/v2\/posts"}],"about":[{"href":"https:\/\/portaltela.pt\/api\/wp\/v2\/types\/post"}],"author":[{"embeddable":true,"href":"https:\/\/portaltela.pt\/api\/wp\/v2\/users\/2"}],"replies":[{"embeddable":true,"href":"https:\/\/portaltela.pt\/api\/wp\/v2\/comments?post=202231"}],"version-history":[{"count":0,"href":"https:\/\/portaltela.pt\/api\/wp\/v2\/posts\/202231\/revisions"}],"wp:featuredmedia":[{"embeddable":true,"href":"https:\/\/portaltela.pt\/api\/wp\/v2\/media\/202232"}],"wp:attachment":[{"href":"https:\/\/portaltela.pt\/api\/wp\/v2\/media?parent=202231"}],"wp:term":[{"taxonomy":"category","embeddable":true,"href":"https:\/\/portaltela.pt\/api\/wp\/v2\/categories?post=202231"},{"taxonomy":"post_tag","embeddable":true,"href":"https:\/\/portaltela.pt\/api\/wp\/v2\/tags?post=202231"}],"curies":[{"name":"wp","href":"https:\/\/api.w.org\/{rel}","templated":true}]}}